{"id":21261,"date":"2014-12-23T17:20:24","date_gmt":"2014-12-23T20:20:24","guid":{"rendered":"https:\/\/www.blogsoestado.com\/danielmatos\/?p=21261"},"modified":"2014-12-23T17:20:24","modified_gmt":"2014-12-23T20:20:24","slug":"liminar-do-tse-valida-votos-de-deoclides-altera-bancada-federal-e-pode-mudar-equipe-de-dino","status":"publish","type":"post","link":"https:\/\/www.blogsoestado.com\/danielmatos\/liminar-do-tse-valida-votos-de-deoclides-altera-bancada-federal-e-pode-mudar-equipe-de-dino\/","title":{"rendered":"Liminar do TSE valida votos de Deoclides, altera bancada federal e pode mudar equipe de Dino"},"content":{"rendered":"<figure id=\"attachment_21262\" aria-describedby=\"caption-attachment-21262\" style=\"width: 400px\" class=\"wp-caption alignright\"><a href=\"https:\/\/www.blogsoestado.com\/danielmatos\/files\/2014\/12\/deoclides2.jpg\"><img fetchpriority=\"high\" decoding=\"async\" class=\"size-full wp-image-21262\" src=\"https:\/\/www.blogsoestado.com\/danielmatos\/files\/2014\/12\/deoclides2.jpg\" alt=\"Deoclides Macedo teve os votos validados pelo TSE\" width=\"400\" height=\"210\" \/><\/a><figcaption id=\"caption-attachment-21262\" class=\"wp-caption-text\">Deoclides Macedo teve os votos validados pelo ministro TSE Dias Toffoli<\/figcaption><\/figure>\n<p>Em liminar concedida na tarde desta ter\u00e7a-feira, 23, o presidente do Tribunal Superior Eleitoral (TSE), Dias Toffoli, deferiu a candidatura do ex-prefeito de Porto Franco, Deoclides Macedo (PDT), que concorreu nas \u00faltimas elei\u00e7\u00f5es ao cargo de deputado federal, e validou os votos do pedetista.<\/p>\n<p>A decis\u00e3o abre uma segunda vaga na coliga\u00e7\u00e3o formada por PDT\/PTC\/PROS &#8211;\u00a0que a princ\u00edpio tinha como \u00fanico eleito o deputado Weverton Rocha (PDT)\u00a0&#8211;\u00a0e retira uma cadeira da chapa composta por PMDB\/DEM\/PTB\/PV\/PRB\/PR, no caso a pertencente ao deputado Alberto Filho, que n\u00e3o retornar\u00e1 \u00e0 C\u00e2mara Federal na legislatura que se iniciar\u00e1 em 1\u00ba de fevereiro de 2015.<\/p>\n<figure id=\"attachment_21263\" aria-describedby=\"caption-attachment-21263\" style=\"width: 300px\" class=\"wp-caption alignleft\"><a href=\"https:\/\/www.blogsoestado.com\/danielmatos\/files\/2014\/12\/juliao-amim.jpg\"><img decoding=\"async\" class=\"size-full wp-image-21263\" src=\"https:\/\/www.blogsoestado.com\/danielmatos\/files\/2014\/12\/juliao-amim.jpg\" alt=\"Juli\u00e3o Amin ter\u00e1 que optar entre cargo de secret\u00e1rio e mandato parlamentar\" width=\"300\" height=\"224\" \/><\/a><figcaption id=\"caption-attachment-21263\" class=\"wp-caption-text\">Juli\u00e3o Amin ter\u00e1 que optar entre cargo de secret\u00e1rio e mandato parlamentar<\/figcaption><\/figure>\n<p>Com a decis\u00e3o, os 56 mil votos de Deoclides &#8211; que foi o 3\u00ba candidato mais bem votado da coliga\u00e7\u00e3o \u2013 s\u00e3o contabilizados e a coliga\u00e7\u00e3o Todos pelo Maranh\u00e3o 2 ganha mais uma vaga para deputado federal, elegendo o presidente estadual do Partido Democr\u00e1tico Trabalhista no Maranh\u00e3o (PDT), Juli\u00e3o Amim, e deixando o ex-prefeito como primeiro suplente.<\/p>\n<p><strong>Secretariado<\/strong><\/p>\n<p>A\u00a0liminar concedida em favor de Deoclides Macedo\u00a0pode causar ainda uma mudan\u00e7a no secretariado do futuro governo Fl\u00e1vio Dino. Isso porque o benefici\u00e1rio direto da decis\u00e3o do TSE \u00e9 o segundo suplemente da coliga\u00e7\u00e3o,\u00a0Juli\u00e3o Amim, indicado pelo comunista para o cargo de secret\u00e1rio de Estado de Trabalho e Economia Solid\u00e1ria. Caso o pedetista\u00a0fa\u00e7a op\u00e7\u00e3o pelo mandato parlamentar, Dino ser\u00e1 obrigado a escolher\u00a0um novo nome para a pasta.<\/p>\n<p>\u00c9 aguardar para ver os desdobramentos.<\/p>\n","protected":false},"excerpt":{"rendered":"<p>Em liminar concedida na tarde desta ter\u00e7a-feira, 23, o presidente do Tribunal Superior Eleitoral (TSE), Dias Toffoli, deferiu a candidatura [&hellip;]<\/p>\n","protected":false},"author":0,"featured_media":0,"comment_status":"open","ping_status":"open","sticky":false,"template":"","format":"standard","meta":{"site-sidebar-layout":"default","site-content-layout":"","ast-site-content-layout":"default","site-content-style":"default","site-sidebar-style":"default","ast-global-header-display":"","ast-banner-title-visibility":"","ast-main-header-display":"","ast-hfb-above-header-display":"","ast-hfb-below-header-display":"","ast-hfb-mobile-header-display":"","site-post-title":"","ast-breadcrumbs-content":"","ast-featured-img":"","footer-sml-layout":"","ast-disable-related-posts":"","theme-transparent-header-meta":"","adv-header-id-meta":"","stick-header-meta":"","header-above-stick-meta":"","header-main-stick-meta":"","header-below-stick-meta":"","astra-migrate-meta-layouts":"default","ast-page-background-enabled":"default","ast-page-background-meta":{"desktop":{"background-color":"var(--ast-global-color-5)","background-image":"","background-repeat":"repeat","background-position":"center center","background-size":"auto","background-attachment":"scroll","background-type":"","background-media":"","overlay-type":"","overlay-color":"","overlay-opacity":"","overlay-gradient":""},"tablet":{"background-color":"","background-image":"","background-repeat":"repeat","background-position":"center center","background-size":"auto","background-attachment":"scroll","background-type":"","background-media":"","overlay-type":"","overlay-color":"","overlay-opacity":"","overlay-gradient":""},"mobile":{"background-color":"","background-image":"","background-repeat":"repeat","background-position":"center center","background-size":"auto","background-attachment":"scroll","background-type":"","background-media":"","overlay-type":"","overlay-color":"","overlay-opacity":"","overlay-gradient":""}},"ast-content-background-meta":{"desktop":{"background-color":"var(--ast-global-color-4)","background-image":"","background-repeat":"repeat","background-position":"center center","background-size":"auto","background-attachment":"scroll","background-type":"","background-media":"","overlay-type":"","overlay-color":"","overlay-opacity":"","overlay-gradient":""},"tablet":{"background-color":"var(--ast-global-color-4)","background-image":"","background-repeat":"repeat","background-position":"center center","background-size":"auto","background-attachment":"scroll","background-type":"","background-media":"","overlay-type":"","overlay-color":"","overlay-opacity":"","overlay-gradient":""},"mobile":{"background-color":"var(--ast-global-color-4)","background-image":"","background-repeat":"repeat","background-position":"center center","background-size":"auto","background-attachment":"scroll","background-type":"","background-media":"","overlay-type":"","overlay-color":"","overlay-opacity":"","overlay-gradient":""}},"footnotes":""},"categories":[1],"tags":[],"class_list":["post-21261","post","type-post","status-publish","format-standard","hentry","category-sem-categoria"],"yoast_head":"<!-- This site is optimized with the Yoast SEO plugin v26.6 - https:\/\/yoast.com\/wordpress\/plugins\/seo\/ -->\n<title>Liminar do TSE valida votos de Deoclides, altera bancada federal e pode mudar equipe de Dino - Daniel Matos<\/title>\n<meta name=\"robots\" content=\"index, follow, max-snippet:-1, max-image-preview:large, max-video-preview:-1\" \/>\n<link rel=\"canonical\" href=\"https:\/\/www.blogsoestado.com\/danielmatos\/liminar-do-tse-valida-votos-de-deoclides-altera-bancada-federal-e-pode-mudar-equipe-de-dino\/\" \/>\n<meta property=\"og:locale\" content=\"pt_BR\" \/>\n<meta property=\"og:type\" content=\"article\" \/>\n<meta property=\"og:title\" content=\"Liminar do TSE valida votos de Deoclides, altera bancada federal e pode mudar equipe de Dino - Daniel Matos\" \/>\n<meta property=\"og:description\" content=\"Em liminar concedida na tarde desta ter\u00e7a-feira, 23, o presidente do Tribunal Superior Eleitoral (TSE), Dias Toffoli, deferiu a candidatura [&hellip;]\" \/>\n<meta property=\"og:url\" content=\"https:\/\/www.blogsoestado.com\/danielmatos\/liminar-do-tse-valida-votos-de-deoclides-altera-bancada-federal-e-pode-mudar-equipe-de-dino\/\" \/>\n<meta property=\"og:site_name\" content=\"Daniel Matos\" \/>\n<meta property=\"article:published_time\" content=\"2014-12-23T20:20:24+00:00\" \/>\n<meta property=\"og:image\" content=\"https:\/\/www.blogsoestado.com\/danielmatos\/files\/2014\/12\/deoclides2.jpg\" \/>\n<meta name=\"twitter:card\" content=\"summary_large_image\" \/>\n<meta name=\"twitter:label1\" content=\"Est. tempo de leitura\" \/>\n\t<meta name=\"twitter:data1\" content=\"1 minuto\" \/>\n<script type=\"application\/ld+json\" class=\"yoast-schema-graph\">{\"@context\":\"https:\/\/schema.org\",\"@graph\":[{\"@type\":\"WebPage\",\"@id\":\"https:\/\/www.blogsoestado.com\/danielmatos\/liminar-do-tse-valida-votos-de-deoclides-altera-bancada-federal-e-pode-mudar-equipe-de-dino\/\",\"url\":\"https:\/\/www.blogsoestado.com\/danielmatos\/liminar-do-tse-valida-votos-de-deoclides-altera-bancada-federal-e-pode-mudar-equipe-de-dino\/\",\"name\":\"Liminar do TSE valida votos de Deoclides, altera bancada federal e pode mudar equipe de Dino - Daniel Matos\",\"isPartOf\":{\"@id\":\"https:\/\/www.blogsoestado.com\/danielmatos\/#website\"},\"primaryImageOfPage\":{\"@id\":\"https:\/\/www.blogsoestado.com\/danielmatos\/liminar-do-tse-valida-votos-de-deoclides-altera-bancada-federal-e-pode-mudar-equipe-de-dino\/#primaryimage\"},\"image\":{\"@id\":\"https:\/\/www.blogsoestado.com\/danielmatos\/liminar-do-tse-valida-votos-de-deoclides-altera-bancada-federal-e-pode-mudar-equipe-de-dino\/#primaryimage\"},\"thumbnailUrl\":\"https:\/\/www.blogsoestado.com\/danielmatos\/files\/2014\/12\/deoclides2.jpg\",\"datePublished\":\"2014-12-23T20:20:24+00:00\",\"author\":{\"@id\":\"\"},\"breadcrumb\":{\"@id\":\"https:\/\/www.blogsoestado.com\/danielmatos\/liminar-do-tse-valida-votos-de-deoclides-altera-bancada-federal-e-pode-mudar-equipe-de-dino\/#breadcrumb\"},\"inLanguage\":\"pt-BR\",\"potentialAction\":[{\"@type\":\"ReadAction\",\"target\":[\"https:\/\/www.blogsoestado.com\/danielmatos\/liminar-do-tse-valida-votos-de-deoclides-altera-bancada-federal-e-pode-mudar-equipe-de-dino\/\"]}]},{\"@type\":\"ImageObject\",\"inLanguage\":\"pt-BR\",\"@id\":\"https:\/\/www.blogsoestado.com\/danielmatos\/liminar-do-tse-valida-votos-de-deoclides-altera-bancada-federal-e-pode-mudar-equipe-de-dino\/#primaryimage\",\"url\":\"https:\/\/www.blogsoestado.com\/danielmatos\/files\/2014\/12\/deoclides2.jpg\",\"contentUrl\":\"https:\/\/www.blogsoestado.com\/danielmatos\/files\/2014\/12\/deoclides2.jpg\"},{\"@type\":\"BreadcrumbList\",\"@id\":\"https:\/\/www.blogsoestado.com\/danielmatos\/liminar-do-tse-valida-votos-de-deoclides-altera-bancada-federal-e-pode-mudar-equipe-de-dino\/#breadcrumb\",\"itemListElement\":[{\"@type\":\"ListItem\",\"position\":1,\"name\":\"In\u00edcio\",\"item\":\"https:\/\/www.blogsoestado.com\/danielmatos\/\"},{\"@type\":\"ListItem\",\"position\":2,\"name\":\"Liminar do TSE valida votos de Deoclides, altera bancada federal e pode mudar equipe de Dino\"}]},{\"@type\":\"WebSite\",\"@id\":\"https:\/\/www.blogsoestado.com\/danielmatos\/#website\",\"url\":\"https:\/\/www.blogsoestado.com\/danielmatos\/\",\"name\":\"Daniel Matos\",\"description\":\"\",\"potentialAction\":[{\"@type\":\"SearchAction\",\"target\":{\"@type\":\"EntryPoint\",\"urlTemplate\":\"https:\/\/www.blogsoestado.com\/danielmatos\/?s={search_term_string}\"},\"query-input\":{\"@type\":\"PropertyValueSpecification\",\"valueRequired\":true,\"valueName\":\"search_term_string\"}}],\"inLanguage\":\"pt-BR\"}]}<\/script>\n<!-- \/ Yoast SEO plugin. -->","yoast_head_json":{"title":"Liminar do TSE valida votos de Deoclides, altera bancada federal e pode mudar equipe de Dino - Daniel Matos","robots":{"index":"index","follow":"follow","max-snippet":"max-snippet:-1","max-image-preview":"max-image-preview:large","max-video-preview":"max-video-preview:-1"},"canonical":"https:\/\/www.blogsoestado.com\/danielmatos\/liminar-do-tse-valida-votos-de-deoclides-altera-bancada-federal-e-pode-mudar-equipe-de-dino\/","og_locale":"pt_BR","og_type":"article","og_title":"Liminar do TSE valida votos de Deoclides, altera bancada federal e pode mudar equipe de Dino - Daniel Matos","og_description":"Em liminar concedida na tarde desta ter\u00e7a-feira, 23, o presidente do Tribunal Superior Eleitoral (TSE), Dias Toffoli, deferiu a candidatura [&hellip;]","og_url":"https:\/\/www.blogsoestado.com\/danielmatos\/liminar-do-tse-valida-votos-de-deoclides-altera-bancada-federal-e-pode-mudar-equipe-de-dino\/","og_site_name":"Daniel Matos","article_published_time":"2014-12-23T20:20:24+00:00","og_image":[{"url":"https:\/\/www.blogsoestado.com\/danielmatos\/files\/2014\/12\/deoclides2.jpg","type":"","width":"","height":""}],"twitter_card":"summary_large_image","twitter_misc":{"Est. tempo de leitura":"1 minuto"},"schema":{"@context":"https:\/\/schema.org","@graph":[{"@type":"WebPage","@id":"https:\/\/www.blogsoestado.com\/danielmatos\/liminar-do-tse-valida-votos-de-deoclides-altera-bancada-federal-e-pode-mudar-equipe-de-dino\/","url":"https:\/\/www.blogsoestado.com\/danielmatos\/liminar-do-tse-valida-votos-de-deoclides-altera-bancada-federal-e-pode-mudar-equipe-de-dino\/","name":"Liminar do TSE valida votos de Deoclides, altera bancada federal e pode mudar equipe de Dino - Daniel Matos","isPartOf":{"@id":"https:\/\/www.blogsoestado.com\/danielmatos\/#website"},"primaryImageOfPage":{"@id":"https:\/\/www.blogsoestado.com\/danielmatos\/liminar-do-tse-valida-votos-de-deoclides-altera-bancada-federal-e-pode-mudar-equipe-de-dino\/#primaryimage"},"image":{"@id":"https:\/\/www.blogsoestado.com\/danielmatos\/liminar-do-tse-valida-votos-de-deoclides-altera-bancada-federal-e-pode-mudar-equipe-de-dino\/#primaryimage"},"thumbnailUrl":"https:\/\/www.blogsoestado.com\/danielmatos\/files\/2014\/12\/deoclides2.jpg","datePublished":"2014-12-23T20:20:24+00:00","author":{"@id":""},"breadcrumb":{"@id":"https:\/\/www.blogsoestado.com\/danielmatos\/liminar-do-tse-valida-votos-de-deoclides-altera-bancada-federal-e-pode-mudar-equipe-de-dino\/#breadcrumb"},"inLanguage":"pt-BR","potentialAction":[{"@type":"ReadAction","target":["https:\/\/www.blogsoestado.com\/danielmatos\/liminar-do-tse-valida-votos-de-deoclides-altera-bancada-federal-e-pode-mudar-equipe-de-dino\/"]}]},{"@type":"ImageObject","inLanguage":"pt-BR","@id":"https:\/\/www.blogsoestado.com\/danielmatos\/liminar-do-tse-valida-votos-de-deoclides-altera-bancada-federal-e-pode-mudar-equipe-de-dino\/#primaryimage","url":"https:\/\/www.blogsoestado.com\/danielmatos\/files\/2014\/12\/deoclides2.jpg","contentUrl":"https:\/\/www.blogsoestado.com\/danielmatos\/files\/2014\/12\/deoclides2.jpg"},{"@type":"BreadcrumbList","@id":"https:\/\/www.blogsoestado.com\/danielmatos\/liminar-do-tse-valida-votos-de-deoclides-altera-bancada-federal-e-pode-mudar-equipe-de-dino\/#breadcrumb","itemListElement":[{"@type":"ListItem","position":1,"name":"In\u00edcio","item":"https:\/\/www.blogsoestado.com\/danielmatos\/"},{"@type":"ListItem","position":2,"name":"Liminar do TSE valida votos de Deoclides, altera bancada federal e pode mudar equipe de Dino"}]},{"@type":"WebSite","@id":"https:\/\/www.blogsoestado.com\/danielmatos\/#website","url":"https:\/\/www.blogsoestado.com\/danielmatos\/","name":"Daniel Matos","description":"","potentialAction":[{"@type":"SearchAction","target":{"@type":"EntryPoint","urlTemplate":"https:\/\/www.blogsoestado.com\/danielmatos\/?s={search_term_string}"},"query-input":{"@type":"PropertyValueSpecification","valueRequired":true,"valueName":"search_term_string"}}],"inLanguage":"pt-BR"}]}},"jetpack_featured_media_url":"","_links":{"self":[{"href":"https:\/\/www.blogsoestado.com\/danielmatos\/wp-json\/wp\/v2\/posts\/21261","targetHints":{"allow":["GET"]}}],"collection":[{"href":"https:\/\/www.blogsoestado.com\/danielmatos\/wp-json\/wp\/v2\/posts"}],"about":[{"href":"https:\/\/www.blogsoestado.com\/danielmatos\/wp-json\/wp\/v2\/types\/post"}],"replies":[{"embeddable":true,"href":"https:\/\/www.blogsoestado.com\/danielmatos\/wp-json\/wp\/v2\/comments?post=21261"}],"version-history":[{"count":0,"href":"https:\/\/www.blogsoestado.com\/danielmatos\/wp-json\/wp\/v2\/posts\/21261\/revisions"}],"wp:attachment":[{"href":"https:\/\/www.blogsoestado.com\/danielmatos\/wp-json\/wp\/v2\/media?parent=21261"}],"wp:term":[{"taxonomy":"category","embeddable":true,"href":"https:\/\/www.blogsoestado.com\/danielmatos\/wp-json\/wp\/v2\/categories?post=21261"},{"taxonomy":"post_tag","embeddable":true,"href":"https:\/\/www.blogsoestado.com\/danielmatos\/wp-json\/wp\/v2\/tags?post=21261"}],"curies":[{"name":"wp","href":"https:\/\/api.w.org\/{rel}","templated":true}]}}