{"id":21266,"date":"2014-12-23T17:38:40","date_gmt":"2014-12-23T20:38:40","guid":{"rendered":"https:\/\/www.blogsoestado.com\/danielmatos\/?p=21266"},"modified":"2014-12-23T17:38:40","modified_gmt":"2014-12-23T20:38:40","slug":"presidente-do-incra-da-posse-a-superintendente-do-orgao-no-maranhao","status":"publish","type":"post","link":"https:\/\/www.blogsoestado.com\/danielmatos\/presidente-do-incra-da-posse-a-superintendente-do-orgao-no-maranhao\/","title":{"rendered":"Presidente do Incra d\u00e1 posse a superintendente do \u00f3rg\u00e3o no Maranh\u00e3o"},"content":{"rendered":"<figure id=\"attachment_21267\" aria-describedby=\"caption-attachment-21267\" style=\"width: 448px\" class=\"wp-caption alignright\"><a href=\"https:\/\/www.blogsoestado.com\/danielmatos\/files\/2014\/12\/jowberth-posse.jpeg\"><img fetchpriority=\"high\" decoding=\"async\" class=\"size-full wp-image-21267\" src=\"https:\/\/www.blogsoestado.com\/danielmatos\/files\/2014\/12\/jowberth-posse.jpeg\" alt=\"Presidente nacional do Incra, Carlos Guedes, deu posse a Jowberth, em Bras\u00edlia\" width=\"448\" height=\"252\" \/><\/a><figcaption id=\"caption-attachment-21267\" class=\"wp-caption-text\">Presidente nacional do Incra, Carlos Guedes, deu posse a Jowberth, em Bras\u00edlia<\/figcaption><\/figure>\n<p>Tomou posse nesta ter\u00e7a-feira (23), em Bras\u00edlia, o novo superintendente regional do Instituto Nacional de Coloniza\u00e7\u00e3o e Reforma Agr\u00e1ria (Incra) do Maranh\u00e3o, Jowberth Frank Alves da Silva, de 39 anos. A portaria de nomea\u00e7\u00e3o foi assinada no \u00faltimo dia 19 e publicada no Di\u00e1rio Oficial da Uni\u00e3o (D.O.U) de 22 dezembro de 2014.<\/p>\n<p>O novo superintendente \u00e9 formado em Sociologia pela Universidade Federal do Amazonas (UFAM), \u00e9 professor concursado da rede p\u00fablica estadual, atuou na \u00e1rea administrativa da Delegacia Regional do Trabalho e na Delegacia Regional do Minist\u00e9rio do Desenvolvimento Agr\u00e1rio (DFDA\/AM). Atualmente, ocupava o cargo de coordenador Estadual de Regulariza\u00e7\u00e3o Fundi\u00e1ria da Amaz\u00f4nia Legal no estado do Maranh\u00e3o.<\/p>\n<p><strong>Metas<\/strong><\/p>\n<p>O presidente do Incra, Carlos Guedes, deu posse a Jowberth Frank ressaltando que o interesse do Instituto \u00e9 que a sua gest\u00e3o assegure o acesso a terra e efetive o ingresso dos agricultores aos novos programas e a\u00e7\u00f5es do Instituto, como as chamadas p\u00fablicas para contrata\u00e7\u00e3o de assist\u00eancia t\u00e9cnica e servi\u00e7os de infraestrutura, o Sistema de Gest\u00e3o Fundi\u00e1ria (Sigef), a Sala da Cidadania &#8211; a f\u00edsica e a virtual, para emiss\u00e3o de documentos e renegocia\u00e7\u00e3o de d\u00edvidas -, o Programa Nacional de Educa\u00e7\u00e3o na Reforma Agr\u00e1ria (Pronera) e a nova forma de cr\u00e9dito, agora com a seguran\u00e7a do pagamento individual por meio de cart\u00e3o magn\u00e9tico.<\/p>\n<p>Guedes destacou ainda a participa\u00e7\u00e3o do Incra\/MA como fundamental para o cumprimento das metas nacionais do Instituto. Atualmente, o estado possui 4,6 milh\u00f5es de hectares destinados \u00e0 reforma agr\u00e1ria, distribu\u00eddos em 1005 assentamentos (130.131 mil fam\u00edlias). &#8220;O Maranh\u00e3o faz parte do Matopiba (Maranh\u00e3o, Tocantins, Para\u00edba e Bahia), que \u00e9 regi\u00e3o de maior din\u00e2mica da agricultura do Brasil e a maior fronteira agr\u00edcola da atualidade&#8221;, lembrou o presidente, que pediu aten\u00e7\u00e3o a essa particularidade.<\/p>\n<p>Jowberth Frank recebeu as orienta\u00e7\u00f5es e destacou que a &#8220;complexidade fundi\u00e1ria do Maranh\u00e3o exigir\u00e1 o m\u00e1ximo de dedica\u00e7\u00e3o e empenho para que sejam encontradas solu\u00e7\u00f5es r\u00e1pidas e eficazes para a amplia\u00e7\u00e3o do acesso \u00e0 terra e para o desenvolvimento dos assentamentos criados&#8221;.<\/p>\n","protected":false},"excerpt":{"rendered":"<p>Tomou posse nesta ter\u00e7a-feira (23), em Bras\u00edlia, o novo superintendente regional do Instituto Nacional de Coloniza\u00e7\u00e3o e Reforma Agr\u00e1ria (Incra) [&hellip;]<\/p>\n","protected":false},"author":0,"featured_media":0,"comment_status":"open","ping_status":"open","sticky":false,"template":"","format":"standard","meta":{"site-sidebar-layout":"default","site-content-layout":"","ast-site-content-layout":"default","site-content-style":"default","site-sidebar-style":"default","ast-global-header-display":"","ast-banner-title-visibility":"","ast-main-header-display":"","ast-hfb-above-header-display":"","ast-hfb-below-header-display":"","ast-hfb-mobile-header-display":"","site-post-title":"","ast-breadcrumbs-content":"","ast-featured-img":"","footer-sml-layout":"","ast-disable-related-posts":"","theme-transparent-header-meta":"","adv-header-id-meta":"","stick-header-meta":"","header-above-stick-meta":"","header-main-stick-meta":"","header-below-stick-meta":"","astra-migrate-meta-layouts":"default","ast-page-background-enabled":"default","ast-page-background-meta":{"desktop":{"background-color":"var(--ast-global-color-5)","background-image":"","background-repeat":"repeat","background-position":"center center","background-size":"auto","background-attachment":"scroll","background-type":"","background-media":"","overlay-type":"","overlay-color":"","overlay-opacity":"","overlay-gradient":""},"tablet":{"background-color":"","background-image":"","background-repeat":"repeat","background-position":"center center","background-size":"auto","background-attachment":"scroll","background-type":"","background-media":"","overlay-type":"","overlay-color":"","overlay-opacity":"","overlay-gradient":""},"mobile":{"background-color":"","background-image":"","background-repeat":"repeat","background-position":"center center","background-size":"auto","background-attachment":"scroll","background-type":"","background-media":"","overlay-type":"","overlay-color":"","overlay-opacity":"","overlay-gradient":""}},"ast-content-background-meta":{"desktop":{"background-color":"var(--ast-global-color-4)","background-image":"","background-repeat":"repeat","background-position":"center center","background-size":"auto","background-attachment":"scroll","background-type":"","background-media":"","overlay-type":"","overlay-color":"","overlay-opacity":"","overlay-gradient":""},"tablet":{"background-color":"var(--ast-global-color-4)","background-image":"","background-repeat":"repeat","background-position":"center center","background-size":"auto","background-attachment":"scroll","background-type":"","background-media":"","overlay-type":"","overlay-color":"","overlay-opacity":"","overlay-gradient":""},"mobile":{"background-color":"var(--ast-global-color-4)","background-image":"","background-repeat":"repeat","background-position":"center center","background-size":"auto","background-attachment":"scroll","background-type":"","background-media":"","overlay-type":"","overlay-color":"","overlay-opacity":"","overlay-gradient":""}},"footnotes":""},"categories":[1],"tags":[],"class_list":["post-21266","post","type-post","status-publish","format-standard","hentry","category-sem-categoria"],"yoast_head":"<!-- This site is optimized with the Yoast SEO plugin v26.6 - https:\/\/yoast.com\/wordpress\/plugins\/seo\/ -->\n<title>Presidente do Incra d\u00e1 posse a superintendente do \u00f3rg\u00e3o no Maranh\u00e3o - Daniel Matos<\/title>\n<meta name=\"robots\" content=\"index, follow, max-snippet:-1, max-image-preview:large, max-video-preview:-1\" \/>\n<link rel=\"canonical\" href=\"https:\/\/www.blogsoestado.com\/danielmatos\/presidente-do-incra-da-posse-a-superintendente-do-orgao-no-maranhao\/\" \/>\n<meta property=\"og:locale\" content=\"pt_BR\" \/>\n<meta property=\"og:type\" content=\"article\" \/>\n<meta property=\"og:title\" content=\"Presidente do Incra d\u00e1 posse a superintendente do \u00f3rg\u00e3o no Maranh\u00e3o - Daniel Matos\" \/>\n<meta property=\"og:description\" content=\"Tomou posse nesta ter\u00e7a-feira (23), em Bras\u00edlia, o novo superintendente regional do Instituto Nacional de Coloniza\u00e7\u00e3o e Reforma Agr\u00e1ria (Incra) [&hellip;]\" \/>\n<meta property=\"og:url\" content=\"https:\/\/www.blogsoestado.com\/danielmatos\/presidente-do-incra-da-posse-a-superintendente-do-orgao-no-maranhao\/\" \/>\n<meta property=\"og:site_name\" content=\"Daniel Matos\" \/>\n<meta property=\"article:published_time\" content=\"2014-12-23T20:38:40+00:00\" \/>\n<meta property=\"og:image\" content=\"https:\/\/www.blogsoestado.com\/danielmatos\/files\/2014\/12\/jowberth-posse.jpeg\" \/>\n<meta name=\"twitter:card\" content=\"summary_large_image\" \/>\n<meta name=\"twitter:label1\" content=\"Est. tempo de leitura\" \/>\n\t<meta name=\"twitter:data1\" content=\"2 minutos\" \/>\n<script type=\"application\/ld+json\" class=\"yoast-schema-graph\">{\"@context\":\"https:\/\/schema.org\",\"@graph\":[{\"@type\":\"WebPage\",\"@id\":\"https:\/\/www.blogsoestado.com\/danielmatos\/presidente-do-incra-da-posse-a-superintendente-do-orgao-no-maranhao\/\",\"url\":\"https:\/\/www.blogsoestado.com\/danielmatos\/presidente-do-incra-da-posse-a-superintendente-do-orgao-no-maranhao\/\",\"name\":\"Presidente do Incra d\u00e1 posse a superintendente do \u00f3rg\u00e3o no Maranh\u00e3o - Daniel Matos\",\"isPartOf\":{\"@id\":\"https:\/\/www.blogsoestado.com\/danielmatos\/#website\"},\"primaryImageOfPage\":{\"@id\":\"https:\/\/www.blogsoestado.com\/danielmatos\/presidente-do-incra-da-posse-a-superintendente-do-orgao-no-maranhao\/#primaryimage\"},\"image\":{\"@id\":\"https:\/\/www.blogsoestado.com\/danielmatos\/presidente-do-incra-da-posse-a-superintendente-do-orgao-no-maranhao\/#primaryimage\"},\"thumbnailUrl\":\"https:\/\/www.blogsoestado.com\/danielmatos\/files\/2014\/12\/jowberth-posse.jpeg\",\"datePublished\":\"2014-12-23T20:38:40+00:00\",\"author\":{\"@id\":\"\"},\"breadcrumb\":{\"@id\":\"https:\/\/www.blogsoestado.com\/danielmatos\/presidente-do-incra-da-posse-a-superintendente-do-orgao-no-maranhao\/#breadcrumb\"},\"inLanguage\":\"pt-BR\",\"potentialAction\":[{\"@type\":\"ReadAction\",\"target\":[\"https:\/\/www.blogsoestado.com\/danielmatos\/presidente-do-incra-da-posse-a-superintendente-do-orgao-no-maranhao\/\"]}]},{\"@type\":\"ImageObject\",\"inLanguage\":\"pt-BR\",\"@id\":\"https:\/\/www.blogsoestado.com\/danielmatos\/presidente-do-incra-da-posse-a-superintendente-do-orgao-no-maranhao\/#primaryimage\",\"url\":\"https:\/\/www.blogsoestado.com\/danielmatos\/files\/2014\/12\/jowberth-posse.jpeg\",\"contentUrl\":\"https:\/\/www.blogsoestado.com\/danielmatos\/files\/2014\/12\/jowberth-posse.jpeg\"},{\"@type\":\"BreadcrumbList\",\"@id\":\"https:\/\/www.blogsoestado.com\/danielmatos\/presidente-do-incra-da-posse-a-superintendente-do-orgao-no-maranhao\/#breadcrumb\",\"itemListElement\":[{\"@type\":\"ListItem\",\"position\":1,\"name\":\"In\u00edcio\",\"item\":\"https:\/\/www.blogsoestado.com\/danielmatos\/\"},{\"@type\":\"ListItem\",\"position\":2,\"name\":\"Presidente do Incra d\u00e1 posse a superintendente do \u00f3rg\u00e3o no Maranh\u00e3o\"}]},{\"@type\":\"WebSite\",\"@id\":\"https:\/\/www.blogsoestado.com\/danielmatos\/#website\",\"url\":\"https:\/\/www.blogsoestado.com\/danielmatos\/\",\"name\":\"Daniel Matos\",\"description\":\"\",\"potentialAction\":[{\"@type\":\"SearchAction\",\"target\":{\"@type\":\"EntryPoint\",\"urlTemplate\":\"https:\/\/www.blogsoestado.com\/danielmatos\/?s={search_term_string}\"},\"query-input\":{\"@type\":\"PropertyValueSpecification\",\"valueRequired\":true,\"valueName\":\"search_term_string\"}}],\"inLanguage\":\"pt-BR\"}]}<\/script>\n<!-- \/ Yoast SEO plugin. -->","yoast_head_json":{"title":"Presidente do Incra d\u00e1 posse a superintendente do \u00f3rg\u00e3o no Maranh\u00e3o - Daniel Matos","robots":{"index":"index","follow":"follow","max-snippet":"max-snippet:-1","max-image-preview":"max-image-preview:large","max-video-preview":"max-video-preview:-1"},"canonical":"https:\/\/www.blogsoestado.com\/danielmatos\/presidente-do-incra-da-posse-a-superintendente-do-orgao-no-maranhao\/","og_locale":"pt_BR","og_type":"article","og_title":"Presidente do Incra d\u00e1 posse a superintendente do \u00f3rg\u00e3o no Maranh\u00e3o - Daniel Matos","og_description":"Tomou posse nesta ter\u00e7a-feira (23), em Bras\u00edlia, o novo superintendente regional do Instituto Nacional de Coloniza\u00e7\u00e3o e Reforma Agr\u00e1ria (Incra) [&hellip;]","og_url":"https:\/\/www.blogsoestado.com\/danielmatos\/presidente-do-incra-da-posse-a-superintendente-do-orgao-no-maranhao\/","og_site_name":"Daniel Matos","article_published_time":"2014-12-23T20:38:40+00:00","og_image":[{"url":"https:\/\/www.blogsoestado.com\/danielmatos\/files\/2014\/12\/jowberth-posse.jpeg","type":"","width":"","height":""}],"twitter_card":"summary_large_image","twitter_misc":{"Est. tempo de leitura":"2 minutos"},"schema":{"@context":"https:\/\/schema.org","@graph":[{"@type":"WebPage","@id":"https:\/\/www.blogsoestado.com\/danielmatos\/presidente-do-incra-da-posse-a-superintendente-do-orgao-no-maranhao\/","url":"https:\/\/www.blogsoestado.com\/danielmatos\/presidente-do-incra-da-posse-a-superintendente-do-orgao-no-maranhao\/","name":"Presidente do Incra d\u00e1 posse a superintendente do \u00f3rg\u00e3o no Maranh\u00e3o - Daniel Matos","isPartOf":{"@id":"https:\/\/www.blogsoestado.com\/danielmatos\/#website"},"primaryImageOfPage":{"@id":"https:\/\/www.blogsoestado.com\/danielmatos\/presidente-do-incra-da-posse-a-superintendente-do-orgao-no-maranhao\/#primaryimage"},"image":{"@id":"https:\/\/www.blogsoestado.com\/danielmatos\/presidente-do-incra-da-posse-a-superintendente-do-orgao-no-maranhao\/#primaryimage"},"thumbnailUrl":"https:\/\/www.blogsoestado.com\/danielmatos\/files\/2014\/12\/jowberth-posse.jpeg","datePublished":"2014-12-23T20:38:40+00:00","author":{"@id":""},"breadcrumb":{"@id":"https:\/\/www.blogsoestado.com\/danielmatos\/presidente-do-incra-da-posse-a-superintendente-do-orgao-no-maranhao\/#breadcrumb"},"inLanguage":"pt-BR","potentialAction":[{"@type":"ReadAction","target":["https:\/\/www.blogsoestado.com\/danielmatos\/presidente-do-incra-da-posse-a-superintendente-do-orgao-no-maranhao\/"]}]},{"@type":"ImageObject","inLanguage":"pt-BR","@id":"https:\/\/www.blogsoestado.com\/danielmatos\/presidente-do-incra-da-posse-a-superintendente-do-orgao-no-maranhao\/#primaryimage","url":"https:\/\/www.blogsoestado.com\/danielmatos\/files\/2014\/12\/jowberth-posse.jpeg","contentUrl":"https:\/\/www.blogsoestado.com\/danielmatos\/files\/2014\/12\/jowberth-posse.jpeg"},{"@type":"BreadcrumbList","@id":"https:\/\/www.blogsoestado.com\/danielmatos\/presidente-do-incra-da-posse-a-superintendente-do-orgao-no-maranhao\/#breadcrumb","itemListElement":[{"@type":"ListItem","position":1,"name":"In\u00edcio","item":"https:\/\/www.blogsoestado.com\/danielmatos\/"},{"@type":"ListItem","position":2,"name":"Presidente do Incra d\u00e1 posse a superintendente do \u00f3rg\u00e3o no Maranh\u00e3o"}]},{"@type":"WebSite","@id":"https:\/\/www.blogsoestado.com\/danielmatos\/#website","url":"https:\/\/www.blogsoestado.com\/danielmatos\/","name":"Daniel Matos","description":"","potentialAction":[{"@type":"SearchAction","target":{"@type":"EntryPoint","urlTemplate":"https:\/\/www.blogsoestado.com\/danielmatos\/?s={search_term_string}"},"query-input":{"@type":"PropertyValueSpecification","valueRequired":true,"valueName":"search_term_string"}}],"inLanguage":"pt-BR"}]}},"jetpack_featured_media_url":"","_links":{"self":[{"href":"https:\/\/www.blogsoestado.com\/danielmatos\/wp-json\/wp\/v2\/posts\/21266","targetHints":{"allow":["GET"]}}],"collection":[{"href":"https:\/\/www.blogsoestado.com\/danielmatos\/wp-json\/wp\/v2\/posts"}],"about":[{"href":"https:\/\/www.blogsoestado.com\/danielmatos\/wp-json\/wp\/v2\/types\/post"}],"replies":[{"embeddable":true,"href":"https:\/\/www.blogsoestado.com\/danielmatos\/wp-json\/wp\/v2\/comments?post=21266"}],"version-history":[{"count":0,"href":"https:\/\/www.blogsoestado.com\/danielmatos\/wp-json\/wp\/v2\/posts\/21266\/revisions"}],"wp:attachment":[{"href":"https:\/\/www.blogsoestado.com\/danielmatos\/wp-json\/wp\/v2\/media?parent=21266"}],"wp:term":[{"taxonomy":"category","embeddable":true,"href":"https:\/\/www.blogsoestado.com\/danielmatos\/wp-json\/wp\/v2\/categories?post=21266"},{"taxonomy":"post_tag","embeddable":true,"href":"https:\/\/www.blogsoestado.com\/danielmatos\/wp-json\/wp\/v2\/tags?post=21266"}],"curies":[{"name":"wp","href":"https:\/\/api.w.org\/{rel}","templated":true}]}}