{"id":21269,"date":"2014-12-24T09:24:29","date_gmt":"2014-12-24T12:24:29","guid":{"rendered":"https:\/\/www.blogsoestado.com\/danielmatos\/?p=21269"},"modified":"2014-12-24T09:24:29","modified_gmt":"2014-12-24T12:24:29","slug":"instituto-logica-promove-confraternizacao-com-grupo-movimentando-na-maturidade","status":"publish","type":"post","link":"https:\/\/www.blogsoestado.com\/danielmatos\/instituto-logica-promove-confraternizacao-com-grupo-movimentando-na-maturidade\/","title":{"rendered":"Instituto L\u00f3gica promove confraterniza\u00e7\u00e3o com grupo \u201cMovimentando na Maturidade\u201d"},"content":{"rendered":"<figure id=\"attachment_21270\" aria-describedby=\"caption-attachment-21270\" style=\"width: 448px\" class=\"wp-caption alignleft\"><a href=\"https:\/\/www.blogsoestado.com\/danielmatos\/files\/2014\/12\/instituto-logica.jpg\"><img fetchpriority=\"high\" decoding=\"async\" class=\"size-full wp-image-21270\" src=\"https:\/\/www.blogsoestado.com\/danielmatos\/files\/2014\/12\/instituto-logica.jpg\" alt=\"Idosas atendidas pelo instituto participam de coral\" width=\"448\" height=\"336\" \/><\/a><figcaption id=\"caption-attachment-21270\" class=\"wp-caption-text\">Coram \u00a0formado por idosas atendidas pelo instituto\u00a0se apresentou na festa<\/figcaption><\/figure>\n<p>Nesta quarta-feira(24), no audit\u00f3rio do Parque Folcl\u00f3rico da Vila Palmeira, o Instituto L\u00f3gica realizou a festa de confraterniza\u00e7\u00e3o do grupo \u201cMovimentando na Maturidade\u201d. O grupo, que j\u00e1 existe h\u00e1 tr\u00eas anos, desenvolve um trabalho com idosas residentes nas \u00e1reas do Barreto, Vila Palmeira e adjac\u00eancias.<\/p>\n<p>\u201cEsse projeto \u00e9 um dos v\u00e1rios desenvolvidos pelo Instituto, entidade sem fins lucrativos, que tem como fun\u00e7\u00e3o prec\u00edpua contribuir com o Poder P\u00fablico nas \u00e1reas de educa\u00e7\u00e3o, cultura, esporte e assist\u00eancia social\u201d, informou o idealizador e coordenador do Instituto, o matem\u00e1tico Itamilson Lima.<\/p>\n<p>Os encontros acontecem de segunda a sexta-feira, com uma programa\u00e7\u00e3o diversificada, incluindo oficinas de canto coral, eventos motivacionais, orienta\u00e7\u00f5es sobre sa\u00fade, j\u00e1 que profissionais da \u00e1rea de educa\u00e7\u00e3o f\u00edsica realizam um trabalho que vai desde o alongamento, passando pela caminhada e, ainda, gin\u00e1stica localizada, debates de temas de interesse dos idosos, passeios e atividades ao ar livre em locais como a Fazendinha, o complexo aqu\u00e1tico Val Para\u00edso, S\u00edtio Piranhenga e outros.<\/p>\n<figure id=\"attachment_21271\" aria-describedby=\"caption-attachment-21271\" style=\"width: 448px\" class=\"wp-caption alignright\"><a href=\"https:\/\/www.blogsoestado.com\/danielmatos\/files\/2014\/12\/instituto-logica2.jpg\"><img decoding=\"async\" class=\"size-full wp-image-21271\" src=\"https:\/\/www.blogsoestado.com\/danielmatos\/files\/2014\/12\/instituto-logica2.jpg\" alt=\"Ceia farta foi servida na confraterniza\u00e7\u00e3o do Instituto L\u00f3gica\" width=\"448\" height=\"336\" \/><\/a><figcaption id=\"caption-attachment-21271\" class=\"wp-caption-text\">Ceia farta foi servida na confraterniza\u00e7\u00e3o do Instituto L\u00f3gica<\/figcaption><\/figure>\n<p>Al\u00e9m das atividades acima elencadas, o Instituto tamb\u00e9m oferece ao grupo, a participa\u00e7\u00e3o em oficinas, como de trabalhos manuais, alimenta\u00e7\u00e3o saud\u00e1vel, arranjos natalinos, arranjos carnavalescos, auto cuidado do idoso, bem como orienta\u00e7\u00e3o espiritual.<\/p>\n<p>\u201cNa realidade, sabemos que o envelhecimento populacional hoje \u00e9 um fen\u00f4meno universal. Todos n\u00f3s iremos envelhecer, consequentemente, nos tornarmos uma pessoa idosa. Portanto, a partir desta constata\u00e7\u00e3o, \u00e9 primordial que o governo e a sociedade civil procurem estabelecer pol\u00edticas e estrat\u00e9gias que contemplem o envelhecimento ativo e saud\u00e1vel, situa\u00e7\u00e3o essa que estamos nos dispondo a promover\u201d, pontuou Itamilson Lima.<\/p>\n<p>Atendendo pedido do vereador Astro de Ogum, morador do Barreto, e parceiro na manuten\u00e7\u00e3o do projeto, o grupo realiza suas atividades na \u00e1rea do Parque Folcl\u00f3rico da Vila Palmeira, em um espa\u00e7o cedido pela Federa\u00e7\u00e3o de Umbanda do Maranh\u00e3o.<br \/>\n\u201cSabemos que s\u00e3o grandes as dificuldades financeiras que assolam os moradores dos bairros perif\u00e9ricos, por isso, na medida do poss\u00edvel, procuro ajudar projetos que tenham como escopo melhorar a qualidade de vida dos meus vizinhos , seja crian\u00e7a, adulto ou idoso\u201d, pontuou o vereador.<\/p>\n<figure id=\"attachment_21274\" aria-describedby=\"caption-attachment-21274\" style=\"width: 448px\" class=\"wp-caption alignleft\"><a href=\"https:\/\/www.blogsoestado.com\/danielmatos\/files\/2014\/12\/instituto-logica4.jpg\"><img decoding=\"async\" class=\"size-full wp-image-21274\" src=\"https:\/\/www.blogsoestado.com\/danielmatos\/files\/2014\/12\/instituto-logica4.jpg\" alt=\"Ap\u00f3s apresenta\u00e7\u00e3o do coral, participantes receberam presentes de Natal\" width=\"448\" height=\"336\" \/><\/a><figcaption id=\"caption-attachment-21274\" class=\"wp-caption-text\">Ap\u00f3s apresenta\u00e7\u00e3o do coral, participantes receberam presentes de Natal<\/figcaption><\/figure>\n<p>Desde o in\u00edcio do projeto, o Instituto L\u00f3gica tem conseguido resultados satisfat\u00f3rios no trabalho que se prop\u00f4s a fazer. Uma prova disso \u00e9 a parceria firmada com a Secretaria Municipal de Sa\u00fade, a qual disponibiliza profissionais da \u00e1rea para realizar avalia\u00e7\u00f5es m\u00e9dicas, facilitando, assim, o acesso das idosas aos servi\u00e7os de sa\u00fade.<\/p>\n<p>Que o diga a aposentada Maria do Esp\u00edrito Santos, 70 anos. Distribuindo charme e alegria, dona Maria conta que antes de entrar para o grupo era triste e depressiva.<\/p>\n<p>\u201cAqui reaprendi a viver. Al\u00e9m da depress\u00e3o, fui diagnosticada com mal de Parkinson, no entanto, ap\u00f3s a minha inser\u00e7\u00e3o no grupo, sou outra pessoa. Sou alegre e feliz ao lado das minhas companheiras. Hoje tenho 70 anos, mas apenas na idade, pois meu esp\u00edrito \u00e9 de uma mulher 30 anos mais jovem\u201d, disse sorridente.<\/p>\n<p>Integrante do coral, Domingas Rodrigues Moraes, 74 anos, residente na Vila Palmeira, comunga do mesmo pensamento de dona Maria. \u201cDepois que fui convidada para o grupo, descobri que mesmo na terceira idade, podemos ter alegria e disposi\u00e7\u00e3o para viver. A idade n\u00e3o pode nos deixar triste, pelo contr\u00e1rio, tem que nos encher de orgulho e alegria, j\u00e1 que representa as experi\u00eancias ao longo de toda uma vida\u201d, finalizou Domingas.<\/p>\n<p>Ap\u00f3s a apresenta\u00e7\u00e3o do coral, foi realizado a entrega de lembran\u00e7as a cada uma das participantes e, em seguida, o sorteio de brindes, como multiprocessador, churrasqueira el\u00e9trica e outros. Um apetitoso coquetel marcou o encerramento do evento. Ap\u00f3s o recesso para as festas de final de ano, as atividades voltar\u00e3o na primeira semana de fevereiro de 2015.<\/p>\n","protected":false},"excerpt":{"rendered":"<p>Nesta quarta-feira(24), no audit\u00f3rio do Parque Folcl\u00f3rico da Vila Palmeira, o Instituto L\u00f3gica realizou a festa de confraterniza\u00e7\u00e3o do grupo [&hellip;]<\/p>\n","protected":false},"author":0,"featured_media":0,"comment_status":"open","ping_status":"open","sticky":false,"template":"","format":"standard","meta":{"site-sidebar-layout":"default","site-content-layout":"","ast-site-content-layout":"default","site-content-style":"default","site-sidebar-style":"default","ast-global-header-display":"","ast-banner-title-visibility":"","ast-main-header-display":"","ast-hfb-above-header-display":"","ast-hfb-below-header-display":"","ast-hfb-mobile-header-display":"","site-post-title":"","ast-breadcrumbs-content":"","ast-featured-img":"","footer-sml-layout":"","ast-disable-related-posts":"","theme-transparent-header-meta":"","adv-header-id-meta":"","stick-header-meta":"","header-above-stick-meta":"","header-main-stick-meta":"","header-below-stick-meta":"","astra-migrate-meta-layouts":"default","ast-page-background-enabled":"default","ast-page-background-meta":{"desktop":{"background-color":"var(--ast-global-color-5)","background-image":"","background-repeat":"repeat","background-position":"center center","background-size":"auto","background-attachment":"scroll","background-type":"","background-media":"","overlay-type":"","overlay-color":"","overlay-opacity":"","overlay-gradient":""},"tablet":{"background-color":"","background-image":"","background-repeat":"repeat","background-position":"center center","background-size":"auto","background-attachment":"scroll","background-type":"","background-media":"","overlay-type":"","overlay-color":"","overlay-opacity":"","overlay-gradient":""},"mobile":{"background-color":"","background-image":"","background-repeat":"repeat","background-position":"center center","background-size":"auto","background-attachment":"scroll","background-type":"","background-media":"","overlay-type":"","overlay-color":"","overlay-opacity":"","overlay-gradient":""}},"ast-content-background-meta":{"desktop":{"background-color":"var(--ast-global-color-4)","background-image":"","background-repeat":"repeat","background-position":"center center","background-size":"auto","background-attachment":"scroll","background-type":"","background-media":"","overlay-type":"","overlay-color":"","overlay-opacity":"","overlay-gradient":""},"tablet":{"background-color":"var(--ast-global-color-4)","background-image":"","background-repeat":"repeat","background-position":"center center","background-size":"auto","background-attachment":"scroll","background-type":"","background-media":"","overlay-type":"","overlay-color":"","overlay-opacity":"","overlay-gradient":""},"mobile":{"background-color":"var(--ast-global-color-4)","background-image":"","background-repeat":"repeat","background-position":"center center","background-size":"auto","background-attachment":"scroll","background-type":"","background-media":"","overlay-type":"","overlay-color":"","overlay-opacity":"","overlay-gradient":""}},"footnotes":""},"categories":[1],"tags":[],"class_list":["post-21269","post","type-post","status-publish","format-standard","hentry","category-sem-categoria"],"yoast_head":"<!-- This site is optimized with the Yoast SEO plugin v26.6 - https:\/\/yoast.com\/wordpress\/plugins\/seo\/ -->\n<title>Instituto L\u00f3gica promove confraterniza\u00e7\u00e3o com grupo \u201cMovimentando na Maturidade\u201d - Daniel Matos<\/title>\n<meta name=\"robots\" content=\"index, follow, max-snippet:-1, max-image-preview:large, max-video-preview:-1\" \/>\n<link rel=\"canonical\" href=\"https:\/\/www.blogsoestado.com\/danielmatos\/instituto-logica-promove-confraternizacao-com-grupo-movimentando-na-maturidade\/\" \/>\n<meta property=\"og:locale\" content=\"pt_BR\" \/>\n<meta property=\"og:type\" content=\"article\" \/>\n<meta property=\"og:title\" content=\"Instituto L\u00f3gica promove confraterniza\u00e7\u00e3o com grupo \u201cMovimentando na Maturidade\u201d - Daniel Matos\" \/>\n<meta property=\"og:description\" content=\"Nesta quarta-feira(24), no audit\u00f3rio do Parque Folcl\u00f3rico da Vila Palmeira, o Instituto L\u00f3gica realizou a festa de confraterniza\u00e7\u00e3o do grupo [&hellip;]\" \/>\n<meta property=\"og:url\" content=\"https:\/\/www.blogsoestado.com\/danielmatos\/instituto-logica-promove-confraternizacao-com-grupo-movimentando-na-maturidade\/\" \/>\n<meta property=\"og:site_name\" content=\"Daniel Matos\" \/>\n<meta property=\"article:published_time\" content=\"2014-12-24T12:24:29+00:00\" \/>\n<meta property=\"og:image\" content=\"https:\/\/www.blogsoestado.com\/danielmatos\/files\/2014\/12\/instituto-logica.jpg\" \/>\n<meta name=\"twitter:card\" content=\"summary_large_image\" \/>\n<meta name=\"twitter:label1\" content=\"Est. tempo de leitura\" \/>\n\t<meta name=\"twitter:data1\" content=\"4 minutos\" \/>\n<script type=\"application\/ld+json\" class=\"yoast-schema-graph\">{\"@context\":\"https:\/\/schema.org\",\"@graph\":[{\"@type\":\"WebPage\",\"@id\":\"https:\/\/www.blogsoestado.com\/danielmatos\/instituto-logica-promove-confraternizacao-com-grupo-movimentando-na-maturidade\/\",\"url\":\"https:\/\/www.blogsoestado.com\/danielmatos\/instituto-logica-promove-confraternizacao-com-grupo-movimentando-na-maturidade\/\",\"name\":\"Instituto L\u00f3gica promove confraterniza\u00e7\u00e3o com grupo \u201cMovimentando na Maturidade\u201d - Daniel Matos\",\"isPartOf\":{\"@id\":\"https:\/\/www.blogsoestado.com\/danielmatos\/#website\"},\"primaryImageOfPage\":{\"@id\":\"https:\/\/www.blogsoestado.com\/danielmatos\/instituto-logica-promove-confraternizacao-com-grupo-movimentando-na-maturidade\/#primaryimage\"},\"image\":{\"@id\":\"https:\/\/www.blogsoestado.com\/danielmatos\/instituto-logica-promove-confraternizacao-com-grupo-movimentando-na-maturidade\/#primaryimage\"},\"thumbnailUrl\":\"https:\/\/www.blogsoestado.com\/danielmatos\/files\/2014\/12\/instituto-logica.jpg\",\"datePublished\":\"2014-12-24T12:24:29+00:00\",\"author\":{\"@id\":\"\"},\"breadcrumb\":{\"@id\":\"https:\/\/www.blogsoestado.com\/danielmatos\/instituto-logica-promove-confraternizacao-com-grupo-movimentando-na-maturidade\/#breadcrumb\"},\"inLanguage\":\"pt-BR\",\"potentialAction\":[{\"@type\":\"ReadAction\",\"target\":[\"https:\/\/www.blogsoestado.com\/danielmatos\/instituto-logica-promove-confraternizacao-com-grupo-movimentando-na-maturidade\/\"]}]},{\"@type\":\"ImageObject\",\"inLanguage\":\"pt-BR\",\"@id\":\"https:\/\/www.blogsoestado.com\/danielmatos\/instituto-logica-promove-confraternizacao-com-grupo-movimentando-na-maturidade\/#primaryimage\",\"url\":\"https:\/\/www.blogsoestado.com\/danielmatos\/files\/2014\/12\/instituto-logica.jpg\",\"contentUrl\":\"https:\/\/www.blogsoestado.com\/danielmatos\/files\/2014\/12\/instituto-logica.jpg\"},{\"@type\":\"BreadcrumbList\",\"@id\":\"https:\/\/www.blogsoestado.com\/danielmatos\/instituto-logica-promove-confraternizacao-com-grupo-movimentando-na-maturidade\/#breadcrumb\",\"itemListElement\":[{\"@type\":\"ListItem\",\"position\":1,\"name\":\"In\u00edcio\",\"item\":\"https:\/\/www.blogsoestado.com\/danielmatos\/\"},{\"@type\":\"ListItem\",\"position\":2,\"name\":\"Instituto L\u00f3gica promove confraterniza\u00e7\u00e3o com grupo \u201cMovimentando na Maturidade\u201d\"}]},{\"@type\":\"WebSite\",\"@id\":\"https:\/\/www.blogsoestado.com\/danielmatos\/#website\",\"url\":\"https:\/\/www.blogsoestado.com\/danielmatos\/\",\"name\":\"Daniel Matos\",\"description\":\"\",\"potentialAction\":[{\"@type\":\"SearchAction\",\"target\":{\"@type\":\"EntryPoint\",\"urlTemplate\":\"https:\/\/www.blogsoestado.com\/danielmatos\/?s={search_term_string}\"},\"query-input\":{\"@type\":\"PropertyValueSpecification\",\"valueRequired\":true,\"valueName\":\"search_term_string\"}}],\"inLanguage\":\"pt-BR\"}]}<\/script>\n<!-- \/ Yoast SEO plugin. -->","yoast_head_json":{"title":"Instituto L\u00f3gica promove confraterniza\u00e7\u00e3o com grupo \u201cMovimentando na Maturidade\u201d - Daniel Matos","robots":{"index":"index","follow":"follow","max-snippet":"max-snippet:-1","max-image-preview":"max-image-preview:large","max-video-preview":"max-video-preview:-1"},"canonical":"https:\/\/www.blogsoestado.com\/danielmatos\/instituto-logica-promove-confraternizacao-com-grupo-movimentando-na-maturidade\/","og_locale":"pt_BR","og_type":"article","og_title":"Instituto L\u00f3gica promove confraterniza\u00e7\u00e3o com grupo \u201cMovimentando na Maturidade\u201d - Daniel Matos","og_description":"Nesta quarta-feira(24), no audit\u00f3rio do Parque Folcl\u00f3rico da Vila Palmeira, o Instituto L\u00f3gica realizou a festa de confraterniza\u00e7\u00e3o do grupo [&hellip;]","og_url":"https:\/\/www.blogsoestado.com\/danielmatos\/instituto-logica-promove-confraternizacao-com-grupo-movimentando-na-maturidade\/","og_site_name":"Daniel Matos","article_published_time":"2014-12-24T12:24:29+00:00","og_image":[{"url":"https:\/\/www.blogsoestado.com\/danielmatos\/files\/2014\/12\/instituto-logica.jpg","type":"","width":"","height":""}],"twitter_card":"summary_large_image","twitter_misc":{"Est. tempo de leitura":"4 minutos"},"schema":{"@context":"https:\/\/schema.org","@graph":[{"@type":"WebPage","@id":"https:\/\/www.blogsoestado.com\/danielmatos\/instituto-logica-promove-confraternizacao-com-grupo-movimentando-na-maturidade\/","url":"https:\/\/www.blogsoestado.com\/danielmatos\/instituto-logica-promove-confraternizacao-com-grupo-movimentando-na-maturidade\/","name":"Instituto L\u00f3gica promove confraterniza\u00e7\u00e3o com grupo \u201cMovimentando na Maturidade\u201d - Daniel Matos","isPartOf":{"@id":"https:\/\/www.blogsoestado.com\/danielmatos\/#website"},"primaryImageOfPage":{"@id":"https:\/\/www.blogsoestado.com\/danielmatos\/instituto-logica-promove-confraternizacao-com-grupo-movimentando-na-maturidade\/#primaryimage"},"image":{"@id":"https:\/\/www.blogsoestado.com\/danielmatos\/instituto-logica-promove-confraternizacao-com-grupo-movimentando-na-maturidade\/#primaryimage"},"thumbnailUrl":"https:\/\/www.blogsoestado.com\/danielmatos\/files\/2014\/12\/instituto-logica.jpg","datePublished":"2014-12-24T12:24:29+00:00","author":{"@id":""},"breadcrumb":{"@id":"https:\/\/www.blogsoestado.com\/danielmatos\/instituto-logica-promove-confraternizacao-com-grupo-movimentando-na-maturidade\/#breadcrumb"},"inLanguage":"pt-BR","potentialAction":[{"@type":"ReadAction","target":["https:\/\/www.blogsoestado.com\/danielmatos\/instituto-logica-promove-confraternizacao-com-grupo-movimentando-na-maturidade\/"]}]},{"@type":"ImageObject","inLanguage":"pt-BR","@id":"https:\/\/www.blogsoestado.com\/danielmatos\/instituto-logica-promove-confraternizacao-com-grupo-movimentando-na-maturidade\/#primaryimage","url":"https:\/\/www.blogsoestado.com\/danielmatos\/files\/2014\/12\/instituto-logica.jpg","contentUrl":"https:\/\/www.blogsoestado.com\/danielmatos\/files\/2014\/12\/instituto-logica.jpg"},{"@type":"BreadcrumbList","@id":"https:\/\/www.blogsoestado.com\/danielmatos\/instituto-logica-promove-confraternizacao-com-grupo-movimentando-na-maturidade\/#breadcrumb","itemListElement":[{"@type":"ListItem","position":1,"name":"In\u00edcio","item":"https:\/\/www.blogsoestado.com\/danielmatos\/"},{"@type":"ListItem","position":2,"name":"Instituto L\u00f3gica promove confraterniza\u00e7\u00e3o com grupo \u201cMovimentando na Maturidade\u201d"}]},{"@type":"WebSite","@id":"https:\/\/www.blogsoestado.com\/danielmatos\/#website","url":"https:\/\/www.blogsoestado.com\/danielmatos\/","name":"Daniel Matos","description":"","potentialAction":[{"@type":"SearchAction","target":{"@type":"EntryPoint","urlTemplate":"https:\/\/www.blogsoestado.com\/danielmatos\/?s={search_term_string}"},"query-input":{"@type":"PropertyValueSpecification","valueRequired":true,"valueName":"search_term_string"}}],"inLanguage":"pt-BR"}]}},"jetpack_featured_media_url":"","_links":{"self":[{"href":"https:\/\/www.blogsoestado.com\/danielmatos\/wp-json\/wp\/v2\/posts\/21269","targetHints":{"allow":["GET"]}}],"collection":[{"href":"https:\/\/www.blogsoestado.com\/danielmatos\/wp-json\/wp\/v2\/posts"}],"about":[{"href":"https:\/\/www.blogsoestado.com\/danielmatos\/wp-json\/wp\/v2\/types\/post"}],"replies":[{"embeddable":true,"href":"https:\/\/www.blogsoestado.com\/danielmatos\/wp-json\/wp\/v2\/comments?post=21269"}],"version-history":[{"count":0,"href":"https:\/\/www.blogsoestado.com\/danielmatos\/wp-json\/wp\/v2\/posts\/21269\/revisions"}],"wp:attachment":[{"href":"https:\/\/www.blogsoestado.com\/danielmatos\/wp-json\/wp\/v2\/media?parent=21269"}],"wp:term":[{"taxonomy":"category","embeddable":true,"href":"https:\/\/www.blogsoestado.com\/danielmatos\/wp-json\/wp\/v2\/categories?post=21269"},{"taxonomy":"post_tag","embeddable":true,"href":"https:\/\/www.blogsoestado.com\/danielmatos\/wp-json\/wp\/v2\/tags?post=21269"}],"curies":[{"name":"wp","href":"https:\/\/api.w.org\/{rel}","templated":true}]}}