{"id":21277,"date":"2014-12-24T10:09:35","date_gmt":"2014-12-24T13:09:35","guid":{"rendered":"https:\/\/www.blogsoestado.com\/danielmatos\/?p=21277"},"modified":"2014-12-24T10:09:35","modified_gmt":"2014-12-24T13:09:35","slug":"alberto-filho-diz-que-decisao-em-favor-de-deoclides-nao-e-definitiva-e-nao-o-faz-perder-novo-mandato","status":"publish","type":"post","link":"https:\/\/www.blogsoestado.com\/danielmatos\/alberto-filho-diz-que-decisao-em-favor-de-deoclides-nao-e-definitiva-e-nao-o-faz-perder-novo-mandato\/","title":{"rendered":"Alberto Filho diz que decis\u00e3o em favor de Deoclides n\u00e3o \u00e9 definitiva e n\u00e3o o faz perder novo mandato"},"content":{"rendered":"<p style=\"text-align: center;\"><strong>NOTA DE ESCLARECIMENTO<\/strong><\/p>\n<p><span style=\"color: #ff0000;\"><strong>Decis\u00e3o do Ministro Dias T\u00f3ffoli do TSE n\u00e3o muda, em definitivo, resultado da elei\u00e7\u00e3o de Alberto Filho para Deputado Federal<\/strong><\/span><\/p>\n<figure id=\"attachment_21279\" aria-describedby=\"caption-attachment-21279\" style=\"width: 240px\" class=\"wp-caption alignright\"><a href=\"https:\/\/www.blogsoestado.com\/danielmatos\/files\/2014\/12\/alberto-filho.jpg\"><img fetchpriority=\"high\" decoding=\"async\" class=\"size-full wp-image-21279\" src=\"https:\/\/www.blogsoestado.com\/danielmatos\/files\/2014\/12\/alberto-filho.jpg\" alt=\"Alberto Filho diz que decis\u00e3o n\u00e3o o faz perder segundo mandato\" width=\"240\" height=\"329\" \/><\/a><figcaption id=\"caption-attachment-21279\" class=\"wp-caption-text\">Alberto Filho diz que decis\u00e3o n\u00e3o o faz perder segundo mandato<\/figcaption><\/figure>\n<p>A decis\u00e3o, monocraticamente tomada, pelo Ministro Dias T\u00f3foli de validar os votos do Deoclides Macedo (PDT) carece de decis\u00e3o definitiva, uma vez que, o que decidiu o referido Ministro Presidente do Tribunal Superior Eleitoral (TSE), em car\u00e1ter liminar, tem por objetivo resguardar ainda decis\u00e3o futura que possa vir a beneficiar o recorrente, acima citado.<\/p>\n<p>Deste modo, ALBERTO FILHO, j\u00e1 diplomado como Deputado Federal eleito, mant\u00e9m o seu novo mandato outorgado pelo povo maranhense nessas elei\u00e7\u00f5es de 2014.<\/p>\n<p>Veja abaixo a transcri\u00e7\u00e3o da decis\u00e3o do Ministro Presidente do TSE:<\/p>\n<p>\u201cAnte o exposto, defiro a liminar para atribuir efeito suspensivo ao recurso extraordin\u00e1rio interposto no RO n\u00ba 405-63\/MA, atualmente sobrestado com base no art. 543-B, \u00a7 1\u00ba, do CPC, at\u00e9 que seja realizado o ju\u00edzo de admissibilidade desta Corte e publicada a respectiva decis\u00e3o\u201d. (grifos nossos)<\/p>\n<p>Dep Federal Alberto Filho<\/p>\n","protected":false},"excerpt":{"rendered":"<p>NOTA DE ESCLARECIMENTO Decis\u00e3o do Ministro Dias T\u00f3ffoli do TSE n\u00e3o muda, em definitivo, resultado da elei\u00e7\u00e3o de Alberto Filho [&hellip;]<\/p>\n","protected":false},"author":0,"featured_media":0,"comment_status":"open","ping_status":"open","sticky":false,"template":"","format":"standard","meta":{"site-sidebar-layout":"default","site-content-layout":"","ast-site-content-layout":"default","site-content-style":"default","site-sidebar-style":"default","ast-global-header-display":"","ast-banner-title-visibility":"","ast-main-header-display":"","ast-hfb-above-header-display":"","ast-hfb-below-header-display":"","ast-hfb-mobile-header-display":"","site-post-title":"","ast-breadcrumbs-content":"","ast-featured-img":"","footer-sml-layout":"","ast-disable-related-posts":"","theme-transparent-header-meta":"","adv-header-id-meta":"","stick-header-meta":"","header-above-stick-meta":"","header-main-stick-meta":"","header-below-stick-meta":"","astra-migrate-meta-layouts":"default","ast-page-background-enabled":"default","ast-page-background-meta":{"desktop":{"background-color":"var(--ast-global-color-5)","background-image":"","background-repeat":"repeat","background-position":"center center","background-size":"auto","background-attachment":"scroll","background-type":"","background-media":"","overlay-type":"","overlay-color":"","overlay-opacity":"","overlay-gradient":""},"tablet":{"background-color":"","background-image":"","background-repeat":"repeat","background-position":"center center","background-size":"auto","background-attachment":"scroll","background-type":"","background-media":"","overlay-type":"","overlay-color":"","overlay-opacity":"","overlay-gradient":""},"mobile":{"background-color":"","background-image":"","background-repeat":"repeat","background-position":"center center","background-size":"auto","background-attachment":"scroll","background-type":"","background-media":"","overlay-type":"","overlay-color":"","overlay-opacity":"","overlay-gradient":""}},"ast-content-background-meta":{"desktop":{"background-color":"var(--ast-global-color-4)","background-image":"","background-repeat":"repeat","background-position":"center center","background-size":"auto","background-attachment":"scroll","background-type":"","background-media":"","overlay-type":"","overlay-color":"","overlay-opacity":"","overlay-gradient":""},"tablet":{"background-color":"var(--ast-global-color-4)","background-image":"","background-repeat":"repeat","background-position":"center center","background-size":"auto","background-attachment":"scroll","background-type":"","background-media":"","overlay-type":"","overlay-color":"","overlay-opacity":"","overlay-gradient":""},"mobile":{"background-color":"var(--ast-global-color-4)","background-image":"","background-repeat":"repeat","background-position":"center center","background-size":"auto","background-attachment":"scroll","background-type":"","background-media":"","overlay-type":"","overlay-color":"","overlay-opacity":"","overlay-gradient":""}},"footnotes":""},"categories":[1],"tags":[],"class_list":["post-21277","post","type-post","status-publish","format-standard","hentry","category-sem-categoria"],"yoast_head":"<!-- This site is optimized with the Yoast SEO plugin v26.6 - https:\/\/yoast.com\/wordpress\/plugins\/seo\/ -->\n<title>Alberto Filho diz que decis\u00e3o em favor de Deoclides n\u00e3o \u00e9 definitiva e n\u00e3o o faz perder novo mandato - Daniel Matos<\/title>\n<meta name=\"robots\" content=\"index, follow, max-snippet:-1, max-image-preview:large, max-video-preview:-1\" \/>\n<link rel=\"canonical\" href=\"https:\/\/www.blogsoestado.com\/danielmatos\/alberto-filho-diz-que-decisao-em-favor-de-deoclides-nao-e-definitiva-e-nao-o-faz-perder-novo-mandato\/\" \/>\n<meta property=\"og:locale\" content=\"pt_BR\" \/>\n<meta property=\"og:type\" content=\"article\" \/>\n<meta property=\"og:title\" content=\"Alberto Filho diz que decis\u00e3o em favor de Deoclides n\u00e3o \u00e9 definitiva e n\u00e3o o faz perder novo mandato - Daniel Matos\" \/>\n<meta property=\"og:description\" content=\"NOTA DE ESCLARECIMENTO Decis\u00e3o do Ministro Dias T\u00f3ffoli do TSE n\u00e3o muda, em definitivo, resultado da elei\u00e7\u00e3o de Alberto Filho [&hellip;]\" \/>\n<meta property=\"og:url\" content=\"https:\/\/www.blogsoestado.com\/danielmatos\/alberto-filho-diz-que-decisao-em-favor-de-deoclides-nao-e-definitiva-e-nao-o-faz-perder-novo-mandato\/\" \/>\n<meta property=\"og:site_name\" content=\"Daniel Matos\" \/>\n<meta property=\"article:published_time\" content=\"2014-12-24T13:09:35+00:00\" \/>\n<meta property=\"og:image\" content=\"https:\/\/www.blogsoestado.com\/danielmatos\/files\/2014\/12\/alberto-filho.jpg\" \/>\n<meta name=\"twitter:card\" content=\"summary_large_image\" \/>\n<meta name=\"twitter:label1\" content=\"Est. tempo de leitura\" \/>\n\t<meta name=\"twitter:data1\" content=\"1 minuto\" \/>\n<script type=\"application\/ld+json\" class=\"yoast-schema-graph\">{\"@context\":\"https:\/\/schema.org\",\"@graph\":[{\"@type\":\"WebPage\",\"@id\":\"https:\/\/www.blogsoestado.com\/danielmatos\/alberto-filho-diz-que-decisao-em-favor-de-deoclides-nao-e-definitiva-e-nao-o-faz-perder-novo-mandato\/\",\"url\":\"https:\/\/www.blogsoestado.com\/danielmatos\/alberto-filho-diz-que-decisao-em-favor-de-deoclides-nao-e-definitiva-e-nao-o-faz-perder-novo-mandato\/\",\"name\":\"Alberto Filho diz que decis\u00e3o em favor de Deoclides n\u00e3o \u00e9 definitiva e n\u00e3o o faz perder novo mandato - Daniel Matos\",\"isPartOf\":{\"@id\":\"https:\/\/www.blogsoestado.com\/danielmatos\/#website\"},\"primaryImageOfPage\":{\"@id\":\"https:\/\/www.blogsoestado.com\/danielmatos\/alberto-filho-diz-que-decisao-em-favor-de-deoclides-nao-e-definitiva-e-nao-o-faz-perder-novo-mandato\/#primaryimage\"},\"image\":{\"@id\":\"https:\/\/www.blogsoestado.com\/danielmatos\/alberto-filho-diz-que-decisao-em-favor-de-deoclides-nao-e-definitiva-e-nao-o-faz-perder-novo-mandato\/#primaryimage\"},\"thumbnailUrl\":\"https:\/\/www.blogsoestado.com\/danielmatos\/files\/2014\/12\/alberto-filho.jpg\",\"datePublished\":\"2014-12-24T13:09:35+00:00\",\"author\":{\"@id\":\"\"},\"breadcrumb\":{\"@id\":\"https:\/\/www.blogsoestado.com\/danielmatos\/alberto-filho-diz-que-decisao-em-favor-de-deoclides-nao-e-definitiva-e-nao-o-faz-perder-novo-mandato\/#breadcrumb\"},\"inLanguage\":\"pt-BR\",\"potentialAction\":[{\"@type\":\"ReadAction\",\"target\":[\"https:\/\/www.blogsoestado.com\/danielmatos\/alberto-filho-diz-que-decisao-em-favor-de-deoclides-nao-e-definitiva-e-nao-o-faz-perder-novo-mandato\/\"]}]},{\"@type\":\"ImageObject\",\"inLanguage\":\"pt-BR\",\"@id\":\"https:\/\/www.blogsoestado.com\/danielmatos\/alberto-filho-diz-que-decisao-em-favor-de-deoclides-nao-e-definitiva-e-nao-o-faz-perder-novo-mandato\/#primaryimage\",\"url\":\"https:\/\/www.blogsoestado.com\/danielmatos\/files\/2014\/12\/alberto-filho.jpg\",\"contentUrl\":\"https:\/\/www.blogsoestado.com\/danielmatos\/files\/2014\/12\/alberto-filho.jpg\"},{\"@type\":\"BreadcrumbList\",\"@id\":\"https:\/\/www.blogsoestado.com\/danielmatos\/alberto-filho-diz-que-decisao-em-favor-de-deoclides-nao-e-definitiva-e-nao-o-faz-perder-novo-mandato\/#breadcrumb\",\"itemListElement\":[{\"@type\":\"ListItem\",\"position\":1,\"name\":\"In\u00edcio\",\"item\":\"https:\/\/www.blogsoestado.com\/danielmatos\/\"},{\"@type\":\"ListItem\",\"position\":2,\"name\":\"Alberto Filho diz que decis\u00e3o em favor de Deoclides n\u00e3o \u00e9 definitiva e n\u00e3o o faz perder novo mandato\"}]},{\"@type\":\"WebSite\",\"@id\":\"https:\/\/www.blogsoestado.com\/danielmatos\/#website\",\"url\":\"https:\/\/www.blogsoestado.com\/danielmatos\/\",\"name\":\"Daniel Matos\",\"description\":\"\",\"potentialAction\":[{\"@type\":\"SearchAction\",\"target\":{\"@type\":\"EntryPoint\",\"urlTemplate\":\"https:\/\/www.blogsoestado.com\/danielmatos\/?s={search_term_string}\"},\"query-input\":{\"@type\":\"PropertyValueSpecification\",\"valueRequired\":true,\"valueName\":\"search_term_string\"}}],\"inLanguage\":\"pt-BR\"}]}<\/script>\n<!-- \/ Yoast SEO plugin. -->","yoast_head_json":{"title":"Alberto Filho diz que decis\u00e3o em favor de Deoclides n\u00e3o \u00e9 definitiva e n\u00e3o o faz perder novo mandato - Daniel Matos","robots":{"index":"index","follow":"follow","max-snippet":"max-snippet:-1","max-image-preview":"max-image-preview:large","max-video-preview":"max-video-preview:-1"},"canonical":"https:\/\/www.blogsoestado.com\/danielmatos\/alberto-filho-diz-que-decisao-em-favor-de-deoclides-nao-e-definitiva-e-nao-o-faz-perder-novo-mandato\/","og_locale":"pt_BR","og_type":"article","og_title":"Alberto Filho diz que decis\u00e3o em favor de Deoclides n\u00e3o \u00e9 definitiva e n\u00e3o o faz perder novo mandato - Daniel Matos","og_description":"NOTA DE ESCLARECIMENTO Decis\u00e3o do Ministro Dias T\u00f3ffoli do TSE n\u00e3o muda, em definitivo, resultado da elei\u00e7\u00e3o de Alberto Filho [&hellip;]","og_url":"https:\/\/www.blogsoestado.com\/danielmatos\/alberto-filho-diz-que-decisao-em-favor-de-deoclides-nao-e-definitiva-e-nao-o-faz-perder-novo-mandato\/","og_site_name":"Daniel Matos","article_published_time":"2014-12-24T13:09:35+00:00","og_image":[{"url":"https:\/\/www.blogsoestado.com\/danielmatos\/files\/2014\/12\/alberto-filho.jpg","type":"","width":"","height":""}],"twitter_card":"summary_large_image","twitter_misc":{"Est. tempo de leitura":"1 minuto"},"schema":{"@context":"https:\/\/schema.org","@graph":[{"@type":"WebPage","@id":"https:\/\/www.blogsoestado.com\/danielmatos\/alberto-filho-diz-que-decisao-em-favor-de-deoclides-nao-e-definitiva-e-nao-o-faz-perder-novo-mandato\/","url":"https:\/\/www.blogsoestado.com\/danielmatos\/alberto-filho-diz-que-decisao-em-favor-de-deoclides-nao-e-definitiva-e-nao-o-faz-perder-novo-mandato\/","name":"Alberto Filho diz que decis\u00e3o em favor de Deoclides n\u00e3o \u00e9 definitiva e n\u00e3o o faz perder novo mandato - Daniel Matos","isPartOf":{"@id":"https:\/\/www.blogsoestado.com\/danielmatos\/#website"},"primaryImageOfPage":{"@id":"https:\/\/www.blogsoestado.com\/danielmatos\/alberto-filho-diz-que-decisao-em-favor-de-deoclides-nao-e-definitiva-e-nao-o-faz-perder-novo-mandato\/#primaryimage"},"image":{"@id":"https:\/\/www.blogsoestado.com\/danielmatos\/alberto-filho-diz-que-decisao-em-favor-de-deoclides-nao-e-definitiva-e-nao-o-faz-perder-novo-mandato\/#primaryimage"},"thumbnailUrl":"https:\/\/www.blogsoestado.com\/danielmatos\/files\/2014\/12\/alberto-filho.jpg","datePublished":"2014-12-24T13:09:35+00:00","author":{"@id":""},"breadcrumb":{"@id":"https:\/\/www.blogsoestado.com\/danielmatos\/alberto-filho-diz-que-decisao-em-favor-de-deoclides-nao-e-definitiva-e-nao-o-faz-perder-novo-mandato\/#breadcrumb"},"inLanguage":"pt-BR","potentialAction":[{"@type":"ReadAction","target":["https:\/\/www.blogsoestado.com\/danielmatos\/alberto-filho-diz-que-decisao-em-favor-de-deoclides-nao-e-definitiva-e-nao-o-faz-perder-novo-mandato\/"]}]},{"@type":"ImageObject","inLanguage":"pt-BR","@id":"https:\/\/www.blogsoestado.com\/danielmatos\/alberto-filho-diz-que-decisao-em-favor-de-deoclides-nao-e-definitiva-e-nao-o-faz-perder-novo-mandato\/#primaryimage","url":"https:\/\/www.blogsoestado.com\/danielmatos\/files\/2014\/12\/alberto-filho.jpg","contentUrl":"https:\/\/www.blogsoestado.com\/danielmatos\/files\/2014\/12\/alberto-filho.jpg"},{"@type":"BreadcrumbList","@id":"https:\/\/www.blogsoestado.com\/danielmatos\/alberto-filho-diz-que-decisao-em-favor-de-deoclides-nao-e-definitiva-e-nao-o-faz-perder-novo-mandato\/#breadcrumb","itemListElement":[{"@type":"ListItem","position":1,"name":"In\u00edcio","item":"https:\/\/www.blogsoestado.com\/danielmatos\/"},{"@type":"ListItem","position":2,"name":"Alberto Filho diz que decis\u00e3o em favor de Deoclides n\u00e3o \u00e9 definitiva e n\u00e3o o faz perder novo mandato"}]},{"@type":"WebSite","@id":"https:\/\/www.blogsoestado.com\/danielmatos\/#website","url":"https:\/\/www.blogsoestado.com\/danielmatos\/","name":"Daniel Matos","description":"","potentialAction":[{"@type":"SearchAction","target":{"@type":"EntryPoint","urlTemplate":"https:\/\/www.blogsoestado.com\/danielmatos\/?s={search_term_string}"},"query-input":{"@type":"PropertyValueSpecification","valueRequired":true,"valueName":"search_term_string"}}],"inLanguage":"pt-BR"}]}},"jetpack_featured_media_url":"","_links":{"self":[{"href":"https:\/\/www.blogsoestado.com\/danielmatos\/wp-json\/wp\/v2\/posts\/21277","targetHints":{"allow":["GET"]}}],"collection":[{"href":"https:\/\/www.blogsoestado.com\/danielmatos\/wp-json\/wp\/v2\/posts"}],"about":[{"href":"https:\/\/www.blogsoestado.com\/danielmatos\/wp-json\/wp\/v2\/types\/post"}],"replies":[{"embeddable":true,"href":"https:\/\/www.blogsoestado.com\/danielmatos\/wp-json\/wp\/v2\/comments?post=21277"}],"version-history":[{"count":0,"href":"https:\/\/www.blogsoestado.com\/danielmatos\/wp-json\/wp\/v2\/posts\/21277\/revisions"}],"wp:attachment":[{"href":"https:\/\/www.blogsoestado.com\/danielmatos\/wp-json\/wp\/v2\/media?parent=21277"}],"wp:term":[{"taxonomy":"category","embeddable":true,"href":"https:\/\/www.blogsoestado.com\/danielmatos\/wp-json\/wp\/v2\/categories?post=21277"},{"taxonomy":"post_tag","embeddable":true,"href":"https:\/\/www.blogsoestado.com\/danielmatos\/wp-json\/wp\/v2\/tags?post=21277"}],"curies":[{"name":"wp","href":"https:\/\/api.w.org\/{rel}","templated":true}]}}