{"id":21289,"date":"2014-12-25T12:17:33","date_gmt":"2014-12-25T15:17:33","guid":{"rendered":"https:\/\/www.blogsoestado.com\/danielmatos\/?p=21289"},"modified":"2014-12-25T12:17:33","modified_gmt":"2014-12-25T15:17:33","slug":"estudante-de-direito-da-uema-esta-desaparecida-ha-tres-dias","status":"publish","type":"post","link":"https:\/\/www.blogsoestado.com\/danielmatos\/estudante-de-direito-da-uema-esta-desaparecida-ha-tres-dias\/","title":{"rendered":"Estudante de Direito da Uema est\u00e1 desaparecida h\u00e1 tr\u00eas dias"},"content":{"rendered":"<figure id=\"attachment_21290\" aria-describedby=\"caption-attachment-21290\" style=\"width: 363px\" class=\"wp-caption aligncenter\"><a href=\"https:\/\/www.blogsoestado.com\/danielmatos\/files\/2014\/12\/suellen-some.jpg\"><img fetchpriority=\"high\" decoding=\"async\" class=\"size-full wp-image-21290\" src=\"https:\/\/www.blogsoestado.com\/danielmatos\/files\/2014\/12\/suellen-some.jpg\" alt=\"Rayane Suellen Brito cursa Direito na Uema e desapareceu pela segunda vez\" width=\"363\" height=\"640\" \/><\/a><figcaption id=\"caption-attachment-21290\" class=\"wp-caption-text\">Suellen Brito cursa Direito na Uema e desapareceu pela 2\u00aa\u00a0vez<\/figcaption><\/figure>\n<p>A estudante do curso de Direito da Universidade Estadual do Maranh\u00e3o (Uema) Rayane Suellen Brito, 23 anos, est\u00e1 desaparecida h\u00e1 tr\u00eas dias. Ela saiu da casa da m\u00e3e, no bairro Monte Castelo, na \u00faltima segunda-feira, e desde ent\u00e3o n\u00e3o voltou mais nem deu not\u00edcia aos seus familiares sobre o seu paradeiro.<\/p>\n<p>\u00c9 a segunda vez que ela desaparece por longo per\u00edodo. No in\u00edcio deste ano, a universit\u00e1ria sumiu por uma semana e foi localizada no bairro Jo\u00e3o Paulo.<\/p>\n<p>Suellen est\u00e1 trajando uma blusa rosa, cal\u00e7a jeans e sand\u00e1lia. Qualquer informa\u00e7\u00e3o sobre ela pode ser repassada ao telefone 99903-8761.<\/p>\n","protected":false},"excerpt":{"rendered":"<p>A estudante do curso de Direito da Universidade Estadual do Maranh\u00e3o (Uema) Rayane Suellen Brito, 23 anos, est\u00e1 desaparecida h\u00e1 [&hellip;]<\/p>\n","protected":false},"author":0,"featured_media":0,"comment_status":"open","ping_status":"open","sticky":false,"template":"","format":"standard","meta":{"site-sidebar-layout":"default","site-content-layout":"","ast-site-content-layout":"default","site-content-style":"default","site-sidebar-style":"default","ast-global-header-display":"","ast-banner-title-visibility":"","ast-main-header-display":"","ast-hfb-above-header-display":"","ast-hfb-below-header-display":"","ast-hfb-mobile-header-display":"","site-post-title":"","ast-breadcrumbs-content":"","ast-featured-img":"","footer-sml-layout":"","ast-disable-related-posts":"","theme-transparent-header-meta":"","adv-header-id-meta":"","stick-header-meta":"","header-above-stick-meta":"","header-main-stick-meta":"","header-below-stick-meta":"","astra-migrate-meta-layouts":"default","ast-page-background-enabled":"default","ast-page-background-meta":{"desktop":{"background-color":"var(--ast-global-color-5)","background-image":"","background-repeat":"repeat","background-position":"center center","background-size":"auto","background-attachment":"scroll","background-type":"","background-media":"","overlay-type":"","overlay-color":"","overlay-opacity":"","overlay-gradient":""},"tablet":{"background-color":"","background-image":"","background-repeat":"repeat","background-position":"center center","background-size":"auto","background-attachment":"scroll","background-type":"","background-media":"","overlay-type":"","overlay-color":"","overlay-opacity":"","overlay-gradient":""},"mobile":{"background-color":"","background-image":"","background-repeat":"repeat","background-position":"center center","background-size":"auto","background-attachment":"scroll","background-type":"","background-media":"","overlay-type":"","overlay-color":"","overlay-opacity":"","overlay-gradient":""}},"ast-content-background-meta":{"desktop":{"background-color":"var(--ast-global-color-4)","background-image":"","background-repeat":"repeat","background-position":"center center","background-size":"auto","background-attachment":"scroll","background-type":"","background-media":"","overlay-type":"","overlay-color":"","overlay-opacity":"","overlay-gradient":""},"tablet":{"background-color":"var(--ast-global-color-4)","background-image":"","background-repeat":"repeat","background-position":"center center","background-size":"auto","background-attachment":"scroll","background-type":"","background-media":"","overlay-type":"","overlay-color":"","overlay-opacity":"","overlay-gradient":""},"mobile":{"background-color":"var(--ast-global-color-4)","background-image":"","background-repeat":"repeat","background-position":"center center","background-size":"auto","background-attachment":"scroll","background-type":"","background-media":"","overlay-type":"","overlay-color":"","overlay-opacity":"","overlay-gradient":""}},"footnotes":""},"categories":[1],"tags":[],"class_list":["post-21289","post","type-post","status-publish","format-standard","hentry","category-sem-categoria"],"yoast_head":"<!-- This site is optimized with the Yoast SEO plugin v26.6 - https:\/\/yoast.com\/wordpress\/plugins\/seo\/ -->\n<title>Estudante de Direito da Uema est\u00e1 desaparecida h\u00e1 tr\u00eas dias - Daniel Matos<\/title>\n<meta name=\"robots\" content=\"index, follow, max-snippet:-1, max-image-preview:large, max-video-preview:-1\" \/>\n<link rel=\"canonical\" href=\"https:\/\/www.blogsoestado.com\/danielmatos\/estudante-de-direito-da-uema-esta-desaparecida-ha-tres-dias\/\" \/>\n<meta property=\"og:locale\" content=\"pt_BR\" \/>\n<meta property=\"og:type\" content=\"article\" \/>\n<meta property=\"og:title\" content=\"Estudante de Direito da Uema est\u00e1 desaparecida h\u00e1 tr\u00eas dias - Daniel Matos\" \/>\n<meta property=\"og:description\" content=\"A estudante do curso de Direito da Universidade Estadual do Maranh\u00e3o (Uema) Rayane Suellen Brito, 23 anos, est\u00e1 desaparecida h\u00e1 [&hellip;]\" \/>\n<meta property=\"og:url\" content=\"https:\/\/www.blogsoestado.com\/danielmatos\/estudante-de-direito-da-uema-esta-desaparecida-ha-tres-dias\/\" \/>\n<meta property=\"og:site_name\" content=\"Daniel Matos\" \/>\n<meta property=\"article:published_time\" content=\"2014-12-25T15:17:33+00:00\" \/>\n<meta property=\"og:image\" content=\"https:\/\/www.blogsoestado.com\/danielmatos\/files\/2014\/12\/suellen-some.jpg\" \/>\n<meta name=\"twitter:card\" content=\"summary_large_image\" \/>\n<meta name=\"twitter:label1\" content=\"Est. tempo de leitura\" \/>\n\t<meta name=\"twitter:data1\" content=\"1 minuto\" \/>\n<script type=\"application\/ld+json\" class=\"yoast-schema-graph\">{\"@context\":\"https:\/\/schema.org\",\"@graph\":[{\"@type\":\"WebPage\",\"@id\":\"https:\/\/www.blogsoestado.com\/danielmatos\/estudante-de-direito-da-uema-esta-desaparecida-ha-tres-dias\/\",\"url\":\"https:\/\/www.blogsoestado.com\/danielmatos\/estudante-de-direito-da-uema-esta-desaparecida-ha-tres-dias\/\",\"name\":\"Estudante de Direito da Uema est\u00e1 desaparecida h\u00e1 tr\u00eas dias - Daniel Matos\",\"isPartOf\":{\"@id\":\"https:\/\/www.blogsoestado.com\/danielmatos\/#website\"},\"primaryImageOfPage\":{\"@id\":\"https:\/\/www.blogsoestado.com\/danielmatos\/estudante-de-direito-da-uema-esta-desaparecida-ha-tres-dias\/#primaryimage\"},\"image\":{\"@id\":\"https:\/\/www.blogsoestado.com\/danielmatos\/estudante-de-direito-da-uema-esta-desaparecida-ha-tres-dias\/#primaryimage\"},\"thumbnailUrl\":\"https:\/\/www.blogsoestado.com\/danielmatos\/files\/2014\/12\/suellen-some.jpg\",\"datePublished\":\"2014-12-25T15:17:33+00:00\",\"author\":{\"@id\":\"\"},\"breadcrumb\":{\"@id\":\"https:\/\/www.blogsoestado.com\/danielmatos\/estudante-de-direito-da-uema-esta-desaparecida-ha-tres-dias\/#breadcrumb\"},\"inLanguage\":\"pt-BR\",\"potentialAction\":[{\"@type\":\"ReadAction\",\"target\":[\"https:\/\/www.blogsoestado.com\/danielmatos\/estudante-de-direito-da-uema-esta-desaparecida-ha-tres-dias\/\"]}]},{\"@type\":\"ImageObject\",\"inLanguage\":\"pt-BR\",\"@id\":\"https:\/\/www.blogsoestado.com\/danielmatos\/estudante-de-direito-da-uema-esta-desaparecida-ha-tres-dias\/#primaryimage\",\"url\":\"https:\/\/www.blogsoestado.com\/danielmatos\/files\/2014\/12\/suellen-some.jpg\",\"contentUrl\":\"https:\/\/www.blogsoestado.com\/danielmatos\/files\/2014\/12\/suellen-some.jpg\"},{\"@type\":\"BreadcrumbList\",\"@id\":\"https:\/\/www.blogsoestado.com\/danielmatos\/estudante-de-direito-da-uema-esta-desaparecida-ha-tres-dias\/#breadcrumb\",\"itemListElement\":[{\"@type\":\"ListItem\",\"position\":1,\"name\":\"In\u00edcio\",\"item\":\"https:\/\/www.blogsoestado.com\/danielmatos\/\"},{\"@type\":\"ListItem\",\"position\":2,\"name\":\"Estudante de Direito da Uema est\u00e1 desaparecida h\u00e1 tr\u00eas dias\"}]},{\"@type\":\"WebSite\",\"@id\":\"https:\/\/www.blogsoestado.com\/danielmatos\/#website\",\"url\":\"https:\/\/www.blogsoestado.com\/danielmatos\/\",\"name\":\"Daniel Matos\",\"description\":\"\",\"potentialAction\":[{\"@type\":\"SearchAction\",\"target\":{\"@type\":\"EntryPoint\",\"urlTemplate\":\"https:\/\/www.blogsoestado.com\/danielmatos\/?s={search_term_string}\"},\"query-input\":{\"@type\":\"PropertyValueSpecification\",\"valueRequired\":true,\"valueName\":\"search_term_string\"}}],\"inLanguage\":\"pt-BR\"}]}<\/script>\n<!-- \/ Yoast SEO plugin. -->","yoast_head_json":{"title":"Estudante de Direito da Uema est\u00e1 desaparecida h\u00e1 tr\u00eas dias - Daniel Matos","robots":{"index":"index","follow":"follow","max-snippet":"max-snippet:-1","max-image-preview":"max-image-preview:large","max-video-preview":"max-video-preview:-1"},"canonical":"https:\/\/www.blogsoestado.com\/danielmatos\/estudante-de-direito-da-uema-esta-desaparecida-ha-tres-dias\/","og_locale":"pt_BR","og_type":"article","og_title":"Estudante de Direito da Uema est\u00e1 desaparecida h\u00e1 tr\u00eas dias - Daniel Matos","og_description":"A estudante do curso de Direito da Universidade Estadual do Maranh\u00e3o (Uema) Rayane Suellen Brito, 23 anos, est\u00e1 desaparecida h\u00e1 [&hellip;]","og_url":"https:\/\/www.blogsoestado.com\/danielmatos\/estudante-de-direito-da-uema-esta-desaparecida-ha-tres-dias\/","og_site_name":"Daniel Matos","article_published_time":"2014-12-25T15:17:33+00:00","og_image":[{"url":"https:\/\/www.blogsoestado.com\/danielmatos\/files\/2014\/12\/suellen-some.jpg","type":"","width":"","height":""}],"twitter_card":"summary_large_image","twitter_misc":{"Est. tempo de leitura":"1 minuto"},"schema":{"@context":"https:\/\/schema.org","@graph":[{"@type":"WebPage","@id":"https:\/\/www.blogsoestado.com\/danielmatos\/estudante-de-direito-da-uema-esta-desaparecida-ha-tres-dias\/","url":"https:\/\/www.blogsoestado.com\/danielmatos\/estudante-de-direito-da-uema-esta-desaparecida-ha-tres-dias\/","name":"Estudante de Direito da Uema est\u00e1 desaparecida h\u00e1 tr\u00eas dias - Daniel Matos","isPartOf":{"@id":"https:\/\/www.blogsoestado.com\/danielmatos\/#website"},"primaryImageOfPage":{"@id":"https:\/\/www.blogsoestado.com\/danielmatos\/estudante-de-direito-da-uema-esta-desaparecida-ha-tres-dias\/#primaryimage"},"image":{"@id":"https:\/\/www.blogsoestado.com\/danielmatos\/estudante-de-direito-da-uema-esta-desaparecida-ha-tres-dias\/#primaryimage"},"thumbnailUrl":"https:\/\/www.blogsoestado.com\/danielmatos\/files\/2014\/12\/suellen-some.jpg","datePublished":"2014-12-25T15:17:33+00:00","author":{"@id":""},"breadcrumb":{"@id":"https:\/\/www.blogsoestado.com\/danielmatos\/estudante-de-direito-da-uema-esta-desaparecida-ha-tres-dias\/#breadcrumb"},"inLanguage":"pt-BR","potentialAction":[{"@type":"ReadAction","target":["https:\/\/www.blogsoestado.com\/danielmatos\/estudante-de-direito-da-uema-esta-desaparecida-ha-tres-dias\/"]}]},{"@type":"ImageObject","inLanguage":"pt-BR","@id":"https:\/\/www.blogsoestado.com\/danielmatos\/estudante-de-direito-da-uema-esta-desaparecida-ha-tres-dias\/#primaryimage","url":"https:\/\/www.blogsoestado.com\/danielmatos\/files\/2014\/12\/suellen-some.jpg","contentUrl":"https:\/\/www.blogsoestado.com\/danielmatos\/files\/2014\/12\/suellen-some.jpg"},{"@type":"BreadcrumbList","@id":"https:\/\/www.blogsoestado.com\/danielmatos\/estudante-de-direito-da-uema-esta-desaparecida-ha-tres-dias\/#breadcrumb","itemListElement":[{"@type":"ListItem","position":1,"name":"In\u00edcio","item":"https:\/\/www.blogsoestado.com\/danielmatos\/"},{"@type":"ListItem","position":2,"name":"Estudante de Direito da Uema est\u00e1 desaparecida h\u00e1 tr\u00eas dias"}]},{"@type":"WebSite","@id":"https:\/\/www.blogsoestado.com\/danielmatos\/#website","url":"https:\/\/www.blogsoestado.com\/danielmatos\/","name":"Daniel Matos","description":"","potentialAction":[{"@type":"SearchAction","target":{"@type":"EntryPoint","urlTemplate":"https:\/\/www.blogsoestado.com\/danielmatos\/?s={search_term_string}"},"query-input":{"@type":"PropertyValueSpecification","valueRequired":true,"valueName":"search_term_string"}}],"inLanguage":"pt-BR"}]}},"jetpack_featured_media_url":"","_links":{"self":[{"href":"https:\/\/www.blogsoestado.com\/danielmatos\/wp-json\/wp\/v2\/posts\/21289","targetHints":{"allow":["GET"]}}],"collection":[{"href":"https:\/\/www.blogsoestado.com\/danielmatos\/wp-json\/wp\/v2\/posts"}],"about":[{"href":"https:\/\/www.blogsoestado.com\/danielmatos\/wp-json\/wp\/v2\/types\/post"}],"replies":[{"embeddable":true,"href":"https:\/\/www.blogsoestado.com\/danielmatos\/wp-json\/wp\/v2\/comments?post=21289"}],"version-history":[{"count":0,"href":"https:\/\/www.blogsoestado.com\/danielmatos\/wp-json\/wp\/v2\/posts\/21289\/revisions"}],"wp:attachment":[{"href":"https:\/\/www.blogsoestado.com\/danielmatos\/wp-json\/wp\/v2\/media?parent=21289"}],"wp:term":[{"taxonomy":"category","embeddable":true,"href":"https:\/\/www.blogsoestado.com\/danielmatos\/wp-json\/wp\/v2\/categories?post=21289"},{"taxonomy":"post_tag","embeddable":true,"href":"https:\/\/www.blogsoestado.com\/danielmatos\/wp-json\/wp\/v2\/tags?post=21289"}],"curies":[{"name":"wp","href":"https:\/\/api.w.org\/{rel}","templated":true}]}}