{"id":21294,"date":"2014-12-26T08:55:33","date_gmt":"2014-12-26T11:55:33","guid":{"rendered":"https:\/\/www.blogsoestado.com\/danielmatos\/?p=21294"},"modified":"2014-12-26T08:55:33","modified_gmt":"2014-12-26T11:55:33","slug":"pm-abre-processo-disciplinar-contra-soldado-que-assaltou-posto-e-atirou-em-colega-de-farda","status":"publish","type":"post","link":"https:\/\/www.blogsoestado.com\/danielmatos\/pm-abre-processo-disciplinar-contra-soldado-que-assaltou-posto-e-atirou-em-colega-de-farda\/","title":{"rendered":"PM abre processo disciplinar contra soldado que assaltou posto e atirou em colega de farda"},"content":{"rendered":"<figure id=\"attachment_21295\" aria-describedby=\"caption-attachment-21295\" style=\"width: 258px\" class=\"wp-caption alignleft\"><a href=\"https:\/\/www.blogsoestado.com\/danielmatos\/files\/2014\/12\/pm-ladr\u00e3o.jpg\"><img fetchpriority=\"high\" decoding=\"async\" class=\"size-full wp-image-21295\" src=\"https:\/\/www.blogsoestado.com\/danielmatos\/files\/2014\/12\/pm-ladr\u00e3o.jpg\" alt=\"Soldado Jeferson Correia, acusado de assaltar posto e atirar em colega de farda\" width=\"258\" height=\"343\" \/><\/a><figcaption id=\"caption-attachment-21295\" class=\"wp-caption-text\">Soldado Jeferson Correia, acusado de assaltar posto e de atirar em colega de farda<\/figcaption><\/figure>\n<p>O soldado da Pol\u00edcia\u00a0Militar Jeferson Correia Mendes, preso na noite da \u00faltima quarta-feira ap\u00f3s assaltar um posto de combust\u00edveis no Cutim Anil e atirar em um colega de farda, segue preso no quartel do Comando Geral da corpora\u00e7\u00e3o, no Calhau. A PM instaurou procedimento disciplinar para apurar a conduta do pra\u00e7a, lotado no 8\u00ba Batalh\u00e3o, que pode ser expulso da tropa, na qual ingressou este ano.<\/p>\n<p>Em nota encaminhada \u00e0 imprensa, o Comando Geral\u00a0da PM fez o seguinte relato:<\/p>\n<p><em>Segundo informa\u00e7\u00f5es do Ciops, por volta das 22h20 da \u00faltima sexta-feira (19\/12), ocorreu um assalto no posto de gasolina no bairro da Camboa. Horas depois da ocorr\u00eancia, o soldado Tavares do 1\u00ba BPM, que estava de folga em seu ve\u00edculo, avistou um carro suspeito Voyage, cinza, placa OXQ 4882, com retrovisor quebrado. Ao ligar para o Ciops constatou que o ve\u00edculo estava com a placa adulterada. Diante das informa\u00e7\u00f5es, viaturas foram dar apoio, mas n\u00e3o conseguiram capturar o suspeito.<\/em><\/p>\n<p><em>Na noite de quarta-feira (24), por volta das 20h,o soldado Tavares quando se dirigia para o servi\u00e7o, fardado em seu ve\u00edculo, avistou novamente, o mesmo ve\u00edculo, com far\u00f3is baixos e em baixa velocidade. Tavares imediatamente acionou o Ciops e seguiu o acusado. No in\u00edcio da BR-135, pr\u00f3ximo ao CFAP (Centro de Forma\u00e7\u00e3o e Aperfei\u00e7oamento de Pra\u00e7as da PMMA), os dois ve\u00edculos ficaram emparelhados; momento em que o soldado Correa disparou duas vezes em dire\u00e7\u00e3o ao ve\u00edculo do PM Tavares, que tamb\u00e9m revidou disparando dois tiros.<\/em><\/p>\n<p><em>Nas proximidades da Vila Itamar, a viatura da \u00e1rea deu apoio na persegui\u00e7\u00e3o. Os policiais da viatura dispararam contra o ve\u00edculo do suspeito, atingindo dois pneus. O Voyage perdeu o controle e bateu em dois carros, parando em seguida.<\/em><\/p>\n<p><em>O soldado Correia recebeu voz de pris\u00e3o e foi conduzido at\u00e9 o posto de combust\u00edvel no Anil, onde foi reconhecido como autor do assalto. Em seguida foi encaminhado ao Quartel do Comando Geral, no Calhau.<\/em><\/p>\n<p><em>Diante do ocorrido, ser\u00e3o ouvidas as testemunhas e policiais militares por meio de procedimentos disciplinares abertos pela corpora\u00e7\u00e3o.<\/em><\/p>\n<p>O desfecho do caso n\u00e3o pode ser outro sen\u00e3o a exclus\u00e3o do soldado dos quadros da briosa Pol\u00edcia Militar do Maranh\u00e3o.<\/p>\n","protected":false},"excerpt":{"rendered":"<p>O soldado da Pol\u00edcia\u00a0Militar Jeferson Correia Mendes, preso na noite da \u00faltima quarta-feira ap\u00f3s assaltar um posto de combust\u00edveis no [&hellip;]<\/p>\n","protected":false},"author":0,"featured_media":0,"comment_status":"open","ping_status":"open","sticky":false,"template":"","format":"standard","meta":{"site-sidebar-layout":"default","site-content-layout":"","ast-site-content-layout":"default","site-content-style":"default","site-sidebar-style":"default","ast-global-header-display":"","ast-banner-title-visibility":"","ast-main-header-display":"","ast-hfb-above-header-display":"","ast-hfb-below-header-display":"","ast-hfb-mobile-header-display":"","site-post-title":"","ast-breadcrumbs-content":"","ast-featured-img":"","footer-sml-layout":"","ast-disable-related-posts":"","theme-transparent-header-meta":"","adv-header-id-meta":"","stick-header-meta":"","header-above-stick-meta":"","header-main-stick-meta":"","header-below-stick-meta":"","astra-migrate-meta-layouts":"default","ast-page-background-enabled":"default","ast-page-background-meta":{"desktop":{"background-color":"var(--ast-global-color-5)","background-image":"","background-repeat":"repeat","background-position":"center center","background-size":"auto","background-attachment":"scroll","background-type":"","background-media":"","overlay-type":"","overlay-color":"","overlay-opacity":"","overlay-gradient":""},"tablet":{"background-color":"","background-image":"","background-repeat":"repeat","background-position":"center center","background-size":"auto","background-attachment":"scroll","background-type":"","background-media":"","overlay-type":"","overlay-color":"","overlay-opacity":"","overlay-gradient":""},"mobile":{"background-color":"","background-image":"","background-repeat":"repeat","background-position":"center center","background-size":"auto","background-attachment":"scroll","background-type":"","background-media":"","overlay-type":"","overlay-color":"","overlay-opacity":"","overlay-gradient":""}},"ast-content-background-meta":{"desktop":{"background-color":"var(--ast-global-color-4)","background-image":"","background-repeat":"repeat","background-position":"center center","background-size":"auto","background-attachment":"scroll","background-type":"","background-media":"","overlay-type":"","overlay-color":"","overlay-opacity":"","overlay-gradient":""},"tablet":{"background-color":"var(--ast-global-color-4)","background-image":"","background-repeat":"repeat","background-position":"center center","background-size":"auto","background-attachment":"scroll","background-type":"","background-media":"","overlay-type":"","overlay-color":"","overlay-opacity":"","overlay-gradient":""},"mobile":{"background-color":"var(--ast-global-color-4)","background-image":"","background-repeat":"repeat","background-position":"center center","background-size":"auto","background-attachment":"scroll","background-type":"","background-media":"","overlay-type":"","overlay-color":"","overlay-opacity":"","overlay-gradient":""}},"footnotes":""},"categories":[1],"tags":[],"class_list":["post-21294","post","type-post","status-publish","format-standard","hentry","category-sem-categoria"],"yoast_head":"<!-- This site is optimized with the Yoast SEO plugin v26.6 - https:\/\/yoast.com\/wordpress\/plugins\/seo\/ -->\n<title>PM abre processo disciplinar contra soldado que assaltou posto e atirou em colega de farda - Daniel Matos<\/title>\n<meta name=\"robots\" content=\"index, follow, max-snippet:-1, max-image-preview:large, max-video-preview:-1\" \/>\n<link rel=\"canonical\" href=\"https:\/\/www.blogsoestado.com\/danielmatos\/pm-abre-processo-disciplinar-contra-soldado-que-assaltou-posto-e-atirou-em-colega-de-farda\/\" \/>\n<meta property=\"og:locale\" content=\"pt_BR\" \/>\n<meta property=\"og:type\" content=\"article\" \/>\n<meta property=\"og:title\" content=\"PM abre processo disciplinar contra soldado que assaltou posto e atirou em colega de farda - Daniel Matos\" \/>\n<meta property=\"og:description\" content=\"O soldado da Pol\u00edcia\u00a0Militar Jeferson Correia Mendes, preso na noite da \u00faltima quarta-feira ap\u00f3s assaltar um posto de combust\u00edveis no [&hellip;]\" \/>\n<meta property=\"og:url\" content=\"https:\/\/www.blogsoestado.com\/danielmatos\/pm-abre-processo-disciplinar-contra-soldado-que-assaltou-posto-e-atirou-em-colega-de-farda\/\" \/>\n<meta property=\"og:site_name\" content=\"Daniel Matos\" \/>\n<meta property=\"article:published_time\" content=\"2014-12-26T11:55:33+00:00\" \/>\n<meta name=\"twitter:card\" content=\"summary_large_image\" \/>\n<meta name=\"twitter:label1\" content=\"Est. tempo de leitura\" \/>\n\t<meta name=\"twitter:data1\" content=\"2 minutos\" \/>\n<script type=\"application\/ld+json\" class=\"yoast-schema-graph\">{\"@context\":\"https:\/\/schema.org\",\"@graph\":[{\"@type\":\"WebPage\",\"@id\":\"https:\/\/www.blogsoestado.com\/danielmatos\/pm-abre-processo-disciplinar-contra-soldado-que-assaltou-posto-e-atirou-em-colega-de-farda\/\",\"url\":\"https:\/\/www.blogsoestado.com\/danielmatos\/pm-abre-processo-disciplinar-contra-soldado-que-assaltou-posto-e-atirou-em-colega-de-farda\/\",\"name\":\"PM abre processo disciplinar contra soldado que assaltou posto e atirou em colega de farda - Daniel Matos\",\"isPartOf\":{\"@id\":\"https:\/\/www.blogsoestado.com\/danielmatos\/#website\"},\"datePublished\":\"2014-12-26T11:55:33+00:00\",\"author\":{\"@id\":\"\"},\"breadcrumb\":{\"@id\":\"https:\/\/www.blogsoestado.com\/danielmatos\/pm-abre-processo-disciplinar-contra-soldado-que-assaltou-posto-e-atirou-em-colega-de-farda\/#breadcrumb\"},\"inLanguage\":\"pt-BR\",\"potentialAction\":[{\"@type\":\"ReadAction\",\"target\":[\"https:\/\/www.blogsoestado.com\/danielmatos\/pm-abre-processo-disciplinar-contra-soldado-que-assaltou-posto-e-atirou-em-colega-de-farda\/\"]}]},{\"@type\":\"BreadcrumbList\",\"@id\":\"https:\/\/www.blogsoestado.com\/danielmatos\/pm-abre-processo-disciplinar-contra-soldado-que-assaltou-posto-e-atirou-em-colega-de-farda\/#breadcrumb\",\"itemListElement\":[{\"@type\":\"ListItem\",\"position\":1,\"name\":\"In\u00edcio\",\"item\":\"https:\/\/www.blogsoestado.com\/danielmatos\/\"},{\"@type\":\"ListItem\",\"position\":2,\"name\":\"PM abre processo disciplinar contra soldado que assaltou posto e atirou em colega de farda\"}]},{\"@type\":\"WebSite\",\"@id\":\"https:\/\/www.blogsoestado.com\/danielmatos\/#website\",\"url\":\"https:\/\/www.blogsoestado.com\/danielmatos\/\",\"name\":\"Daniel Matos\",\"description\":\"\",\"potentialAction\":[{\"@type\":\"SearchAction\",\"target\":{\"@type\":\"EntryPoint\",\"urlTemplate\":\"https:\/\/www.blogsoestado.com\/danielmatos\/?s={search_term_string}\"},\"query-input\":{\"@type\":\"PropertyValueSpecification\",\"valueRequired\":true,\"valueName\":\"search_term_string\"}}],\"inLanguage\":\"pt-BR\"}]}<\/script>\n<!-- \/ Yoast SEO plugin. -->","yoast_head_json":{"title":"PM abre processo disciplinar contra soldado que assaltou posto e atirou em colega de farda - Daniel Matos","robots":{"index":"index","follow":"follow","max-snippet":"max-snippet:-1","max-image-preview":"max-image-preview:large","max-video-preview":"max-video-preview:-1"},"canonical":"https:\/\/www.blogsoestado.com\/danielmatos\/pm-abre-processo-disciplinar-contra-soldado-que-assaltou-posto-e-atirou-em-colega-de-farda\/","og_locale":"pt_BR","og_type":"article","og_title":"PM abre processo disciplinar contra soldado que assaltou posto e atirou em colega de farda - Daniel Matos","og_description":"O soldado da Pol\u00edcia\u00a0Militar Jeferson Correia Mendes, preso na noite da \u00faltima quarta-feira ap\u00f3s assaltar um posto de combust\u00edveis no [&hellip;]","og_url":"https:\/\/www.blogsoestado.com\/danielmatos\/pm-abre-processo-disciplinar-contra-soldado-que-assaltou-posto-e-atirou-em-colega-de-farda\/","og_site_name":"Daniel Matos","article_published_time":"2014-12-26T11:55:33+00:00","twitter_card":"summary_large_image","twitter_misc":{"Est. tempo de leitura":"2 minutos"},"schema":{"@context":"https:\/\/schema.org","@graph":[{"@type":"WebPage","@id":"https:\/\/www.blogsoestado.com\/danielmatos\/pm-abre-processo-disciplinar-contra-soldado-que-assaltou-posto-e-atirou-em-colega-de-farda\/","url":"https:\/\/www.blogsoestado.com\/danielmatos\/pm-abre-processo-disciplinar-contra-soldado-que-assaltou-posto-e-atirou-em-colega-de-farda\/","name":"PM abre processo disciplinar contra soldado que assaltou posto e atirou em colega de farda - Daniel Matos","isPartOf":{"@id":"https:\/\/www.blogsoestado.com\/danielmatos\/#website"},"datePublished":"2014-12-26T11:55:33+00:00","author":{"@id":""},"breadcrumb":{"@id":"https:\/\/www.blogsoestado.com\/danielmatos\/pm-abre-processo-disciplinar-contra-soldado-que-assaltou-posto-e-atirou-em-colega-de-farda\/#breadcrumb"},"inLanguage":"pt-BR","potentialAction":[{"@type":"ReadAction","target":["https:\/\/www.blogsoestado.com\/danielmatos\/pm-abre-processo-disciplinar-contra-soldado-que-assaltou-posto-e-atirou-em-colega-de-farda\/"]}]},{"@type":"BreadcrumbList","@id":"https:\/\/www.blogsoestado.com\/danielmatos\/pm-abre-processo-disciplinar-contra-soldado-que-assaltou-posto-e-atirou-em-colega-de-farda\/#breadcrumb","itemListElement":[{"@type":"ListItem","position":1,"name":"In\u00edcio","item":"https:\/\/www.blogsoestado.com\/danielmatos\/"},{"@type":"ListItem","position":2,"name":"PM abre processo disciplinar contra soldado que assaltou posto e atirou em colega de farda"}]},{"@type":"WebSite","@id":"https:\/\/www.blogsoestado.com\/danielmatos\/#website","url":"https:\/\/www.blogsoestado.com\/danielmatos\/","name":"Daniel Matos","description":"","potentialAction":[{"@type":"SearchAction","target":{"@type":"EntryPoint","urlTemplate":"https:\/\/www.blogsoestado.com\/danielmatos\/?s={search_term_string}"},"query-input":{"@type":"PropertyValueSpecification","valueRequired":true,"valueName":"search_term_string"}}],"inLanguage":"pt-BR"}]}},"jetpack_featured_media_url":"","_links":{"self":[{"href":"https:\/\/www.blogsoestado.com\/danielmatos\/wp-json\/wp\/v2\/posts\/21294","targetHints":{"allow":["GET"]}}],"collection":[{"href":"https:\/\/www.blogsoestado.com\/danielmatos\/wp-json\/wp\/v2\/posts"}],"about":[{"href":"https:\/\/www.blogsoestado.com\/danielmatos\/wp-json\/wp\/v2\/types\/post"}],"replies":[{"embeddable":true,"href":"https:\/\/www.blogsoestado.com\/danielmatos\/wp-json\/wp\/v2\/comments?post=21294"}],"version-history":[{"count":0,"href":"https:\/\/www.blogsoestado.com\/danielmatos\/wp-json\/wp\/v2\/posts\/21294\/revisions"}],"wp:attachment":[{"href":"https:\/\/www.blogsoestado.com\/danielmatos\/wp-json\/wp\/v2\/media?parent=21294"}],"wp:term":[{"taxonomy":"category","embeddable":true,"href":"https:\/\/www.blogsoestado.com\/danielmatos\/wp-json\/wp\/v2\/categories?post=21294"},{"taxonomy":"post_tag","embeddable":true,"href":"https:\/\/www.blogsoestado.com\/danielmatos\/wp-json\/wp\/v2\/tags?post=21294"}],"curies":[{"name":"wp","href":"https:\/\/api.w.org\/{rel}","templated":true}]}}