{"id":21303,"date":"2014-12-27T15:41:08","date_gmt":"2014-12-27T18:41:08","guid":{"rendered":"https:\/\/www.blogsoestado.com\/danielmatos\/?p=21303"},"modified":"2014-12-27T15:41:08","modified_gmt":"2014-12-27T18:41:08","slug":"no-aracagi-morador-faz-servico-da-prefeitura-de-sao-jose-de-ribamar","status":"publish","type":"post","link":"https:\/\/www.blogsoestado.com\/danielmatos\/no-aracagi-morador-faz-servico-da-prefeitura-de-sao-jose-de-ribamar\/","title":{"rendered":"No Ara\u00e7agi, morador faz servi\u00e7o da Prefeitura de S\u00e3o Jos\u00e9 de Ribamar"},"content":{"rendered":"<p>Um morador resolveu gastar do pr\u00f3prio bolso e p\u00f4r a m\u00e3o na massa para\u00a0tapar os buracos que deixavam a\u00a0Avenida Atl\u00e2ntica, principal acesso \u00e0 Praia do Ara\u00e7agi, que estava quase intrafeg\u00e1vel. Ao tomar tal atitude, ele realizou um servi\u00e7o cuja compet\u00eancia \u00e9 da Prefeitura de S\u00e3o Jos\u00e9 Ribamar. Mais um\u00a0exemplo lament\u00e1vel\u00a0de descaso do poder p\u00fablico para com o povo. As fotos s\u00e3o da jornalista <a href=\"https:\/\/www.facebook.com\/andrea.brito.10236?fref=ts\" target=\"_blank\">Andrea Brito Moura<\/a>.<\/p>\n<p><a href=\"https:\/\/www.blogsoestado.com\/danielmatos\/files\/2014\/12\/ara\u00e7agi-ribamar.jpg\"><img fetchpriority=\"high\" decoding=\"async\" class=\"aligncenter size-full wp-image-21305\" src=\"https:\/\/www.blogsoestado.com\/danielmatos\/files\/2014\/12\/ara\u00e7agi-ribamar.jpg\" alt=\"ara\u00e7agi ribamar\" width=\"640\" height=\"360\" \/><\/a><\/p>\n<p><a href=\"https:\/\/www.blogsoestado.com\/danielmatos\/files\/2014\/12\/ara\u00e7agi-ribamar2.jpg\"><img decoding=\"async\" class=\"aligncenter size-full wp-image-21307\" src=\"https:\/\/www.blogsoestado.com\/danielmatos\/files\/2014\/12\/ara\u00e7agi-ribamar2.jpg\" alt=\"ara\u00e7agi ribamar2\" width=\"540\" height=\"960\" \/><\/a><\/p>\n","protected":false},"excerpt":{"rendered":"<p>Um morador resolveu gastar do pr\u00f3prio bolso e p\u00f4r a m\u00e3o na massa para\u00a0tapar os buracos que deixavam a\u00a0Avenida Atl\u00e2ntica, [&hellip;]<\/p>\n","protected":false},"author":0,"featured_media":0,"comment_status":"open","ping_status":"open","sticky":false,"template":"","format":"standard","meta":{"site-sidebar-layout":"default","site-content-layout":"","ast-site-content-layout":"default","site-content-style":"default","site-sidebar-style":"default","ast-global-header-display":"","ast-banner-title-visibility":"","ast-main-header-display":"","ast-hfb-above-header-display":"","ast-hfb-below-header-display":"","ast-hfb-mobile-header-display":"","site-post-title":"","ast-breadcrumbs-content":"","ast-featured-img":"","footer-sml-layout":"","ast-disable-related-posts":"","theme-transparent-header-meta":"","adv-header-id-meta":"","stick-header-meta":"","header-above-stick-meta":"","header-main-stick-meta":"","header-below-stick-meta":"","astra-migrate-meta-layouts":"default","ast-page-background-enabled":"default","ast-page-background-meta":{"desktop":{"background-color":"var(--ast-global-color-5)","background-image":"","background-repeat":"repeat","background-position":"center center","background-size":"auto","background-attachment":"scroll","background-type":"","background-media":"","overlay-type":"","overlay-color":"","overlay-opacity":"","overlay-gradient":""},"tablet":{"background-color":"","background-image":"","background-repeat":"repeat","background-position":"center center","background-size":"auto","background-attachment":"scroll","background-type":"","background-media":"","overlay-type":"","overlay-color":"","overlay-opacity":"","overlay-gradient":""},"mobile":{"background-color":"","background-image":"","background-repeat":"repeat","background-position":"center center","background-size":"auto","background-attachment":"scroll","background-type":"","background-media":"","overlay-type":"","overlay-color":"","overlay-opacity":"","overlay-gradient":""}},"ast-content-background-meta":{"desktop":{"background-color":"var(--ast-global-color-4)","background-image":"","background-repeat":"repeat","background-position":"center center","background-size":"auto","background-attachment":"scroll","background-type":"","background-media":"","overlay-type":"","overlay-color":"","overlay-opacity":"","overlay-gradient":""},"tablet":{"background-color":"var(--ast-global-color-4)","background-image":"","background-repeat":"repeat","background-position":"center center","background-size":"auto","background-attachment":"scroll","background-type":"","background-media":"","overlay-type":"","overlay-color":"","overlay-opacity":"","overlay-gradient":""},"mobile":{"background-color":"var(--ast-global-color-4)","background-image":"","background-repeat":"repeat","background-position":"center center","background-size":"auto","background-attachment":"scroll","background-type":"","background-media":"","overlay-type":"","overlay-color":"","overlay-opacity":"","overlay-gradient":""}},"footnotes":""},"categories":[1],"tags":[],"class_list":["post-21303","post","type-post","status-publish","format-standard","hentry","category-sem-categoria"],"yoast_head":"<!-- This site is optimized with the Yoast SEO plugin v26.6 - https:\/\/yoast.com\/wordpress\/plugins\/seo\/ -->\n<title>No Ara\u00e7agi, morador faz servi\u00e7o da Prefeitura de S\u00e3o Jos\u00e9 de Ribamar - Daniel Matos<\/title>\n<meta name=\"robots\" content=\"index, follow, max-snippet:-1, max-image-preview:large, max-video-preview:-1\" \/>\n<link rel=\"canonical\" href=\"https:\/\/www.blogsoestado.com\/danielmatos\/no-aracagi-morador-faz-servico-da-prefeitura-de-sao-jose-de-ribamar\/\" \/>\n<meta property=\"og:locale\" content=\"pt_BR\" \/>\n<meta property=\"og:type\" content=\"article\" \/>\n<meta property=\"og:title\" content=\"No Ara\u00e7agi, morador faz servi\u00e7o da Prefeitura de S\u00e3o Jos\u00e9 de Ribamar - Daniel Matos\" \/>\n<meta property=\"og:description\" content=\"Um morador resolveu gastar do pr\u00f3prio bolso e p\u00f4r a m\u00e3o na massa para\u00a0tapar os buracos que deixavam a\u00a0Avenida Atl\u00e2ntica, [&hellip;]\" \/>\n<meta property=\"og:url\" content=\"https:\/\/www.blogsoestado.com\/danielmatos\/no-aracagi-morador-faz-servico-da-prefeitura-de-sao-jose-de-ribamar\/\" \/>\n<meta property=\"og:site_name\" content=\"Daniel Matos\" \/>\n<meta property=\"article:published_time\" content=\"2014-12-27T18:41:08+00:00\" \/>\n<meta name=\"twitter:card\" content=\"summary_large_image\" \/>\n<script type=\"application\/ld+json\" class=\"yoast-schema-graph\">{\"@context\":\"https:\/\/schema.org\",\"@graph\":[{\"@type\":\"WebPage\",\"@id\":\"https:\/\/www.blogsoestado.com\/danielmatos\/no-aracagi-morador-faz-servico-da-prefeitura-de-sao-jose-de-ribamar\/\",\"url\":\"https:\/\/www.blogsoestado.com\/danielmatos\/no-aracagi-morador-faz-servico-da-prefeitura-de-sao-jose-de-ribamar\/\",\"name\":\"No Ara\u00e7agi, morador faz servi\u00e7o da Prefeitura de S\u00e3o Jos\u00e9 de Ribamar - Daniel Matos\",\"isPartOf\":{\"@id\":\"https:\/\/www.blogsoestado.com\/danielmatos\/#website\"},\"datePublished\":\"2014-12-27T18:41:08+00:00\",\"author\":{\"@id\":\"\"},\"breadcrumb\":{\"@id\":\"https:\/\/www.blogsoestado.com\/danielmatos\/no-aracagi-morador-faz-servico-da-prefeitura-de-sao-jose-de-ribamar\/#breadcrumb\"},\"inLanguage\":\"pt-BR\",\"potentialAction\":[{\"@type\":\"ReadAction\",\"target\":[\"https:\/\/www.blogsoestado.com\/danielmatos\/no-aracagi-morador-faz-servico-da-prefeitura-de-sao-jose-de-ribamar\/\"]}]},{\"@type\":\"BreadcrumbList\",\"@id\":\"https:\/\/www.blogsoestado.com\/danielmatos\/no-aracagi-morador-faz-servico-da-prefeitura-de-sao-jose-de-ribamar\/#breadcrumb\",\"itemListElement\":[{\"@type\":\"ListItem\",\"position\":1,\"name\":\"In\u00edcio\",\"item\":\"https:\/\/www.blogsoestado.com\/danielmatos\/\"},{\"@type\":\"ListItem\",\"position\":2,\"name\":\"No Ara\u00e7agi, morador faz servi\u00e7o da Prefeitura de S\u00e3o Jos\u00e9 de Ribamar\"}]},{\"@type\":\"WebSite\",\"@id\":\"https:\/\/www.blogsoestado.com\/danielmatos\/#website\",\"url\":\"https:\/\/www.blogsoestado.com\/danielmatos\/\",\"name\":\"Daniel Matos\",\"description\":\"\",\"potentialAction\":[{\"@type\":\"SearchAction\",\"target\":{\"@type\":\"EntryPoint\",\"urlTemplate\":\"https:\/\/www.blogsoestado.com\/danielmatos\/?s={search_term_string}\"},\"query-input\":{\"@type\":\"PropertyValueSpecification\",\"valueRequired\":true,\"valueName\":\"search_term_string\"}}],\"inLanguage\":\"pt-BR\"}]}<\/script>\n<!-- \/ Yoast SEO plugin. -->","yoast_head_json":{"title":"No Ara\u00e7agi, morador faz servi\u00e7o da Prefeitura de S\u00e3o Jos\u00e9 de Ribamar - Daniel Matos","robots":{"index":"index","follow":"follow","max-snippet":"max-snippet:-1","max-image-preview":"max-image-preview:large","max-video-preview":"max-video-preview:-1"},"canonical":"https:\/\/www.blogsoestado.com\/danielmatos\/no-aracagi-morador-faz-servico-da-prefeitura-de-sao-jose-de-ribamar\/","og_locale":"pt_BR","og_type":"article","og_title":"No Ara\u00e7agi, morador faz servi\u00e7o da Prefeitura de S\u00e3o Jos\u00e9 de Ribamar - Daniel Matos","og_description":"Um morador resolveu gastar do pr\u00f3prio bolso e p\u00f4r a m\u00e3o na massa para\u00a0tapar os buracos que deixavam a\u00a0Avenida Atl\u00e2ntica, [&hellip;]","og_url":"https:\/\/www.blogsoestado.com\/danielmatos\/no-aracagi-morador-faz-servico-da-prefeitura-de-sao-jose-de-ribamar\/","og_site_name":"Daniel Matos","article_published_time":"2014-12-27T18:41:08+00:00","twitter_card":"summary_large_image","schema":{"@context":"https:\/\/schema.org","@graph":[{"@type":"WebPage","@id":"https:\/\/www.blogsoestado.com\/danielmatos\/no-aracagi-morador-faz-servico-da-prefeitura-de-sao-jose-de-ribamar\/","url":"https:\/\/www.blogsoestado.com\/danielmatos\/no-aracagi-morador-faz-servico-da-prefeitura-de-sao-jose-de-ribamar\/","name":"No Ara\u00e7agi, morador faz servi\u00e7o da Prefeitura de S\u00e3o Jos\u00e9 de Ribamar - Daniel Matos","isPartOf":{"@id":"https:\/\/www.blogsoestado.com\/danielmatos\/#website"},"datePublished":"2014-12-27T18:41:08+00:00","author":{"@id":""},"breadcrumb":{"@id":"https:\/\/www.blogsoestado.com\/danielmatos\/no-aracagi-morador-faz-servico-da-prefeitura-de-sao-jose-de-ribamar\/#breadcrumb"},"inLanguage":"pt-BR","potentialAction":[{"@type":"ReadAction","target":["https:\/\/www.blogsoestado.com\/danielmatos\/no-aracagi-morador-faz-servico-da-prefeitura-de-sao-jose-de-ribamar\/"]}]},{"@type":"BreadcrumbList","@id":"https:\/\/www.blogsoestado.com\/danielmatos\/no-aracagi-morador-faz-servico-da-prefeitura-de-sao-jose-de-ribamar\/#breadcrumb","itemListElement":[{"@type":"ListItem","position":1,"name":"In\u00edcio","item":"https:\/\/www.blogsoestado.com\/danielmatos\/"},{"@type":"ListItem","position":2,"name":"No Ara\u00e7agi, morador faz servi\u00e7o da Prefeitura de S\u00e3o Jos\u00e9 de Ribamar"}]},{"@type":"WebSite","@id":"https:\/\/www.blogsoestado.com\/danielmatos\/#website","url":"https:\/\/www.blogsoestado.com\/danielmatos\/","name":"Daniel Matos","description":"","potentialAction":[{"@type":"SearchAction","target":{"@type":"EntryPoint","urlTemplate":"https:\/\/www.blogsoestado.com\/danielmatos\/?s={search_term_string}"},"query-input":{"@type":"PropertyValueSpecification","valueRequired":true,"valueName":"search_term_string"}}],"inLanguage":"pt-BR"}]}},"jetpack_featured_media_url":"","_links":{"self":[{"href":"https:\/\/www.blogsoestado.com\/danielmatos\/wp-json\/wp\/v2\/posts\/21303","targetHints":{"allow":["GET"]}}],"collection":[{"href":"https:\/\/www.blogsoestado.com\/danielmatos\/wp-json\/wp\/v2\/posts"}],"about":[{"href":"https:\/\/www.blogsoestado.com\/danielmatos\/wp-json\/wp\/v2\/types\/post"}],"replies":[{"embeddable":true,"href":"https:\/\/www.blogsoestado.com\/danielmatos\/wp-json\/wp\/v2\/comments?post=21303"}],"version-history":[{"count":0,"href":"https:\/\/www.blogsoestado.com\/danielmatos\/wp-json\/wp\/v2\/posts\/21303\/revisions"}],"wp:attachment":[{"href":"https:\/\/www.blogsoestado.com\/danielmatos\/wp-json\/wp\/v2\/media?parent=21303"}],"wp:term":[{"taxonomy":"category","embeddable":true,"href":"https:\/\/www.blogsoestado.com\/danielmatos\/wp-json\/wp\/v2\/categories?post=21303"},{"taxonomy":"post_tag","embeddable":true,"href":"https:\/\/www.blogsoestado.com\/danielmatos\/wp-json\/wp\/v2\/tags?post=21303"}],"curies":[{"name":"wp","href":"https:\/\/api.w.org\/{rel}","templated":true}]}}