{"id":21318,"date":"2014-12-29T12:35:49","date_gmt":"2014-12-29T15:35:49","guid":{"rendered":"https:\/\/www.blogsoestado.com\/danielmatos\/?p=21318"},"modified":"2014-12-29T12:35:49","modified_gmt":"2014-12-29T15:35:49","slug":"merito-na-educacao-municipal","status":"publish","type":"post","link":"https:\/\/www.blogsoestado.com\/danielmatos\/merito-na-educacao-municipal\/","title":{"rendered":"M\u00e9rito na Educa\u00e7\u00e3o municipal"},"content":{"rendered":"<figure id=\"attachment_21319\" aria-describedby=\"caption-attachment-21319\" style=\"width: 640px\" class=\"wp-caption aligncenter\"><a href=\"https:\/\/www.blogsoestado.com\/danielmatos\/files\/2014\/12\/geraldo-merito.jpg\"><img fetchpriority=\"high\" decoding=\"async\" class=\"size-full wp-image-21319\" src=\"https:\/\/www.blogsoestado.com\/danielmatos\/files\/2014\/12\/geraldo-merito.jpg\" alt=\"Secret\u00e1rio Geraldo Castro Sobrinho entre dezenas de professores inscritos para cursos de forma\u00e7\u00e3o continuada\" width=\"640\" height=\"281\" \/><\/a><figcaption id=\"caption-attachment-21319\" class=\"wp-caption-text\">Secret\u00e1rio Geraldo Castro Sobrinho entre dezenas de professores inscritos para cursos de forma\u00e7\u00e3o continuada<\/figcaption><\/figure>\n<p>O secret\u00e1rio municipal de Educa\u00e7\u00e3o, Geraldo Castro Sobrinho, continua sendo um dos melhores quadros da equipe de auxiliares do prefeito de S\u00e3o Lu\u00eds, Edivaldo Holanda J\u00fanior. Participativo, ele acompanha de perto as a\u00e7\u00f5es desenvolvidas por\u00a0sua pasta, o\u00a0que tem sido decisivo para o bom andamento dos trabalhos na rede de ensino municipal da capital. Como bom conhecedor das pr\u00e1ticas educacionais, Geraldo faz quest\u00e3o de manter contato pr\u00f3ximo com estudantes e professores\u00a0e frequentemente troca a rotina em seu gabinete pela\u00a0presen\u00e7a em salas de aula de diferentes escolas da capital.<\/p>\n<figure id=\"attachment_21321\" aria-describedby=\"caption-attachment-21321\" style=\"width: 448px\" class=\"wp-caption alignright\"><a href=\"https:\/\/www.blogsoestado.com\/danielmatos\/files\/2014\/12\/geraldo-sala1.jpg\"><img decoding=\"async\" class=\"size-full wp-image-21321\" src=\"https:\/\/www.blogsoestado.com\/danielmatos\/files\/2014\/12\/geraldo-sala1.jpg\" alt=\"Geraldo Castro conversar com alunos em sala de aula \" width=\"448\" height=\"288\" \/><\/a><figcaption id=\"caption-attachment-21321\" class=\"wp-caption-text\">Geraldo Castro Sobrinho conversa com estudantes em sala de aula<\/figcaption><\/figure>\n<p>O titular da Semed\u00a0procura vivenciar de perto a realidade das escolas e mant\u00e9m\u00a0di\u00e1logo aberto\u00a0com os\u00a0educadores. Tamb\u00e9m \u00e9 extremamente atencioso com os estudantes, que a cada dia o reconhecem como um gestor comprometido\u00a0e\u00a0retribuem o bom tratamento com carinho.\u00a0Tais caracter\u00edsticas\u00a0fazem de\u00a0Geraldo\u00a0um dos gestores mais efetivos do Munic\u00edpio, tornando a\u00a0Semed um dos \u00f3rg\u00e3os da administra\u00e7\u00e3o municipal com melhor avalia\u00e7\u00e3o.<\/p>\n<p>\u00c0s v\u00e9speras de completar um ano e dois meses no cargo, Geraldo vem tocando com vigor e compet\u00eancia as a\u00e7\u00f5es da pasta\u00a0e j\u00e1 come\u00e7a\u00a0colhe os frutos do\u00a0eficiente trabalho, a exemplo dos pr\u00eamios conquistados em novembro por dois alunos em um concurso de reda\u00e7\u00e3o e desenho promovido recentemente pelo Minist\u00e9rio P\u00fablico do Maranh\u00e3o e pela Biblioteca P\u00fablica Benedito Leite.<\/p>\n<figure id=\"attachment_21322\" aria-describedby=\"caption-attachment-21322\" style=\"width: 448px\" class=\"wp-caption alignleft\"><a href=\"https:\/\/www.blogsoestado.com\/danielmatos\/files\/2014\/12\/geraldo-visita-escolas.jpg\"><img decoding=\"async\" class=\"size-full wp-image-21322\" src=\"https:\/\/www.blogsoestado.com\/danielmatos\/files\/2014\/12\/geraldo-visita-escolas.jpg\" alt=\"Secret\u00e1rio recebe carinho de alunos da rede municipal de ensino \" width=\"448\" height=\"293\" \/><\/a><figcaption id=\"caption-attachment-21322\" class=\"wp-caption-text\">Secret\u00e1rio recebe carinho de alunos da rede municipal de ensino<\/figcaption><\/figure>\n<p>O secret\u00e1rio tamb\u00e9m dedica aten\u00e7\u00e3o especial aos docentes, estimulando em toda a rede a forma\u00e7\u00e3o continuada dos profissionais de educa\u00e7\u00e3o. Seguindo essa filosofia, ele deu pleno apoio ao professor Ant\u00f4nio Motta Ferro, aprovado em agosto para participar de um curso de aprimoramento em F\u00edsica em Portugal e na Su\u00ed\u00e7a, promovido pela Sociedade Brasileira de F\u00edsica e pela Escola de F\u00edsica, em parceria com a\u00a0Organiza\u00e7\u00e3o Europeia para a Pesquisa Nuclear\u00a0(CERN).<\/p>\n<p>Desde que assumiu a pasta, Geraldo Castro Sobrinho vem contabilizando sucessivas conquistas. Mesmo com a \u00faltima greve de professores, que se estendeu por longos 105 dias, o sistema de ensino do Munic\u00edpio exibe uma din\u00e2mica que favorece \u00a0o aprendizado.\u00a0Findada a paralisa\u00e7\u00e3o, as aulas seguem a todo vapor, de modo a recuperar o tempo perdido e proporcionar aos estudantes o melhor aproveitamento poss\u00edvel dos conte\u00fados.<\/p>\n<p>O prefeito Edivaldo Holanda J\u00fanior\u00a0foi muito\u00a0feliz ao escolher Geraldo para compor a sua equipe. Ciente da confian\u00e7a nele depositada, o secret\u00e1rio segue firme no prop\u00f3sito de fazer o melhor\u00a0pelo futuro das dezenas de milhares de estudantes matriculados\u00a0na rede municipal de ensino.<\/p>\n","protected":false},"excerpt":{"rendered":"<p>O secret\u00e1rio municipal de Educa\u00e7\u00e3o, Geraldo Castro Sobrinho, continua sendo um dos melhores quadros da equipe de auxiliares do prefeito [&hellip;]<\/p>\n","protected":false},"author":0,"featured_media":0,"comment_status":"open","ping_status":"open","sticky":false,"template":"","format":"standard","meta":{"site-sidebar-layout":"default","site-content-layout":"","ast-site-content-layout":"default","site-content-style":"default","site-sidebar-style":"default","ast-global-header-display":"","ast-banner-title-visibility":"","ast-main-header-display":"","ast-hfb-above-header-display":"","ast-hfb-below-header-display":"","ast-hfb-mobile-header-display":"","site-post-title":"","ast-breadcrumbs-content":"","ast-featured-img":"","footer-sml-layout":"","ast-disable-related-posts":"","theme-transparent-header-meta":"","adv-header-id-meta":"","stick-header-meta":"","header-above-stick-meta":"","header-main-stick-meta":"","header-below-stick-meta":"","astra-migrate-meta-layouts":"default","ast-page-background-enabled":"default","ast-page-background-meta":{"desktop":{"background-color":"var(--ast-global-color-5)","background-image":"","background-repeat":"repeat","background-position":"center center","background-size":"auto","background-attachment":"scroll","background-type":"","background-media":"","overlay-type":"","overlay-color":"","overlay-opacity":"","overlay-gradient":""},"tablet":{"background-color":"","background-image":"","background-repeat":"repeat","background-position":"center center","background-size":"auto","background-attachment":"scroll","background-type":"","background-media":"","overlay-type":"","overlay-color":"","overlay-opacity":"","overlay-gradient":""},"mobile":{"background-color":"","background-image":"","background-repeat":"repeat","background-position":"center center","background-size":"auto","background-attachment":"scroll","background-type":"","background-media":"","overlay-type":"","overlay-color":"","overlay-opacity":"","overlay-gradient":""}},"ast-content-background-meta":{"desktop":{"background-color":"var(--ast-global-color-4)","background-image":"","background-repeat":"repeat","background-position":"center center","background-size":"auto","background-attachment":"scroll","background-type":"","background-media":"","overlay-type":"","overlay-color":"","overlay-opacity":"","overlay-gradient":""},"tablet":{"background-color":"var(--ast-global-color-4)","background-image":"","background-repeat":"repeat","background-position":"center center","background-size":"auto","background-attachment":"scroll","background-type":"","background-media":"","overlay-type":"","overlay-color":"","overlay-opacity":"","overlay-gradient":""},"mobile":{"background-color":"var(--ast-global-color-4)","background-image":"","background-repeat":"repeat","background-position":"center center","background-size":"auto","background-attachment":"scroll","background-type":"","background-media":"","overlay-type":"","overlay-color":"","overlay-opacity":"","overlay-gradient":""}},"footnotes":""},"categories":[1],"tags":[],"class_list":["post-21318","post","type-post","status-publish","format-standard","hentry","category-sem-categoria"],"yoast_head":"<!-- This site is optimized with the Yoast SEO plugin v26.6 - https:\/\/yoast.com\/wordpress\/plugins\/seo\/ -->\n<title>M\u00e9rito na Educa\u00e7\u00e3o municipal - Daniel Matos<\/title>\n<meta name=\"robots\" content=\"index, follow, max-snippet:-1, max-image-preview:large, max-video-preview:-1\" \/>\n<link rel=\"canonical\" href=\"https:\/\/www.blogsoestado.com\/danielmatos\/merito-na-educacao-municipal\/\" \/>\n<meta property=\"og:locale\" content=\"pt_BR\" \/>\n<meta property=\"og:type\" content=\"article\" \/>\n<meta property=\"og:title\" content=\"M\u00e9rito na Educa\u00e7\u00e3o municipal - Daniel Matos\" \/>\n<meta property=\"og:description\" content=\"O secret\u00e1rio municipal de Educa\u00e7\u00e3o, Geraldo Castro Sobrinho, continua sendo um dos melhores quadros da equipe de auxiliares do prefeito [&hellip;]\" \/>\n<meta property=\"og:url\" content=\"https:\/\/www.blogsoestado.com\/danielmatos\/merito-na-educacao-municipal\/\" \/>\n<meta property=\"og:site_name\" content=\"Daniel Matos\" \/>\n<meta property=\"article:published_time\" content=\"2014-12-29T15:35:49+00:00\" \/>\n<meta property=\"og:image\" content=\"https:\/\/www.blogsoestado.com\/danielmatos\/files\/2014\/12\/geraldo-merito.jpg\" \/>\n<meta name=\"twitter:card\" content=\"summary_large_image\" \/>\n<meta name=\"twitter:label1\" content=\"Est. tempo de leitura\" \/>\n\t<meta name=\"twitter:data1\" content=\"3 minutos\" \/>\n<script type=\"application\/ld+json\" class=\"yoast-schema-graph\">{\"@context\":\"https:\/\/schema.org\",\"@graph\":[{\"@type\":\"WebPage\",\"@id\":\"https:\/\/www.blogsoestado.com\/danielmatos\/merito-na-educacao-municipal\/\",\"url\":\"https:\/\/www.blogsoestado.com\/danielmatos\/merito-na-educacao-municipal\/\",\"name\":\"M\u00e9rito na Educa\u00e7\u00e3o municipal - Daniel Matos\",\"isPartOf\":{\"@id\":\"https:\/\/www.blogsoestado.com\/danielmatos\/#website\"},\"primaryImageOfPage\":{\"@id\":\"https:\/\/www.blogsoestado.com\/danielmatos\/merito-na-educacao-municipal\/#primaryimage\"},\"image\":{\"@id\":\"https:\/\/www.blogsoestado.com\/danielmatos\/merito-na-educacao-municipal\/#primaryimage\"},\"thumbnailUrl\":\"https:\/\/www.blogsoestado.com\/danielmatos\/files\/2014\/12\/geraldo-merito.jpg\",\"datePublished\":\"2014-12-29T15:35:49+00:00\",\"author\":{\"@id\":\"\"},\"breadcrumb\":{\"@id\":\"https:\/\/www.blogsoestado.com\/danielmatos\/merito-na-educacao-municipal\/#breadcrumb\"},\"inLanguage\":\"pt-BR\",\"potentialAction\":[{\"@type\":\"ReadAction\",\"target\":[\"https:\/\/www.blogsoestado.com\/danielmatos\/merito-na-educacao-municipal\/\"]}]},{\"@type\":\"ImageObject\",\"inLanguage\":\"pt-BR\",\"@id\":\"https:\/\/www.blogsoestado.com\/danielmatos\/merito-na-educacao-municipal\/#primaryimage\",\"url\":\"https:\/\/www.blogsoestado.com\/danielmatos\/files\/2014\/12\/geraldo-merito.jpg\",\"contentUrl\":\"https:\/\/www.blogsoestado.com\/danielmatos\/files\/2014\/12\/geraldo-merito.jpg\"},{\"@type\":\"BreadcrumbList\",\"@id\":\"https:\/\/www.blogsoestado.com\/danielmatos\/merito-na-educacao-municipal\/#breadcrumb\",\"itemListElement\":[{\"@type\":\"ListItem\",\"position\":1,\"name\":\"In\u00edcio\",\"item\":\"https:\/\/www.blogsoestado.com\/danielmatos\/\"},{\"@type\":\"ListItem\",\"position\":2,\"name\":\"M\u00e9rito na Educa\u00e7\u00e3o municipal\"}]},{\"@type\":\"WebSite\",\"@id\":\"https:\/\/www.blogsoestado.com\/danielmatos\/#website\",\"url\":\"https:\/\/www.blogsoestado.com\/danielmatos\/\",\"name\":\"Daniel Matos\",\"description\":\"\",\"potentialAction\":[{\"@type\":\"SearchAction\",\"target\":{\"@type\":\"EntryPoint\",\"urlTemplate\":\"https:\/\/www.blogsoestado.com\/danielmatos\/?s={search_term_string}\"},\"query-input\":{\"@type\":\"PropertyValueSpecification\",\"valueRequired\":true,\"valueName\":\"search_term_string\"}}],\"inLanguage\":\"pt-BR\"}]}<\/script>\n<!-- \/ Yoast SEO plugin. -->","yoast_head_json":{"title":"M\u00e9rito na Educa\u00e7\u00e3o municipal - Daniel Matos","robots":{"index":"index","follow":"follow","max-snippet":"max-snippet:-1","max-image-preview":"max-image-preview:large","max-video-preview":"max-video-preview:-1"},"canonical":"https:\/\/www.blogsoestado.com\/danielmatos\/merito-na-educacao-municipal\/","og_locale":"pt_BR","og_type":"article","og_title":"M\u00e9rito na Educa\u00e7\u00e3o municipal - Daniel Matos","og_description":"O secret\u00e1rio municipal de Educa\u00e7\u00e3o, Geraldo Castro Sobrinho, continua sendo um dos melhores quadros da equipe de auxiliares do prefeito [&hellip;]","og_url":"https:\/\/www.blogsoestado.com\/danielmatos\/merito-na-educacao-municipal\/","og_site_name":"Daniel Matos","article_published_time":"2014-12-29T15:35:49+00:00","og_image":[{"url":"https:\/\/www.blogsoestado.com\/danielmatos\/files\/2014\/12\/geraldo-merito.jpg","type":"","width":"","height":""}],"twitter_card":"summary_large_image","twitter_misc":{"Est. tempo de leitura":"3 minutos"},"schema":{"@context":"https:\/\/schema.org","@graph":[{"@type":"WebPage","@id":"https:\/\/www.blogsoestado.com\/danielmatos\/merito-na-educacao-municipal\/","url":"https:\/\/www.blogsoestado.com\/danielmatos\/merito-na-educacao-municipal\/","name":"M\u00e9rito na Educa\u00e7\u00e3o municipal - Daniel Matos","isPartOf":{"@id":"https:\/\/www.blogsoestado.com\/danielmatos\/#website"},"primaryImageOfPage":{"@id":"https:\/\/www.blogsoestado.com\/danielmatos\/merito-na-educacao-municipal\/#primaryimage"},"image":{"@id":"https:\/\/www.blogsoestado.com\/danielmatos\/merito-na-educacao-municipal\/#primaryimage"},"thumbnailUrl":"https:\/\/www.blogsoestado.com\/danielmatos\/files\/2014\/12\/geraldo-merito.jpg","datePublished":"2014-12-29T15:35:49+00:00","author":{"@id":""},"breadcrumb":{"@id":"https:\/\/www.blogsoestado.com\/danielmatos\/merito-na-educacao-municipal\/#breadcrumb"},"inLanguage":"pt-BR","potentialAction":[{"@type":"ReadAction","target":["https:\/\/www.blogsoestado.com\/danielmatos\/merito-na-educacao-municipal\/"]}]},{"@type":"ImageObject","inLanguage":"pt-BR","@id":"https:\/\/www.blogsoestado.com\/danielmatos\/merito-na-educacao-municipal\/#primaryimage","url":"https:\/\/www.blogsoestado.com\/danielmatos\/files\/2014\/12\/geraldo-merito.jpg","contentUrl":"https:\/\/www.blogsoestado.com\/danielmatos\/files\/2014\/12\/geraldo-merito.jpg"},{"@type":"BreadcrumbList","@id":"https:\/\/www.blogsoestado.com\/danielmatos\/merito-na-educacao-municipal\/#breadcrumb","itemListElement":[{"@type":"ListItem","position":1,"name":"In\u00edcio","item":"https:\/\/www.blogsoestado.com\/danielmatos\/"},{"@type":"ListItem","position":2,"name":"M\u00e9rito na Educa\u00e7\u00e3o municipal"}]},{"@type":"WebSite","@id":"https:\/\/www.blogsoestado.com\/danielmatos\/#website","url":"https:\/\/www.blogsoestado.com\/danielmatos\/","name":"Daniel Matos","description":"","potentialAction":[{"@type":"SearchAction","target":{"@type":"EntryPoint","urlTemplate":"https:\/\/www.blogsoestado.com\/danielmatos\/?s={search_term_string}"},"query-input":{"@type":"PropertyValueSpecification","valueRequired":true,"valueName":"search_term_string"}}],"inLanguage":"pt-BR"}]}},"jetpack_featured_media_url":"","_links":{"self":[{"href":"https:\/\/www.blogsoestado.com\/danielmatos\/wp-json\/wp\/v2\/posts\/21318","targetHints":{"allow":["GET"]}}],"collection":[{"href":"https:\/\/www.blogsoestado.com\/danielmatos\/wp-json\/wp\/v2\/posts"}],"about":[{"href":"https:\/\/www.blogsoestado.com\/danielmatos\/wp-json\/wp\/v2\/types\/post"}],"replies":[{"embeddable":true,"href":"https:\/\/www.blogsoestado.com\/danielmatos\/wp-json\/wp\/v2\/comments?post=21318"}],"version-history":[{"count":0,"href":"https:\/\/www.blogsoestado.com\/danielmatos\/wp-json\/wp\/v2\/posts\/21318\/revisions"}],"wp:attachment":[{"href":"https:\/\/www.blogsoestado.com\/danielmatos\/wp-json\/wp\/v2\/media?parent=21318"}],"wp:term":[{"taxonomy":"category","embeddable":true,"href":"https:\/\/www.blogsoestado.com\/danielmatos\/wp-json\/wp\/v2\/categories?post=21318"},{"taxonomy":"post_tag","embeddable":true,"href":"https:\/\/www.blogsoestado.com\/danielmatos\/wp-json\/wp\/v2\/tags?post=21318"}],"curies":[{"name":"wp","href":"https:\/\/api.w.org\/{rel}","templated":true}]}}