{"id":21325,"date":"2014-12-29T16:02:30","date_gmt":"2014-12-29T19:02:30","guid":{"rendered":"https:\/\/www.blogsoestado.com\/danielmatos\/?p=21325"},"modified":"2014-12-29T16:02:30","modified_gmt":"2014-12-29T19:02:30","slug":"astro-toma-posse-dia-1o-garantindo-modernizar-a-camara-municipal","status":"publish","type":"post","link":"https:\/\/www.blogsoestado.com\/danielmatos\/astro-toma-posse-dia-1o-garantindo-modernizar-a-camara-municipal\/","title":{"rendered":"Astro toma posse dia 1\u00ba garantindo modernizar a C\u00e2mara Municipal"},"content":{"rendered":"<figure id=\"attachment_21326\" aria-describedby=\"caption-attachment-21326\" style=\"width: 342px\" class=\"wp-caption alignright\"><a href=\"https:\/\/www.blogsoestado.com\/danielmatos\/files\/2014\/12\/astro-exonera1.jpg\"><img fetchpriority=\"high\" decoding=\"async\" class=\"size-full wp-image-21326\" src=\"https:\/\/www.blogsoestado.com\/danielmatos\/files\/2014\/12\/astro-exonera1.jpg\" alt=\"Astro de Ogum substituir\u00e1 Isa\u00edas Pereirinha (PSL), que encerra um ciclo de cinco mandatos presidenciais consecutivos\" width=\"342\" height=\"299\" \/><\/a><figcaption id=\"caption-attachment-21326\" class=\"wp-caption-text\">Astro de Ogum substituir\u00e1 Isa\u00edas Pereirinha (PSL), que encerra um ciclo de cinco mandatos presidenciais consecutivos<\/figcaption><\/figure>\n<p>O vereador Astro de Ogum (PMN), toma posse \u00e0s 13 horas do dia 1\u00ba de janeiro na presid\u00eancia da C\u00e2mara Municipal de S\u00e3o Luis, em evento que acontecer\u00e1 no Plen\u00e1rio Sim\u00e3o Est\u00e1cio da Silveira. Astro de Ogum substituir\u00e1 ao atual presidente, Isa\u00edas Pereirinha (PSL), que encerra um ciclo de cinco mandatos presidenciais consecutivos.<\/p>\n<p>O presidente eleito do Legislativo Municipal tem reafirmado sua disposi\u00e7\u00e3o em estabelecer uma administra\u00e7\u00e3o din\u00e2mica, moderna, com foco na valoriza\u00e7\u00e3o daquele poder e do funcionalismo. Dentre suas metas, est\u00e1 a realiza\u00e7\u00e3o de concurso p\u00fablico.<\/p>\n<p>\u201cEstou substituindo um companheiro de longas datas, parceiro de muitas batalhas, um homem valoroso, um pol\u00edtico sens\u00edvel, que dignifica esta casa parlamentar\u201d, disse Astro de Ogum, ao destacar que Pereirinha fez, ao longo desse tempo, um trabalho dentro das possibilidades dele e que n\u00e3o pode ser responsabilizado sozinho pelas falhas.<\/p>\n<p>Astro de Ogum \u00e9 o \u00fanico remanescente do grupo de vereadores eleito no ano 2000, que continua no mandato de forma ininterrupta. L\u00edder espiritual, pol\u00edtico e com forte foco na cultura popular, ele foi eleito e reeleito vice-presidente e este ano conquistou a presid\u00eancia da C\u00e2mara por aclama\u00e7\u00e3o.<\/p>\n<p>\u201cTenho o dever e a obriga\u00e7\u00e3o de realizar um trabalho \u00e0 altura das expectativas da popula\u00e7\u00e3o de S\u00e3o Luis e de meus companheiros de parlamento, que me possibilitaram chegar \u00e0 dire\u00e7\u00e3o desta Casa por unanimidade. \u00c9 uma grande responsabilidade, um grande desafio, e todos poder\u00e3o ter certeza de que farei tudo para honrar essa confiabilidade\u201d, disse o vereador Astro de Ogum.<\/p>\n<p><strong>Mesa Diretora<\/strong><\/p>\n<p>A Mesa Diretora que ir\u00e1 dirigir a C\u00e2mara no bi\u00eanio 2015\/2017 \u00e9 constitu\u00edda pelos vereadores Astro de Ogum (PMN), presidente; Francisco Carvalho (PSL), 1\u00ba Vice-presidente; Josu\u00e9 Pinheiro (PSDC), 2\u00ba Vice-presidente; Ricardo Diniz (PHS), 3\u00ba Vice-presidente; Pav\u00e3o Filho (PDT), 1\u00ba Secret\u00e1rio; Pedro Lucas (PTB), 2\u00ba Secret\u00e1rio; Marlon Garcia (PTdoB), 3\u00ba Secret\u00e1rio; Paulo Luiz (PRB), 4\u00ba Secret\u00e1rio, e Professor Lisboa (PCdoB), 5\u00ba Secret\u00e1rio.<\/p>\n","protected":false},"excerpt":{"rendered":"<p>O vereador Astro de Ogum (PMN), toma posse \u00e0s 13 horas do dia 1\u00ba de janeiro na presid\u00eancia da C\u00e2mara [&hellip;]<\/p>\n","protected":false},"author":0,"featured_media":0,"comment_status":"open","ping_status":"open","sticky":false,"template":"","format":"standard","meta":{"site-sidebar-layout":"default","site-content-layout":"","ast-site-content-layout":"default","site-content-style":"default","site-sidebar-style":"default","ast-global-header-display":"","ast-banner-title-visibility":"","ast-main-header-display":"","ast-hfb-above-header-display":"","ast-hfb-below-header-display":"","ast-hfb-mobile-header-display":"","site-post-title":"","ast-breadcrumbs-content":"","ast-featured-img":"","footer-sml-layout":"","ast-disable-related-posts":"","theme-transparent-header-meta":"","adv-header-id-meta":"","stick-header-meta":"","header-above-stick-meta":"","header-main-stick-meta":"","header-below-stick-meta":"","astra-migrate-meta-layouts":"default","ast-page-background-enabled":"default","ast-page-background-meta":{"desktop":{"background-color":"var(--ast-global-color-5)","background-image":"","background-repeat":"repeat","background-position":"center center","background-size":"auto","background-attachment":"scroll","background-type":"","background-media":"","overlay-type":"","overlay-color":"","overlay-opacity":"","overlay-gradient":""},"tablet":{"background-color":"","background-image":"","background-repeat":"repeat","background-position":"center center","background-size":"auto","background-attachment":"scroll","background-type":"","background-media":"","overlay-type":"","overlay-color":"","overlay-opacity":"","overlay-gradient":""},"mobile":{"background-color":"","background-image":"","background-repeat":"repeat","background-position":"center center","background-size":"auto","background-attachment":"scroll","background-type":"","background-media":"","overlay-type":"","overlay-color":"","overlay-opacity":"","overlay-gradient":""}},"ast-content-background-meta":{"desktop":{"background-color":"var(--ast-global-color-4)","background-image":"","background-repeat":"repeat","background-position":"center center","background-size":"auto","background-attachment":"scroll","background-type":"","background-media":"","overlay-type":"","overlay-color":"","overlay-opacity":"","overlay-gradient":""},"tablet":{"background-color":"var(--ast-global-color-4)","background-image":"","background-repeat":"repeat","background-position":"center center","background-size":"auto","background-attachment":"scroll","background-type":"","background-media":"","overlay-type":"","overlay-color":"","overlay-opacity":"","overlay-gradient":""},"mobile":{"background-color":"var(--ast-global-color-4)","background-image":"","background-repeat":"repeat","background-position":"center center","background-size":"auto","background-attachment":"scroll","background-type":"","background-media":"","overlay-type":"","overlay-color":"","overlay-opacity":"","overlay-gradient":""}},"footnotes":""},"categories":[1],"tags":[],"class_list":["post-21325","post","type-post","status-publish","format-standard","hentry","category-sem-categoria"],"yoast_head":"<!-- This site is optimized with the Yoast SEO plugin v26.6 - https:\/\/yoast.com\/wordpress\/plugins\/seo\/ -->\n<title>Astro toma posse dia 1\u00ba garantindo modernizar a C\u00e2mara Municipal - Daniel Matos<\/title>\n<meta name=\"robots\" content=\"index, follow, max-snippet:-1, max-image-preview:large, max-video-preview:-1\" \/>\n<link rel=\"canonical\" href=\"https:\/\/www.blogsoestado.com\/danielmatos\/astro-toma-posse-dia-1o-garantindo-modernizar-a-camara-municipal\/\" \/>\n<meta property=\"og:locale\" content=\"pt_BR\" \/>\n<meta property=\"og:type\" content=\"article\" \/>\n<meta property=\"og:title\" content=\"Astro toma posse dia 1\u00ba garantindo modernizar a C\u00e2mara Municipal - Daniel Matos\" \/>\n<meta property=\"og:description\" content=\"O vereador Astro de Ogum (PMN), toma posse \u00e0s 13 horas do dia 1\u00ba de janeiro na presid\u00eancia da C\u00e2mara [&hellip;]\" \/>\n<meta property=\"og:url\" content=\"https:\/\/www.blogsoestado.com\/danielmatos\/astro-toma-posse-dia-1o-garantindo-modernizar-a-camara-municipal\/\" \/>\n<meta property=\"og:site_name\" content=\"Daniel Matos\" \/>\n<meta property=\"article:published_time\" content=\"2014-12-29T19:02:30+00:00\" \/>\n<meta property=\"og:image\" content=\"https:\/\/www.blogsoestado.com\/danielmatos\/files\/2014\/12\/astro-exonera1.jpg\" \/>\n<meta name=\"twitter:card\" content=\"summary_large_image\" \/>\n<meta name=\"twitter:label1\" content=\"Est. tempo de leitura\" \/>\n\t<meta name=\"twitter:data1\" content=\"2 minutos\" \/>\n<script type=\"application\/ld+json\" class=\"yoast-schema-graph\">{\"@context\":\"https:\/\/schema.org\",\"@graph\":[{\"@type\":\"WebPage\",\"@id\":\"https:\/\/www.blogsoestado.com\/danielmatos\/astro-toma-posse-dia-1o-garantindo-modernizar-a-camara-municipal\/\",\"url\":\"https:\/\/www.blogsoestado.com\/danielmatos\/astro-toma-posse-dia-1o-garantindo-modernizar-a-camara-municipal\/\",\"name\":\"Astro toma posse dia 1\u00ba garantindo modernizar a C\u00e2mara Municipal - Daniel Matos\",\"isPartOf\":{\"@id\":\"https:\/\/www.blogsoestado.com\/danielmatos\/#website\"},\"primaryImageOfPage\":{\"@id\":\"https:\/\/www.blogsoestado.com\/danielmatos\/astro-toma-posse-dia-1o-garantindo-modernizar-a-camara-municipal\/#primaryimage\"},\"image\":{\"@id\":\"https:\/\/www.blogsoestado.com\/danielmatos\/astro-toma-posse-dia-1o-garantindo-modernizar-a-camara-municipal\/#primaryimage\"},\"thumbnailUrl\":\"https:\/\/www.blogsoestado.com\/danielmatos\/files\/2014\/12\/astro-exonera1.jpg\",\"datePublished\":\"2014-12-29T19:02:30+00:00\",\"author\":{\"@id\":\"\"},\"breadcrumb\":{\"@id\":\"https:\/\/www.blogsoestado.com\/danielmatos\/astro-toma-posse-dia-1o-garantindo-modernizar-a-camara-municipal\/#breadcrumb\"},\"inLanguage\":\"pt-BR\",\"potentialAction\":[{\"@type\":\"ReadAction\",\"target\":[\"https:\/\/www.blogsoestado.com\/danielmatos\/astro-toma-posse-dia-1o-garantindo-modernizar-a-camara-municipal\/\"]}]},{\"@type\":\"ImageObject\",\"inLanguage\":\"pt-BR\",\"@id\":\"https:\/\/www.blogsoestado.com\/danielmatos\/astro-toma-posse-dia-1o-garantindo-modernizar-a-camara-municipal\/#primaryimage\",\"url\":\"https:\/\/www.blogsoestado.com\/danielmatos\/files\/2014\/12\/astro-exonera1.jpg\",\"contentUrl\":\"https:\/\/www.blogsoestado.com\/danielmatos\/files\/2014\/12\/astro-exonera1.jpg\"},{\"@type\":\"BreadcrumbList\",\"@id\":\"https:\/\/www.blogsoestado.com\/danielmatos\/astro-toma-posse-dia-1o-garantindo-modernizar-a-camara-municipal\/#breadcrumb\",\"itemListElement\":[{\"@type\":\"ListItem\",\"position\":1,\"name\":\"In\u00edcio\",\"item\":\"https:\/\/www.blogsoestado.com\/danielmatos\/\"},{\"@type\":\"ListItem\",\"position\":2,\"name\":\"Astro toma posse dia 1\u00ba garantindo modernizar a C\u00e2mara Municipal\"}]},{\"@type\":\"WebSite\",\"@id\":\"https:\/\/www.blogsoestado.com\/danielmatos\/#website\",\"url\":\"https:\/\/www.blogsoestado.com\/danielmatos\/\",\"name\":\"Daniel Matos\",\"description\":\"\",\"potentialAction\":[{\"@type\":\"SearchAction\",\"target\":{\"@type\":\"EntryPoint\",\"urlTemplate\":\"https:\/\/www.blogsoestado.com\/danielmatos\/?s={search_term_string}\"},\"query-input\":{\"@type\":\"PropertyValueSpecification\",\"valueRequired\":true,\"valueName\":\"search_term_string\"}}],\"inLanguage\":\"pt-BR\"}]}<\/script>\n<!-- \/ Yoast SEO plugin. -->","yoast_head_json":{"title":"Astro toma posse dia 1\u00ba garantindo modernizar a C\u00e2mara Municipal - Daniel Matos","robots":{"index":"index","follow":"follow","max-snippet":"max-snippet:-1","max-image-preview":"max-image-preview:large","max-video-preview":"max-video-preview:-1"},"canonical":"https:\/\/www.blogsoestado.com\/danielmatos\/astro-toma-posse-dia-1o-garantindo-modernizar-a-camara-municipal\/","og_locale":"pt_BR","og_type":"article","og_title":"Astro toma posse dia 1\u00ba garantindo modernizar a C\u00e2mara Municipal - Daniel Matos","og_description":"O vereador Astro de Ogum (PMN), toma posse \u00e0s 13 horas do dia 1\u00ba de janeiro na presid\u00eancia da C\u00e2mara [&hellip;]","og_url":"https:\/\/www.blogsoestado.com\/danielmatos\/astro-toma-posse-dia-1o-garantindo-modernizar-a-camara-municipal\/","og_site_name":"Daniel Matos","article_published_time":"2014-12-29T19:02:30+00:00","og_image":[{"url":"https:\/\/www.blogsoestado.com\/danielmatos\/files\/2014\/12\/astro-exonera1.jpg","type":"","width":"","height":""}],"twitter_card":"summary_large_image","twitter_misc":{"Est. tempo de leitura":"2 minutos"},"schema":{"@context":"https:\/\/schema.org","@graph":[{"@type":"WebPage","@id":"https:\/\/www.blogsoestado.com\/danielmatos\/astro-toma-posse-dia-1o-garantindo-modernizar-a-camara-municipal\/","url":"https:\/\/www.blogsoestado.com\/danielmatos\/astro-toma-posse-dia-1o-garantindo-modernizar-a-camara-municipal\/","name":"Astro toma posse dia 1\u00ba garantindo modernizar a C\u00e2mara Municipal - Daniel Matos","isPartOf":{"@id":"https:\/\/www.blogsoestado.com\/danielmatos\/#website"},"primaryImageOfPage":{"@id":"https:\/\/www.blogsoestado.com\/danielmatos\/astro-toma-posse-dia-1o-garantindo-modernizar-a-camara-municipal\/#primaryimage"},"image":{"@id":"https:\/\/www.blogsoestado.com\/danielmatos\/astro-toma-posse-dia-1o-garantindo-modernizar-a-camara-municipal\/#primaryimage"},"thumbnailUrl":"https:\/\/www.blogsoestado.com\/danielmatos\/files\/2014\/12\/astro-exonera1.jpg","datePublished":"2014-12-29T19:02:30+00:00","author":{"@id":""},"breadcrumb":{"@id":"https:\/\/www.blogsoestado.com\/danielmatos\/astro-toma-posse-dia-1o-garantindo-modernizar-a-camara-municipal\/#breadcrumb"},"inLanguage":"pt-BR","potentialAction":[{"@type":"ReadAction","target":["https:\/\/www.blogsoestado.com\/danielmatos\/astro-toma-posse-dia-1o-garantindo-modernizar-a-camara-municipal\/"]}]},{"@type":"ImageObject","inLanguage":"pt-BR","@id":"https:\/\/www.blogsoestado.com\/danielmatos\/astro-toma-posse-dia-1o-garantindo-modernizar-a-camara-municipal\/#primaryimage","url":"https:\/\/www.blogsoestado.com\/danielmatos\/files\/2014\/12\/astro-exonera1.jpg","contentUrl":"https:\/\/www.blogsoestado.com\/danielmatos\/files\/2014\/12\/astro-exonera1.jpg"},{"@type":"BreadcrumbList","@id":"https:\/\/www.blogsoestado.com\/danielmatos\/astro-toma-posse-dia-1o-garantindo-modernizar-a-camara-municipal\/#breadcrumb","itemListElement":[{"@type":"ListItem","position":1,"name":"In\u00edcio","item":"https:\/\/www.blogsoestado.com\/danielmatos\/"},{"@type":"ListItem","position":2,"name":"Astro toma posse dia 1\u00ba garantindo modernizar a C\u00e2mara Municipal"}]},{"@type":"WebSite","@id":"https:\/\/www.blogsoestado.com\/danielmatos\/#website","url":"https:\/\/www.blogsoestado.com\/danielmatos\/","name":"Daniel Matos","description":"","potentialAction":[{"@type":"SearchAction","target":{"@type":"EntryPoint","urlTemplate":"https:\/\/www.blogsoestado.com\/danielmatos\/?s={search_term_string}"},"query-input":{"@type":"PropertyValueSpecification","valueRequired":true,"valueName":"search_term_string"}}],"inLanguage":"pt-BR"}]}},"jetpack_featured_media_url":"","_links":{"self":[{"href":"https:\/\/www.blogsoestado.com\/danielmatos\/wp-json\/wp\/v2\/posts\/21325","targetHints":{"allow":["GET"]}}],"collection":[{"href":"https:\/\/www.blogsoestado.com\/danielmatos\/wp-json\/wp\/v2\/posts"}],"about":[{"href":"https:\/\/www.blogsoestado.com\/danielmatos\/wp-json\/wp\/v2\/types\/post"}],"replies":[{"embeddable":true,"href":"https:\/\/www.blogsoestado.com\/danielmatos\/wp-json\/wp\/v2\/comments?post=21325"}],"version-history":[{"count":0,"href":"https:\/\/www.blogsoestado.com\/danielmatos\/wp-json\/wp\/v2\/posts\/21325\/revisions"}],"wp:attachment":[{"href":"https:\/\/www.blogsoestado.com\/danielmatos\/wp-json\/wp\/v2\/media?parent=21325"}],"wp:term":[{"taxonomy":"category","embeddable":true,"href":"https:\/\/www.blogsoestado.com\/danielmatos\/wp-json\/wp\/v2\/categories?post=21325"},{"taxonomy":"post_tag","embeddable":true,"href":"https:\/\/www.blogsoestado.com\/danielmatos\/wp-json\/wp\/v2\/tags?post=21325"}],"curies":[{"name":"wp","href":"https:\/\/api.w.org\/{rel}","templated":true}]}}