{"id":21331,"date":"2014-12-30T09:19:04","date_gmt":"2014-12-30T12:19:04","guid":{"rendered":"https:\/\/www.blogsoestado.com\/danielmatos\/?p=21331"},"modified":"2014-12-30T09:19:04","modified_gmt":"2014-12-30T12:19:04","slug":"mara-pavanelly-chicabana-matheus-fernandes-e-samyra-show-no-reveillon-flores-em-sao-luis","status":"publish","type":"post","link":"https:\/\/www.blogsoestado.com\/danielmatos\/mara-pavanelly-chicabana-matheus-fernandes-e-samyra-show-no-reveillon-flores-em-sao-luis\/","title":{"rendered":"Mara Pavanelly, Chicabana, Matheus Fernandes e Samyra Show no \u201cR\u00e9veillon Flores\u201d, em S\u00e3o Lu\u00eds"},"content":{"rendered":"<figure id=\"attachment_21332\" aria-describedby=\"caption-attachment-21332\" style=\"width: 403px\" class=\"wp-caption alignleft\"><a href=\"https:\/\/www.blogsoestado.com\/danielmatos\/files\/2014\/12\/Mara-Pavanelly1.png\"><img fetchpriority=\"high\" decoding=\"async\" class=\"size-full wp-image-21332\" src=\"https:\/\/www.blogsoestado.com\/danielmatos\/files\/2014\/12\/Mara-Pavanelly1.png\" alt=\"Mara Pavanelli ser\u00e1 uma das principais atra\u00e7\u00f5es do &quot;R\u00e9veillon Flores&quot;\" width=\"403\" height=\"336\" \/><\/a><figcaption id=\"caption-attachment-21332\" class=\"wp-caption-text\">Mara Pavanelli ser\u00e1 uma das principais atra\u00e7\u00f5es do &#8220;R\u00e9veillon Flores&#8221;<\/figcaption><\/figure>\n<p>Faltando poucos dias para a virada de ano, os hot\u00e9is est\u00e3o na reta final dos preparativos para a festa que vai receber 2015, em S\u00e3o Lu\u00eds. No WH Rio Poty Hotel, as mesas e cadeiras come\u00e7am a chegar para montagem e o palco tamb\u00e9m come\u00e7a a ser montado. Na praia da Ponta D\u00b4Areia que ficar\u00e1 de frente para o \u201cR\u00e9veillon Flores\u201d, ser\u00e3o disparados fogos de artif\u00edcio na virada do dia 31 de dezembro para o dia 1\u00b0 de janeiro.<\/p>\n<p>Entre as atra\u00e7\u00f5es musicais que v\u00e3o embalar a festa est\u00e3o Mara Pavanelly, Chicabana, Samyra Show e Matheus Fernandes. Aos pais que pretendem levar os filhos, ter\u00e1 tamb\u00e9m um espa\u00e7o kids com brinquedos e jogos para divers\u00e3o das crian\u00e7as.<\/p>\n<p>Os pacotes para hospedagem no hotel est\u00e3o todos esgotados, e os novos h\u00f3spedes ser\u00e3o recebidos nos quartos com uma garrafa de champanhe para come\u00e7ar os brindes de 2015, al\u00e9m disso, ganham o caf\u00e9 da manh\u00e3 e dois convites do R\u00e9veillon.<\/p>\n<figure id=\"attachment_21333\" aria-describedby=\"caption-attachment-21333\" style=\"width: 181px\" class=\"wp-caption alignright\"><a href=\"https:\/\/www.blogsoestado.com\/danielmatos\/files\/2014\/12\/Matheus-Fernandes.png\"><img decoding=\"async\" class=\"size-full wp-image-21333\" src=\"https:\/\/www.blogsoestado.com\/danielmatos\/files\/2014\/12\/Matheus-Fernandes.png\" alt=\"Matheus Fernandes cantar\u00e1 o melhor do sertanejo e arrocha\" width=\"181\" height=\"358\" \/><\/a><figcaption id=\"caption-attachment-21333\" class=\"wp-caption-text\">Matheus Fernandes cantar\u00e1 o melhor do sertanejo e arrocha<\/figcaption><\/figure>\n<p>Com um padr\u00e3o diferenciado e por carregar a marca de quatro empresas (4 M\u00e3os, DB Entretenimento, ALB Entretenimento e Social Music), a produ\u00e7\u00e3o do Flores n\u00e3o quer pecar em nada, principalmente nos servi\u00e7os de alimentos &amp; bebidas.<\/p>\n<p>Ser\u00e3o sete esta\u00e7\u00f5es de Buffet, com toda a administra\u00e7\u00e3o a cargo da Requinte Recep\u00e7\u00f5es. J\u00e1 as bebidas, a organiza\u00e7\u00e3o colocar\u00e1 tamb\u00e9m sete esta\u00e7\u00f5es com U\u00edsque escoc\u00eas Old Parr 12 anos, Vodka Ciroc importada, espumante para brinde da meia noite, Cerveja Itaipava, Energ\u00e9tico TNT, refrigerante, \u00e1gua mineral, e sucos durante toda festa.<\/p>\n<p>Aos amantes da m\u00fasica eletr\u00f4nica, n\u00e3o se preocupem. Uma boate climatizada funcionar\u00e1 durante toda festa com os DJs Cahio Massuci, Cosmo e tamb\u00e9m com a banda Montown.<\/p>\n<p>Os convites est\u00e3o \u00e0 venda na Bilheteria Digital (Shopping da Ilha e WH Rio Poty Hotel) e no site <a href=\"http:\/\/www.bilheteriadigital.com.br\" target=\"_blank\">www.bilheteriadigital.com.br<\/a> pelo valor de R$ 450 e pode ser parcelado em at\u00e9 03 vezes.<\/p>\n<p>Informa\u00e7\u00f5es no (98) 3311-1516.<\/p>\n","protected":false},"excerpt":{"rendered":"<p>Faltando poucos dias para a virada de ano, os hot\u00e9is est\u00e3o na reta final dos preparativos para a festa que [&hellip;]<\/p>\n","protected":false},"author":0,"featured_media":0,"comment_status":"open","ping_status":"open","sticky":false,"template":"","format":"standard","meta":{"site-sidebar-layout":"default","site-content-layout":"","ast-site-content-layout":"default","site-content-style":"default","site-sidebar-style":"default","ast-global-header-display":"","ast-banner-title-visibility":"","ast-main-header-display":"","ast-hfb-above-header-display":"","ast-hfb-below-header-display":"","ast-hfb-mobile-header-display":"","site-post-title":"","ast-breadcrumbs-content":"","ast-featured-img":"","footer-sml-layout":"","ast-disable-related-posts":"","theme-transparent-header-meta":"","adv-header-id-meta":"","stick-header-meta":"","header-above-stick-meta":"","header-main-stick-meta":"","header-below-stick-meta":"","astra-migrate-meta-layouts":"default","ast-page-background-enabled":"default","ast-page-background-meta":{"desktop":{"background-color":"var(--ast-global-color-5)","background-image":"","background-repeat":"repeat","background-position":"center center","background-size":"auto","background-attachment":"scroll","background-type":"","background-media":"","overlay-type":"","overlay-color":"","overlay-opacity":"","overlay-gradient":""},"tablet":{"background-color":"","background-image":"","background-repeat":"repeat","background-position":"center center","background-size":"auto","background-attachment":"scroll","background-type":"","background-media":"","overlay-type":"","overlay-color":"","overlay-opacity":"","overlay-gradient":""},"mobile":{"background-color":"","background-image":"","background-repeat":"repeat","background-position":"center center","background-size":"auto","background-attachment":"scroll","background-type":"","background-media":"","overlay-type":"","overlay-color":"","overlay-opacity":"","overlay-gradient":""}},"ast-content-background-meta":{"desktop":{"background-color":"var(--ast-global-color-4)","background-image":"","background-repeat":"repeat","background-position":"center center","background-size":"auto","background-attachment":"scroll","background-type":"","background-media":"","overlay-type":"","overlay-color":"","overlay-opacity":"","overlay-gradient":""},"tablet":{"background-color":"var(--ast-global-color-4)","background-image":"","background-repeat":"repeat","background-position":"center center","background-size":"auto","background-attachment":"scroll","background-type":"","background-media":"","overlay-type":"","overlay-color":"","overlay-opacity":"","overlay-gradient":""},"mobile":{"background-color":"var(--ast-global-color-4)","background-image":"","background-repeat":"repeat","background-position":"center center","background-size":"auto","background-attachment":"scroll","background-type":"","background-media":"","overlay-type":"","overlay-color":"","overlay-opacity":"","overlay-gradient":""}},"footnotes":""},"categories":[1],"tags":[],"class_list":["post-21331","post","type-post","status-publish","format-standard","hentry","category-sem-categoria"],"yoast_head":"<!-- This site is optimized with the Yoast SEO plugin v26.6 - https:\/\/yoast.com\/wordpress\/plugins\/seo\/ -->\n<title>Mara Pavanelly, Chicabana, Matheus Fernandes e Samyra Show no \u201cR\u00e9veillon Flores\u201d, em S\u00e3o Lu\u00eds - Daniel Matos<\/title>\n<meta name=\"robots\" content=\"index, follow, max-snippet:-1, max-image-preview:large, max-video-preview:-1\" \/>\n<link rel=\"canonical\" href=\"https:\/\/www.blogsoestado.com\/danielmatos\/mara-pavanelly-chicabana-matheus-fernandes-e-samyra-show-no-reveillon-flores-em-sao-luis\/\" \/>\n<meta property=\"og:locale\" content=\"pt_BR\" \/>\n<meta property=\"og:type\" content=\"article\" \/>\n<meta property=\"og:title\" content=\"Mara Pavanelly, Chicabana, Matheus Fernandes e Samyra Show no \u201cR\u00e9veillon Flores\u201d, em S\u00e3o Lu\u00eds - Daniel Matos\" \/>\n<meta property=\"og:description\" content=\"Faltando poucos dias para a virada de ano, os hot\u00e9is est\u00e3o na reta final dos preparativos para a festa que [&hellip;]\" \/>\n<meta property=\"og:url\" content=\"https:\/\/www.blogsoestado.com\/danielmatos\/mara-pavanelly-chicabana-matheus-fernandes-e-samyra-show-no-reveillon-flores-em-sao-luis\/\" \/>\n<meta property=\"og:site_name\" content=\"Daniel Matos\" \/>\n<meta property=\"article:published_time\" content=\"2014-12-30T12:19:04+00:00\" \/>\n<meta property=\"og:image\" content=\"https:\/\/www.blogsoestado.com\/danielmatos\/files\/2014\/12\/Mara-Pavanelly1.png\" \/>\n<meta name=\"twitter:card\" content=\"summary_large_image\" \/>\n<meta name=\"twitter:label1\" content=\"Est. tempo de leitura\" \/>\n\t<meta name=\"twitter:data1\" content=\"2 minutos\" \/>\n<script type=\"application\/ld+json\" class=\"yoast-schema-graph\">{\"@context\":\"https:\/\/schema.org\",\"@graph\":[{\"@type\":\"WebPage\",\"@id\":\"https:\/\/www.blogsoestado.com\/danielmatos\/mara-pavanelly-chicabana-matheus-fernandes-e-samyra-show-no-reveillon-flores-em-sao-luis\/\",\"url\":\"https:\/\/www.blogsoestado.com\/danielmatos\/mara-pavanelly-chicabana-matheus-fernandes-e-samyra-show-no-reveillon-flores-em-sao-luis\/\",\"name\":\"Mara Pavanelly, Chicabana, Matheus Fernandes e Samyra Show no \u201cR\u00e9veillon Flores\u201d, em S\u00e3o Lu\u00eds - Daniel Matos\",\"isPartOf\":{\"@id\":\"https:\/\/www.blogsoestado.com\/danielmatos\/#website\"},\"primaryImageOfPage\":{\"@id\":\"https:\/\/www.blogsoestado.com\/danielmatos\/mara-pavanelly-chicabana-matheus-fernandes-e-samyra-show-no-reveillon-flores-em-sao-luis\/#primaryimage\"},\"image\":{\"@id\":\"https:\/\/www.blogsoestado.com\/danielmatos\/mara-pavanelly-chicabana-matheus-fernandes-e-samyra-show-no-reveillon-flores-em-sao-luis\/#primaryimage\"},\"thumbnailUrl\":\"https:\/\/www.blogsoestado.com\/danielmatos\/files\/2014\/12\/Mara-Pavanelly1.png\",\"datePublished\":\"2014-12-30T12:19:04+00:00\",\"author\":{\"@id\":\"\"},\"breadcrumb\":{\"@id\":\"https:\/\/www.blogsoestado.com\/danielmatos\/mara-pavanelly-chicabana-matheus-fernandes-e-samyra-show-no-reveillon-flores-em-sao-luis\/#breadcrumb\"},\"inLanguage\":\"pt-BR\",\"potentialAction\":[{\"@type\":\"ReadAction\",\"target\":[\"https:\/\/www.blogsoestado.com\/danielmatos\/mara-pavanelly-chicabana-matheus-fernandes-e-samyra-show-no-reveillon-flores-em-sao-luis\/\"]}]},{\"@type\":\"ImageObject\",\"inLanguage\":\"pt-BR\",\"@id\":\"https:\/\/www.blogsoestado.com\/danielmatos\/mara-pavanelly-chicabana-matheus-fernandes-e-samyra-show-no-reveillon-flores-em-sao-luis\/#primaryimage\",\"url\":\"https:\/\/www.blogsoestado.com\/danielmatos\/files\/2014\/12\/Mara-Pavanelly1.png\",\"contentUrl\":\"https:\/\/www.blogsoestado.com\/danielmatos\/files\/2014\/12\/Mara-Pavanelly1.png\"},{\"@type\":\"BreadcrumbList\",\"@id\":\"https:\/\/www.blogsoestado.com\/danielmatos\/mara-pavanelly-chicabana-matheus-fernandes-e-samyra-show-no-reveillon-flores-em-sao-luis\/#breadcrumb\",\"itemListElement\":[{\"@type\":\"ListItem\",\"position\":1,\"name\":\"In\u00edcio\",\"item\":\"https:\/\/www.blogsoestado.com\/danielmatos\/\"},{\"@type\":\"ListItem\",\"position\":2,\"name\":\"Mara Pavanelly, Chicabana, Matheus Fernandes e Samyra Show no \u201cR\u00e9veillon Flores\u201d, em S\u00e3o Lu\u00eds\"}]},{\"@type\":\"WebSite\",\"@id\":\"https:\/\/www.blogsoestado.com\/danielmatos\/#website\",\"url\":\"https:\/\/www.blogsoestado.com\/danielmatos\/\",\"name\":\"Daniel Matos\",\"description\":\"\",\"potentialAction\":[{\"@type\":\"SearchAction\",\"target\":{\"@type\":\"EntryPoint\",\"urlTemplate\":\"https:\/\/www.blogsoestado.com\/danielmatos\/?s={search_term_string}\"},\"query-input\":{\"@type\":\"PropertyValueSpecification\",\"valueRequired\":true,\"valueName\":\"search_term_string\"}}],\"inLanguage\":\"pt-BR\"}]}<\/script>\n<!-- \/ Yoast SEO plugin. -->","yoast_head_json":{"title":"Mara Pavanelly, Chicabana, Matheus Fernandes e Samyra Show no \u201cR\u00e9veillon Flores\u201d, em S\u00e3o Lu\u00eds - Daniel Matos","robots":{"index":"index","follow":"follow","max-snippet":"max-snippet:-1","max-image-preview":"max-image-preview:large","max-video-preview":"max-video-preview:-1"},"canonical":"https:\/\/www.blogsoestado.com\/danielmatos\/mara-pavanelly-chicabana-matheus-fernandes-e-samyra-show-no-reveillon-flores-em-sao-luis\/","og_locale":"pt_BR","og_type":"article","og_title":"Mara Pavanelly, Chicabana, Matheus Fernandes e Samyra Show no \u201cR\u00e9veillon Flores\u201d, em S\u00e3o Lu\u00eds - Daniel Matos","og_description":"Faltando poucos dias para a virada de ano, os hot\u00e9is est\u00e3o na reta final dos preparativos para a festa que [&hellip;]","og_url":"https:\/\/www.blogsoestado.com\/danielmatos\/mara-pavanelly-chicabana-matheus-fernandes-e-samyra-show-no-reveillon-flores-em-sao-luis\/","og_site_name":"Daniel Matos","article_published_time":"2014-12-30T12:19:04+00:00","og_image":[{"url":"https:\/\/www.blogsoestado.com\/danielmatos\/files\/2014\/12\/Mara-Pavanelly1.png","type":"","width":"","height":""}],"twitter_card":"summary_large_image","twitter_misc":{"Est. tempo de leitura":"2 minutos"},"schema":{"@context":"https:\/\/schema.org","@graph":[{"@type":"WebPage","@id":"https:\/\/www.blogsoestado.com\/danielmatos\/mara-pavanelly-chicabana-matheus-fernandes-e-samyra-show-no-reveillon-flores-em-sao-luis\/","url":"https:\/\/www.blogsoestado.com\/danielmatos\/mara-pavanelly-chicabana-matheus-fernandes-e-samyra-show-no-reveillon-flores-em-sao-luis\/","name":"Mara Pavanelly, Chicabana, Matheus Fernandes e Samyra Show no \u201cR\u00e9veillon Flores\u201d, em S\u00e3o Lu\u00eds - Daniel Matos","isPartOf":{"@id":"https:\/\/www.blogsoestado.com\/danielmatos\/#website"},"primaryImageOfPage":{"@id":"https:\/\/www.blogsoestado.com\/danielmatos\/mara-pavanelly-chicabana-matheus-fernandes-e-samyra-show-no-reveillon-flores-em-sao-luis\/#primaryimage"},"image":{"@id":"https:\/\/www.blogsoestado.com\/danielmatos\/mara-pavanelly-chicabana-matheus-fernandes-e-samyra-show-no-reveillon-flores-em-sao-luis\/#primaryimage"},"thumbnailUrl":"https:\/\/www.blogsoestado.com\/danielmatos\/files\/2014\/12\/Mara-Pavanelly1.png","datePublished":"2014-12-30T12:19:04+00:00","author":{"@id":""},"breadcrumb":{"@id":"https:\/\/www.blogsoestado.com\/danielmatos\/mara-pavanelly-chicabana-matheus-fernandes-e-samyra-show-no-reveillon-flores-em-sao-luis\/#breadcrumb"},"inLanguage":"pt-BR","potentialAction":[{"@type":"ReadAction","target":["https:\/\/www.blogsoestado.com\/danielmatos\/mara-pavanelly-chicabana-matheus-fernandes-e-samyra-show-no-reveillon-flores-em-sao-luis\/"]}]},{"@type":"ImageObject","inLanguage":"pt-BR","@id":"https:\/\/www.blogsoestado.com\/danielmatos\/mara-pavanelly-chicabana-matheus-fernandes-e-samyra-show-no-reveillon-flores-em-sao-luis\/#primaryimage","url":"https:\/\/www.blogsoestado.com\/danielmatos\/files\/2014\/12\/Mara-Pavanelly1.png","contentUrl":"https:\/\/www.blogsoestado.com\/danielmatos\/files\/2014\/12\/Mara-Pavanelly1.png"},{"@type":"BreadcrumbList","@id":"https:\/\/www.blogsoestado.com\/danielmatos\/mara-pavanelly-chicabana-matheus-fernandes-e-samyra-show-no-reveillon-flores-em-sao-luis\/#breadcrumb","itemListElement":[{"@type":"ListItem","position":1,"name":"In\u00edcio","item":"https:\/\/www.blogsoestado.com\/danielmatos\/"},{"@type":"ListItem","position":2,"name":"Mara Pavanelly, Chicabana, Matheus Fernandes e Samyra Show no \u201cR\u00e9veillon Flores\u201d, em S\u00e3o Lu\u00eds"}]},{"@type":"WebSite","@id":"https:\/\/www.blogsoestado.com\/danielmatos\/#website","url":"https:\/\/www.blogsoestado.com\/danielmatos\/","name":"Daniel Matos","description":"","potentialAction":[{"@type":"SearchAction","target":{"@type":"EntryPoint","urlTemplate":"https:\/\/www.blogsoestado.com\/danielmatos\/?s={search_term_string}"},"query-input":{"@type":"PropertyValueSpecification","valueRequired":true,"valueName":"search_term_string"}}],"inLanguage":"pt-BR"}]}},"jetpack_featured_media_url":"","_links":{"self":[{"href":"https:\/\/www.blogsoestado.com\/danielmatos\/wp-json\/wp\/v2\/posts\/21331","targetHints":{"allow":["GET"]}}],"collection":[{"href":"https:\/\/www.blogsoestado.com\/danielmatos\/wp-json\/wp\/v2\/posts"}],"about":[{"href":"https:\/\/www.blogsoestado.com\/danielmatos\/wp-json\/wp\/v2\/types\/post"}],"replies":[{"embeddable":true,"href":"https:\/\/www.blogsoestado.com\/danielmatos\/wp-json\/wp\/v2\/comments?post=21331"}],"version-history":[{"count":0,"href":"https:\/\/www.blogsoestado.com\/danielmatos\/wp-json\/wp\/v2\/posts\/21331\/revisions"}],"wp:attachment":[{"href":"https:\/\/www.blogsoestado.com\/danielmatos\/wp-json\/wp\/v2\/media?parent=21331"}],"wp:term":[{"taxonomy":"category","embeddable":true,"href":"https:\/\/www.blogsoestado.com\/danielmatos\/wp-json\/wp\/v2\/categories?post=21331"},{"taxonomy":"post_tag","embeddable":true,"href":"https:\/\/www.blogsoestado.com\/danielmatos\/wp-json\/wp\/v2\/tags?post=21331"}],"curies":[{"name":"wp","href":"https:\/\/api.w.org\/{rel}","templated":true}]}}