{"id":21337,"date":"2014-12-30T10:02:04","date_gmt":"2014-12-30T13:02:04","guid":{"rendered":"https:\/\/www.blogsoestado.com\/danielmatos\/?p=21337"},"modified":"2014-12-30T10:02:04","modified_gmt":"2014-12-30T13:02:04","slug":"prefeitura-realiza-intervencoes-no-transito-para-o-reveillon-2015","status":"publish","type":"post","link":"https:\/\/www.blogsoestado.com\/danielmatos\/prefeitura-realiza-intervencoes-no-transito-para-o-reveillon-2015\/","title":{"rendered":"Prefeitura realiza interven\u00e7\u00f5es no tr\u00e2nsito para o R\u00e9veillon 2015"},"content":{"rendered":"<figure id=\"attachment_21338\" aria-describedby=\"caption-attachment-21338\" style=\"width: 640px\" class=\"wp-caption aligncenter\"><a href=\"https:\/\/www.blogsoestado.com\/danielmatos\/files\/2014\/12\/reveillon-litoranea.jpg\"><img fetchpriority=\"high\" decoding=\"async\" class=\"size-full wp-image-21338\" src=\"https:\/\/www.blogsoestado.com\/danielmatos\/files\/2014\/12\/reveillon-litoranea.jpg\" alt=\"Tr\u00e2nsito sofrer\u00e1 altera\u00e7\u00f5es na Avenida Litor\u00e2nea para a festa da virada \" width=\"640\" height=\"226\" \/><\/a><figcaption id=\"caption-attachment-21338\" class=\"wp-caption-text\">Tr\u00e2nsito sofrer\u00e1 altera\u00e7\u00f5es na Avenida Litor\u00e2nea para a festa\u00a0da virada do ano (<strong>Foto:<\/strong> <strong>O Estado do Maranh\u00e3o<\/strong>)<\/figcaption><\/figure>\n<p>A Prefeitura de S\u00e3o Lu\u00eds, atrav\u00e9s da Secretaria de Municipal de Tr\u00e2nsito e Transportes de Tr\u00e2nsito e Transportes (SMTT), realiza interven\u00e7\u00f5es no tr\u00e2nsito de S\u00e3o Lu\u00eds, em virtude das festividades de R\u00e9veillon. As principais altera\u00e7\u00f5es acontecem nas proximidades da Pra\u00e7a Maria Arag\u00e3o (Centro) e na Avenida Litor\u00e2nea (Calhau). As mudan\u00e7as visam disciplinar o tr\u00e2nsito na \u00e1rea de grande concentra\u00e7\u00e3o dos eventos comemorativos.<\/p>\n<p>Para o titular da pasta, Canind\u00e9 Barros, a opera\u00e7\u00e3o deve garantir tranquilidade no fluxo de ve\u00edculos. &#8220;As a\u00e7\u00f5es de interven\u00e7\u00e3o e refor\u00e7o da frota de \u00f4nibus t\u00eam o objetivo de assegurar \u00e0 popula\u00e7\u00e3o um deslocamento tranquilo para as festas de fim de ano. Sob determina\u00e7\u00e3o do prefeito Edivaldo, a secretaria est\u00e1 toda mobilizada para garantir a mobilidade do tr\u00e2nsito especialmente nesse dia de festa\u201d, afirmou.<\/p>\n<p>Ao todo, ser\u00e3o mobilizados 150 agentes, 20 viaturas e 15 motos na opera\u00e7\u00e3o. O trecho reservado \u00e0s festividades de final de ano na Pra\u00e7a Maria Arag\u00e3o compreende o estacionamento da pra\u00e7a at\u00e9 a Ponte Bandeira Tribuzzi. Nessa \u00e1rea, fica proibido o tr\u00e1fego de ve\u00edculos bem como o acesso \u00e0s transversais. O desvio dever\u00e1 ser realizado na Ponte Bandeira Tribuzzi, seguindo para as ruas Bar\u00e3o de Itapary, das Hortas, Coelho Neto (pista em m\u00e3o \u00fanica no sentido Beira-Mar) at\u00e9 a Avenida Beira Mar.<\/p>\n<p>J\u00e1 no trecho que se refere \u00e0 Avenida Litor\u00e2nea, a interdi\u00e7\u00e3o corresponder\u00e1 \u00e0 \u00e1rea entre Belvedere e o Corpo de Bombeiros. Nesse local, fica proibido o tr\u00e1fego de ve\u00edculos, inclusive nas transversais. O acesso de ve\u00edculos \u00e0s \u00e1reas interditadas estar\u00e1 restrito a ve\u00edculos credenciados.<\/p>\n<p>As altera\u00e7\u00f5es ocorrer\u00e3o das 7h da pr\u00f3xima quarta-feira (31) at\u00e9 5h de quinta-feira, dia 1\u00ba de janeiro de 2015. Em outros pontos da cidade tamb\u00e9m haver\u00e1 o disciplinamento do tr\u00e2nsito por ocasi\u00e3o das festividades do final de ano: Lagoa da Jansen, Ponta D\u2019Areia, Espig\u00e3o Costeiro e Iate Clube.<\/p>\n<p>No dia 1\u00ba de janeiro, a SMTT realizar\u00e1 a interdi\u00e7\u00e3o do tr\u00e2nsito a partir das 7h, no acesso \u00e0 Pra\u00e7a Pedro II e Rua do Egito, em virtude da cerim\u00f4nia de posse do governador eleito Fl\u00e1vio Dino, que ser\u00e1 realizada \u00e0s 17h.<\/p>\n<p><strong>Transportes<\/strong><\/p>\n<p>Tendo em vista o grande deslocamento de pessoas em fun\u00e7\u00e3o dos eventos comemorativos na Pra\u00e7a Maria Arag\u00e3o, Avenida Litor\u00e2nea e outros pontos da capital, a Prefeitura de S\u00e3o Lu\u00eds determinou o refor\u00e7o de servi\u00e7os de todas as linhas e servi\u00e7os do Sistema Municipal de Transporte Coletivo. O refor\u00e7o dessa atividade ter\u00e1 in\u00edcio na noite do dia 31 de dezembro, a partir das 20h, e se estender\u00e1 at\u00e9 12h do dia 1\u00ba de janeiro de 2015, com frota total.<\/p>\n<p>As linhas que atendem as praias da regi\u00e3o da Ponta D\u2019Areia, Avenida Litor\u00e2nea, Olho D\u2019\u00c1gua e Ara\u00e7agy dever\u00e3o operar com frota superior \u00e0 programada para os dias \u00fateis e em hor\u00e1rio grande fluxo, visando tamb\u00e9m atender \u00e0s demandas de deslocamentos dos usu\u00e1rios nas festividades. A frota de apoio dos terminais de integra\u00e7\u00e3o nos dias 31 de dezembro e 1\u00ba de janeiro de 2015 ser\u00e1 a mesma dos dias \u00fateis.<\/p>\n<p><strong>Fonte:<\/strong> Secretaria Municipal de Comunica\u00e7\u00e3o (Secom)<\/p>\n","protected":false},"excerpt":{"rendered":"<p>A Prefeitura de S\u00e3o Lu\u00eds, atrav\u00e9s da Secretaria de Municipal de Tr\u00e2nsito e Transportes de Tr\u00e2nsito e Transportes (SMTT), realiza [&hellip;]<\/p>\n","protected":false},"author":0,"featured_media":0,"comment_status":"open","ping_status":"open","sticky":false,"template":"","format":"standard","meta":{"site-sidebar-layout":"default","site-content-layout":"","ast-site-content-layout":"default","site-content-style":"default","site-sidebar-style":"default","ast-global-header-display":"","ast-banner-title-visibility":"","ast-main-header-display":"","ast-hfb-above-header-display":"","ast-hfb-below-header-display":"","ast-hfb-mobile-header-display":"","site-post-title":"","ast-breadcrumbs-content":"","ast-featured-img":"","footer-sml-layout":"","ast-disable-related-posts":"","theme-transparent-header-meta":"","adv-header-id-meta":"","stick-header-meta":"","header-above-stick-meta":"","header-main-stick-meta":"","header-below-stick-meta":"","astra-migrate-meta-layouts":"default","ast-page-background-enabled":"default","ast-page-background-meta":{"desktop":{"background-color":"var(--ast-global-color-5)","background-image":"","background-repeat":"repeat","background-position":"center center","background-size":"auto","background-attachment":"scroll","background-type":"","background-media":"","overlay-type":"","overlay-color":"","overlay-opacity":"","overlay-gradient":""},"tablet":{"background-color":"","background-image":"","background-repeat":"repeat","background-position":"center center","background-size":"auto","background-attachment":"scroll","background-type":"","background-media":"","overlay-type":"","overlay-color":"","overlay-opacity":"","overlay-gradient":""},"mobile":{"background-color":"","background-image":"","background-repeat":"repeat","background-position":"center center","background-size":"auto","background-attachment":"scroll","background-type":"","background-media":"","overlay-type":"","overlay-color":"","overlay-opacity":"","overlay-gradient":""}},"ast-content-background-meta":{"desktop":{"background-color":"var(--ast-global-color-4)","background-image":"","background-repeat":"repeat","background-position":"center center","background-size":"auto","background-attachment":"scroll","background-type":"","background-media":"","overlay-type":"","overlay-color":"","overlay-opacity":"","overlay-gradient":""},"tablet":{"background-color":"var(--ast-global-color-4)","background-image":"","background-repeat":"repeat","background-position":"center center","background-size":"auto","background-attachment":"scroll","background-type":"","background-media":"","overlay-type":"","overlay-color":"","overlay-opacity":"","overlay-gradient":""},"mobile":{"background-color":"var(--ast-global-color-4)","background-image":"","background-repeat":"repeat","background-position":"center center","background-size":"auto","background-attachment":"scroll","background-type":"","background-media":"","overlay-type":"","overlay-color":"","overlay-opacity":"","overlay-gradient":""}},"footnotes":""},"categories":[1],"tags":[],"class_list":["post-21337","post","type-post","status-publish","format-standard","hentry","category-sem-categoria"],"yoast_head":"<!-- This site is optimized with the Yoast SEO plugin v26.6 - https:\/\/yoast.com\/wordpress\/plugins\/seo\/ -->\n<title>Prefeitura realiza interven\u00e7\u00f5es no tr\u00e2nsito para o R\u00e9veillon 2015 - Daniel Matos<\/title>\n<meta name=\"robots\" content=\"index, follow, max-snippet:-1, max-image-preview:large, max-video-preview:-1\" \/>\n<link rel=\"canonical\" href=\"https:\/\/www.blogsoestado.com\/danielmatos\/prefeitura-realiza-intervencoes-no-transito-para-o-reveillon-2015\/\" \/>\n<meta property=\"og:locale\" content=\"pt_BR\" \/>\n<meta property=\"og:type\" content=\"article\" \/>\n<meta property=\"og:title\" content=\"Prefeitura realiza interven\u00e7\u00f5es no tr\u00e2nsito para o R\u00e9veillon 2015 - Daniel Matos\" \/>\n<meta property=\"og:description\" content=\"A Prefeitura de S\u00e3o Lu\u00eds, atrav\u00e9s da Secretaria de Municipal de Tr\u00e2nsito e Transportes de Tr\u00e2nsito e Transportes (SMTT), realiza [&hellip;]\" \/>\n<meta property=\"og:url\" content=\"https:\/\/www.blogsoestado.com\/danielmatos\/prefeitura-realiza-intervencoes-no-transito-para-o-reveillon-2015\/\" \/>\n<meta property=\"og:site_name\" content=\"Daniel Matos\" \/>\n<meta property=\"article:published_time\" content=\"2014-12-30T13:02:04+00:00\" \/>\n<meta property=\"og:image\" content=\"https:\/\/www.blogsoestado.com\/danielmatos\/files\/2014\/12\/reveillon-litoranea.jpg\" \/>\n<meta name=\"twitter:card\" content=\"summary_large_image\" \/>\n<meta name=\"twitter:label1\" content=\"Est. tempo de leitura\" \/>\n\t<meta name=\"twitter:data1\" content=\"3 minutos\" \/>\n<script type=\"application\/ld+json\" class=\"yoast-schema-graph\">{\"@context\":\"https:\/\/schema.org\",\"@graph\":[{\"@type\":\"WebPage\",\"@id\":\"https:\/\/www.blogsoestado.com\/danielmatos\/prefeitura-realiza-intervencoes-no-transito-para-o-reveillon-2015\/\",\"url\":\"https:\/\/www.blogsoestado.com\/danielmatos\/prefeitura-realiza-intervencoes-no-transito-para-o-reveillon-2015\/\",\"name\":\"Prefeitura realiza interven\u00e7\u00f5es no tr\u00e2nsito para o R\u00e9veillon 2015 - Daniel Matos\",\"isPartOf\":{\"@id\":\"https:\/\/www.blogsoestado.com\/danielmatos\/#website\"},\"primaryImageOfPage\":{\"@id\":\"https:\/\/www.blogsoestado.com\/danielmatos\/prefeitura-realiza-intervencoes-no-transito-para-o-reveillon-2015\/#primaryimage\"},\"image\":{\"@id\":\"https:\/\/www.blogsoestado.com\/danielmatos\/prefeitura-realiza-intervencoes-no-transito-para-o-reveillon-2015\/#primaryimage\"},\"thumbnailUrl\":\"https:\/\/www.blogsoestado.com\/danielmatos\/files\/2014\/12\/reveillon-litoranea.jpg\",\"datePublished\":\"2014-12-30T13:02:04+00:00\",\"author\":{\"@id\":\"\"},\"breadcrumb\":{\"@id\":\"https:\/\/www.blogsoestado.com\/danielmatos\/prefeitura-realiza-intervencoes-no-transito-para-o-reveillon-2015\/#breadcrumb\"},\"inLanguage\":\"pt-BR\",\"potentialAction\":[{\"@type\":\"ReadAction\",\"target\":[\"https:\/\/www.blogsoestado.com\/danielmatos\/prefeitura-realiza-intervencoes-no-transito-para-o-reveillon-2015\/\"]}]},{\"@type\":\"ImageObject\",\"inLanguage\":\"pt-BR\",\"@id\":\"https:\/\/www.blogsoestado.com\/danielmatos\/prefeitura-realiza-intervencoes-no-transito-para-o-reveillon-2015\/#primaryimage\",\"url\":\"https:\/\/www.blogsoestado.com\/danielmatos\/files\/2014\/12\/reveillon-litoranea.jpg\",\"contentUrl\":\"https:\/\/www.blogsoestado.com\/danielmatos\/files\/2014\/12\/reveillon-litoranea.jpg\"},{\"@type\":\"BreadcrumbList\",\"@id\":\"https:\/\/www.blogsoestado.com\/danielmatos\/prefeitura-realiza-intervencoes-no-transito-para-o-reveillon-2015\/#breadcrumb\",\"itemListElement\":[{\"@type\":\"ListItem\",\"position\":1,\"name\":\"In\u00edcio\",\"item\":\"https:\/\/www.blogsoestado.com\/danielmatos\/\"},{\"@type\":\"ListItem\",\"position\":2,\"name\":\"Prefeitura realiza interven\u00e7\u00f5es no tr\u00e2nsito para o R\u00e9veillon 2015\"}]},{\"@type\":\"WebSite\",\"@id\":\"https:\/\/www.blogsoestado.com\/danielmatos\/#website\",\"url\":\"https:\/\/www.blogsoestado.com\/danielmatos\/\",\"name\":\"Daniel Matos\",\"description\":\"\",\"potentialAction\":[{\"@type\":\"SearchAction\",\"target\":{\"@type\":\"EntryPoint\",\"urlTemplate\":\"https:\/\/www.blogsoestado.com\/danielmatos\/?s={search_term_string}\"},\"query-input\":{\"@type\":\"PropertyValueSpecification\",\"valueRequired\":true,\"valueName\":\"search_term_string\"}}],\"inLanguage\":\"pt-BR\"}]}<\/script>\n<!-- \/ Yoast SEO plugin. -->","yoast_head_json":{"title":"Prefeitura realiza interven\u00e7\u00f5es no tr\u00e2nsito para o R\u00e9veillon 2015 - Daniel Matos","robots":{"index":"index","follow":"follow","max-snippet":"max-snippet:-1","max-image-preview":"max-image-preview:large","max-video-preview":"max-video-preview:-1"},"canonical":"https:\/\/www.blogsoestado.com\/danielmatos\/prefeitura-realiza-intervencoes-no-transito-para-o-reveillon-2015\/","og_locale":"pt_BR","og_type":"article","og_title":"Prefeitura realiza interven\u00e7\u00f5es no tr\u00e2nsito para o R\u00e9veillon 2015 - Daniel Matos","og_description":"A Prefeitura de S\u00e3o Lu\u00eds, atrav\u00e9s da Secretaria de Municipal de Tr\u00e2nsito e Transportes de Tr\u00e2nsito e Transportes (SMTT), realiza [&hellip;]","og_url":"https:\/\/www.blogsoestado.com\/danielmatos\/prefeitura-realiza-intervencoes-no-transito-para-o-reveillon-2015\/","og_site_name":"Daniel Matos","article_published_time":"2014-12-30T13:02:04+00:00","og_image":[{"url":"https:\/\/www.blogsoestado.com\/danielmatos\/files\/2014\/12\/reveillon-litoranea.jpg","type":"","width":"","height":""}],"twitter_card":"summary_large_image","twitter_misc":{"Est. tempo de leitura":"3 minutos"},"schema":{"@context":"https:\/\/schema.org","@graph":[{"@type":"WebPage","@id":"https:\/\/www.blogsoestado.com\/danielmatos\/prefeitura-realiza-intervencoes-no-transito-para-o-reveillon-2015\/","url":"https:\/\/www.blogsoestado.com\/danielmatos\/prefeitura-realiza-intervencoes-no-transito-para-o-reveillon-2015\/","name":"Prefeitura realiza interven\u00e7\u00f5es no tr\u00e2nsito para o R\u00e9veillon 2015 - Daniel Matos","isPartOf":{"@id":"https:\/\/www.blogsoestado.com\/danielmatos\/#website"},"primaryImageOfPage":{"@id":"https:\/\/www.blogsoestado.com\/danielmatos\/prefeitura-realiza-intervencoes-no-transito-para-o-reveillon-2015\/#primaryimage"},"image":{"@id":"https:\/\/www.blogsoestado.com\/danielmatos\/prefeitura-realiza-intervencoes-no-transito-para-o-reveillon-2015\/#primaryimage"},"thumbnailUrl":"https:\/\/www.blogsoestado.com\/danielmatos\/files\/2014\/12\/reveillon-litoranea.jpg","datePublished":"2014-12-30T13:02:04+00:00","author":{"@id":""},"breadcrumb":{"@id":"https:\/\/www.blogsoestado.com\/danielmatos\/prefeitura-realiza-intervencoes-no-transito-para-o-reveillon-2015\/#breadcrumb"},"inLanguage":"pt-BR","potentialAction":[{"@type":"ReadAction","target":["https:\/\/www.blogsoestado.com\/danielmatos\/prefeitura-realiza-intervencoes-no-transito-para-o-reveillon-2015\/"]}]},{"@type":"ImageObject","inLanguage":"pt-BR","@id":"https:\/\/www.blogsoestado.com\/danielmatos\/prefeitura-realiza-intervencoes-no-transito-para-o-reveillon-2015\/#primaryimage","url":"https:\/\/www.blogsoestado.com\/danielmatos\/files\/2014\/12\/reveillon-litoranea.jpg","contentUrl":"https:\/\/www.blogsoestado.com\/danielmatos\/files\/2014\/12\/reveillon-litoranea.jpg"},{"@type":"BreadcrumbList","@id":"https:\/\/www.blogsoestado.com\/danielmatos\/prefeitura-realiza-intervencoes-no-transito-para-o-reveillon-2015\/#breadcrumb","itemListElement":[{"@type":"ListItem","position":1,"name":"In\u00edcio","item":"https:\/\/www.blogsoestado.com\/danielmatos\/"},{"@type":"ListItem","position":2,"name":"Prefeitura realiza interven\u00e7\u00f5es no tr\u00e2nsito para o R\u00e9veillon 2015"}]},{"@type":"WebSite","@id":"https:\/\/www.blogsoestado.com\/danielmatos\/#website","url":"https:\/\/www.blogsoestado.com\/danielmatos\/","name":"Daniel Matos","description":"","potentialAction":[{"@type":"SearchAction","target":{"@type":"EntryPoint","urlTemplate":"https:\/\/www.blogsoestado.com\/danielmatos\/?s={search_term_string}"},"query-input":{"@type":"PropertyValueSpecification","valueRequired":true,"valueName":"search_term_string"}}],"inLanguage":"pt-BR"}]}},"jetpack_featured_media_url":"","_links":{"self":[{"href":"https:\/\/www.blogsoestado.com\/danielmatos\/wp-json\/wp\/v2\/posts\/21337","targetHints":{"allow":["GET"]}}],"collection":[{"href":"https:\/\/www.blogsoestado.com\/danielmatos\/wp-json\/wp\/v2\/posts"}],"about":[{"href":"https:\/\/www.blogsoestado.com\/danielmatos\/wp-json\/wp\/v2\/types\/post"}],"replies":[{"embeddable":true,"href":"https:\/\/www.blogsoestado.com\/danielmatos\/wp-json\/wp\/v2\/comments?post=21337"}],"version-history":[{"count":0,"href":"https:\/\/www.blogsoestado.com\/danielmatos\/wp-json\/wp\/v2\/posts\/21337\/revisions"}],"wp:attachment":[{"href":"https:\/\/www.blogsoestado.com\/danielmatos\/wp-json\/wp\/v2\/media?parent=21337"}],"wp:term":[{"taxonomy":"category","embeddable":true,"href":"https:\/\/www.blogsoestado.com\/danielmatos\/wp-json\/wp\/v2\/categories?post=21337"},{"taxonomy":"post_tag","embeddable":true,"href":"https:\/\/www.blogsoestado.com\/danielmatos\/wp-json\/wp\/v2\/tags?post=21337"}],"curies":[{"name":"wp","href":"https:\/\/api.w.org\/{rel}","templated":true}]}}