{"id":21340,"date":"2014-12-30T11:03:13","date_gmt":"2014-12-30T14:03:13","guid":{"rendered":"https:\/\/www.blogsoestado.com\/danielmatos\/?p=21340"},"modified":"2014-12-30T11:03:13","modified_gmt":"2014-12-30T14:03:13","slug":"reveillon-luz-e-alegria-marcara-a-chegada-de-2015-em-paco-do-lumiar","status":"publish","type":"post","link":"https:\/\/www.blogsoestado.com\/danielmatos\/reveillon-luz-e-alegria-marcara-a-chegada-de-2015-em-paco-do-lumiar\/","title":{"rendered":"R\u00e9veillon \u201cLuz e Alegria\u201d marcar\u00e1 a chegada de 2015 em Pa\u00e7o do Lumiar"},"content":{"rendered":"<p><a href=\"https:\/\/www.blogsoestado.com\/danielmatos\/files\/2014\/12\/pa\u00e7o-reveillon.png\"><img fetchpriority=\"high\" decoding=\"async\" class=\"aligncenter size-full wp-image-21341\" src=\"https:\/\/www.blogsoestado.com\/danielmatos\/files\/2014\/12\/pa\u00e7o-reveillon.png\" alt=\"pa\u00e7o reveillon\" width=\"480\" height=\"480\" \/><\/a><\/p>\n<p>A festa ser\u00e1 animada pelo Forroz\u00e3o Tropyk\u00e1lia, Wylley Gomes, ex- vocalista da banda Furac\u00e3o do Forr\u00f3, e bandas locais a partir das 19h de 31\/12, no Viva Maiob\u00e3o. O R\u00e9veillon \u201cLuz e Alegria\u201d da Prefeitura de Pa\u00e7o do Lumiar marcar\u00e1 a chegada do ano de 2015 com muita alegria, paz e total seguran\u00e7a aos luminenses.<\/p>\n<p>A banda Forroz\u00e3o Tropyk\u00e1lia subir\u00e1 ao palco \u00e0 meia noite com o seu consagrado repert\u00f3rio. Entre as m\u00fasicas de sucesso, destaque para \u201cPlaneta de Cores\u201d, no vocal de Carlinhos Gabriel e Kl\u00e9bia Camargo. O cantor Willey Gomes e a banda Forr\u00f3 do Boyzinho pretendem levantar o p\u00fablico com o hit do ver\u00e3o 2015, \u201cLapadinha\u201d, uma mistura de forr\u00f3 e arrocha rom\u00e2ntico.<\/p>\n<p>Um efetivo de 20 policiais militares e homens da seguran\u00e7a privada garantir\u00e3o a seguran\u00e7a do p\u00fablico que se deslocar\u00e1 para a festa de Ano Novo, no Viva Maiob\u00e3o. A seguran\u00e7a tamb\u00e9m ser\u00e1 intensificada no entorno do evento, com o apoio da Delegacia Especial do Maiob\u00e3o que funcionar\u00e1 em regime de plant\u00e3o. Ambul\u00e2ncias do Servi\u00e7o de Atendimento M\u00f3vel de Urg\u00eancia \u2013 SAMU ficar\u00e3o de prontid\u00e3o no local do evento.<\/p>\n<p>O secret\u00e1rio de Cultura, Fernando Muniz, conta que este a programa\u00e7\u00e3o da virada de ano foi pensada como uma festa de confraterniza\u00e7\u00e3o entre pessoas todas as faixas et\u00e1rias. \u201cEstamos trazendo duas bandas consagradas nacionalmente e temos a convic\u00e7\u00e3o que ser\u00e1 uma festa pra cima, onde o p\u00fablico se divertir\u00e1 do come\u00e7o ao fim, e com total seguran\u00e7a\u201d, afirmou o secret\u00e1rio.<\/p>\n","protected":false},"excerpt":{"rendered":"<p>A festa ser\u00e1 animada pelo Forroz\u00e3o Tropyk\u00e1lia, Wylley Gomes, ex- vocalista da banda Furac\u00e3o do Forr\u00f3, e bandas locais a [&hellip;]<\/p>\n","protected":false},"author":0,"featured_media":0,"comment_status":"open","ping_status":"open","sticky":false,"template":"","format":"standard","meta":{"site-sidebar-layout":"default","site-content-layout":"","ast-site-content-layout":"default","site-content-style":"default","site-sidebar-style":"default","ast-global-header-display":"","ast-banner-title-visibility":"","ast-main-header-display":"","ast-hfb-above-header-display":"","ast-hfb-below-header-display":"","ast-hfb-mobile-header-display":"","site-post-title":"","ast-breadcrumbs-content":"","ast-featured-img":"","footer-sml-layout":"","ast-disable-related-posts":"","theme-transparent-header-meta":"","adv-header-id-meta":"","stick-header-meta":"","header-above-stick-meta":"","header-main-stick-meta":"","header-below-stick-meta":"","astra-migrate-meta-layouts":"default","ast-page-background-enabled":"default","ast-page-background-meta":{"desktop":{"background-color":"var(--ast-global-color-5)","background-image":"","background-repeat":"repeat","background-position":"center center","background-size":"auto","background-attachment":"scroll","background-type":"","background-media":"","overlay-type":"","overlay-color":"","overlay-opacity":"","overlay-gradient":""},"tablet":{"background-color":"","background-image":"","background-repeat":"repeat","background-position":"center center","background-size":"auto","background-attachment":"scroll","background-type":"","background-media":"","overlay-type":"","overlay-color":"","overlay-opacity":"","overlay-gradient":""},"mobile":{"background-color":"","background-image":"","background-repeat":"repeat","background-position":"center center","background-size":"auto","background-attachment":"scroll","background-type":"","background-media":"","overlay-type":"","overlay-color":"","overlay-opacity":"","overlay-gradient":""}},"ast-content-background-meta":{"desktop":{"background-color":"var(--ast-global-color-4)","background-image":"","background-repeat":"repeat","background-position":"center center","background-size":"auto","background-attachment":"scroll","background-type":"","background-media":"","overlay-type":"","overlay-color":"","overlay-opacity":"","overlay-gradient":""},"tablet":{"background-color":"var(--ast-global-color-4)","background-image":"","background-repeat":"repeat","background-position":"center center","background-size":"auto","background-attachment":"scroll","background-type":"","background-media":"","overlay-type":"","overlay-color":"","overlay-opacity":"","overlay-gradient":""},"mobile":{"background-color":"var(--ast-global-color-4)","background-image":"","background-repeat":"repeat","background-position":"center center","background-size":"auto","background-attachment":"scroll","background-type":"","background-media":"","overlay-type":"","overlay-color":"","overlay-opacity":"","overlay-gradient":""}},"footnotes":""},"categories":[1],"tags":[],"class_list":["post-21340","post","type-post","status-publish","format-standard","hentry","category-sem-categoria"],"yoast_head":"<!-- This site is optimized with the Yoast SEO plugin v26.6 - https:\/\/yoast.com\/wordpress\/plugins\/seo\/ -->\n<title>R\u00e9veillon \u201cLuz e Alegria\u201d marcar\u00e1 a chegada de 2015 em Pa\u00e7o do Lumiar - Daniel Matos<\/title>\n<meta name=\"robots\" content=\"index, follow, max-snippet:-1, max-image-preview:large, max-video-preview:-1\" \/>\n<link rel=\"canonical\" href=\"https:\/\/www.blogsoestado.com\/danielmatos\/reveillon-luz-e-alegria-marcara-a-chegada-de-2015-em-paco-do-lumiar\/\" \/>\n<meta property=\"og:locale\" content=\"pt_BR\" \/>\n<meta property=\"og:type\" content=\"article\" \/>\n<meta property=\"og:title\" content=\"R\u00e9veillon \u201cLuz e Alegria\u201d marcar\u00e1 a chegada de 2015 em Pa\u00e7o do Lumiar - Daniel Matos\" \/>\n<meta property=\"og:description\" content=\"A festa ser\u00e1 animada pelo Forroz\u00e3o Tropyk\u00e1lia, Wylley Gomes, ex- vocalista da banda Furac\u00e3o do Forr\u00f3, e bandas locais a [&hellip;]\" \/>\n<meta property=\"og:url\" content=\"https:\/\/www.blogsoestado.com\/danielmatos\/reveillon-luz-e-alegria-marcara-a-chegada-de-2015-em-paco-do-lumiar\/\" \/>\n<meta property=\"og:site_name\" content=\"Daniel Matos\" \/>\n<meta property=\"article:published_time\" content=\"2014-12-30T14:03:13+00:00\" \/>\n<meta name=\"twitter:card\" content=\"summary_large_image\" \/>\n<meta name=\"twitter:label1\" content=\"Est. tempo de leitura\" \/>\n\t<meta name=\"twitter:data1\" content=\"1 minuto\" \/>\n<script type=\"application\/ld+json\" class=\"yoast-schema-graph\">{\"@context\":\"https:\/\/schema.org\",\"@graph\":[{\"@type\":\"WebPage\",\"@id\":\"https:\/\/www.blogsoestado.com\/danielmatos\/reveillon-luz-e-alegria-marcara-a-chegada-de-2015-em-paco-do-lumiar\/\",\"url\":\"https:\/\/www.blogsoestado.com\/danielmatos\/reveillon-luz-e-alegria-marcara-a-chegada-de-2015-em-paco-do-lumiar\/\",\"name\":\"R\u00e9veillon \u201cLuz e Alegria\u201d marcar\u00e1 a chegada de 2015 em Pa\u00e7o do Lumiar - Daniel Matos\",\"isPartOf\":{\"@id\":\"https:\/\/www.blogsoestado.com\/danielmatos\/#website\"},\"datePublished\":\"2014-12-30T14:03:13+00:00\",\"author\":{\"@id\":\"\"},\"breadcrumb\":{\"@id\":\"https:\/\/www.blogsoestado.com\/danielmatos\/reveillon-luz-e-alegria-marcara-a-chegada-de-2015-em-paco-do-lumiar\/#breadcrumb\"},\"inLanguage\":\"pt-BR\",\"potentialAction\":[{\"@type\":\"ReadAction\",\"target\":[\"https:\/\/www.blogsoestado.com\/danielmatos\/reveillon-luz-e-alegria-marcara-a-chegada-de-2015-em-paco-do-lumiar\/\"]}]},{\"@type\":\"BreadcrumbList\",\"@id\":\"https:\/\/www.blogsoestado.com\/danielmatos\/reveillon-luz-e-alegria-marcara-a-chegada-de-2015-em-paco-do-lumiar\/#breadcrumb\",\"itemListElement\":[{\"@type\":\"ListItem\",\"position\":1,\"name\":\"In\u00edcio\",\"item\":\"https:\/\/www.blogsoestado.com\/danielmatos\/\"},{\"@type\":\"ListItem\",\"position\":2,\"name\":\"R\u00e9veillon \u201cLuz e Alegria\u201d marcar\u00e1 a chegada de 2015 em Pa\u00e7o do Lumiar\"}]},{\"@type\":\"WebSite\",\"@id\":\"https:\/\/www.blogsoestado.com\/danielmatos\/#website\",\"url\":\"https:\/\/www.blogsoestado.com\/danielmatos\/\",\"name\":\"Daniel Matos\",\"description\":\"\",\"potentialAction\":[{\"@type\":\"SearchAction\",\"target\":{\"@type\":\"EntryPoint\",\"urlTemplate\":\"https:\/\/www.blogsoestado.com\/danielmatos\/?s={search_term_string}\"},\"query-input\":{\"@type\":\"PropertyValueSpecification\",\"valueRequired\":true,\"valueName\":\"search_term_string\"}}],\"inLanguage\":\"pt-BR\"}]}<\/script>\n<!-- \/ Yoast SEO plugin. -->","yoast_head_json":{"title":"R\u00e9veillon \u201cLuz e Alegria\u201d marcar\u00e1 a chegada de 2015 em Pa\u00e7o do Lumiar - Daniel Matos","robots":{"index":"index","follow":"follow","max-snippet":"max-snippet:-1","max-image-preview":"max-image-preview:large","max-video-preview":"max-video-preview:-1"},"canonical":"https:\/\/www.blogsoestado.com\/danielmatos\/reveillon-luz-e-alegria-marcara-a-chegada-de-2015-em-paco-do-lumiar\/","og_locale":"pt_BR","og_type":"article","og_title":"R\u00e9veillon \u201cLuz e Alegria\u201d marcar\u00e1 a chegada de 2015 em Pa\u00e7o do Lumiar - Daniel Matos","og_description":"A festa ser\u00e1 animada pelo Forroz\u00e3o Tropyk\u00e1lia, Wylley Gomes, ex- vocalista da banda Furac\u00e3o do Forr\u00f3, e bandas locais a [&hellip;]","og_url":"https:\/\/www.blogsoestado.com\/danielmatos\/reveillon-luz-e-alegria-marcara-a-chegada-de-2015-em-paco-do-lumiar\/","og_site_name":"Daniel Matos","article_published_time":"2014-12-30T14:03:13+00:00","twitter_card":"summary_large_image","twitter_misc":{"Est. tempo de leitura":"1 minuto"},"schema":{"@context":"https:\/\/schema.org","@graph":[{"@type":"WebPage","@id":"https:\/\/www.blogsoestado.com\/danielmatos\/reveillon-luz-e-alegria-marcara-a-chegada-de-2015-em-paco-do-lumiar\/","url":"https:\/\/www.blogsoestado.com\/danielmatos\/reveillon-luz-e-alegria-marcara-a-chegada-de-2015-em-paco-do-lumiar\/","name":"R\u00e9veillon \u201cLuz e Alegria\u201d marcar\u00e1 a chegada de 2015 em Pa\u00e7o do Lumiar - Daniel Matos","isPartOf":{"@id":"https:\/\/www.blogsoestado.com\/danielmatos\/#website"},"datePublished":"2014-12-30T14:03:13+00:00","author":{"@id":""},"breadcrumb":{"@id":"https:\/\/www.blogsoestado.com\/danielmatos\/reveillon-luz-e-alegria-marcara-a-chegada-de-2015-em-paco-do-lumiar\/#breadcrumb"},"inLanguage":"pt-BR","potentialAction":[{"@type":"ReadAction","target":["https:\/\/www.blogsoestado.com\/danielmatos\/reveillon-luz-e-alegria-marcara-a-chegada-de-2015-em-paco-do-lumiar\/"]}]},{"@type":"BreadcrumbList","@id":"https:\/\/www.blogsoestado.com\/danielmatos\/reveillon-luz-e-alegria-marcara-a-chegada-de-2015-em-paco-do-lumiar\/#breadcrumb","itemListElement":[{"@type":"ListItem","position":1,"name":"In\u00edcio","item":"https:\/\/www.blogsoestado.com\/danielmatos\/"},{"@type":"ListItem","position":2,"name":"R\u00e9veillon \u201cLuz e Alegria\u201d marcar\u00e1 a chegada de 2015 em Pa\u00e7o do Lumiar"}]},{"@type":"WebSite","@id":"https:\/\/www.blogsoestado.com\/danielmatos\/#website","url":"https:\/\/www.blogsoestado.com\/danielmatos\/","name":"Daniel Matos","description":"","potentialAction":[{"@type":"SearchAction","target":{"@type":"EntryPoint","urlTemplate":"https:\/\/www.blogsoestado.com\/danielmatos\/?s={search_term_string}"},"query-input":{"@type":"PropertyValueSpecification","valueRequired":true,"valueName":"search_term_string"}}],"inLanguage":"pt-BR"}]}},"jetpack_featured_media_url":"","_links":{"self":[{"href":"https:\/\/www.blogsoestado.com\/danielmatos\/wp-json\/wp\/v2\/posts\/21340","targetHints":{"allow":["GET"]}}],"collection":[{"href":"https:\/\/www.blogsoestado.com\/danielmatos\/wp-json\/wp\/v2\/posts"}],"about":[{"href":"https:\/\/www.blogsoestado.com\/danielmatos\/wp-json\/wp\/v2\/types\/post"}],"replies":[{"embeddable":true,"href":"https:\/\/www.blogsoestado.com\/danielmatos\/wp-json\/wp\/v2\/comments?post=21340"}],"version-history":[{"count":0,"href":"https:\/\/www.blogsoestado.com\/danielmatos\/wp-json\/wp\/v2\/posts\/21340\/revisions"}],"wp:attachment":[{"href":"https:\/\/www.blogsoestado.com\/danielmatos\/wp-json\/wp\/v2\/media?parent=21340"}],"wp:term":[{"taxonomy":"category","embeddable":true,"href":"https:\/\/www.blogsoestado.com\/danielmatos\/wp-json\/wp\/v2\/categories?post=21340"},{"taxonomy":"post_tag","embeddable":true,"href":"https:\/\/www.blogsoestado.com\/danielmatos\/wp-json\/wp\/v2\/tags?post=21340"}],"curies":[{"name":"wp","href":"https:\/\/api.w.org\/{rel}","templated":true}]}}