{"id":21367,"date":"2014-12-31T11:49:53","date_gmt":"2014-12-31T14:49:53","guid":{"rendered":"https:\/\/www.blogsoestado.com\/danielmatos\/?p=21367"},"modified":"2014-12-31T11:49:53","modified_gmt":"2014-12-31T14:49:53","slug":"novo-reitor-da-uema-sera-empossado-sexta-feira","status":"publish","type":"post","link":"https:\/\/www.blogsoestado.com\/danielmatos\/novo-reitor-da-uema-sera-empossado-sexta-feira\/","title":{"rendered":"Novo reitor da Uema ser\u00e1 empossado sexta-feira"},"content":{"rendered":"<figure id=\"attachment_21368\" aria-describedby=\"caption-attachment-21368\" style=\"width: 448px\" class=\"wp-caption alignright\"><a href=\"https:\/\/www.blogsoestado.com\/danielmatos\/files\/2014\/12\/reitor-da-uema.jpg\"><img fetchpriority=\"high\" decoding=\"async\" class=\"size-full wp-image-21368\" src=\"https:\/\/www.blogsoestado.com\/danielmatos\/files\/2014\/12\/reitor-da-uema.jpg\" alt=\"Reitor Gustavo Costa e vice Walter Canales\" width=\"448\" height=\"318\" \/><\/a><figcaption id=\"caption-attachment-21368\" class=\"wp-caption-text\">Reitor Gustavo Costa e vice Walter Canales tomar\u00e3o posse na Fiema<\/figcaption><\/figure>\n<p>A Universidade Estadual do Maranh\u00e3o (Uema) realizar\u00e1, nesta sexta-feira (2), \u00e0s 19h, no audit\u00f3rio da Federa\u00e7\u00e3o das Ind\u00fastrias do Maranh\u00e3o (Fiema), a solenidade de transmiss\u00e3o de cargo e posse dos professores Gustavo Pereira da Costa, no cargo de reitor; e Walter Canales Sant\u2019ana, no cargo de vice-reitor, para o quadri\u00eanio 2015-2018.<\/p>\n<p>Em setembro, o Poder Executivo ratificou a indica\u00e7\u00e3o do Conselho Universit\u00e1rio, confirmando o professor Gustavo Costa, para conduzir a Uema nos pr\u00f3ximos quatro anos. No mesmo ato, foi tamb\u00e9m confirmado o professor Walter Carnales, como vice-reitor da institui\u00e7\u00e3o, para o mesmo per\u00edodo.<\/p>\n<p>Gustavo Costa \u00e9 graduado em Administra\u00e7\u00e3o e Direito, mestre em Administra\u00e7\u00e3o (com concentra\u00e7\u00e3o em Gest\u00e3o Universit\u00e1ria) e doutor em Administra\u00e7\u00e3o. Assumiu a vice-reitoria da Uema, ao lado do reitor Jos\u00e9 Augusto Silva Oliveira e esteve \u00e0 frente do cargo durante 8 anos, no per\u00edodo de 2007 a 2014.<\/p>\n<p>J\u00e1 Walter Canales \u00e9 graduado em Engenharia Civil e Administra\u00e7\u00e3o, mestre em Infraestrutura Vi\u00e1ria e doutor em Infraestrutura Vi\u00e1ria e Transporte. Foi pr\u00f3-reitor de Pesquisa e P\u00f3s-Gradua\u00e7\u00e3o e, atualmente, \u00e9 pr\u00f3-reitor de Administra\u00e7\u00e3o.<\/p>\n<p><strong>Fonte:<\/strong> Secretaria Estadual de Comunica\u00e7\u00e3o (Secom)<\/p>\n","protected":false},"excerpt":{"rendered":"<p>A Universidade Estadual do Maranh\u00e3o (Uema) realizar\u00e1, nesta sexta-feira (2), \u00e0s 19h, no audit\u00f3rio da Federa\u00e7\u00e3o das Ind\u00fastrias do Maranh\u00e3o [&hellip;]<\/p>\n","protected":false},"author":0,"featured_media":0,"comment_status":"open","ping_status":"open","sticky":false,"template":"","format":"standard","meta":{"site-sidebar-layout":"default","site-content-layout":"","ast-site-content-layout":"default","site-content-style":"default","site-sidebar-style":"default","ast-global-header-display":"","ast-banner-title-visibility":"","ast-main-header-display":"","ast-hfb-above-header-display":"","ast-hfb-below-header-display":"","ast-hfb-mobile-header-display":"","site-post-title":"","ast-breadcrumbs-content":"","ast-featured-img":"","footer-sml-layout":"","ast-disable-related-posts":"","theme-transparent-header-meta":"","adv-header-id-meta":"","stick-header-meta":"","header-above-stick-meta":"","header-main-stick-meta":"","header-below-stick-meta":"","astra-migrate-meta-layouts":"default","ast-page-background-enabled":"default","ast-page-background-meta":{"desktop":{"background-color":"var(--ast-global-color-5)","background-image":"","background-repeat":"repeat","background-position":"center center","background-size":"auto","background-attachment":"scroll","background-type":"","background-media":"","overlay-type":"","overlay-color":"","overlay-opacity":"","overlay-gradient":""},"tablet":{"background-color":"","background-image":"","background-repeat":"repeat","background-position":"center center","background-size":"auto","background-attachment":"scroll","background-type":"","background-media":"","overlay-type":"","overlay-color":"","overlay-opacity":"","overlay-gradient":""},"mobile":{"background-color":"","background-image":"","background-repeat":"repeat","background-position":"center center","background-size":"auto","background-attachment":"scroll","background-type":"","background-media":"","overlay-type":"","overlay-color":"","overlay-opacity":"","overlay-gradient":""}},"ast-content-background-meta":{"desktop":{"background-color":"var(--ast-global-color-4)","background-image":"","background-repeat":"repeat","background-position":"center center","background-size":"auto","background-attachment":"scroll","background-type":"","background-media":"","overlay-type":"","overlay-color":"","overlay-opacity":"","overlay-gradient":""},"tablet":{"background-color":"var(--ast-global-color-4)","background-image":"","background-repeat":"repeat","background-position":"center center","background-size":"auto","background-attachment":"scroll","background-type":"","background-media":"","overlay-type":"","overlay-color":"","overlay-opacity":"","overlay-gradient":""},"mobile":{"background-color":"var(--ast-global-color-4)","background-image":"","background-repeat":"repeat","background-position":"center center","background-size":"auto","background-attachment":"scroll","background-type":"","background-media":"","overlay-type":"","overlay-color":"","overlay-opacity":"","overlay-gradient":""}},"footnotes":""},"categories":[1],"tags":[],"class_list":["post-21367","post","type-post","status-publish","format-standard","hentry","category-sem-categoria"],"yoast_head":"<!-- This site is optimized with the Yoast SEO plugin v26.6 - https:\/\/yoast.com\/wordpress\/plugins\/seo\/ -->\n<title>Novo reitor da Uema ser\u00e1 empossado sexta-feira - Daniel Matos<\/title>\n<meta name=\"robots\" content=\"index, follow, max-snippet:-1, max-image-preview:large, max-video-preview:-1\" \/>\n<link rel=\"canonical\" href=\"https:\/\/www.blogsoestado.com\/danielmatos\/novo-reitor-da-uema-sera-empossado-sexta-feira\/\" \/>\n<meta property=\"og:locale\" content=\"pt_BR\" \/>\n<meta property=\"og:type\" content=\"article\" \/>\n<meta property=\"og:title\" content=\"Novo reitor da Uema ser\u00e1 empossado sexta-feira - Daniel Matos\" \/>\n<meta property=\"og:description\" content=\"A Universidade Estadual do Maranh\u00e3o (Uema) realizar\u00e1, nesta sexta-feira (2), \u00e0s 19h, no audit\u00f3rio da Federa\u00e7\u00e3o das Ind\u00fastrias do Maranh\u00e3o [&hellip;]\" \/>\n<meta property=\"og:url\" content=\"https:\/\/www.blogsoestado.com\/danielmatos\/novo-reitor-da-uema-sera-empossado-sexta-feira\/\" \/>\n<meta property=\"og:site_name\" content=\"Daniel Matos\" \/>\n<meta property=\"article:published_time\" content=\"2014-12-31T14:49:53+00:00\" \/>\n<meta property=\"og:image\" content=\"https:\/\/www.blogsoestado.com\/danielmatos\/files\/2014\/12\/reitor-da-uema.jpg\" \/>\n<meta name=\"twitter:card\" content=\"summary_large_image\" \/>\n<meta name=\"twitter:label1\" content=\"Est. tempo de leitura\" \/>\n\t<meta name=\"twitter:data1\" content=\"1 minuto\" \/>\n<script type=\"application\/ld+json\" class=\"yoast-schema-graph\">{\"@context\":\"https:\/\/schema.org\",\"@graph\":[{\"@type\":\"WebPage\",\"@id\":\"https:\/\/www.blogsoestado.com\/danielmatos\/novo-reitor-da-uema-sera-empossado-sexta-feira\/\",\"url\":\"https:\/\/www.blogsoestado.com\/danielmatos\/novo-reitor-da-uema-sera-empossado-sexta-feira\/\",\"name\":\"Novo reitor da Uema ser\u00e1 empossado sexta-feira - Daniel Matos\",\"isPartOf\":{\"@id\":\"https:\/\/www.blogsoestado.com\/danielmatos\/#website\"},\"primaryImageOfPage\":{\"@id\":\"https:\/\/www.blogsoestado.com\/danielmatos\/novo-reitor-da-uema-sera-empossado-sexta-feira\/#primaryimage\"},\"image\":{\"@id\":\"https:\/\/www.blogsoestado.com\/danielmatos\/novo-reitor-da-uema-sera-empossado-sexta-feira\/#primaryimage\"},\"thumbnailUrl\":\"https:\/\/www.blogsoestado.com\/danielmatos\/files\/2014\/12\/reitor-da-uema.jpg\",\"datePublished\":\"2014-12-31T14:49:53+00:00\",\"author\":{\"@id\":\"\"},\"breadcrumb\":{\"@id\":\"https:\/\/www.blogsoestado.com\/danielmatos\/novo-reitor-da-uema-sera-empossado-sexta-feira\/#breadcrumb\"},\"inLanguage\":\"pt-BR\",\"potentialAction\":[{\"@type\":\"ReadAction\",\"target\":[\"https:\/\/www.blogsoestado.com\/danielmatos\/novo-reitor-da-uema-sera-empossado-sexta-feira\/\"]}]},{\"@type\":\"ImageObject\",\"inLanguage\":\"pt-BR\",\"@id\":\"https:\/\/www.blogsoestado.com\/danielmatos\/novo-reitor-da-uema-sera-empossado-sexta-feira\/#primaryimage\",\"url\":\"https:\/\/www.blogsoestado.com\/danielmatos\/files\/2014\/12\/reitor-da-uema.jpg\",\"contentUrl\":\"https:\/\/www.blogsoestado.com\/danielmatos\/files\/2014\/12\/reitor-da-uema.jpg\"},{\"@type\":\"BreadcrumbList\",\"@id\":\"https:\/\/www.blogsoestado.com\/danielmatos\/novo-reitor-da-uema-sera-empossado-sexta-feira\/#breadcrumb\",\"itemListElement\":[{\"@type\":\"ListItem\",\"position\":1,\"name\":\"In\u00edcio\",\"item\":\"https:\/\/www.blogsoestado.com\/danielmatos\/\"},{\"@type\":\"ListItem\",\"position\":2,\"name\":\"Novo reitor da Uema ser\u00e1 empossado sexta-feira\"}]},{\"@type\":\"WebSite\",\"@id\":\"https:\/\/www.blogsoestado.com\/danielmatos\/#website\",\"url\":\"https:\/\/www.blogsoestado.com\/danielmatos\/\",\"name\":\"Daniel Matos\",\"description\":\"\",\"potentialAction\":[{\"@type\":\"SearchAction\",\"target\":{\"@type\":\"EntryPoint\",\"urlTemplate\":\"https:\/\/www.blogsoestado.com\/danielmatos\/?s={search_term_string}\"},\"query-input\":{\"@type\":\"PropertyValueSpecification\",\"valueRequired\":true,\"valueName\":\"search_term_string\"}}],\"inLanguage\":\"pt-BR\"}]}<\/script>\n<!-- \/ Yoast SEO plugin. -->","yoast_head_json":{"title":"Novo reitor da Uema ser\u00e1 empossado sexta-feira - Daniel Matos","robots":{"index":"index","follow":"follow","max-snippet":"max-snippet:-1","max-image-preview":"max-image-preview:large","max-video-preview":"max-video-preview:-1"},"canonical":"https:\/\/www.blogsoestado.com\/danielmatos\/novo-reitor-da-uema-sera-empossado-sexta-feira\/","og_locale":"pt_BR","og_type":"article","og_title":"Novo reitor da Uema ser\u00e1 empossado sexta-feira - Daniel Matos","og_description":"A Universidade Estadual do Maranh\u00e3o (Uema) realizar\u00e1, nesta sexta-feira (2), \u00e0s 19h, no audit\u00f3rio da Federa\u00e7\u00e3o das Ind\u00fastrias do Maranh\u00e3o [&hellip;]","og_url":"https:\/\/www.blogsoestado.com\/danielmatos\/novo-reitor-da-uema-sera-empossado-sexta-feira\/","og_site_name":"Daniel Matos","article_published_time":"2014-12-31T14:49:53+00:00","og_image":[{"url":"https:\/\/www.blogsoestado.com\/danielmatos\/files\/2014\/12\/reitor-da-uema.jpg","type":"","width":"","height":""}],"twitter_card":"summary_large_image","twitter_misc":{"Est. tempo de leitura":"1 minuto"},"schema":{"@context":"https:\/\/schema.org","@graph":[{"@type":"WebPage","@id":"https:\/\/www.blogsoestado.com\/danielmatos\/novo-reitor-da-uema-sera-empossado-sexta-feira\/","url":"https:\/\/www.blogsoestado.com\/danielmatos\/novo-reitor-da-uema-sera-empossado-sexta-feira\/","name":"Novo reitor da Uema ser\u00e1 empossado sexta-feira - Daniel Matos","isPartOf":{"@id":"https:\/\/www.blogsoestado.com\/danielmatos\/#website"},"primaryImageOfPage":{"@id":"https:\/\/www.blogsoestado.com\/danielmatos\/novo-reitor-da-uema-sera-empossado-sexta-feira\/#primaryimage"},"image":{"@id":"https:\/\/www.blogsoestado.com\/danielmatos\/novo-reitor-da-uema-sera-empossado-sexta-feira\/#primaryimage"},"thumbnailUrl":"https:\/\/www.blogsoestado.com\/danielmatos\/files\/2014\/12\/reitor-da-uema.jpg","datePublished":"2014-12-31T14:49:53+00:00","author":{"@id":""},"breadcrumb":{"@id":"https:\/\/www.blogsoestado.com\/danielmatos\/novo-reitor-da-uema-sera-empossado-sexta-feira\/#breadcrumb"},"inLanguage":"pt-BR","potentialAction":[{"@type":"ReadAction","target":["https:\/\/www.blogsoestado.com\/danielmatos\/novo-reitor-da-uema-sera-empossado-sexta-feira\/"]}]},{"@type":"ImageObject","inLanguage":"pt-BR","@id":"https:\/\/www.blogsoestado.com\/danielmatos\/novo-reitor-da-uema-sera-empossado-sexta-feira\/#primaryimage","url":"https:\/\/www.blogsoestado.com\/danielmatos\/files\/2014\/12\/reitor-da-uema.jpg","contentUrl":"https:\/\/www.blogsoestado.com\/danielmatos\/files\/2014\/12\/reitor-da-uema.jpg"},{"@type":"BreadcrumbList","@id":"https:\/\/www.blogsoestado.com\/danielmatos\/novo-reitor-da-uema-sera-empossado-sexta-feira\/#breadcrumb","itemListElement":[{"@type":"ListItem","position":1,"name":"In\u00edcio","item":"https:\/\/www.blogsoestado.com\/danielmatos\/"},{"@type":"ListItem","position":2,"name":"Novo reitor da Uema ser\u00e1 empossado sexta-feira"}]},{"@type":"WebSite","@id":"https:\/\/www.blogsoestado.com\/danielmatos\/#website","url":"https:\/\/www.blogsoestado.com\/danielmatos\/","name":"Daniel Matos","description":"","potentialAction":[{"@type":"SearchAction","target":{"@type":"EntryPoint","urlTemplate":"https:\/\/www.blogsoestado.com\/danielmatos\/?s={search_term_string}"},"query-input":{"@type":"PropertyValueSpecification","valueRequired":true,"valueName":"search_term_string"}}],"inLanguage":"pt-BR"}]}},"jetpack_featured_media_url":"","_links":{"self":[{"href":"https:\/\/www.blogsoestado.com\/danielmatos\/wp-json\/wp\/v2\/posts\/21367","targetHints":{"allow":["GET"]}}],"collection":[{"href":"https:\/\/www.blogsoestado.com\/danielmatos\/wp-json\/wp\/v2\/posts"}],"about":[{"href":"https:\/\/www.blogsoestado.com\/danielmatos\/wp-json\/wp\/v2\/types\/post"}],"replies":[{"embeddable":true,"href":"https:\/\/www.blogsoestado.com\/danielmatos\/wp-json\/wp\/v2\/comments?post=21367"}],"version-history":[{"count":0,"href":"https:\/\/www.blogsoestado.com\/danielmatos\/wp-json\/wp\/v2\/posts\/21367\/revisions"}],"wp:attachment":[{"href":"https:\/\/www.blogsoestado.com\/danielmatos\/wp-json\/wp\/v2\/media?parent=21367"}],"wp:term":[{"taxonomy":"category","embeddable":true,"href":"https:\/\/www.blogsoestado.com\/danielmatos\/wp-json\/wp\/v2\/categories?post=21367"},{"taxonomy":"post_tag","embeddable":true,"href":"https:\/\/www.blogsoestado.com\/danielmatos\/wp-json\/wp\/v2\/tags?post=21367"}],"curies":[{"name":"wp","href":"https:\/\/api.w.org\/{rel}","templated":true}]}}