{"id":21372,"date":"2014-12-31T13:10:42","date_gmt":"2014-12-31T16:10:42","guid":{"rendered":"https:\/\/www.blogsoestado.com\/danielmatos\/?p=21372"},"modified":"2014-12-31T13:10:42","modified_gmt":"2014-12-31T16:10:42","slug":"cleudson-campos-de-anchieta-e-empossado-presidente-do-crea-ma","status":"publish","type":"post","link":"https:\/\/www.blogsoestado.com\/danielmatos\/cleudson-campos-de-anchieta-e-empossado-presidente-do-crea-ma\/","title":{"rendered":"Cleudson Campos de Anchieta \u00e9 empossado presidente do CREA-MA"},"content":{"rendered":"<figure id=\"attachment_21373\" aria-describedby=\"caption-attachment-21373\" style=\"width: 448px\" class=\"wp-caption alignleft\"><a href=\"https:\/\/www.blogsoestado.com\/danielmatos\/files\/2014\/12\/cleudson-posse.jpg\"><img fetchpriority=\"high\" decoding=\"async\" class=\"size-full wp-image-21373\" src=\"https:\/\/www.blogsoestado.com\/danielmatos\/files\/2014\/12\/cleudson-posse.jpg\" alt=\"Novo presidente do CREA-MA, Cleudson Campos de Anchieta, tomou em plen\u00e1ria\" width=\"448\" height=\"297\" \/><\/a><figcaption id=\"caption-attachment-21373\" class=\"wp-caption-text\">Novo presidente do CREA-MA, Cleudson Campos, tomou em plen\u00e1ria<\/figcaption><\/figure>\n<p>O engenheiro mec\u00e2nico Cleudson Campos de Anchieta tomou posse para a gest\u00e3o 2015\/2017 durante a sess\u00e3o plen\u00e1ria do Conselho Regional de Engenharia e Agronomia de Maranh\u00e3o CREA-MA na noite da ter\u00e7a-feira, no plen\u00e1rio do Conselho, na C\u00e2ndido Mendes, 540, Centro. Durante a reuni\u00e3o foram entregues tamb\u00e9m os certificados de servi\u00e7os merit\u00f3rios aos conselheiros que encerram seus mandatos em 2014. O Eng. Cleudson Campos venceu as elei\u00e7\u00f5es do dia 19\/11 com 33,36% dos votos.<\/p>\n<p>&#8220;A responsabilidade diante do reconhecimento de nossos profissionais pela nossa escolha \u00e9 latente. Isso nos d\u00e1 novo \u00e2nimo e for\u00e7a para o trabalho dos pr\u00f3ximos tr\u00eas anos. Certamente ele ser\u00e1 voltado \u00e0s diversas a\u00e7\u00f5es de valoriza\u00e7\u00e3o da \u00e1rea tecnol\u00f3gica e aperfei\u00e7oamento dos servi\u00e7os do CREA-MA, visando o bem estar e qualidade de vida da sociedade maranhense. A agilidade, tecnologia e modernidade impostas pedem respostas r\u00e1pidas e certamente \u00e9 isso que os profissionais esperam do CREA-MA: um Conselho \u00e1gil, comprometido com a qualidade, com a excel\u00eancia em seus produtos e servi\u00e7os e com a defesa da sociedade&#8221;, comentou, Cleudson Campos de Anchieta agradecendo aos conselheiros, diretoria, diretores regionais, inspetores e colaboradores.<\/p>\n<p>A renova\u00e7\u00e3o tamb\u00e9m foi uma das bandeiras levantas por Cleudson em toda a sua campanha. \u201cRenovar o CREA-MA e reestrutur\u00e1-lo, promovendo a sua integra\u00e7\u00e3o com as entidades de classe, com as universidades e os profissionais em geral, al\u00e9m de cumprir sua fun\u00e7\u00e3o de \u00f3rg\u00e3o fiscalizador do exerc\u00edcio das profiss\u00f5es regidas pelo Sistema Confea\/Crea com imparcialidade, determina\u00e7\u00e3o, a\u00e7\u00f5es efetivas e pr\u00e1ticas para promover a valoriza\u00e7\u00e3o profissional, essas ser\u00e3o medidas adotadas urgentemente a partir de janeiro\u201d, declarou Cleudson Campos em entrevista ao Sindicato dos Engenheiros no Estado do Maranh\u00e3o \u2013 SENGE\/MA.<\/p>\n<p>Cleudson Campos de Anchieta foi membro da Frente Parlamentar pela Engenharia na C\u00e2mara dos Deputados, Cleudson Campos \u00e9 autor e relator do projeto que aprovou no plen\u00e1rio do Conselho Federal de Engenharia e Agronomia o reconhecimento do Clube de Engenharia (CEMA), Associa\u00e7\u00e3o dos Engenheiros Agr\u00f4nomos do Maranh\u00e3o (AEMA) e Universidade Estadual do Maranh\u00e3o (UEMA), como precursoras do sistema CONFEA\/CREA.<\/p>\n<p>Al\u00e9m da atua\u00e7\u00e3o como engenheiro mec\u00e2nico e empreendedor, conta com experi\u00eancia de um mandato de Conselheiro Federal, como representante do SENGE\/MA, no Conselho Federal de Engenharia e Agronomia (CONFEA), de 2011 a 2013, sendo reconhecido por seu not\u00e1vel desempenho e compromisso com o a entidade e seus representados.<\/p>\n<p><strong>Mais<\/strong><\/p>\n<p>O CREA-MA \u00e9 o \u00f3rg\u00e3o de fiscaliza\u00e7\u00e3o, de controle, de orienta\u00e7\u00e3o e de aprimoramento do exerc\u00edcio a das atividades profissionais da Engenharia, da Agronomia, da Geologia, da Geografia e da Meteorologia, em seus n\u00edveis m\u00e9dio e superior, no territ\u00f3rio de sua jurisdi\u00e7\u00e3o. Al\u00e9m disso, \u00e9 promotora de condi\u00e7\u00e3o para o exerc\u00edcio, para a fiscaliza\u00e7\u00e3o e para o aprimoramento das atividades profissionais, podendo ser exercida isoladamente ou em conjunto com o CONFEA, com os demais CREAS, com as entidades de classe de profissionais e as institui\u00e7\u00f5es de ensino nele registradas ou com \u00f3rg\u00e3os p\u00fablicos de fiscaliza\u00e7\u00e3o.<\/p>\n","protected":false},"excerpt":{"rendered":"<p>O engenheiro mec\u00e2nico Cleudson Campos de Anchieta tomou posse para a gest\u00e3o 2015\/2017 durante a sess\u00e3o plen\u00e1ria do Conselho Regional [&hellip;]<\/p>\n","protected":false},"author":0,"featured_media":0,"comment_status":"open","ping_status":"open","sticky":false,"template":"","format":"standard","meta":{"site-sidebar-layout":"default","site-content-layout":"","ast-site-content-layout":"default","site-content-style":"default","site-sidebar-style":"default","ast-global-header-display":"","ast-banner-title-visibility":"","ast-main-header-display":"","ast-hfb-above-header-display":"","ast-hfb-below-header-display":"","ast-hfb-mobile-header-display":"","site-post-title":"","ast-breadcrumbs-content":"","ast-featured-img":"","footer-sml-layout":"","ast-disable-related-posts":"","theme-transparent-header-meta":"","adv-header-id-meta":"","stick-header-meta":"","header-above-stick-meta":"","header-main-stick-meta":"","header-below-stick-meta":"","astra-migrate-meta-layouts":"default","ast-page-background-enabled":"default","ast-page-background-meta":{"desktop":{"background-color":"var(--ast-global-color-5)","background-image":"","background-repeat":"repeat","background-position":"center center","background-size":"auto","background-attachment":"scroll","background-type":"","background-media":"","overlay-type":"","overlay-color":"","overlay-opacity":"","overlay-gradient":""},"tablet":{"background-color":"","background-image":"","background-repeat":"repeat","background-position":"center center","background-size":"auto","background-attachment":"scroll","background-type":"","background-media":"","overlay-type":"","overlay-color":"","overlay-opacity":"","overlay-gradient":""},"mobile":{"background-color":"","background-image":"","background-repeat":"repeat","background-position":"center center","background-size":"auto","background-attachment":"scroll","background-type":"","background-media":"","overlay-type":"","overlay-color":"","overlay-opacity":"","overlay-gradient":""}},"ast-content-background-meta":{"desktop":{"background-color":"var(--ast-global-color-4)","background-image":"","background-repeat":"repeat","background-position":"center center","background-size":"auto","background-attachment":"scroll","background-type":"","background-media":"","overlay-type":"","overlay-color":"","overlay-opacity":"","overlay-gradient":""},"tablet":{"background-color":"var(--ast-global-color-4)","background-image":"","background-repeat":"repeat","background-position":"center center","background-size":"auto","background-attachment":"scroll","background-type":"","background-media":"","overlay-type":"","overlay-color":"","overlay-opacity":"","overlay-gradient":""},"mobile":{"background-color":"var(--ast-global-color-4)","background-image":"","background-repeat":"repeat","background-position":"center center","background-size":"auto","background-attachment":"scroll","background-type":"","background-media":"","overlay-type":"","overlay-color":"","overlay-opacity":"","overlay-gradient":""}},"footnotes":""},"categories":[1],"tags":[],"class_list":["post-21372","post","type-post","status-publish","format-standard","hentry","category-sem-categoria"],"yoast_head":"<!-- This site is optimized with the Yoast SEO plugin v26.6 - https:\/\/yoast.com\/wordpress\/plugins\/seo\/ -->\n<title>Cleudson Campos de Anchieta \u00e9 empossado presidente do CREA-MA - Daniel Matos<\/title>\n<meta name=\"robots\" content=\"index, follow, max-snippet:-1, max-image-preview:large, max-video-preview:-1\" \/>\n<link rel=\"canonical\" href=\"https:\/\/www.blogsoestado.com\/danielmatos\/cleudson-campos-de-anchieta-e-empossado-presidente-do-crea-ma\/\" \/>\n<meta property=\"og:locale\" content=\"pt_BR\" \/>\n<meta property=\"og:type\" content=\"article\" \/>\n<meta property=\"og:title\" content=\"Cleudson Campos de Anchieta \u00e9 empossado presidente do CREA-MA - Daniel Matos\" \/>\n<meta property=\"og:description\" content=\"O engenheiro mec\u00e2nico Cleudson Campos de Anchieta tomou posse para a gest\u00e3o 2015\/2017 durante a sess\u00e3o plen\u00e1ria do Conselho Regional [&hellip;]\" \/>\n<meta property=\"og:url\" content=\"https:\/\/www.blogsoestado.com\/danielmatos\/cleudson-campos-de-anchieta-e-empossado-presidente-do-crea-ma\/\" \/>\n<meta property=\"og:site_name\" content=\"Daniel Matos\" \/>\n<meta property=\"article:published_time\" content=\"2014-12-31T16:10:42+00:00\" \/>\n<meta property=\"og:image\" content=\"https:\/\/www.blogsoestado.com\/danielmatos\/files\/2014\/12\/cleudson-posse.jpg\" \/>\n<meta name=\"twitter:card\" content=\"summary_large_image\" \/>\n<meta name=\"twitter:label1\" content=\"Est. tempo de leitura\" \/>\n\t<meta name=\"twitter:data1\" content=\"3 minutos\" \/>\n<script type=\"application\/ld+json\" class=\"yoast-schema-graph\">{\"@context\":\"https:\/\/schema.org\",\"@graph\":[{\"@type\":\"WebPage\",\"@id\":\"https:\/\/www.blogsoestado.com\/danielmatos\/cleudson-campos-de-anchieta-e-empossado-presidente-do-crea-ma\/\",\"url\":\"https:\/\/www.blogsoestado.com\/danielmatos\/cleudson-campos-de-anchieta-e-empossado-presidente-do-crea-ma\/\",\"name\":\"Cleudson Campos de Anchieta \u00e9 empossado presidente do CREA-MA - Daniel Matos\",\"isPartOf\":{\"@id\":\"https:\/\/www.blogsoestado.com\/danielmatos\/#website\"},\"primaryImageOfPage\":{\"@id\":\"https:\/\/www.blogsoestado.com\/danielmatos\/cleudson-campos-de-anchieta-e-empossado-presidente-do-crea-ma\/#primaryimage\"},\"image\":{\"@id\":\"https:\/\/www.blogsoestado.com\/danielmatos\/cleudson-campos-de-anchieta-e-empossado-presidente-do-crea-ma\/#primaryimage\"},\"thumbnailUrl\":\"https:\/\/www.blogsoestado.com\/danielmatos\/files\/2014\/12\/cleudson-posse.jpg\",\"datePublished\":\"2014-12-31T16:10:42+00:00\",\"author\":{\"@id\":\"\"},\"breadcrumb\":{\"@id\":\"https:\/\/www.blogsoestado.com\/danielmatos\/cleudson-campos-de-anchieta-e-empossado-presidente-do-crea-ma\/#breadcrumb\"},\"inLanguage\":\"pt-BR\",\"potentialAction\":[{\"@type\":\"ReadAction\",\"target\":[\"https:\/\/www.blogsoestado.com\/danielmatos\/cleudson-campos-de-anchieta-e-empossado-presidente-do-crea-ma\/\"]}]},{\"@type\":\"ImageObject\",\"inLanguage\":\"pt-BR\",\"@id\":\"https:\/\/www.blogsoestado.com\/danielmatos\/cleudson-campos-de-anchieta-e-empossado-presidente-do-crea-ma\/#primaryimage\",\"url\":\"https:\/\/www.blogsoestado.com\/danielmatos\/files\/2014\/12\/cleudson-posse.jpg\",\"contentUrl\":\"https:\/\/www.blogsoestado.com\/danielmatos\/files\/2014\/12\/cleudson-posse.jpg\"},{\"@type\":\"BreadcrumbList\",\"@id\":\"https:\/\/www.blogsoestado.com\/danielmatos\/cleudson-campos-de-anchieta-e-empossado-presidente-do-crea-ma\/#breadcrumb\",\"itemListElement\":[{\"@type\":\"ListItem\",\"position\":1,\"name\":\"In\u00edcio\",\"item\":\"https:\/\/www.blogsoestado.com\/danielmatos\/\"},{\"@type\":\"ListItem\",\"position\":2,\"name\":\"Cleudson Campos de Anchieta \u00e9 empossado presidente do CREA-MA\"}]},{\"@type\":\"WebSite\",\"@id\":\"https:\/\/www.blogsoestado.com\/danielmatos\/#website\",\"url\":\"https:\/\/www.blogsoestado.com\/danielmatos\/\",\"name\":\"Daniel Matos\",\"description\":\"\",\"potentialAction\":[{\"@type\":\"SearchAction\",\"target\":{\"@type\":\"EntryPoint\",\"urlTemplate\":\"https:\/\/www.blogsoestado.com\/danielmatos\/?s={search_term_string}\"},\"query-input\":{\"@type\":\"PropertyValueSpecification\",\"valueRequired\":true,\"valueName\":\"search_term_string\"}}],\"inLanguage\":\"pt-BR\"}]}<\/script>\n<!-- \/ Yoast SEO plugin. -->","yoast_head_json":{"title":"Cleudson Campos de Anchieta \u00e9 empossado presidente do CREA-MA - Daniel Matos","robots":{"index":"index","follow":"follow","max-snippet":"max-snippet:-1","max-image-preview":"max-image-preview:large","max-video-preview":"max-video-preview:-1"},"canonical":"https:\/\/www.blogsoestado.com\/danielmatos\/cleudson-campos-de-anchieta-e-empossado-presidente-do-crea-ma\/","og_locale":"pt_BR","og_type":"article","og_title":"Cleudson Campos de Anchieta \u00e9 empossado presidente do CREA-MA - Daniel Matos","og_description":"O engenheiro mec\u00e2nico Cleudson Campos de Anchieta tomou posse para a gest\u00e3o 2015\/2017 durante a sess\u00e3o plen\u00e1ria do Conselho Regional [&hellip;]","og_url":"https:\/\/www.blogsoestado.com\/danielmatos\/cleudson-campos-de-anchieta-e-empossado-presidente-do-crea-ma\/","og_site_name":"Daniel Matos","article_published_time":"2014-12-31T16:10:42+00:00","og_image":[{"url":"https:\/\/www.blogsoestado.com\/danielmatos\/files\/2014\/12\/cleudson-posse.jpg","type":"","width":"","height":""}],"twitter_card":"summary_large_image","twitter_misc":{"Est. tempo de leitura":"3 minutos"},"schema":{"@context":"https:\/\/schema.org","@graph":[{"@type":"WebPage","@id":"https:\/\/www.blogsoestado.com\/danielmatos\/cleudson-campos-de-anchieta-e-empossado-presidente-do-crea-ma\/","url":"https:\/\/www.blogsoestado.com\/danielmatos\/cleudson-campos-de-anchieta-e-empossado-presidente-do-crea-ma\/","name":"Cleudson Campos de Anchieta \u00e9 empossado presidente do CREA-MA - Daniel Matos","isPartOf":{"@id":"https:\/\/www.blogsoestado.com\/danielmatos\/#website"},"primaryImageOfPage":{"@id":"https:\/\/www.blogsoestado.com\/danielmatos\/cleudson-campos-de-anchieta-e-empossado-presidente-do-crea-ma\/#primaryimage"},"image":{"@id":"https:\/\/www.blogsoestado.com\/danielmatos\/cleudson-campos-de-anchieta-e-empossado-presidente-do-crea-ma\/#primaryimage"},"thumbnailUrl":"https:\/\/www.blogsoestado.com\/danielmatos\/files\/2014\/12\/cleudson-posse.jpg","datePublished":"2014-12-31T16:10:42+00:00","author":{"@id":""},"breadcrumb":{"@id":"https:\/\/www.blogsoestado.com\/danielmatos\/cleudson-campos-de-anchieta-e-empossado-presidente-do-crea-ma\/#breadcrumb"},"inLanguage":"pt-BR","potentialAction":[{"@type":"ReadAction","target":["https:\/\/www.blogsoestado.com\/danielmatos\/cleudson-campos-de-anchieta-e-empossado-presidente-do-crea-ma\/"]}]},{"@type":"ImageObject","inLanguage":"pt-BR","@id":"https:\/\/www.blogsoestado.com\/danielmatos\/cleudson-campos-de-anchieta-e-empossado-presidente-do-crea-ma\/#primaryimage","url":"https:\/\/www.blogsoestado.com\/danielmatos\/files\/2014\/12\/cleudson-posse.jpg","contentUrl":"https:\/\/www.blogsoestado.com\/danielmatos\/files\/2014\/12\/cleudson-posse.jpg"},{"@type":"BreadcrumbList","@id":"https:\/\/www.blogsoestado.com\/danielmatos\/cleudson-campos-de-anchieta-e-empossado-presidente-do-crea-ma\/#breadcrumb","itemListElement":[{"@type":"ListItem","position":1,"name":"In\u00edcio","item":"https:\/\/www.blogsoestado.com\/danielmatos\/"},{"@type":"ListItem","position":2,"name":"Cleudson Campos de Anchieta \u00e9 empossado presidente do CREA-MA"}]},{"@type":"WebSite","@id":"https:\/\/www.blogsoestado.com\/danielmatos\/#website","url":"https:\/\/www.blogsoestado.com\/danielmatos\/","name":"Daniel Matos","description":"","potentialAction":[{"@type":"SearchAction","target":{"@type":"EntryPoint","urlTemplate":"https:\/\/www.blogsoestado.com\/danielmatos\/?s={search_term_string}"},"query-input":{"@type":"PropertyValueSpecification","valueRequired":true,"valueName":"search_term_string"}}],"inLanguage":"pt-BR"}]}},"jetpack_featured_media_url":"","_links":{"self":[{"href":"https:\/\/www.blogsoestado.com\/danielmatos\/wp-json\/wp\/v2\/posts\/21372","targetHints":{"allow":["GET"]}}],"collection":[{"href":"https:\/\/www.blogsoestado.com\/danielmatos\/wp-json\/wp\/v2\/posts"}],"about":[{"href":"https:\/\/www.blogsoestado.com\/danielmatos\/wp-json\/wp\/v2\/types\/post"}],"replies":[{"embeddable":true,"href":"https:\/\/www.blogsoestado.com\/danielmatos\/wp-json\/wp\/v2\/comments?post=21372"}],"version-history":[{"count":0,"href":"https:\/\/www.blogsoestado.com\/danielmatos\/wp-json\/wp\/v2\/posts\/21372\/revisions"}],"wp:attachment":[{"href":"https:\/\/www.blogsoestado.com\/danielmatos\/wp-json\/wp\/v2\/media?parent=21372"}],"wp:term":[{"taxonomy":"category","embeddable":true,"href":"https:\/\/www.blogsoestado.com\/danielmatos\/wp-json\/wp\/v2\/categories?post=21372"},{"taxonomy":"post_tag","embeddable":true,"href":"https:\/\/www.blogsoestado.com\/danielmatos\/wp-json\/wp\/v2\/tags?post=21372"}],"curies":[{"name":"wp","href":"https:\/\/api.w.org\/{rel}","templated":true}]}}