{"id":21377,"date":"2015-01-02T07:48:55","date_gmt":"2015-01-02T10:48:55","guid":{"rendered":"https:\/\/www.blogsoestado.com\/danielmatos\/?p=21377"},"modified":"2015-01-02T07:48:55","modified_gmt":"2015-01-02T10:48:55","slug":"ao-tomar-posse-flavio-dino-anuncia-pacote-com-17-medidas","status":"publish","type":"post","link":"https:\/\/www.blogsoestado.com\/danielmatos\/ao-tomar-posse-flavio-dino-anuncia-pacote-com-17-medidas\/","title":{"rendered":"Ao tomar posse, Fl\u00e1vio Dino anuncia pacote com 17 medidas"},"content":{"rendered":"<h2><span style=\"color: #ff0000;\">Convoca\u00e7\u00e3o de 1.000 homens para a PM e o Corpo de Bombeiros e venda da Casa de Veraneio de S\u00e3o Marcos s\u00e3o duas das a\u00e7\u00f5es<\/span><\/h2>\n<figure id=\"attachment_21378\" aria-describedby=\"caption-attachment-21378\" style=\"width: 640px\" class=\"wp-caption aligncenter\"><a href=\"https:\/\/www.blogsoestado.com\/danielmatos\/files\/2015\/01\/dino-pacote.jpg\"><img fetchpriority=\"high\" decoding=\"async\" class=\"size-full wp-image-21378\" src=\"https:\/\/www.blogsoestado.com\/danielmatos\/files\/2015\/01\/dino-pacote.jpg\" alt=\"Fl\u00e1vio Dino anunciou pacote com 17 medidas logo ap\u00f3s tomar posse (Foto: Francisco Campos)\" width=\"640\" height=\"424\" \/><\/a><figcaption id=\"caption-attachment-21378\" class=\"wp-caption-text\">Fl\u00e1vio Dino anunciou pacote com 17 medidas de goverrno logo ap\u00f3s tomar posse (<strong>Foto:<\/strong> Francisco Campos)<\/figcaption><\/figure>\n<p>A\u00e7\u00f5es centradas na melhoria de \u00edndices sociais e econ\u00f4micos foram algumas das primeiras medidas anunciadas pelo governador Fl\u00e1vio Dino, logo ap\u00f3s a cerim\u00f4nia de transfer\u00eancia de cargo no Pal\u00e1cio dos Le\u00f5es. Algumas delas foram anunciadas por meio de decretos e entram em vigor nesta sexta-feira (2).<\/p>\n<p>O primeiro dos decretos institui o plano de a\u00e7\u00f5es &#8216;Mais IDH&#8217; e seu respectivo comit\u00ea gestor. A medida \u00e9 uma das a\u00e7\u00f5es anunciadas durante a campanha e t\u00eam por objetivo promover a supera\u00e7\u00e3o da extrema pobreza e das desigualdades sociais no meio urbano e rural, por meio de estrat\u00e9gia de desenvolvimento territorial sustent\u00e1vel. O plano ter\u00e1 como foco inicial as popula\u00e7\u00f5es dos 30 munic\u00edpios maranhenses com piores indicadores de \u00cdndice de Desenvolvimento Humano (IDH).<\/p>\n<p>Outro decreto institui uma comiss\u00e3o especial com o fim de tratar da aliena\u00e7\u00e3o da &#8216;Casa de Veraneio do Governador&#8221;, situado na Praia de S\u00e3o Marcos, em S\u00e3o Lu\u00eds. A comiss\u00e3o ser\u00e1 formada por um membro da Secretaria de Estado da Gest\u00e3o e Previd\u00eancia indicado pelo Secret\u00e1rio de Estado da Gest\u00e3o e Previd\u00eancia; um membro da Casa Civil, indicado pelo Secret\u00e1rio Chefe da Casa Civil; um Procurador do Estado do Maranh\u00e3o, indicado pelo Procurador Geral do Estado.<\/p>\n<p>Na educa\u00e7\u00e3o, foi institu\u00eddo o programa &#8216;Escola Digna&#8217; com o objetivo de propiciar, \u00e0s crian\u00e7as, jovens, adultos e idosos atendidos pelo Sistema Estadual de Ensino e pelo Sistema P\u00fablico de Ensino dos Munic\u00edpios, o acesso \u00e0 infraestrutura necess\u00e1ria para as suas forma\u00e7\u00f5es como cidad\u00e3os livres, conscientes e preparados para atuar profissionalmente nos mais diversos campos da atividade social. Dentre as medidas do programa, est\u00e1 a constru\u00e7\u00e3o de equipamentos necess\u00e1rios \u00e0 substitui\u00e7\u00e3o das escolas de taipa, palha, galp\u00f5es e\/ou outros espa\u00e7os devidamente certificados como inadequados, hoje em funcionamento na Educa\u00e7\u00e3o P\u00fablica Maranhense.<\/p>\n<p>Ainda na \u00e1rea de educa\u00e7\u00e3o, um outro decreto disp\u00f5e sobre o processo de elei\u00e7\u00f5es diretas para as fun\u00e7\u00f5es de gest\u00e3o escolar nas unidades de ensino da rede p\u00fablica estadual.<\/p>\n<p>Na \u00e1rea de sa\u00fade, um decreto instituiu a For\u00e7a Estadual da Sa\u00fade do Maranh\u00e3o (Fesma), programa de coopera\u00e7\u00e3o voltado \u00e0 execu\u00e7\u00e3o de medidas de preven\u00e7\u00e3o, assist\u00eancia e combate a situa\u00e7\u00f5es de risco epidemiol\u00f3gico. O foco inicial de atua\u00e7\u00e3o da for\u00e7a estadual ter\u00e1 as seguintes prioridades: mortalidade infantil; mortalidade materna; diabetes; hipertens\u00e3o; sa\u00fade das popula\u00e7\u00f5es ind\u00edgenas e grupos com maior vulnerabilidade.<\/p>\n<p><strong>Seguran\u00e7a<\/strong><\/p>\n<p>Em rela\u00e7\u00e3o \u00e0 seguran\u00e7a p\u00fablica foi anunciada a convoca\u00e7\u00e3o de mil candidatos aprovados na primeira fase do concurso p\u00fablico de soldados da Pol\u00edcia Militar e do Corpo de Bombeiro Militar, para o Teste de Aptid\u00e3o F\u00edsica (TAF).<\/p>\n<p>Na mesma \u00e1rea foi criada uma comiss\u00e3o especial para elabora\u00e7\u00e3o de proposta visando \u00e0 revis\u00e3o das regras de ingresso, lota\u00e7\u00e3o, transfer\u00eancia e promo\u00e7\u00e3o dos membros da Pol\u00edcia Militar e do Corpo de Bombeiros Militar. A representa\u00e7\u00e3o judicial de membros das Pol\u00edcias Civil, Militar e Corpo de Bombeiros Militar pela Procuradoria Geral do Estado tamb\u00e9m ser\u00e1 autorizada, mas por meio de medida provis\u00f3ria.<\/p>\n<p>Um outro decreto disp\u00f5e sobre a denomina\u00e7\u00e3o de logradouros e pr\u00e9dios p\u00fablicos sob o dom\u00ednio ou gest\u00e3o estadual, sendo proibido o uso do nomes de pessoas vivas ou que estejam inseridas no relat\u00f3rio final da Comiss\u00e3o Nacional da Verdade, como respons\u00e1veis por crimes cometidos durante a ditadura militar.<\/p>\n<p>Tamb\u00e9m foi constitu\u00edda uma comiss\u00e3o para apurar a regularidade do pagamento do precat\u00f3rio que tem como credor a empresa Constran. A comiss\u00e3o ser\u00e1 formada por membros da Secretaria de Estado de Transpar\u00eancia e Controle, Procuradoria Geral do Estado e Casa Civil.<\/p>\n<p>A cria\u00e7\u00e3o do Conselho Empresarial do Maranh\u00e3o (Cema) tamb\u00e9m ser\u00e1 realizada por meio de decreto. O \u00f3rg\u00e3o de assessoramento direto do governador tem por finalidade debater e propor diretrizes espec\u00edficas voltadas \u00e0 promo\u00e7\u00e3o do desenvolvimento econ\u00f4mico do Maranh\u00e3o, com a articula\u00e7\u00e3o das rela\u00e7\u00f5es entre o Governo e representantes da iniciativa privada.<\/p>\n<p><strong>Projetos de lei<\/strong><\/p>\n<p>Al\u00e9m dos decretos e medida provis\u00f3ria, foram anunciados projetos de lei, dentre eles o que disp\u00f5e sobre o programa estadual &#8216;Mais Bolsa Fam\u00edlia-Escola&#8217;, que consiste na transfer\u00eancia direta de recursos para aquisi\u00e7\u00e3o de material escolar \u00e0s fam\u00edlias beneficiadas pelo Programa Bolsa Fam\u00edlia, que tenham em sua composi\u00e7\u00e3o crian\u00e7as e adolescentes com idade entre quatro e 17 anos matriculados em escolas p\u00fablicas.<\/p>\n<p>Um outro projeto de lei que ser\u00e1 encaminhado \u00e0 Assembleia Legislativa disp\u00f5e sobre a Gratifica\u00e7\u00e3o de Incentivo de Desempenho da Gest\u00e3o Escolar.<\/p>\n<p>O \u00faltimo PL anunciado pelo governador Fl\u00e1vio Dino disp\u00f5e sobre a forma\u00e7\u00e3o da equipe de transi\u00e7\u00e3o de governos, que para propiciar condi\u00e7\u00f5es para que o candidato eleito para o cargo de Governador possa receber de seu antecessor todos os dados e informa\u00e7\u00f5es necess\u00e1rios \u00e0 implementa\u00e7\u00e3o de seu programa de governo, inteirando-se do funcionamento dos \u00f3rg\u00e3os e entidades que comp\u00f5em a Administra\u00e7\u00e3o, permitindo ao eleito a prepara\u00e7\u00e3o dos atos a serem editados ap\u00f3s a posse.<\/p>\n","protected":false},"excerpt":{"rendered":"<p>Convoca\u00e7\u00e3o de 1.000 homens para a PM e o Corpo de Bombeiros e venda da Casa de Veraneio de S\u00e3o [&hellip;]<\/p>\n","protected":false},"author":0,"featured_media":0,"comment_status":"open","ping_status":"open","sticky":false,"template":"","format":"standard","meta":{"site-sidebar-layout":"default","site-content-layout":"","ast-site-content-layout":"default","site-content-style":"default","site-sidebar-style":"default","ast-global-header-display":"","ast-banner-title-visibility":"","ast-main-header-display":"","ast-hfb-above-header-display":"","ast-hfb-below-header-display":"","ast-hfb-mobile-header-display":"","site-post-title":"","ast-breadcrumbs-content":"","ast-featured-img":"","footer-sml-layout":"","ast-disable-related-posts":"","theme-transparent-header-meta":"","adv-header-id-meta":"","stick-header-meta":"","header-above-stick-meta":"","header-main-stick-meta":"","header-below-stick-meta":"","astra-migrate-meta-layouts":"default","ast-page-background-enabled":"default","ast-page-background-meta":{"desktop":{"background-color":"var(--ast-global-color-5)","background-image":"","background-repeat":"repeat","background-position":"center center","background-size":"auto","background-attachment":"scroll","background-type":"","background-media":"","overlay-type":"","overlay-color":"","overlay-opacity":"","overlay-gradient":""},"tablet":{"background-color":"","background-image":"","background-repeat":"repeat","background-position":"center center","background-size":"auto","background-attachment":"scroll","background-type":"","background-media":"","overlay-type":"","overlay-color":"","overlay-opacity":"","overlay-gradient":""},"mobile":{"background-color":"","background-image":"","background-repeat":"repeat","background-position":"center center","background-size":"auto","background-attachment":"scroll","background-type":"","background-media":"","overlay-type":"","overlay-color":"","overlay-opacity":"","overlay-gradient":""}},"ast-content-background-meta":{"desktop":{"background-color":"var(--ast-global-color-4)","background-image":"","background-repeat":"repeat","background-position":"center center","background-size":"auto","background-attachment":"scroll","background-type":"","background-media":"","overlay-type":"","overlay-color":"","overlay-opacity":"","overlay-gradient":""},"tablet":{"background-color":"var(--ast-global-color-4)","background-image":"","background-repeat":"repeat","background-position":"center center","background-size":"auto","background-attachment":"scroll","background-type":"","background-media":"","overlay-type":"","overlay-color":"","overlay-opacity":"","overlay-gradient":""},"mobile":{"background-color":"var(--ast-global-color-4)","background-image":"","background-repeat":"repeat","background-position":"center center","background-size":"auto","background-attachment":"scroll","background-type":"","background-media":"","overlay-type":"","overlay-color":"","overlay-opacity":"","overlay-gradient":""}},"footnotes":""},"categories":[1],"tags":[],"class_list":["post-21377","post","type-post","status-publish","format-standard","hentry","category-sem-categoria"],"yoast_head":"<!-- This site is optimized with the Yoast SEO plugin v26.6 - https:\/\/yoast.com\/wordpress\/plugins\/seo\/ -->\n<title>Ao tomar posse, Fl\u00e1vio Dino anuncia pacote com 17 medidas - Daniel Matos<\/title>\n<meta name=\"robots\" content=\"index, follow, max-snippet:-1, max-image-preview:large, max-video-preview:-1\" \/>\n<link rel=\"canonical\" href=\"https:\/\/www.blogsoestado.com\/danielmatos\/ao-tomar-posse-flavio-dino-anuncia-pacote-com-17-medidas\/\" \/>\n<meta property=\"og:locale\" content=\"pt_BR\" \/>\n<meta property=\"og:type\" content=\"article\" \/>\n<meta property=\"og:title\" content=\"Ao tomar posse, Fl\u00e1vio Dino anuncia pacote com 17 medidas - Daniel Matos\" \/>\n<meta property=\"og:description\" content=\"Convoca\u00e7\u00e3o de 1.000 homens para a PM e o Corpo de Bombeiros e venda da Casa de Veraneio de S\u00e3o [&hellip;]\" \/>\n<meta property=\"og:url\" content=\"https:\/\/www.blogsoestado.com\/danielmatos\/ao-tomar-posse-flavio-dino-anuncia-pacote-com-17-medidas\/\" \/>\n<meta property=\"og:site_name\" content=\"Daniel Matos\" \/>\n<meta property=\"article:published_time\" content=\"2015-01-02T10:48:55+00:00\" \/>\n<meta property=\"og:image\" content=\"https:\/\/www.blogsoestado.com\/danielmatos\/files\/2015\/01\/dino-pacote.jpg\" \/>\n<meta name=\"twitter:card\" content=\"summary_large_image\" \/>\n<meta name=\"twitter:label1\" content=\"Est. tempo de leitura\" \/>\n\t<meta name=\"twitter:data1\" content=\"5 minutos\" \/>\n<script type=\"application\/ld+json\" class=\"yoast-schema-graph\">{\"@context\":\"https:\/\/schema.org\",\"@graph\":[{\"@type\":\"WebPage\",\"@id\":\"https:\/\/www.blogsoestado.com\/danielmatos\/ao-tomar-posse-flavio-dino-anuncia-pacote-com-17-medidas\/\",\"url\":\"https:\/\/www.blogsoestado.com\/danielmatos\/ao-tomar-posse-flavio-dino-anuncia-pacote-com-17-medidas\/\",\"name\":\"Ao tomar posse, Fl\u00e1vio Dino anuncia pacote com 17 medidas - Daniel Matos\",\"isPartOf\":{\"@id\":\"https:\/\/www.blogsoestado.com\/danielmatos\/#website\"},\"primaryImageOfPage\":{\"@id\":\"https:\/\/www.blogsoestado.com\/danielmatos\/ao-tomar-posse-flavio-dino-anuncia-pacote-com-17-medidas\/#primaryimage\"},\"image\":{\"@id\":\"https:\/\/www.blogsoestado.com\/danielmatos\/ao-tomar-posse-flavio-dino-anuncia-pacote-com-17-medidas\/#primaryimage\"},\"thumbnailUrl\":\"https:\/\/www.blogsoestado.com\/danielmatos\/files\/2015\/01\/dino-pacote.jpg\",\"datePublished\":\"2015-01-02T10:48:55+00:00\",\"author\":{\"@id\":\"\"},\"breadcrumb\":{\"@id\":\"https:\/\/www.blogsoestado.com\/danielmatos\/ao-tomar-posse-flavio-dino-anuncia-pacote-com-17-medidas\/#breadcrumb\"},\"inLanguage\":\"pt-BR\",\"potentialAction\":[{\"@type\":\"ReadAction\",\"target\":[\"https:\/\/www.blogsoestado.com\/danielmatos\/ao-tomar-posse-flavio-dino-anuncia-pacote-com-17-medidas\/\"]}]},{\"@type\":\"ImageObject\",\"inLanguage\":\"pt-BR\",\"@id\":\"https:\/\/www.blogsoestado.com\/danielmatos\/ao-tomar-posse-flavio-dino-anuncia-pacote-com-17-medidas\/#primaryimage\",\"url\":\"https:\/\/www.blogsoestado.com\/danielmatos\/files\/2015\/01\/dino-pacote.jpg\",\"contentUrl\":\"https:\/\/www.blogsoestado.com\/danielmatos\/files\/2015\/01\/dino-pacote.jpg\"},{\"@type\":\"BreadcrumbList\",\"@id\":\"https:\/\/www.blogsoestado.com\/danielmatos\/ao-tomar-posse-flavio-dino-anuncia-pacote-com-17-medidas\/#breadcrumb\",\"itemListElement\":[{\"@type\":\"ListItem\",\"position\":1,\"name\":\"In\u00edcio\",\"item\":\"https:\/\/www.blogsoestado.com\/danielmatos\/\"},{\"@type\":\"ListItem\",\"position\":2,\"name\":\"Ao tomar posse, Fl\u00e1vio Dino anuncia pacote com 17 medidas\"}]},{\"@type\":\"WebSite\",\"@id\":\"https:\/\/www.blogsoestado.com\/danielmatos\/#website\",\"url\":\"https:\/\/www.blogsoestado.com\/danielmatos\/\",\"name\":\"Daniel Matos\",\"description\":\"\",\"potentialAction\":[{\"@type\":\"SearchAction\",\"target\":{\"@type\":\"EntryPoint\",\"urlTemplate\":\"https:\/\/www.blogsoestado.com\/danielmatos\/?s={search_term_string}\"},\"query-input\":{\"@type\":\"PropertyValueSpecification\",\"valueRequired\":true,\"valueName\":\"search_term_string\"}}],\"inLanguage\":\"pt-BR\"}]}<\/script>\n<!-- \/ Yoast SEO plugin. -->","yoast_head_json":{"title":"Ao tomar posse, Fl\u00e1vio Dino anuncia pacote com 17 medidas - Daniel Matos","robots":{"index":"index","follow":"follow","max-snippet":"max-snippet:-1","max-image-preview":"max-image-preview:large","max-video-preview":"max-video-preview:-1"},"canonical":"https:\/\/www.blogsoestado.com\/danielmatos\/ao-tomar-posse-flavio-dino-anuncia-pacote-com-17-medidas\/","og_locale":"pt_BR","og_type":"article","og_title":"Ao tomar posse, Fl\u00e1vio Dino anuncia pacote com 17 medidas - Daniel Matos","og_description":"Convoca\u00e7\u00e3o de 1.000 homens para a PM e o Corpo de Bombeiros e venda da Casa de Veraneio de S\u00e3o [&hellip;]","og_url":"https:\/\/www.blogsoestado.com\/danielmatos\/ao-tomar-posse-flavio-dino-anuncia-pacote-com-17-medidas\/","og_site_name":"Daniel Matos","article_published_time":"2015-01-02T10:48:55+00:00","og_image":[{"url":"https:\/\/www.blogsoestado.com\/danielmatos\/files\/2015\/01\/dino-pacote.jpg","type":"","width":"","height":""}],"twitter_card":"summary_large_image","twitter_misc":{"Est. tempo de leitura":"5 minutos"},"schema":{"@context":"https:\/\/schema.org","@graph":[{"@type":"WebPage","@id":"https:\/\/www.blogsoestado.com\/danielmatos\/ao-tomar-posse-flavio-dino-anuncia-pacote-com-17-medidas\/","url":"https:\/\/www.blogsoestado.com\/danielmatos\/ao-tomar-posse-flavio-dino-anuncia-pacote-com-17-medidas\/","name":"Ao tomar posse, Fl\u00e1vio Dino anuncia pacote com 17 medidas - Daniel Matos","isPartOf":{"@id":"https:\/\/www.blogsoestado.com\/danielmatos\/#website"},"primaryImageOfPage":{"@id":"https:\/\/www.blogsoestado.com\/danielmatos\/ao-tomar-posse-flavio-dino-anuncia-pacote-com-17-medidas\/#primaryimage"},"image":{"@id":"https:\/\/www.blogsoestado.com\/danielmatos\/ao-tomar-posse-flavio-dino-anuncia-pacote-com-17-medidas\/#primaryimage"},"thumbnailUrl":"https:\/\/www.blogsoestado.com\/danielmatos\/files\/2015\/01\/dino-pacote.jpg","datePublished":"2015-01-02T10:48:55+00:00","author":{"@id":""},"breadcrumb":{"@id":"https:\/\/www.blogsoestado.com\/danielmatos\/ao-tomar-posse-flavio-dino-anuncia-pacote-com-17-medidas\/#breadcrumb"},"inLanguage":"pt-BR","potentialAction":[{"@type":"ReadAction","target":["https:\/\/www.blogsoestado.com\/danielmatos\/ao-tomar-posse-flavio-dino-anuncia-pacote-com-17-medidas\/"]}]},{"@type":"ImageObject","inLanguage":"pt-BR","@id":"https:\/\/www.blogsoestado.com\/danielmatos\/ao-tomar-posse-flavio-dino-anuncia-pacote-com-17-medidas\/#primaryimage","url":"https:\/\/www.blogsoestado.com\/danielmatos\/files\/2015\/01\/dino-pacote.jpg","contentUrl":"https:\/\/www.blogsoestado.com\/danielmatos\/files\/2015\/01\/dino-pacote.jpg"},{"@type":"BreadcrumbList","@id":"https:\/\/www.blogsoestado.com\/danielmatos\/ao-tomar-posse-flavio-dino-anuncia-pacote-com-17-medidas\/#breadcrumb","itemListElement":[{"@type":"ListItem","position":1,"name":"In\u00edcio","item":"https:\/\/www.blogsoestado.com\/danielmatos\/"},{"@type":"ListItem","position":2,"name":"Ao tomar posse, Fl\u00e1vio Dino anuncia pacote com 17 medidas"}]},{"@type":"WebSite","@id":"https:\/\/www.blogsoestado.com\/danielmatos\/#website","url":"https:\/\/www.blogsoestado.com\/danielmatos\/","name":"Daniel Matos","description":"","potentialAction":[{"@type":"SearchAction","target":{"@type":"EntryPoint","urlTemplate":"https:\/\/www.blogsoestado.com\/danielmatos\/?s={search_term_string}"},"query-input":{"@type":"PropertyValueSpecification","valueRequired":true,"valueName":"search_term_string"}}],"inLanguage":"pt-BR"}]}},"jetpack_featured_media_url":"","_links":{"self":[{"href":"https:\/\/www.blogsoestado.com\/danielmatos\/wp-json\/wp\/v2\/posts\/21377","targetHints":{"allow":["GET"]}}],"collection":[{"href":"https:\/\/www.blogsoestado.com\/danielmatos\/wp-json\/wp\/v2\/posts"}],"about":[{"href":"https:\/\/www.blogsoestado.com\/danielmatos\/wp-json\/wp\/v2\/types\/post"}],"replies":[{"embeddable":true,"href":"https:\/\/www.blogsoestado.com\/danielmatos\/wp-json\/wp\/v2\/comments?post=21377"}],"version-history":[{"count":0,"href":"https:\/\/www.blogsoestado.com\/danielmatos\/wp-json\/wp\/v2\/posts\/21377\/revisions"}],"wp:attachment":[{"href":"https:\/\/www.blogsoestado.com\/danielmatos\/wp-json\/wp\/v2\/media?parent=21377"}],"wp:term":[{"taxonomy":"category","embeddable":true,"href":"https:\/\/www.blogsoestado.com\/danielmatos\/wp-json\/wp\/v2\/categories?post=21377"},{"taxonomy":"post_tag","embeddable":true,"href":"https:\/\/www.blogsoestado.com\/danielmatos\/wp-json\/wp\/v2\/tags?post=21377"}],"curies":[{"name":"wp","href":"https:\/\/api.w.org\/{rel}","templated":true}]}}