{"id":2138,"date":"2010-05-06T14:53:58","date_gmt":"2010-05-06T17:53:58","guid":{"rendered":"https:\/\/www.blogsoestado.com\/danielmatos\/?p=2138"},"modified":"2010-05-06T14:53:58","modified_gmt":"2010-05-06T17:53:58","slug":"porto-do-itaqui-pode-perder-investimento-de-r-19-milhoes-denuncia-deputado","status":"publish","type":"post","link":"https:\/\/www.blogsoestado.com\/danielmatos\/porto-do-itaqui-pode-perder-investimento-de-r-19-milhoes-denuncia-deputado\/","title":{"rendered":"&#8220;Porto do Itaqui pode perder investimento de R$ 19 milh\u00f5es&#8221;, alerta deputado"},"content":{"rendered":"<p><img fetchpriority=\"high\" decoding=\"async\" class=\"alignright size-full wp-image-2139\" src=\"https:\/\/www.blogsoestado.com\/danielmatos\/files\/2010\/05\/pedro-fernandes2.jpg\" alt=\"pedro fernandes2\" width=\"243\" height=\"262\" \/>Durante reuni\u00e3o da Comiss\u00e3o Mista de Or\u00e7amento (CMO), nesta quarta-feira (05\/05), o deputado federal Pedro Fernandes (PTB-MA) tomou conhecimento que o Governo Federal est\u00e1 tentando cancelar uma dota\u00e7\u00e3o de R$ 19 milh\u00f5es destinado para a aquisi\u00e7\u00e3o e montagem de Equipamento do Terminal de Gr\u00e3os no porto do Itaqui, o Tegram.<\/p>\n<p>O intuito do Governo Federal \u00e9 direcionar estes recursos para beneficiar o Porto de S\u00e3o Francisco do Sul, em Santa Catarina. Diante dessa tentativa, o deputado Pedro Fernandes entrou no mesmo dia com uma emenda que visa preservar essa dota\u00e7\u00e3o.<\/p>\n<p>&#8220;O Governo n\u00e3o pode tirar esses recurso do Maranh\u00e3o, j\u00e1 que o nosso porto do Itaqui est\u00e1 em plena expans\u00e3o. Temos \u00e9 que conseguir mais recursos e n\u00e3o cancelar o que j\u00e1 conseguimos. Existem grandes obras indo para o Maranh\u00e3o e nossa produ\u00e7\u00e3o de gr\u00e3oes est\u00e1 aumentando a cada ano. Sem falar que este terminal vai servir todo o Centro-Oeste. O apoio log\u00edstico do Itaqui \u00e9 fundamental&#8221;, justificou parlamentar.<\/p>\n<p>Geralmente quando h\u00e1 este tipo de supress\u00e3o com compensa\u00e7\u00e3o para outro benefici\u00e1rio, indica que ainda n\u00e3o h\u00e1 projeto consolidado para a obras ou que o Governo Federal ainda n\u00e3o tem conhecimento. Por\u00e9m, o Tegram j\u00e1 possui projeto apresentado pela Empresa Maranhense de Administra\u00e7\u00e3o Portu\u00e1ria (Emap) inclusive com data para iniciar: 2012. Projeto \u00e9 or\u00e7ado em R$ 300 milh\u00f5es.<\/p>\n<p>Com a apresenta\u00e7\u00e3o da emenda, Fernandes espera que o relator reavalie esse corte, mas o parlamentar considera que a Bancada Federal deve se unir em favor dessa causa pelo Maranh\u00e3o.<\/p>\n<p>&#8220;Fiz a emenda e espero que o relator, que ainda n\u00e3o foi definido, acate. Vou tentar mobilizar a Bancada para a emenda ganhar mais for\u00e7a&#8221;, disse.<\/p>\n<p><strong>Fonte:<\/strong> Assessoria de Imprensa do deputado Pedro Fernandes<\/p>\n","protected":false},"excerpt":{"rendered":"<p>Durante reuni\u00e3o da Comiss\u00e3o Mista de Or\u00e7amento (CMO), nesta quarta-feira (05\/05), o deputado federal Pedro Fernandes (PTB-MA) tomou conhecimento que [&hellip;]<\/p>\n","protected":false},"author":0,"featured_media":0,"comment_status":"open","ping_status":"open","sticky":false,"template":"","format":"standard","meta":{"site-sidebar-layout":"default","site-content-layout":"","ast-site-content-layout":"default","site-content-style":"default","site-sidebar-style":"default","ast-global-header-display":"","ast-banner-title-visibility":"","ast-main-header-display":"","ast-hfb-above-header-display":"","ast-hfb-below-header-display":"","ast-hfb-mobile-header-display":"","site-post-title":"","ast-breadcrumbs-content":"","ast-featured-img":"","footer-sml-layout":"","ast-disable-related-posts":"","theme-transparent-header-meta":"","adv-header-id-meta":"","stick-header-meta":"","header-above-stick-meta":"","header-main-stick-meta":"","header-below-stick-meta":"","astra-migrate-meta-layouts":"default","ast-page-background-enabled":"default","ast-page-background-meta":{"desktop":{"background-color":"var(--ast-global-color-5)","background-image":"","background-repeat":"repeat","background-position":"center center","background-size":"auto","background-attachment":"scroll","background-type":"","background-media":"","overlay-type":"","overlay-color":"","overlay-opacity":"","overlay-gradient":""},"tablet":{"background-color":"","background-image":"","background-repeat":"repeat","background-position":"center center","background-size":"auto","background-attachment":"scroll","background-type":"","background-media":"","overlay-type":"","overlay-color":"","overlay-opacity":"","overlay-gradient":""},"mobile":{"background-color":"","background-image":"","background-repeat":"repeat","background-position":"center center","background-size":"auto","background-attachment":"scroll","background-type":"","background-media":"","overlay-type":"","overlay-color":"","overlay-opacity":"","overlay-gradient":""}},"ast-content-background-meta":{"desktop":{"background-color":"var(--ast-global-color-4)","background-image":"","background-repeat":"repeat","background-position":"center center","background-size":"auto","background-attachment":"scroll","background-type":"","background-media":"","overlay-type":"","overlay-color":"","overlay-opacity":"","overlay-gradient":""},"tablet":{"background-color":"var(--ast-global-color-4)","background-image":"","background-repeat":"repeat","background-position":"center center","background-size":"auto","background-attachment":"scroll","background-type":"","background-media":"","overlay-type":"","overlay-color":"","overlay-opacity":"","overlay-gradient":""},"mobile":{"background-color":"var(--ast-global-color-4)","background-image":"","background-repeat":"repeat","background-position":"center center","background-size":"auto","background-attachment":"scroll","background-type":"","background-media":"","overlay-type":"","overlay-color":"","overlay-opacity":"","overlay-gradient":""}},"footnotes":""},"categories":[1],"tags":[],"class_list":["post-2138","post","type-post","status-publish","format-standard","hentry","category-sem-categoria"],"yoast_head":"<!-- This site is optimized with the Yoast SEO plugin v26.6 - https:\/\/yoast.com\/wordpress\/plugins\/seo\/ -->\n<title>&quot;Porto do Itaqui pode perder investimento de R$ 19 milh\u00f5es&quot;, alerta deputado - Daniel Matos<\/title>\n<meta name=\"robots\" content=\"index, follow, max-snippet:-1, max-image-preview:large, max-video-preview:-1\" \/>\n<link rel=\"canonical\" href=\"https:\/\/www.blogsoestado.com\/danielmatos\/porto-do-itaqui-pode-perder-investimento-de-r-19-milhoes-denuncia-deputado\/\" \/>\n<meta property=\"og:locale\" content=\"pt_BR\" \/>\n<meta property=\"og:type\" content=\"article\" \/>\n<meta property=\"og:title\" content=\"&quot;Porto do Itaqui pode perder investimento de R$ 19 milh\u00f5es&quot;, alerta deputado - Daniel Matos\" \/>\n<meta property=\"og:description\" content=\"Durante reuni\u00e3o da Comiss\u00e3o Mista de Or\u00e7amento (CMO), nesta quarta-feira (05\/05), o deputado federal Pedro Fernandes (PTB-MA) tomou conhecimento que [&hellip;]\" \/>\n<meta property=\"og:url\" content=\"https:\/\/www.blogsoestado.com\/danielmatos\/porto-do-itaqui-pode-perder-investimento-de-r-19-milhoes-denuncia-deputado\/\" \/>\n<meta property=\"og:site_name\" content=\"Daniel Matos\" \/>\n<meta property=\"article:published_time\" content=\"2010-05-06T17:53:58+00:00\" \/>\n<meta property=\"og:image\" content=\"https:\/\/www.blogsoestado.com\/danielmatos\/files\/2010\/05\/pedro-fernandes2.jpg\" \/>\n<meta name=\"twitter:card\" content=\"summary_large_image\" \/>\n<meta name=\"twitter:label1\" content=\"Est. tempo de leitura\" \/>\n\t<meta name=\"twitter:data1\" content=\"2 minutos\" \/>\n<script type=\"application\/ld+json\" class=\"yoast-schema-graph\">{\"@context\":\"https:\/\/schema.org\",\"@graph\":[{\"@type\":\"WebPage\",\"@id\":\"https:\/\/www.blogsoestado.com\/danielmatos\/porto-do-itaqui-pode-perder-investimento-de-r-19-milhoes-denuncia-deputado\/\",\"url\":\"https:\/\/www.blogsoestado.com\/danielmatos\/porto-do-itaqui-pode-perder-investimento-de-r-19-milhoes-denuncia-deputado\/\",\"name\":\"\\\"Porto do Itaqui pode perder investimento de R$ 19 milh\u00f5es\\\", alerta deputado - Daniel Matos\",\"isPartOf\":{\"@id\":\"https:\/\/www.blogsoestado.com\/danielmatos\/#website\"},\"primaryImageOfPage\":{\"@id\":\"https:\/\/www.blogsoestado.com\/danielmatos\/porto-do-itaqui-pode-perder-investimento-de-r-19-milhoes-denuncia-deputado\/#primaryimage\"},\"image\":{\"@id\":\"https:\/\/www.blogsoestado.com\/danielmatos\/porto-do-itaqui-pode-perder-investimento-de-r-19-milhoes-denuncia-deputado\/#primaryimage\"},\"thumbnailUrl\":\"https:\/\/www.blogsoestado.com\/danielmatos\/files\/2010\/05\/pedro-fernandes2.jpg\",\"datePublished\":\"2010-05-06T17:53:58+00:00\",\"author\":{\"@id\":\"\"},\"breadcrumb\":{\"@id\":\"https:\/\/www.blogsoestado.com\/danielmatos\/porto-do-itaqui-pode-perder-investimento-de-r-19-milhoes-denuncia-deputado\/#breadcrumb\"},\"inLanguage\":\"pt-BR\",\"potentialAction\":[{\"@type\":\"ReadAction\",\"target\":[\"https:\/\/www.blogsoestado.com\/danielmatos\/porto-do-itaqui-pode-perder-investimento-de-r-19-milhoes-denuncia-deputado\/\"]}]},{\"@type\":\"ImageObject\",\"inLanguage\":\"pt-BR\",\"@id\":\"https:\/\/www.blogsoestado.com\/danielmatos\/porto-do-itaqui-pode-perder-investimento-de-r-19-milhoes-denuncia-deputado\/#primaryimage\",\"url\":\"https:\/\/www.blogsoestado.com\/danielmatos\/files\/2010\/05\/pedro-fernandes2.jpg\",\"contentUrl\":\"https:\/\/www.blogsoestado.com\/danielmatos\/files\/2010\/05\/pedro-fernandes2.jpg\"},{\"@type\":\"BreadcrumbList\",\"@id\":\"https:\/\/www.blogsoestado.com\/danielmatos\/porto-do-itaqui-pode-perder-investimento-de-r-19-milhoes-denuncia-deputado\/#breadcrumb\",\"itemListElement\":[{\"@type\":\"ListItem\",\"position\":1,\"name\":\"In\u00edcio\",\"item\":\"https:\/\/www.blogsoestado.com\/danielmatos\/\"},{\"@type\":\"ListItem\",\"position\":2,\"name\":\"&#8220;Porto do Itaqui pode perder investimento de R$ 19 milh\u00f5es&#8221;, alerta deputado\"}]},{\"@type\":\"WebSite\",\"@id\":\"https:\/\/www.blogsoestado.com\/danielmatos\/#website\",\"url\":\"https:\/\/www.blogsoestado.com\/danielmatos\/\",\"name\":\"Daniel Matos\",\"description\":\"\",\"potentialAction\":[{\"@type\":\"SearchAction\",\"target\":{\"@type\":\"EntryPoint\",\"urlTemplate\":\"https:\/\/www.blogsoestado.com\/danielmatos\/?s={search_term_string}\"},\"query-input\":{\"@type\":\"PropertyValueSpecification\",\"valueRequired\":true,\"valueName\":\"search_term_string\"}}],\"inLanguage\":\"pt-BR\"}]}<\/script>\n<!-- \/ Yoast SEO plugin. -->","yoast_head_json":{"title":"\"Porto do Itaqui pode perder investimento de R$ 19 milh\u00f5es\", alerta deputado - Daniel Matos","robots":{"index":"index","follow":"follow","max-snippet":"max-snippet:-1","max-image-preview":"max-image-preview:large","max-video-preview":"max-video-preview:-1"},"canonical":"https:\/\/www.blogsoestado.com\/danielmatos\/porto-do-itaqui-pode-perder-investimento-de-r-19-milhoes-denuncia-deputado\/","og_locale":"pt_BR","og_type":"article","og_title":"\"Porto do Itaqui pode perder investimento de R$ 19 milh\u00f5es\", alerta deputado - Daniel Matos","og_description":"Durante reuni\u00e3o da Comiss\u00e3o Mista de Or\u00e7amento (CMO), nesta quarta-feira (05\/05), o deputado federal Pedro Fernandes (PTB-MA) tomou conhecimento que [&hellip;]","og_url":"https:\/\/www.blogsoestado.com\/danielmatos\/porto-do-itaqui-pode-perder-investimento-de-r-19-milhoes-denuncia-deputado\/","og_site_name":"Daniel Matos","article_published_time":"2010-05-06T17:53:58+00:00","og_image":[{"url":"https:\/\/www.blogsoestado.com\/danielmatos\/files\/2010\/05\/pedro-fernandes2.jpg","type":"","width":"","height":""}],"twitter_card":"summary_large_image","twitter_misc":{"Est. tempo de leitura":"2 minutos"},"schema":{"@context":"https:\/\/schema.org","@graph":[{"@type":"WebPage","@id":"https:\/\/www.blogsoestado.com\/danielmatos\/porto-do-itaqui-pode-perder-investimento-de-r-19-milhoes-denuncia-deputado\/","url":"https:\/\/www.blogsoestado.com\/danielmatos\/porto-do-itaqui-pode-perder-investimento-de-r-19-milhoes-denuncia-deputado\/","name":"\"Porto do Itaqui pode perder investimento de R$ 19 milh\u00f5es\", alerta deputado - Daniel Matos","isPartOf":{"@id":"https:\/\/www.blogsoestado.com\/danielmatos\/#website"},"primaryImageOfPage":{"@id":"https:\/\/www.blogsoestado.com\/danielmatos\/porto-do-itaqui-pode-perder-investimento-de-r-19-milhoes-denuncia-deputado\/#primaryimage"},"image":{"@id":"https:\/\/www.blogsoestado.com\/danielmatos\/porto-do-itaqui-pode-perder-investimento-de-r-19-milhoes-denuncia-deputado\/#primaryimage"},"thumbnailUrl":"https:\/\/www.blogsoestado.com\/danielmatos\/files\/2010\/05\/pedro-fernandes2.jpg","datePublished":"2010-05-06T17:53:58+00:00","author":{"@id":""},"breadcrumb":{"@id":"https:\/\/www.blogsoestado.com\/danielmatos\/porto-do-itaqui-pode-perder-investimento-de-r-19-milhoes-denuncia-deputado\/#breadcrumb"},"inLanguage":"pt-BR","potentialAction":[{"@type":"ReadAction","target":["https:\/\/www.blogsoestado.com\/danielmatos\/porto-do-itaqui-pode-perder-investimento-de-r-19-milhoes-denuncia-deputado\/"]}]},{"@type":"ImageObject","inLanguage":"pt-BR","@id":"https:\/\/www.blogsoestado.com\/danielmatos\/porto-do-itaqui-pode-perder-investimento-de-r-19-milhoes-denuncia-deputado\/#primaryimage","url":"https:\/\/www.blogsoestado.com\/danielmatos\/files\/2010\/05\/pedro-fernandes2.jpg","contentUrl":"https:\/\/www.blogsoestado.com\/danielmatos\/files\/2010\/05\/pedro-fernandes2.jpg"},{"@type":"BreadcrumbList","@id":"https:\/\/www.blogsoestado.com\/danielmatos\/porto-do-itaqui-pode-perder-investimento-de-r-19-milhoes-denuncia-deputado\/#breadcrumb","itemListElement":[{"@type":"ListItem","position":1,"name":"In\u00edcio","item":"https:\/\/www.blogsoestado.com\/danielmatos\/"},{"@type":"ListItem","position":2,"name":"&#8220;Porto do Itaqui pode perder investimento de R$ 19 milh\u00f5es&#8221;, alerta deputado"}]},{"@type":"WebSite","@id":"https:\/\/www.blogsoestado.com\/danielmatos\/#website","url":"https:\/\/www.blogsoestado.com\/danielmatos\/","name":"Daniel Matos","description":"","potentialAction":[{"@type":"SearchAction","target":{"@type":"EntryPoint","urlTemplate":"https:\/\/www.blogsoestado.com\/danielmatos\/?s={search_term_string}"},"query-input":{"@type":"PropertyValueSpecification","valueRequired":true,"valueName":"search_term_string"}}],"inLanguage":"pt-BR"}]}},"jetpack_featured_media_url":"","_links":{"self":[{"href":"https:\/\/www.blogsoestado.com\/danielmatos\/wp-json\/wp\/v2\/posts\/2138","targetHints":{"allow":["GET"]}}],"collection":[{"href":"https:\/\/www.blogsoestado.com\/danielmatos\/wp-json\/wp\/v2\/posts"}],"about":[{"href":"https:\/\/www.blogsoestado.com\/danielmatos\/wp-json\/wp\/v2\/types\/post"}],"replies":[{"embeddable":true,"href":"https:\/\/www.blogsoestado.com\/danielmatos\/wp-json\/wp\/v2\/comments?post=2138"}],"version-history":[{"count":0,"href":"https:\/\/www.blogsoestado.com\/danielmatos\/wp-json\/wp\/v2\/posts\/2138\/revisions"}],"wp:attachment":[{"href":"https:\/\/www.blogsoestado.com\/danielmatos\/wp-json\/wp\/v2\/media?parent=2138"}],"wp:term":[{"taxonomy":"category","embeddable":true,"href":"https:\/\/www.blogsoestado.com\/danielmatos\/wp-json\/wp\/v2\/categories?post=2138"},{"taxonomy":"post_tag","embeddable":true,"href":"https:\/\/www.blogsoestado.com\/danielmatos\/wp-json\/wp\/v2\/tags?post=2138"}],"curies":[{"name":"wp","href":"https:\/\/api.w.org\/{rel}","templated":true}]}}