{"id":21382,"date":"2015-01-02T09:33:27","date_gmt":"2015-01-02T12:33:27","guid":{"rendered":"https:\/\/www.blogsoestado.com\/danielmatos\/?p=21382"},"modified":"2015-01-02T09:33:27","modified_gmt":"2015-01-02T12:33:27","slug":"shows-e-muita-animacao-na-chegada-de-2015-em-paco-do-lumiar","status":"publish","type":"post","link":"https:\/\/www.blogsoestado.com\/danielmatos\/shows-e-muita-animacao-na-chegada-de-2015-em-paco-do-lumiar\/","title":{"rendered":"Shows e muita anima\u00e7\u00e3o na chegada de 2015 em Pa\u00e7o do Lumiar"},"content":{"rendered":"<figure id=\"attachment_21383\" aria-describedby=\"caption-attachment-21383\" style=\"width: 640px\" class=\"wp-caption aligncenter\"><a href=\"https:\/\/www.blogsoestado.com\/danielmatos\/files\/2015\/01\/pa\u00e7o-virada.jpg\"><img fetchpriority=\"high\" decoding=\"async\" class=\"size-full wp-image-21383\" src=\"https:\/\/www.blogsoestado.com\/danielmatos\/files\/2015\/01\/pa\u00e7o-virada.jpg\" alt=\"Mais de 8 mil pessoas participaram do R\u00e9veillon \u201cLuz e Alegria\u201d, no Viva Maiob\u00e3o\" width=\"640\" height=\"427\" \/><\/a><figcaption id=\"caption-attachment-21383\" class=\"wp-caption-text\">Contagem regressiva e uma queima de fotos anunciaram a chegada de 015 em Pa\u00e7o do Lumiar<\/figcaption><\/figure>\n<p>No Viva Maiob\u00e3o, mais de 8 mil pessoas participaram do R\u00e9veillon \u201cLuz e Alegria\u201d da Prefeitura Municipal de Pa\u00e7o do Lumiar, animado pela banda Forr\u00f3 Ostenta\u00e7\u00e3o, e as atra\u00e7\u00f5es especiais, Forroz\u00e3o Tropyk\u00e1lia , Wylley Gomes e Forr\u00f3 do Boyzinho. \u00c0 meia noite, a contagem regressiva e uma queima de fogos anunciaram a chegada de 2015.<\/p>\n<p>Na oportunidade, O prefeito professor Josemar (PR), acompanhado da primeira dama, Ivone Oliveira e do secret\u00e1rio de Cultura, Fernando Muniz proferiu mensagem de ano novo aos luminenses e afirmou o seu compromisso com a popula\u00e7\u00e3o.<\/p>\n<p>\u201cO ano de 2014 foi de muito trabalho, de pol\u00edticas p\u00fablicas em diversas \u00e1reas. Neste ano que se inicia, iremos trabalhar ainda mais, com interven\u00e7\u00f5es de infraestrutura nas comunidades, melhorias na educa\u00e7\u00e3o, na amplia\u00e7\u00e3o dos servi\u00e7os de sa\u00fade, no fortalecimento da produ\u00e7\u00e3o local e no desenvolvimento de pol\u00edticas sociais\u201d, anunciou o prefeito.<\/p>\n<p>Para o secret\u00e1rio de Cultura Fernando Muniz, o saldo da festa foi positivo e as expectativas quanto a p\u00fablico e \u00e0s bandas foram alcan\u00e7adas. \u201cFoi uma virada de ano tranquila, sem ocorr\u00eancias. Fam\u00edlias inteiras assistiram aos shows, brincaram e se confraternizaram\u201d, contou o secret\u00e1rio.<\/p>\n<p>Este foi o segundo r\u00e9veillon da administra\u00e7\u00e3o do professor Josemar que, a cada ano, busca reunir os luminenses num momento de confraterniza\u00e7\u00e3o regado a muita anima\u00e7\u00e3o e seguran\u00e7a.<\/p>\n<p><strong>Bandas<\/strong><\/p>\n<figure id=\"attachment_21384\" aria-describedby=\"caption-attachment-21384\" style=\"width: 640px\" class=\"wp-caption aligncenter\"><a href=\"https:\/\/www.blogsoestado.com\/danielmatos\/files\/2015\/01\/pa\u00e7o-virada2.jpg\"><img decoding=\"async\" class=\"size-full wp-image-21384\" src=\"https:\/\/www.blogsoestado.com\/danielmatos\/files\/2015\/01\/pa\u00e7o-virada2.jpg\" alt=\"Mais de 8 mil pessoas participaram do R\u00e9veillon \u201cLuz e Alegria\u201d, promovida pela Prefeitura, no Viva Maiob\u00e3o\" width=\"640\" height=\"427\" \/><\/a><figcaption id=\"caption-attachment-21384\" class=\"wp-caption-text\">Mais de 8 mil pessoas participaram do R\u00e9veillon \u201cLuz e Alegria\u201d, promovida pela Prefeitura, no Viva Maiob\u00e3o<\/figcaption><\/figure>\n<p>Os shows tiveram in\u00edcio \u00e0s 21h, com a banda local Forr\u00f3 Ostenta\u00e7\u00e3o. Em seguida, subiu ao palco, o Forroz\u00e3o Tropyk\u00e1lia com os seus consagrados sucessos: \u201cPlaneta de Cores\u201d e \u201cVoc\u00ea Fugiu de Mim\u201d, acompanhados em coro pelo p\u00fablico e f\u00e3s da banda que compareceram em grande n\u00famero.<\/p>\n<p>O cantor Wylley Gomes, (ex-Furac\u00e3o do Forr\u00f3) e o Forr\u00f3 do Boyzinho animaram o p\u00fablico at\u00e9 \u00e0s 02h, com uma apresenta\u00e7\u00e3o de muitos efeitos especiais no palco.<\/p>\n<p>A universit\u00e1ria, Luciana de F\u00e1tima Soares aprovou a festa. \u201cAchei as bandas muito boas, o repert\u00f3rio da Tropyk\u00e1lia \u00e9 excelente, cantei todas as m\u00fasicas. Mas, o cantor Wylley Gomes foi uma surpresa pra mim, ele \u00e9 a mais nova sensa\u00e7\u00e3o do forr\u00f3\u201d, destacou.<\/p>\n","protected":false},"excerpt":{"rendered":"<p>No Viva Maiob\u00e3o, mais de 8 mil pessoas participaram do R\u00e9veillon \u201cLuz e Alegria\u201d da Prefeitura Municipal de Pa\u00e7o do [&hellip;]<\/p>\n","protected":false},"author":0,"featured_media":0,"comment_status":"open","ping_status":"open","sticky":false,"template":"","format":"standard","meta":{"site-sidebar-layout":"default","site-content-layout":"","ast-site-content-layout":"default","site-content-style":"default","site-sidebar-style":"default","ast-global-header-display":"","ast-banner-title-visibility":"","ast-main-header-display":"","ast-hfb-above-header-display":"","ast-hfb-below-header-display":"","ast-hfb-mobile-header-display":"","site-post-title":"","ast-breadcrumbs-content":"","ast-featured-img":"","footer-sml-layout":"","ast-disable-related-posts":"","theme-transparent-header-meta":"","adv-header-id-meta":"","stick-header-meta":"","header-above-stick-meta":"","header-main-stick-meta":"","header-below-stick-meta":"","astra-migrate-meta-layouts":"default","ast-page-background-enabled":"default","ast-page-background-meta":{"desktop":{"background-color":"var(--ast-global-color-5)","background-image":"","background-repeat":"repeat","background-position":"center center","background-size":"auto","background-attachment":"scroll","background-type":"","background-media":"","overlay-type":"","overlay-color":"","overlay-opacity":"","overlay-gradient":""},"tablet":{"background-color":"","background-image":"","background-repeat":"repeat","background-position":"center center","background-size":"auto","background-attachment":"scroll","background-type":"","background-media":"","overlay-type":"","overlay-color":"","overlay-opacity":"","overlay-gradient":""},"mobile":{"background-color":"","background-image":"","background-repeat":"repeat","background-position":"center center","background-size":"auto","background-attachment":"scroll","background-type":"","background-media":"","overlay-type":"","overlay-color":"","overlay-opacity":"","overlay-gradient":""}},"ast-content-background-meta":{"desktop":{"background-color":"var(--ast-global-color-4)","background-image":"","background-repeat":"repeat","background-position":"center center","background-size":"auto","background-attachment":"scroll","background-type":"","background-media":"","overlay-type":"","overlay-color":"","overlay-opacity":"","overlay-gradient":""},"tablet":{"background-color":"var(--ast-global-color-4)","background-image":"","background-repeat":"repeat","background-position":"center center","background-size":"auto","background-attachment":"scroll","background-type":"","background-media":"","overlay-type":"","overlay-color":"","overlay-opacity":"","overlay-gradient":""},"mobile":{"background-color":"var(--ast-global-color-4)","background-image":"","background-repeat":"repeat","background-position":"center center","background-size":"auto","background-attachment":"scroll","background-type":"","background-media":"","overlay-type":"","overlay-color":"","overlay-opacity":"","overlay-gradient":""}},"footnotes":""},"categories":[1],"tags":[],"class_list":["post-21382","post","type-post","status-publish","format-standard","hentry","category-sem-categoria"],"yoast_head":"<!-- This site is optimized with the Yoast SEO plugin v26.6 - https:\/\/yoast.com\/wordpress\/plugins\/seo\/ -->\n<title>Shows e muita anima\u00e7\u00e3o na chegada de 2015 em Pa\u00e7o do Lumiar - Daniel Matos<\/title>\n<meta name=\"robots\" content=\"index, follow, max-snippet:-1, max-image-preview:large, max-video-preview:-1\" \/>\n<link rel=\"canonical\" href=\"https:\/\/www.blogsoestado.com\/danielmatos\/shows-e-muita-animacao-na-chegada-de-2015-em-paco-do-lumiar\/\" \/>\n<meta property=\"og:locale\" content=\"pt_BR\" \/>\n<meta property=\"og:type\" content=\"article\" \/>\n<meta property=\"og:title\" content=\"Shows e muita anima\u00e7\u00e3o na chegada de 2015 em Pa\u00e7o do Lumiar - Daniel Matos\" \/>\n<meta property=\"og:description\" content=\"No Viva Maiob\u00e3o, mais de 8 mil pessoas participaram do R\u00e9veillon \u201cLuz e Alegria\u201d da Prefeitura Municipal de Pa\u00e7o do [&hellip;]\" \/>\n<meta property=\"og:url\" content=\"https:\/\/www.blogsoestado.com\/danielmatos\/shows-e-muita-animacao-na-chegada-de-2015-em-paco-do-lumiar\/\" \/>\n<meta property=\"og:site_name\" content=\"Daniel Matos\" \/>\n<meta property=\"article:published_time\" content=\"2015-01-02T12:33:27+00:00\" \/>\n<meta name=\"twitter:card\" content=\"summary_large_image\" \/>\n<meta name=\"twitter:label1\" content=\"Est. tempo de leitura\" \/>\n\t<meta name=\"twitter:data1\" content=\"2 minutos\" \/>\n<script type=\"application\/ld+json\" class=\"yoast-schema-graph\">{\"@context\":\"https:\/\/schema.org\",\"@graph\":[{\"@type\":\"WebPage\",\"@id\":\"https:\/\/www.blogsoestado.com\/danielmatos\/shows-e-muita-animacao-na-chegada-de-2015-em-paco-do-lumiar\/\",\"url\":\"https:\/\/www.blogsoestado.com\/danielmatos\/shows-e-muita-animacao-na-chegada-de-2015-em-paco-do-lumiar\/\",\"name\":\"Shows e muita anima\u00e7\u00e3o na chegada de 2015 em Pa\u00e7o do Lumiar - Daniel Matos\",\"isPartOf\":{\"@id\":\"https:\/\/www.blogsoestado.com\/danielmatos\/#website\"},\"datePublished\":\"2015-01-02T12:33:27+00:00\",\"author\":{\"@id\":\"\"},\"breadcrumb\":{\"@id\":\"https:\/\/www.blogsoestado.com\/danielmatos\/shows-e-muita-animacao-na-chegada-de-2015-em-paco-do-lumiar\/#breadcrumb\"},\"inLanguage\":\"pt-BR\",\"potentialAction\":[{\"@type\":\"ReadAction\",\"target\":[\"https:\/\/www.blogsoestado.com\/danielmatos\/shows-e-muita-animacao-na-chegada-de-2015-em-paco-do-lumiar\/\"]}]},{\"@type\":\"BreadcrumbList\",\"@id\":\"https:\/\/www.blogsoestado.com\/danielmatos\/shows-e-muita-animacao-na-chegada-de-2015-em-paco-do-lumiar\/#breadcrumb\",\"itemListElement\":[{\"@type\":\"ListItem\",\"position\":1,\"name\":\"In\u00edcio\",\"item\":\"https:\/\/www.blogsoestado.com\/danielmatos\/\"},{\"@type\":\"ListItem\",\"position\":2,\"name\":\"Shows e muita anima\u00e7\u00e3o na chegada de 2015 em Pa\u00e7o do Lumiar\"}]},{\"@type\":\"WebSite\",\"@id\":\"https:\/\/www.blogsoestado.com\/danielmatos\/#website\",\"url\":\"https:\/\/www.blogsoestado.com\/danielmatos\/\",\"name\":\"Daniel Matos\",\"description\":\"\",\"potentialAction\":[{\"@type\":\"SearchAction\",\"target\":{\"@type\":\"EntryPoint\",\"urlTemplate\":\"https:\/\/www.blogsoestado.com\/danielmatos\/?s={search_term_string}\"},\"query-input\":{\"@type\":\"PropertyValueSpecification\",\"valueRequired\":true,\"valueName\":\"search_term_string\"}}],\"inLanguage\":\"pt-BR\"}]}<\/script>\n<!-- \/ Yoast SEO plugin. -->","yoast_head_json":{"title":"Shows e muita anima\u00e7\u00e3o na chegada de 2015 em Pa\u00e7o do Lumiar - Daniel Matos","robots":{"index":"index","follow":"follow","max-snippet":"max-snippet:-1","max-image-preview":"max-image-preview:large","max-video-preview":"max-video-preview:-1"},"canonical":"https:\/\/www.blogsoestado.com\/danielmatos\/shows-e-muita-animacao-na-chegada-de-2015-em-paco-do-lumiar\/","og_locale":"pt_BR","og_type":"article","og_title":"Shows e muita anima\u00e7\u00e3o na chegada de 2015 em Pa\u00e7o do Lumiar - Daniel Matos","og_description":"No Viva Maiob\u00e3o, mais de 8 mil pessoas participaram do R\u00e9veillon \u201cLuz e Alegria\u201d da Prefeitura Municipal de Pa\u00e7o do [&hellip;]","og_url":"https:\/\/www.blogsoestado.com\/danielmatos\/shows-e-muita-animacao-na-chegada-de-2015-em-paco-do-lumiar\/","og_site_name":"Daniel Matos","article_published_time":"2015-01-02T12:33:27+00:00","twitter_card":"summary_large_image","twitter_misc":{"Est. tempo de leitura":"2 minutos"},"schema":{"@context":"https:\/\/schema.org","@graph":[{"@type":"WebPage","@id":"https:\/\/www.blogsoestado.com\/danielmatos\/shows-e-muita-animacao-na-chegada-de-2015-em-paco-do-lumiar\/","url":"https:\/\/www.blogsoestado.com\/danielmatos\/shows-e-muita-animacao-na-chegada-de-2015-em-paco-do-lumiar\/","name":"Shows e muita anima\u00e7\u00e3o na chegada de 2015 em Pa\u00e7o do Lumiar - Daniel Matos","isPartOf":{"@id":"https:\/\/www.blogsoestado.com\/danielmatos\/#website"},"datePublished":"2015-01-02T12:33:27+00:00","author":{"@id":""},"breadcrumb":{"@id":"https:\/\/www.blogsoestado.com\/danielmatos\/shows-e-muita-animacao-na-chegada-de-2015-em-paco-do-lumiar\/#breadcrumb"},"inLanguage":"pt-BR","potentialAction":[{"@type":"ReadAction","target":["https:\/\/www.blogsoestado.com\/danielmatos\/shows-e-muita-animacao-na-chegada-de-2015-em-paco-do-lumiar\/"]}]},{"@type":"BreadcrumbList","@id":"https:\/\/www.blogsoestado.com\/danielmatos\/shows-e-muita-animacao-na-chegada-de-2015-em-paco-do-lumiar\/#breadcrumb","itemListElement":[{"@type":"ListItem","position":1,"name":"In\u00edcio","item":"https:\/\/www.blogsoestado.com\/danielmatos\/"},{"@type":"ListItem","position":2,"name":"Shows e muita anima\u00e7\u00e3o na chegada de 2015 em Pa\u00e7o do Lumiar"}]},{"@type":"WebSite","@id":"https:\/\/www.blogsoestado.com\/danielmatos\/#website","url":"https:\/\/www.blogsoestado.com\/danielmatos\/","name":"Daniel Matos","description":"","potentialAction":[{"@type":"SearchAction","target":{"@type":"EntryPoint","urlTemplate":"https:\/\/www.blogsoestado.com\/danielmatos\/?s={search_term_string}"},"query-input":{"@type":"PropertyValueSpecification","valueRequired":true,"valueName":"search_term_string"}}],"inLanguage":"pt-BR"}]}},"jetpack_featured_media_url":"","_links":{"self":[{"href":"https:\/\/www.blogsoestado.com\/danielmatos\/wp-json\/wp\/v2\/posts\/21382","targetHints":{"allow":["GET"]}}],"collection":[{"href":"https:\/\/www.blogsoestado.com\/danielmatos\/wp-json\/wp\/v2\/posts"}],"about":[{"href":"https:\/\/www.blogsoestado.com\/danielmatos\/wp-json\/wp\/v2\/types\/post"}],"replies":[{"embeddable":true,"href":"https:\/\/www.blogsoestado.com\/danielmatos\/wp-json\/wp\/v2\/comments?post=21382"}],"version-history":[{"count":0,"href":"https:\/\/www.blogsoestado.com\/danielmatos\/wp-json\/wp\/v2\/posts\/21382\/revisions"}],"wp:attachment":[{"href":"https:\/\/www.blogsoestado.com\/danielmatos\/wp-json\/wp\/v2\/media?parent=21382"}],"wp:term":[{"taxonomy":"category","embeddable":true,"href":"https:\/\/www.blogsoestado.com\/danielmatos\/wp-json\/wp\/v2\/categories?post=21382"},{"taxonomy":"post_tag","embeddable":true,"href":"https:\/\/www.blogsoestado.com\/danielmatos\/wp-json\/wp\/v2\/tags?post=21382"}],"curies":[{"name":"wp","href":"https:\/\/api.w.org\/{rel}","templated":true}]}}