{"id":21386,"date":"2015-01-02T10:25:23","date_gmt":"2015-01-02T13:25:23","guid":{"rendered":"https:\/\/www.blogsoestado.com\/danielmatos\/?p=21386"},"modified":"2015-01-02T10:25:23","modified_gmt":"2015-01-02T13:25:23","slug":"governo-federal-desapropria-4-fazendas-no-maranhao-para-reforma-agraria","status":"publish","type":"post","link":"https:\/\/www.blogsoestado.com\/danielmatos\/governo-federal-desapropria-4-fazendas-no-maranhao-para-reforma-agraria\/","title":{"rendered":"Governo Federal desapropria 4 fazendas no Maranh\u00e3o para reforma agr\u00e1ria"},"content":{"rendered":"<p><a href=\"https:\/\/www.blogsoestado.com\/danielmatos\/files\/2015\/01\/incra-reforma-agraria.jpg\"><img fetchpriority=\"high\" decoding=\"async\" class=\"aligncenter size-full wp-image-21387\" src=\"https:\/\/www.blogsoestado.com\/danielmatos\/files\/2015\/01\/incra-reforma-agraria.jpg\" alt=\"incra reforma agraria\" width=\"640\" height=\"81\" \/><\/a><\/p>\n<p>A presidenta da Rep\u00fablica, Dilma Rousseff, decretou, na \u00faltima quarta-feira (31), 22 novas \u00e1reas para fins de reforma agr\u00e1ria, que somam 57.680 mil hectares e v\u00e3o beneficiar 1.504 fam\u00edlias de trabalhadores rurais em 10 estados brasileiros. No Maranh\u00e3o, foram desapropriadas quatro fazendas, localizadas em Chapadinha (2), Imperatriz e Presidente Vargas. O estado foi o segundo mais contemplado pela medida e ficou atr\u00e1s epenas de Goi\u00e1s, onde foram desapropriados cinco im\u00f3veis para fins de reforma agr\u00e1ria.<\/p>\n<p>Os decretos foram publicados no Di\u00e1rio Oficial da Uni\u00e3o nesta data. Somados \u00e0s oito \u00e1reas decretadas no dia 26 de agosto de 2014, s\u00e3o 66.658 mil hectares destinado \u00e0 reforma agr\u00e1ria, que beneficiar\u00e3o 1.739 fam\u00edlias em 10 estados.<\/p>\n<p>&#8221; Esses decretos s\u00e3o um inequ\u00edvoco reconhecimento da presidenta Dilma Rousseff ao competente trabalho realizado pelas equipes do Incra, que aprimoraram os processos de desapropria\u00e7\u00e3o de im\u00f3veis visando sua destina\u00e7\u00e3o \u00e0\u00a0reforma agr\u00e1ria&#8221;, avalia o presidente da do Instituto Nacional de Coloniza\u00e7\u00e3o e Reforma Agr\u00e1ria (Incra), Carlos Guedes.<\/p>\n<p>Para ilustrar as medidas de aperfei\u00e7oamento das normas que regulam o processo de desapropria\u00e7\u00e3o, Guedes destacou que a partir da publica\u00e7\u00e3o das Portarias n\u00ba 6 e 7, de 31 de Janeiro de 2013, e a portaria n\u00ba 83, de 28 de novembro de 2014, do Minist\u00e9rio do Desenvolvimento Agr\u00e1rio, todo o im\u00f3vel encaminhado \u00e0 Presid\u00eancia da Rep\u00fablica visando a sua desapropria\u00e7\u00e3o segue com o estudo de viabilidade socioecon\u00f4mica do futuro assentamento, al\u00e9m do laudo de produtividade e avalia\u00e7\u00e3o de custo do im\u00f3vel.<\/p>\n<p><strong>Distribui\u00e7\u00e3o<\/strong><\/p>\n<p>Os decretos declaram de interesse social para fins de reforma agr\u00e1ria im\u00f3veis rurais localizados nos estados de Goi\u00e1s (05), Maranh\u00e3o (04), Pernambuco (04), Minas Gerais (02), Par\u00e1 (01), Para\u00edba (02), Rio Grande do Norte 01), Rond\u00f4nia (01), Santa Catarina (01) e Sergipe (01).<\/p>\n<p>Conforme per\u00edcia t\u00e9cnica realizada pelo Incra, todas as \u00e1reas apresentaram \u00edndices de produtividade abaixo do que determina a Constitui\u00e7\u00e3o Federal, o que motivou sua desapropria\u00e7\u00e3o.<\/p>\n<p>A partir do decreto presidencial o Incra vai ajuizar a A\u00e7\u00e3o de Desapropria\u00e7\u00e3o de cada im\u00f3vel, mediante dep\u00f3sito em ju\u00edzo do montante da indeniza\u00e7\u00e3o das benfeitorias e apresentar \u00e0 Justi\u00e7a comprovante de emiss\u00e3o dos T\u00edtulos da D\u00edvida Agr\u00e1ria para pagamento da terra nua.<\/p>\n<p>O levantamento t\u00e9cnico feito pelo Incra, com base na Portaria MDA n\u00ba 7 de 31 de Janeiro de 2013, aponta um investimento de R$ 76,7 milh\u00f5es no pagamento dos 22 im\u00f3veis, cujos valores j\u00e1 constam do or\u00e7amento do Incra no exerc\u00edcio de 2015.<\/p>\n<p>O Estudo de Capacidade de Gera\u00e7\u00e3o de Renda (ECGR), que estabeleceu a quantidade de fam\u00edlias a serem assentadas em cada \u00e1rea, tamb\u00e9m indicou a voca\u00e7\u00e3o produtiva dos futuros assentamentos, com destaque para a planta\u00e7\u00e3o de mandioca, bovinocultura de corte e leite, avicultura de postura e corte e a produ\u00e7\u00e3o de frutas.<\/p>\n<p>A an\u00e1lise do ECGR leva em conta as particularidades do relevo, hidrografia, dos mercados locais e da conjuntura socioecon\u00f4mica da regi\u00e3o onde ser\u00e3o implantados os novos assentamentos.<\/p>\n<p>No per\u00edodo de 2010 a 2014 foram decretados pela presidenta Dilma Rousseff 374 im\u00f3veis para fins de reforma agr\u00e1ria em \u00e1rea de 731.206 hectares.<\/p>\n<p>Abaixo, a lista com as 22 fazendas desapropriadas, com destaque para as quatro situadas no Maranh\u00e3o:<\/p>\n<p><a href=\"https:\/\/www.blogsoestado.com\/danielmatos\/files\/2015\/01\/fazendas-reforma-agraria.jpg\"><img decoding=\"async\" class=\"aligncenter size-full wp-image-21389\" src=\"https:\/\/www.blogsoestado.com\/danielmatos\/files\/2015\/01\/fazendas-reforma-agraria.jpg\" alt=\"fazendas reforma agraria\" width=\"640\" height=\"432\" \/><\/a><\/p>\n<p><strong>Fonte:<\/strong> Incra<\/p>\n","protected":false},"excerpt":{"rendered":"<p>A presidenta da Rep\u00fablica, Dilma Rousseff, decretou, na \u00faltima quarta-feira (31), 22 novas \u00e1reas para fins de reforma agr\u00e1ria, que [&hellip;]<\/p>\n","protected":false},"author":0,"featured_media":0,"comment_status":"open","ping_status":"open","sticky":false,"template":"","format":"standard","meta":{"site-sidebar-layout":"default","site-content-layout":"","ast-site-content-layout":"default","site-content-style":"default","site-sidebar-style":"default","ast-global-header-display":"","ast-banner-title-visibility":"","ast-main-header-display":"","ast-hfb-above-header-display":"","ast-hfb-below-header-display":"","ast-hfb-mobile-header-display":"","site-post-title":"","ast-breadcrumbs-content":"","ast-featured-img":"","footer-sml-layout":"","ast-disable-related-posts":"","theme-transparent-header-meta":"","adv-header-id-meta":"","stick-header-meta":"","header-above-stick-meta":"","header-main-stick-meta":"","header-below-stick-meta":"","astra-migrate-meta-layouts":"default","ast-page-background-enabled":"default","ast-page-background-meta":{"desktop":{"background-color":"var(--ast-global-color-5)","background-image":"","background-repeat":"repeat","background-position":"center center","background-size":"auto","background-attachment":"scroll","background-type":"","background-media":"","overlay-type":"","overlay-color":"","overlay-opacity":"","overlay-gradient":""},"tablet":{"background-color":"","background-image":"","background-repeat":"repeat","background-position":"center center","background-size":"auto","background-attachment":"scroll","background-type":"","background-media":"","overlay-type":"","overlay-color":"","overlay-opacity":"","overlay-gradient":""},"mobile":{"background-color":"","background-image":"","background-repeat":"repeat","background-position":"center center","background-size":"auto","background-attachment":"scroll","background-type":"","background-media":"","overlay-type":"","overlay-color":"","overlay-opacity":"","overlay-gradient":""}},"ast-content-background-meta":{"desktop":{"background-color":"var(--ast-global-color-4)","background-image":"","background-repeat":"repeat","background-position":"center center","background-size":"auto","background-attachment":"scroll","background-type":"","background-media":"","overlay-type":"","overlay-color":"","overlay-opacity":"","overlay-gradient":""},"tablet":{"background-color":"var(--ast-global-color-4)","background-image":"","background-repeat":"repeat","background-position":"center center","background-size":"auto","background-attachment":"scroll","background-type":"","background-media":"","overlay-type":"","overlay-color":"","overlay-opacity":"","overlay-gradient":""},"mobile":{"background-color":"var(--ast-global-color-4)","background-image":"","background-repeat":"repeat","background-position":"center center","background-size":"auto","background-attachment":"scroll","background-type":"","background-media":"","overlay-type":"","overlay-color":"","overlay-opacity":"","overlay-gradient":""}},"footnotes":""},"categories":[1],"tags":[],"class_list":["post-21386","post","type-post","status-publish","format-standard","hentry","category-sem-categoria"],"yoast_head":"<!-- This site is optimized with the Yoast SEO plugin v26.6 - https:\/\/yoast.com\/wordpress\/plugins\/seo\/ -->\n<title>Governo Federal desapropria 4 fazendas no Maranh\u00e3o para reforma agr\u00e1ria - Daniel Matos<\/title>\n<meta name=\"robots\" content=\"index, follow, max-snippet:-1, max-image-preview:large, max-video-preview:-1\" \/>\n<link rel=\"canonical\" href=\"https:\/\/www.blogsoestado.com\/danielmatos\/governo-federal-desapropria-4-fazendas-no-maranhao-para-reforma-agraria\/\" \/>\n<meta property=\"og:locale\" content=\"pt_BR\" \/>\n<meta property=\"og:type\" content=\"article\" \/>\n<meta property=\"og:title\" content=\"Governo Federal desapropria 4 fazendas no Maranh\u00e3o para reforma agr\u00e1ria - Daniel Matos\" \/>\n<meta property=\"og:description\" content=\"A presidenta da Rep\u00fablica, Dilma Rousseff, decretou, na \u00faltima quarta-feira (31), 22 novas \u00e1reas para fins de reforma agr\u00e1ria, que [&hellip;]\" \/>\n<meta property=\"og:url\" content=\"https:\/\/www.blogsoestado.com\/danielmatos\/governo-federal-desapropria-4-fazendas-no-maranhao-para-reforma-agraria\/\" \/>\n<meta property=\"og:site_name\" content=\"Daniel Matos\" \/>\n<meta property=\"article:published_time\" content=\"2015-01-02T13:25:23+00:00\" \/>\n<meta property=\"og:image\" content=\"https:\/\/www.blogsoestado.com\/danielmatos\/files\/2015\/01\/incra-reforma-agraria.jpg\" \/>\n<meta name=\"twitter:card\" content=\"summary_large_image\" \/>\n<meta name=\"twitter:label1\" content=\"Est. tempo de leitura\" \/>\n\t<meta name=\"twitter:data1\" content=\"3 minutos\" \/>\n<script type=\"application\/ld+json\" class=\"yoast-schema-graph\">{\"@context\":\"https:\/\/schema.org\",\"@graph\":[{\"@type\":\"WebPage\",\"@id\":\"https:\/\/www.blogsoestado.com\/danielmatos\/governo-federal-desapropria-4-fazendas-no-maranhao-para-reforma-agraria\/\",\"url\":\"https:\/\/www.blogsoestado.com\/danielmatos\/governo-federal-desapropria-4-fazendas-no-maranhao-para-reforma-agraria\/\",\"name\":\"Governo Federal desapropria 4 fazendas no Maranh\u00e3o para reforma agr\u00e1ria - Daniel Matos\",\"isPartOf\":{\"@id\":\"https:\/\/www.blogsoestado.com\/danielmatos\/#website\"},\"primaryImageOfPage\":{\"@id\":\"https:\/\/www.blogsoestado.com\/danielmatos\/governo-federal-desapropria-4-fazendas-no-maranhao-para-reforma-agraria\/#primaryimage\"},\"image\":{\"@id\":\"https:\/\/www.blogsoestado.com\/danielmatos\/governo-federal-desapropria-4-fazendas-no-maranhao-para-reforma-agraria\/#primaryimage\"},\"thumbnailUrl\":\"https:\/\/www.blogsoestado.com\/danielmatos\/files\/2015\/01\/incra-reforma-agraria.jpg\",\"datePublished\":\"2015-01-02T13:25:23+00:00\",\"author\":{\"@id\":\"\"},\"breadcrumb\":{\"@id\":\"https:\/\/www.blogsoestado.com\/danielmatos\/governo-federal-desapropria-4-fazendas-no-maranhao-para-reforma-agraria\/#breadcrumb\"},\"inLanguage\":\"pt-BR\",\"potentialAction\":[{\"@type\":\"ReadAction\",\"target\":[\"https:\/\/www.blogsoestado.com\/danielmatos\/governo-federal-desapropria-4-fazendas-no-maranhao-para-reforma-agraria\/\"]}]},{\"@type\":\"ImageObject\",\"inLanguage\":\"pt-BR\",\"@id\":\"https:\/\/www.blogsoestado.com\/danielmatos\/governo-federal-desapropria-4-fazendas-no-maranhao-para-reforma-agraria\/#primaryimage\",\"url\":\"https:\/\/www.blogsoestado.com\/danielmatos\/files\/2015\/01\/incra-reforma-agraria.jpg\",\"contentUrl\":\"https:\/\/www.blogsoestado.com\/danielmatos\/files\/2015\/01\/incra-reforma-agraria.jpg\"},{\"@type\":\"BreadcrumbList\",\"@id\":\"https:\/\/www.blogsoestado.com\/danielmatos\/governo-federal-desapropria-4-fazendas-no-maranhao-para-reforma-agraria\/#breadcrumb\",\"itemListElement\":[{\"@type\":\"ListItem\",\"position\":1,\"name\":\"In\u00edcio\",\"item\":\"https:\/\/www.blogsoestado.com\/danielmatos\/\"},{\"@type\":\"ListItem\",\"position\":2,\"name\":\"Governo Federal desapropria 4 fazendas no Maranh\u00e3o para reforma agr\u00e1ria\"}]},{\"@type\":\"WebSite\",\"@id\":\"https:\/\/www.blogsoestado.com\/danielmatos\/#website\",\"url\":\"https:\/\/www.blogsoestado.com\/danielmatos\/\",\"name\":\"Daniel Matos\",\"description\":\"\",\"potentialAction\":[{\"@type\":\"SearchAction\",\"target\":{\"@type\":\"EntryPoint\",\"urlTemplate\":\"https:\/\/www.blogsoestado.com\/danielmatos\/?s={search_term_string}\"},\"query-input\":{\"@type\":\"PropertyValueSpecification\",\"valueRequired\":true,\"valueName\":\"search_term_string\"}}],\"inLanguage\":\"pt-BR\"}]}<\/script>\n<!-- \/ Yoast SEO plugin. -->","yoast_head_json":{"title":"Governo Federal desapropria 4 fazendas no Maranh\u00e3o para reforma agr\u00e1ria - Daniel Matos","robots":{"index":"index","follow":"follow","max-snippet":"max-snippet:-1","max-image-preview":"max-image-preview:large","max-video-preview":"max-video-preview:-1"},"canonical":"https:\/\/www.blogsoestado.com\/danielmatos\/governo-federal-desapropria-4-fazendas-no-maranhao-para-reforma-agraria\/","og_locale":"pt_BR","og_type":"article","og_title":"Governo Federal desapropria 4 fazendas no Maranh\u00e3o para reforma agr\u00e1ria - Daniel Matos","og_description":"A presidenta da Rep\u00fablica, Dilma Rousseff, decretou, na \u00faltima quarta-feira (31), 22 novas \u00e1reas para fins de reforma agr\u00e1ria, que [&hellip;]","og_url":"https:\/\/www.blogsoestado.com\/danielmatos\/governo-federal-desapropria-4-fazendas-no-maranhao-para-reforma-agraria\/","og_site_name":"Daniel Matos","article_published_time":"2015-01-02T13:25:23+00:00","og_image":[{"url":"https:\/\/www.blogsoestado.com\/danielmatos\/files\/2015\/01\/incra-reforma-agraria.jpg","type":"","width":"","height":""}],"twitter_card":"summary_large_image","twitter_misc":{"Est. tempo de leitura":"3 minutos"},"schema":{"@context":"https:\/\/schema.org","@graph":[{"@type":"WebPage","@id":"https:\/\/www.blogsoestado.com\/danielmatos\/governo-federal-desapropria-4-fazendas-no-maranhao-para-reforma-agraria\/","url":"https:\/\/www.blogsoestado.com\/danielmatos\/governo-federal-desapropria-4-fazendas-no-maranhao-para-reforma-agraria\/","name":"Governo Federal desapropria 4 fazendas no Maranh\u00e3o para reforma agr\u00e1ria - Daniel Matos","isPartOf":{"@id":"https:\/\/www.blogsoestado.com\/danielmatos\/#website"},"primaryImageOfPage":{"@id":"https:\/\/www.blogsoestado.com\/danielmatos\/governo-federal-desapropria-4-fazendas-no-maranhao-para-reforma-agraria\/#primaryimage"},"image":{"@id":"https:\/\/www.blogsoestado.com\/danielmatos\/governo-federal-desapropria-4-fazendas-no-maranhao-para-reforma-agraria\/#primaryimage"},"thumbnailUrl":"https:\/\/www.blogsoestado.com\/danielmatos\/files\/2015\/01\/incra-reforma-agraria.jpg","datePublished":"2015-01-02T13:25:23+00:00","author":{"@id":""},"breadcrumb":{"@id":"https:\/\/www.blogsoestado.com\/danielmatos\/governo-federal-desapropria-4-fazendas-no-maranhao-para-reforma-agraria\/#breadcrumb"},"inLanguage":"pt-BR","potentialAction":[{"@type":"ReadAction","target":["https:\/\/www.blogsoestado.com\/danielmatos\/governo-federal-desapropria-4-fazendas-no-maranhao-para-reforma-agraria\/"]}]},{"@type":"ImageObject","inLanguage":"pt-BR","@id":"https:\/\/www.blogsoestado.com\/danielmatos\/governo-federal-desapropria-4-fazendas-no-maranhao-para-reforma-agraria\/#primaryimage","url":"https:\/\/www.blogsoestado.com\/danielmatos\/files\/2015\/01\/incra-reforma-agraria.jpg","contentUrl":"https:\/\/www.blogsoestado.com\/danielmatos\/files\/2015\/01\/incra-reforma-agraria.jpg"},{"@type":"BreadcrumbList","@id":"https:\/\/www.blogsoestado.com\/danielmatos\/governo-federal-desapropria-4-fazendas-no-maranhao-para-reforma-agraria\/#breadcrumb","itemListElement":[{"@type":"ListItem","position":1,"name":"In\u00edcio","item":"https:\/\/www.blogsoestado.com\/danielmatos\/"},{"@type":"ListItem","position":2,"name":"Governo Federal desapropria 4 fazendas no Maranh\u00e3o para reforma agr\u00e1ria"}]},{"@type":"WebSite","@id":"https:\/\/www.blogsoestado.com\/danielmatos\/#website","url":"https:\/\/www.blogsoestado.com\/danielmatos\/","name":"Daniel Matos","description":"","potentialAction":[{"@type":"SearchAction","target":{"@type":"EntryPoint","urlTemplate":"https:\/\/www.blogsoestado.com\/danielmatos\/?s={search_term_string}"},"query-input":{"@type":"PropertyValueSpecification","valueRequired":true,"valueName":"search_term_string"}}],"inLanguage":"pt-BR"}]}},"jetpack_featured_media_url":"","_links":{"self":[{"href":"https:\/\/www.blogsoestado.com\/danielmatos\/wp-json\/wp\/v2\/posts\/21386","targetHints":{"allow":["GET"]}}],"collection":[{"href":"https:\/\/www.blogsoestado.com\/danielmatos\/wp-json\/wp\/v2\/posts"}],"about":[{"href":"https:\/\/www.blogsoestado.com\/danielmatos\/wp-json\/wp\/v2\/types\/post"}],"replies":[{"embeddable":true,"href":"https:\/\/www.blogsoestado.com\/danielmatos\/wp-json\/wp\/v2\/comments?post=21386"}],"version-history":[{"count":0,"href":"https:\/\/www.blogsoestado.com\/danielmatos\/wp-json\/wp\/v2\/posts\/21386\/revisions"}],"wp:attachment":[{"href":"https:\/\/www.blogsoestado.com\/danielmatos\/wp-json\/wp\/v2\/media?parent=21386"}],"wp:term":[{"taxonomy":"category","embeddable":true,"href":"https:\/\/www.blogsoestado.com\/danielmatos\/wp-json\/wp\/v2\/categories?post=21386"},{"taxonomy":"post_tag","embeddable":true,"href":"https:\/\/www.blogsoestado.com\/danielmatos\/wp-json\/wp\/v2\/tags?post=21386"}],"curies":[{"name":"wp","href":"https:\/\/api.w.org\/{rel}","templated":true}]}}