{"id":21393,"date":"2015-01-02T11:12:47","date_gmt":"2015-01-02T14:12:47","guid":{"rendered":"https:\/\/www.blogsoestado.com\/danielmatos\/?p=21393"},"modified":"2015-01-02T11:12:47","modified_gmt":"2015-01-02T14:12:47","slug":"astro-assume-presidencia-da-camara-e-promete-priorizar-servidores","status":"publish","type":"post","link":"https:\/\/www.blogsoestado.com\/danielmatos\/astro-assume-presidencia-da-camara-e-promete-priorizar-servidores\/","title":{"rendered":"Astro assume presid\u00eancia da C\u00e2mara prometendo priorizar servidores"},"content":{"rendered":"<figure id=\"attachment_21394\" aria-describedby=\"caption-attachment-21394\" style=\"width: 448px\" class=\"wp-caption alignright\"><a href=\"https:\/\/www.blogsoestado.com\/danielmatos\/files\/2015\/01\/astro-toma-posse.jpg\"><img fetchpriority=\"high\" decoding=\"async\" class=\"size-full wp-image-21394\" src=\"https:\/\/www.blogsoestado.com\/danielmatos\/files\/2015\/01\/astro-toma-posse.jpg\" alt=\"Astro de Ogum faz juramento na sess\u00e3o em que foi empossado presidente da C\u00e2mara \" width=\"448\" height=\"298\" \/><\/a><figcaption id=\"caption-attachment-21394\" class=\"wp-caption-text\">Astro faz juramento na sess\u00e3o em que foi empossado presidente da C\u00e2mara<\/figcaption><\/figure>\n<p>Ao fazer seu primeiro pronunciamento j\u00e1 como presidente da C\u00e2mara Municipal de S\u00e3o Lu\u00eds, o vereador Astro de Ogum (PMN) abordando as metas a serem seguidas por sua administra\u00e7\u00e3o falou de dirigir o Legislativo com os olhos diretamente voltados para a quest\u00e3o estrutural, principalmente no tocante \u00e0\u00a0situa\u00e7\u00e3o da estabilidade dos funcion\u00e1rios, prometendo tratar o assunto com carinho, \u201ce fazer o que tiver ao nosso alcance\u201d. Enfatizando ser conhecedor \u201cdos problemas desta Casa, notadamente porque nunca se realizou um concurso p\u00fablico para termos a estabilidade dos servidores desta C\u00e2mara\u201d, completou.<\/p>\n<p>Dizendo que n\u00e3o queria tocar no assunto, o novo presidente do parlamento da capital maranhense disse que \u201crepousa na mesa da Presid\u00eancia uma ordem judicial que trata da demiss\u00e3o de 387 funcion\u00e1rios\u201d, para assinalar que tudo chegou a atual situa\u00e7\u00e3o porque os presidentes t\u00eam prorrogado uma decis\u00e3o. Continuando ele disse que \u201co Pereirinha at\u00e9 que quis fazer quando em outubro tentou afastar cerca de 180 funcion\u00e1rios, e sei que isto \u00e9 uma decis\u00e3o muito indigesta, pois tem pessoas com at\u00e9 25 anos de trabalho, mas temos que tratar esses casos com especial aten\u00e7\u00e3o\u201d.<\/p>\n<figure id=\"attachment_21395\" aria-describedby=\"caption-attachment-21395\" style=\"width: 448px\" class=\"wp-caption alignleft\"><a href=\"https:\/\/www.blogsoestado.com\/danielmatos\/files\/2015\/01\/astro-toma-posse2.jpg\"><img decoding=\"async\" class=\"size-full wp-image-21395\" src=\"https:\/\/www.blogsoestado.com\/danielmatos\/files\/2015\/01\/astro-toma-posse2.jpg\" alt=\"Novo chefe do Poder Legislativo municipal \u00e9 cumprimentado pelo prefeito Edivaldo\" width=\"448\" height=\"298\" \/><\/a><figcaption id=\"caption-attachment-21395\" class=\"wp-caption-text\">Novo chefe do Legislativo municipal \u00e9 cumprimentado pelo prefeito Edivaldo Jr.<\/figcaption><\/figure>\n<p>Dando uma dimens\u00e3o maior a sua fala Astro de Ogum disse que \u201csei muito bem das dificuldades que passam n\u00e3o s\u00f3 os munic\u00edpios, mas o Pa\u00eds, com o governo Dilma, que em momento algum foi municipalista, por isso estamos com estados e munic\u00edpios endividados, e com a nossa C\u00e2mara n\u00e3o poderia ser diferente\u201d. Continuando ele elencou o d\u00e9bito com a previd\u00eancia, \u201cque n\u00f3s procuraremos solucionar dentro das nossas possibilidades envidando todos os esfor\u00e7os necess\u00e1rios\u201d.<\/p>\n<p><strong>Saindo de cena<\/strong><\/p>\n<p>Fazendo o seu discurso de despedida da Presid\u00eancia do Legislativo Municipal o vereador Antonio Isaias Pereirinha (PSL) fez um balan\u00e7o da sua administra\u00e7\u00e3o, destacando as dificuldades e conquistas alcan\u00e7adas. Em seguida afirmou que \u201cdepois de uma d\u00e9cada como presidente deste poder saio da cena presidencial, passando o cargo ao colega Astro de Ogum, um valoroso companheiro que, com toda certeza, saber\u00e1 conduzir esta C\u00e2mara dentro das expectativas dos companheiros de parlamento e da popula\u00e7\u00e3o de S\u00e3o Lu\u00eds\u201d.<\/p>\n<p><strong>Prest\u00edgio<\/strong><\/p>\n<p>Estiveram presentes a solenidade de posse diversas autoridades como o prefeito Edivaldo Holanda Junior, os deputados H\u00e9lio Soares e Weverton Rocha, entre outros. Como uma pessoa com fortes v\u00ednculos com a cultura popular Astro de Ogum foi saudado pelos blocos Fuzileiros da Fuzarca, Principe de Roma, que homenagear\u00e1 ele no pr\u00f3ximo carnaval, o tambor de crioula Grande Oriente da Vila Passos.<\/p>\n","protected":false},"excerpt":{"rendered":"<p>Ao fazer seu primeiro pronunciamento j\u00e1 como presidente da C\u00e2mara Municipal de S\u00e3o Lu\u00eds, o vereador Astro de Ogum (PMN) [&hellip;]<\/p>\n","protected":false},"author":0,"featured_media":0,"comment_status":"open","ping_status":"open","sticky":false,"template":"","format":"standard","meta":{"site-sidebar-layout":"default","site-content-layout":"","ast-site-content-layout":"default","site-content-style":"default","site-sidebar-style":"default","ast-global-header-display":"","ast-banner-title-visibility":"","ast-main-header-display":"","ast-hfb-above-header-display":"","ast-hfb-below-header-display":"","ast-hfb-mobile-header-display":"","site-post-title":"","ast-breadcrumbs-content":"","ast-featured-img":"","footer-sml-layout":"","ast-disable-related-posts":"","theme-transparent-header-meta":"","adv-header-id-meta":"","stick-header-meta":"","header-above-stick-meta":"","header-main-stick-meta":"","header-below-stick-meta":"","astra-migrate-meta-layouts":"default","ast-page-background-enabled":"default","ast-page-background-meta":{"desktop":{"background-color":"var(--ast-global-color-5)","background-image":"","background-repeat":"repeat","background-position":"center center","background-size":"auto","background-attachment":"scroll","background-type":"","background-media":"","overlay-type":"","overlay-color":"","overlay-opacity":"","overlay-gradient":""},"tablet":{"background-color":"","background-image":"","background-repeat":"repeat","background-position":"center center","background-size":"auto","background-attachment":"scroll","background-type":"","background-media":"","overlay-type":"","overlay-color":"","overlay-opacity":"","overlay-gradient":""},"mobile":{"background-color":"","background-image":"","background-repeat":"repeat","background-position":"center center","background-size":"auto","background-attachment":"scroll","background-type":"","background-media":"","overlay-type":"","overlay-color":"","overlay-opacity":"","overlay-gradient":""}},"ast-content-background-meta":{"desktop":{"background-color":"var(--ast-global-color-4)","background-image":"","background-repeat":"repeat","background-position":"center center","background-size":"auto","background-attachment":"scroll","background-type":"","background-media":"","overlay-type":"","overlay-color":"","overlay-opacity":"","overlay-gradient":""},"tablet":{"background-color":"var(--ast-global-color-4)","background-image":"","background-repeat":"repeat","background-position":"center center","background-size":"auto","background-attachment":"scroll","background-type":"","background-media":"","overlay-type":"","overlay-color":"","overlay-opacity":"","overlay-gradient":""},"mobile":{"background-color":"var(--ast-global-color-4)","background-image":"","background-repeat":"repeat","background-position":"center center","background-size":"auto","background-attachment":"scroll","background-type":"","background-media":"","overlay-type":"","overlay-color":"","overlay-opacity":"","overlay-gradient":""}},"footnotes":""},"categories":[1],"tags":[],"class_list":["post-21393","post","type-post","status-publish","format-standard","hentry","category-sem-categoria"],"yoast_head":"<!-- This site is optimized with the Yoast SEO plugin v26.6 - https:\/\/yoast.com\/wordpress\/plugins\/seo\/ -->\n<title>Astro assume presid\u00eancia da C\u00e2mara prometendo priorizar servidores - Daniel Matos<\/title>\n<meta name=\"robots\" content=\"index, follow, max-snippet:-1, max-image-preview:large, max-video-preview:-1\" \/>\n<link rel=\"canonical\" href=\"https:\/\/www.blogsoestado.com\/danielmatos\/astro-assume-presidencia-da-camara-e-promete-priorizar-servidores\/\" \/>\n<meta property=\"og:locale\" content=\"pt_BR\" \/>\n<meta property=\"og:type\" content=\"article\" \/>\n<meta property=\"og:title\" content=\"Astro assume presid\u00eancia da C\u00e2mara prometendo priorizar servidores - Daniel Matos\" \/>\n<meta property=\"og:description\" content=\"Ao fazer seu primeiro pronunciamento j\u00e1 como presidente da C\u00e2mara Municipal de S\u00e3o Lu\u00eds, o vereador Astro de Ogum (PMN) [&hellip;]\" \/>\n<meta property=\"og:url\" content=\"https:\/\/www.blogsoestado.com\/danielmatos\/astro-assume-presidencia-da-camara-e-promete-priorizar-servidores\/\" \/>\n<meta property=\"og:site_name\" content=\"Daniel Matos\" \/>\n<meta property=\"article:published_time\" content=\"2015-01-02T14:12:47+00:00\" \/>\n<meta property=\"og:image\" content=\"https:\/\/www.blogsoestado.com\/danielmatos\/files\/2015\/01\/astro-toma-posse.jpg\" \/>\n<meta name=\"twitter:card\" content=\"summary_large_image\" \/>\n<meta name=\"twitter:label1\" content=\"Est. tempo de leitura\" \/>\n\t<meta name=\"twitter:data1\" content=\"2 minutos\" \/>\n<script type=\"application\/ld+json\" class=\"yoast-schema-graph\">{\"@context\":\"https:\/\/schema.org\",\"@graph\":[{\"@type\":\"WebPage\",\"@id\":\"https:\/\/www.blogsoestado.com\/danielmatos\/astro-assume-presidencia-da-camara-e-promete-priorizar-servidores\/\",\"url\":\"https:\/\/www.blogsoestado.com\/danielmatos\/astro-assume-presidencia-da-camara-e-promete-priorizar-servidores\/\",\"name\":\"Astro assume presid\u00eancia da C\u00e2mara prometendo priorizar servidores - Daniel Matos\",\"isPartOf\":{\"@id\":\"https:\/\/www.blogsoestado.com\/danielmatos\/#website\"},\"primaryImageOfPage\":{\"@id\":\"https:\/\/www.blogsoestado.com\/danielmatos\/astro-assume-presidencia-da-camara-e-promete-priorizar-servidores\/#primaryimage\"},\"image\":{\"@id\":\"https:\/\/www.blogsoestado.com\/danielmatos\/astro-assume-presidencia-da-camara-e-promete-priorizar-servidores\/#primaryimage\"},\"thumbnailUrl\":\"https:\/\/www.blogsoestado.com\/danielmatos\/files\/2015\/01\/astro-toma-posse.jpg\",\"datePublished\":\"2015-01-02T14:12:47+00:00\",\"author\":{\"@id\":\"\"},\"breadcrumb\":{\"@id\":\"https:\/\/www.blogsoestado.com\/danielmatos\/astro-assume-presidencia-da-camara-e-promete-priorizar-servidores\/#breadcrumb\"},\"inLanguage\":\"pt-BR\",\"potentialAction\":[{\"@type\":\"ReadAction\",\"target\":[\"https:\/\/www.blogsoestado.com\/danielmatos\/astro-assume-presidencia-da-camara-e-promete-priorizar-servidores\/\"]}]},{\"@type\":\"ImageObject\",\"inLanguage\":\"pt-BR\",\"@id\":\"https:\/\/www.blogsoestado.com\/danielmatos\/astro-assume-presidencia-da-camara-e-promete-priorizar-servidores\/#primaryimage\",\"url\":\"https:\/\/www.blogsoestado.com\/danielmatos\/files\/2015\/01\/astro-toma-posse.jpg\",\"contentUrl\":\"https:\/\/www.blogsoestado.com\/danielmatos\/files\/2015\/01\/astro-toma-posse.jpg\"},{\"@type\":\"BreadcrumbList\",\"@id\":\"https:\/\/www.blogsoestado.com\/danielmatos\/astro-assume-presidencia-da-camara-e-promete-priorizar-servidores\/#breadcrumb\",\"itemListElement\":[{\"@type\":\"ListItem\",\"position\":1,\"name\":\"In\u00edcio\",\"item\":\"https:\/\/www.blogsoestado.com\/danielmatos\/\"},{\"@type\":\"ListItem\",\"position\":2,\"name\":\"Astro assume presid\u00eancia da C\u00e2mara prometendo priorizar servidores\"}]},{\"@type\":\"WebSite\",\"@id\":\"https:\/\/www.blogsoestado.com\/danielmatos\/#website\",\"url\":\"https:\/\/www.blogsoestado.com\/danielmatos\/\",\"name\":\"Daniel Matos\",\"description\":\"\",\"potentialAction\":[{\"@type\":\"SearchAction\",\"target\":{\"@type\":\"EntryPoint\",\"urlTemplate\":\"https:\/\/www.blogsoestado.com\/danielmatos\/?s={search_term_string}\"},\"query-input\":{\"@type\":\"PropertyValueSpecification\",\"valueRequired\":true,\"valueName\":\"search_term_string\"}}],\"inLanguage\":\"pt-BR\"}]}<\/script>\n<!-- \/ Yoast SEO plugin. -->","yoast_head_json":{"title":"Astro assume presid\u00eancia da C\u00e2mara prometendo priorizar servidores - Daniel Matos","robots":{"index":"index","follow":"follow","max-snippet":"max-snippet:-1","max-image-preview":"max-image-preview:large","max-video-preview":"max-video-preview:-1"},"canonical":"https:\/\/www.blogsoestado.com\/danielmatos\/astro-assume-presidencia-da-camara-e-promete-priorizar-servidores\/","og_locale":"pt_BR","og_type":"article","og_title":"Astro assume presid\u00eancia da C\u00e2mara prometendo priorizar servidores - Daniel Matos","og_description":"Ao fazer seu primeiro pronunciamento j\u00e1 como presidente da C\u00e2mara Municipal de S\u00e3o Lu\u00eds, o vereador Astro de Ogum (PMN) [&hellip;]","og_url":"https:\/\/www.blogsoestado.com\/danielmatos\/astro-assume-presidencia-da-camara-e-promete-priorizar-servidores\/","og_site_name":"Daniel Matos","article_published_time":"2015-01-02T14:12:47+00:00","og_image":[{"url":"https:\/\/www.blogsoestado.com\/danielmatos\/files\/2015\/01\/astro-toma-posse.jpg","type":"","width":"","height":""}],"twitter_card":"summary_large_image","twitter_misc":{"Est. tempo de leitura":"2 minutos"},"schema":{"@context":"https:\/\/schema.org","@graph":[{"@type":"WebPage","@id":"https:\/\/www.blogsoestado.com\/danielmatos\/astro-assume-presidencia-da-camara-e-promete-priorizar-servidores\/","url":"https:\/\/www.blogsoestado.com\/danielmatos\/astro-assume-presidencia-da-camara-e-promete-priorizar-servidores\/","name":"Astro assume presid\u00eancia da C\u00e2mara prometendo priorizar servidores - Daniel Matos","isPartOf":{"@id":"https:\/\/www.blogsoestado.com\/danielmatos\/#website"},"primaryImageOfPage":{"@id":"https:\/\/www.blogsoestado.com\/danielmatos\/astro-assume-presidencia-da-camara-e-promete-priorizar-servidores\/#primaryimage"},"image":{"@id":"https:\/\/www.blogsoestado.com\/danielmatos\/astro-assume-presidencia-da-camara-e-promete-priorizar-servidores\/#primaryimage"},"thumbnailUrl":"https:\/\/www.blogsoestado.com\/danielmatos\/files\/2015\/01\/astro-toma-posse.jpg","datePublished":"2015-01-02T14:12:47+00:00","author":{"@id":""},"breadcrumb":{"@id":"https:\/\/www.blogsoestado.com\/danielmatos\/astro-assume-presidencia-da-camara-e-promete-priorizar-servidores\/#breadcrumb"},"inLanguage":"pt-BR","potentialAction":[{"@type":"ReadAction","target":["https:\/\/www.blogsoestado.com\/danielmatos\/astro-assume-presidencia-da-camara-e-promete-priorizar-servidores\/"]}]},{"@type":"ImageObject","inLanguage":"pt-BR","@id":"https:\/\/www.blogsoestado.com\/danielmatos\/astro-assume-presidencia-da-camara-e-promete-priorizar-servidores\/#primaryimage","url":"https:\/\/www.blogsoestado.com\/danielmatos\/files\/2015\/01\/astro-toma-posse.jpg","contentUrl":"https:\/\/www.blogsoestado.com\/danielmatos\/files\/2015\/01\/astro-toma-posse.jpg"},{"@type":"BreadcrumbList","@id":"https:\/\/www.blogsoestado.com\/danielmatos\/astro-assume-presidencia-da-camara-e-promete-priorizar-servidores\/#breadcrumb","itemListElement":[{"@type":"ListItem","position":1,"name":"In\u00edcio","item":"https:\/\/www.blogsoestado.com\/danielmatos\/"},{"@type":"ListItem","position":2,"name":"Astro assume presid\u00eancia da C\u00e2mara prometendo priorizar servidores"}]},{"@type":"WebSite","@id":"https:\/\/www.blogsoestado.com\/danielmatos\/#website","url":"https:\/\/www.blogsoestado.com\/danielmatos\/","name":"Daniel Matos","description":"","potentialAction":[{"@type":"SearchAction","target":{"@type":"EntryPoint","urlTemplate":"https:\/\/www.blogsoestado.com\/danielmatos\/?s={search_term_string}"},"query-input":{"@type":"PropertyValueSpecification","valueRequired":true,"valueName":"search_term_string"}}],"inLanguage":"pt-BR"}]}},"jetpack_featured_media_url":"","_links":{"self":[{"href":"https:\/\/www.blogsoestado.com\/danielmatos\/wp-json\/wp\/v2\/posts\/21393","targetHints":{"allow":["GET"]}}],"collection":[{"href":"https:\/\/www.blogsoestado.com\/danielmatos\/wp-json\/wp\/v2\/posts"}],"about":[{"href":"https:\/\/www.blogsoestado.com\/danielmatos\/wp-json\/wp\/v2\/types\/post"}],"replies":[{"embeddable":true,"href":"https:\/\/www.blogsoestado.com\/danielmatos\/wp-json\/wp\/v2\/comments?post=21393"}],"version-history":[{"count":0,"href":"https:\/\/www.blogsoestado.com\/danielmatos\/wp-json\/wp\/v2\/posts\/21393\/revisions"}],"wp:attachment":[{"href":"https:\/\/www.blogsoestado.com\/danielmatos\/wp-json\/wp\/v2\/media?parent=21393"}],"wp:term":[{"taxonomy":"category","embeddable":true,"href":"https:\/\/www.blogsoestado.com\/danielmatos\/wp-json\/wp\/v2\/categories?post=21393"},{"taxonomy":"post_tag","embeddable":true,"href":"https:\/\/www.blogsoestado.com\/danielmatos\/wp-json\/wp\/v2\/tags?post=21393"}],"curies":[{"name":"wp","href":"https:\/\/api.w.org\/{rel}","templated":true}]}}