{"id":21399,"date":"2015-01-02T17:07:07","date_gmt":"2015-01-02T20:07:07","guid":{"rendered":"https:\/\/www.blogsoestado.com\/danielmatos\/?p=21399"},"modified":"2015-01-02T17:07:07","modified_gmt":"2015-01-02T20:07:07","slug":"para-andrea-murad-decretos-de-dino-serviram-apenas-para-tornar-posse-mais-atraente","status":"publish","type":"post","link":"https:\/\/www.blogsoestado.com\/danielmatos\/para-andrea-murad-decretos-de-dino-serviram-apenas-para-tornar-posse-mais-atraente\/","title":{"rendered":"Para Andr\u00e9a Murad, decretos de Dino serviram apenas para tornar posse mais atraente"},"content":{"rendered":"<figure id=\"attachment_21400\" aria-describedby=\"caption-attachment-21400\" style=\"width: 300px\" class=\"wp-caption alignleft\"><a href=\"https:\/\/www.blogsoestado.com\/danielmatos\/files\/2015\/01\/andrea-murad-considera.jpg\"><img fetchpriority=\"high\" decoding=\"async\" class=\"size-full wp-image-21400\" src=\"https:\/\/www.blogsoestado.com\/danielmatos\/files\/2015\/01\/andrea-murad-considera.jpg\" alt=\"Andr\u00e9a Murad fez elogios e cr\u00edticas \u00e0 postura de Fl\u00e1vio Dino nos primeiros momentos como governador\" width=\"300\" height=\"225\" \/><\/a><figcaption id=\"caption-attachment-21400\" class=\"wp-caption-text\">Andr\u00e9a Murad fez elogios e cr\u00edticas \u00e0 postura de Fl\u00e1vio Dino nos primeiros momentos como governador<\/figcaption><\/figure>\n<p>Em postagem\u00a0no Facebook, a deputada estadual eleita Andr\u00e9a Murad (PMDB) fez algumas considera\u00e7\u00f5es sobre os primeiros momentos do governo Fl\u00e1vio Dino (PCdoB). A parlamentar destacou os decretos baixados pelo comunista imediatamente ap\u00f3s assumir o cargo e opinou que as medidas serviram t\u00e3o somente para tornar sua posse mais atraente para e imprensa. &#8220;S\u00e3o obriga\u00e7\u00f5es do of\u00edcio, nada que precise ser valorizado&#8221;, escreveu a peemedebista, observando que muitos dos\u00a0atos\u00a0anunciados n\u00e3o s\u00e3o emergenciais e poderiam ser adotados posteriormente.<\/p>\n<p>Andr\u00e9a Murad comentou os primeiros atos de Dino por \u00e1rea. Na educa\u00e7\u00e3o, por exemplo, ela disse que as medidas tomadas pelo governador nada mais foram do que uma forma de pegar carona nas ideias da presidente Dilma Rousseff, que ao assumir o segundo mandato anunciou a cria\u00e7\u00e3o do programa &#8220;P\u00e1tria Educadora&#8221;, por meio do qual pretende priorizar o ensino. Exaltando a boa situa\u00e7\u00e3o da sa\u00fade estadual, a deputada ressaltou a ado\u00e7\u00e3o\u00a0de uma medida j\u00e1 colocada em pr\u00e1tica pelo ex-secret\u00e1rio Ricardo Murad em junho de 2013, no caso a cria\u00e7\u00e3o da\u00a0For\u00e7a Estadual da Sa\u00fade do Maranh\u00e3o (Fesma).<\/p>\n<p>Para a deputada, o\u00a0an\u00fancio da convoca\u00e7\u00e3o de 1.000 homens classificados no \u00faltimo concurso p\u00fablico para a \u00e1rea de seguran\u00e7a foi uma das medidas mais acertadas tomadas por Dino. Por outro lado, ela condenou a cria\u00e7\u00e3o de duas novas secretarias (Agricultura Familiar e Transpar\u00eancia e Controle) e a postura contradit\u00f3ria do novo\u00a0chefe do Executivo ao\u00a0declarar, em discurso, que n\u00e3o deseja ser &#8220;governador para ficar em guerra com o passado&#8221;, para\u00a0em seguida voltar aos temas oligarquia e coronelismo ao falar \u00e0 imprensa, &#8220;sempre com agressividade e desrespeito, alimentando um \u00f3dio incompreens\u00edvel&#8221;.<\/p>\n<p>Sobre a rela\u00e7\u00e3o de Fl\u00e1vio Dino com a Assembleia Legislativa, outra\u00a0avalia\u00e7\u00e3o positiva, em raz\u00e3o\u00a0da declara\u00e7\u00e3o dada por ele de que &#8220;n\u00e3o haver\u00e1 distin\u00e7\u00e3o entre os deputados da base e oposi\u00e7\u00e3o. &#8220;Espero, realmente, que esse discurso seja colocado em pr\u00e1tica&#8221;. Seguem as considera\u00e7\u00f5es da deputada:<\/p>\n<p><em>Ontem, ao acompanhar alguns momentos da cerim\u00f4nia de posse da presidente Dilma, vi que muitas de suas obriga\u00e7\u00f5es foram anunciadas. Aqui no Maranh\u00e3o, Fl\u00e1vio Dino n\u00e3o foi diferente, anunciou suas obriga\u00e7\u00f5es e assinou decretos como aconteceu nos estados do Piau\u00ed, Matro Grosso, Rio Grande do Sul, Distrito Federal e no Paran\u00e1. S\u00e3o obriga\u00e7\u00f5es do of\u00edcio, nada que precise ser super valorizado. Muitos dos decretos, sem motivo emergencial, poderiam ser assinados posteriormente, mas tenho a impress\u00e3o que o governador o fez apenas para tornar a posse mais atraente para a imprensa.<\/em><\/p>\n<p><em>Preferi ler com muita aten\u00e7\u00e3o, na \u00edntegra, o discurso do governador, assim como os decretos, projetos de leis e medidas provis\u00f3rias, e analisar bem os pontos positivos e os negativos para falar de forma respons\u00e1vel a minha opini\u00e3o.<\/em><\/p>\n<p><em>No tema educa\u00e7\u00e3o, fa\u00e7o aqui um paralelo ao carro-chefe do segundo mandato da presidenta Dilma \u2014 Brasil, P\u00e1tria Educadora quando ser\u00e1 priorizada a educa\u00e7\u00e3o, o que \u00e9 louv\u00e1vel e indispens\u00e1vel, \u2014 Fl\u00e1vio pegou carona com o Governo Federal, que vai ampliar os recursos para educa\u00e7\u00e3o, ao anunciar medidas na \u00e1rea e n\u00e3o perder qualquer oportunidade de incentivo da presidente Dilma. Na sa\u00fade, como tudo vai muito bem na rede estadual, Fl\u00e1vio criou uma medida que j\u00e1 foi realizada pela gest\u00e3o de Ricardo Murad na SES em junho de 2013. Na seguran\u00e7a, n\u00e3o menos importante, a convoca\u00e7\u00e3o dos aprovados no concurso para Pol\u00edcia Militar e Bombeiros \u00e9 uma a\u00e7\u00e3o de extrema necessidade para o nosso estado, portanto, positiva.<\/em><\/p>\n<p><em>Precisamos ficar atentos, como pol\u00edticos e cidad\u00e3os, a cada passo do Poder Executivo para que se cumpram as promessas anunciadas ao povo durante a campanha. Uma delas, por exemplo, que seria enxugar a m\u00e1quina, Fl\u00e1vio Dino j\u00e1 iniciou agindo de forma contr\u00e1ria, criou duas novas secretarias de estado. Mas, estamos s\u00f3 come\u00e7ando o mandato, precisamos ter paci\u00eancia, f\u00e9 e aguardar os resultados. At\u00e9 l\u00e1, o meu papel ser\u00e1 fiscalizar, cobrar a\u00e7\u00f5es e legislar em favor do povo do Maranh\u00e3o. Afinal, o que o povo mais quer e precisa s\u00e3o de a\u00e7\u00f5es pr\u00e1ticas que resultem em mudan\u00e7as reais e n\u00e3o mais de discursos sobre coronelismo e oligarquia. Ningu\u00e9m aguenta mais esse mantra. A campanha acabou, o governo agora \u00e9 com ele e o futuro do nosso Estado est\u00e1 em suas m\u00e3os.<\/em><\/p>\n<p><em>E por falar em discurso, achei muito contradit\u00f3rio Fl\u00e1vio Dino ler no seu texto que n\u00e3o deseja ser \u201cgovernador para ficar em guerra com o passado\u201d e logo que acaba o discurso, volta a falar para imprensa as mesmas coisas, sempre com agressividade e desrespeito, alimentando um \u00f3dio incompreens\u00edvel. Parece que o seu discurso n\u00e3o condiz com o que de fato ele sente. E esse sentimento de raiva e vingan\u00e7a, para um governador, me preocupa muito.<\/em><\/p>\n<p><em>Mas tamb\u00e9m vi de forma positiva o novo governador dizer que \u201cn\u00e3o haver\u00e1 distin\u00e7\u00e3o entre deputados da base e oposi\u00e7\u00e3o\u201d. Espero, realmente, que esse discurso seja colocado em pr\u00e1tica. O meu papel na oposi\u00e7\u00e3o n\u00e3o ser\u00e1 o de atrapalhar as a\u00e7\u00f5es do governo, pois aquilo que for para o bem do Maranh\u00e3o, ter\u00e1 meu voto. Ent\u00e3o, o governador pode ficar despreocupado que eu estarei ao lado do povo e ningu\u00e9m precisar\u00e1 fazer acordo comigo pra que isso aconte\u00e7a, quando realmente o que estiver em jogo for os benef\u00edcios para a popula\u00e7\u00e3o.<\/em><\/p>\n<p>Desejo sucesso ao novo governador e quero destacar que jamais desejaria o seu fracasso, pois sei que o povo seria o mais prejudicado.<\/p>\n","protected":false},"excerpt":{"rendered":"<p>Em postagem\u00a0no Facebook, a deputada estadual eleita Andr\u00e9a Murad (PMDB) fez algumas considera\u00e7\u00f5es sobre os primeiros momentos do governo Fl\u00e1vio [&hellip;]<\/p>\n","protected":false},"author":0,"featured_media":0,"comment_status":"open","ping_status":"open","sticky":false,"template":"","format":"standard","meta":{"site-sidebar-layout":"default","site-content-layout":"","ast-site-content-layout":"default","site-content-style":"default","site-sidebar-style":"default","ast-global-header-display":"","ast-banner-title-visibility":"","ast-main-header-display":"","ast-hfb-above-header-display":"","ast-hfb-below-header-display":"","ast-hfb-mobile-header-display":"","site-post-title":"","ast-breadcrumbs-content":"","ast-featured-img":"","footer-sml-layout":"","ast-disable-related-posts":"","theme-transparent-header-meta":"","adv-header-id-meta":"","stick-header-meta":"","header-above-stick-meta":"","header-main-stick-meta":"","header-below-stick-meta":"","astra-migrate-meta-layouts":"default","ast-page-background-enabled":"default","ast-page-background-meta":{"desktop":{"background-color":"var(--ast-global-color-5)","background-image":"","background-repeat":"repeat","background-position":"center center","background-size":"auto","background-attachment":"scroll","background-type":"","background-media":"","overlay-type":"","overlay-color":"","overlay-opacity":"","overlay-gradient":""},"tablet":{"background-color":"","background-image":"","background-repeat":"repeat","background-position":"center center","background-size":"auto","background-attachment":"scroll","background-type":"","background-media":"","overlay-type":"","overlay-color":"","overlay-opacity":"","overlay-gradient":""},"mobile":{"background-color":"","background-image":"","background-repeat":"repeat","background-position":"center center","background-size":"auto","background-attachment":"scroll","background-type":"","background-media":"","overlay-type":"","overlay-color":"","overlay-opacity":"","overlay-gradient":""}},"ast-content-background-meta":{"desktop":{"background-color":"var(--ast-global-color-4)","background-image":"","background-repeat":"repeat","background-position":"center center","background-size":"auto","background-attachment":"scroll","background-type":"","background-media":"","overlay-type":"","overlay-color":"","overlay-opacity":"","overlay-gradient":""},"tablet":{"background-color":"var(--ast-global-color-4)","background-image":"","background-repeat":"repeat","background-position":"center center","background-size":"auto","background-attachment":"scroll","background-type":"","background-media":"","overlay-type":"","overlay-color":"","overlay-opacity":"","overlay-gradient":""},"mobile":{"background-color":"var(--ast-global-color-4)","background-image":"","background-repeat":"repeat","background-position":"center center","background-size":"auto","background-attachment":"scroll","background-type":"","background-media":"","overlay-type":"","overlay-color":"","overlay-opacity":"","overlay-gradient":""}},"footnotes":""},"categories":[1],"tags":[],"class_list":["post-21399","post","type-post","status-publish","format-standard","hentry","category-sem-categoria"],"yoast_head":"<!-- This site is optimized with the Yoast SEO plugin v26.6 - https:\/\/yoast.com\/wordpress\/plugins\/seo\/ -->\n<title>Para Andr\u00e9a Murad, decretos de Dino serviram apenas para tornar posse mais atraente - Daniel Matos<\/title>\n<meta name=\"robots\" content=\"index, follow, max-snippet:-1, max-image-preview:large, max-video-preview:-1\" \/>\n<link rel=\"canonical\" href=\"https:\/\/www.blogsoestado.com\/danielmatos\/para-andrea-murad-decretos-de-dino-serviram-apenas-para-tornar-posse-mais-atraente\/\" \/>\n<meta property=\"og:locale\" content=\"pt_BR\" \/>\n<meta property=\"og:type\" content=\"article\" \/>\n<meta property=\"og:title\" content=\"Para Andr\u00e9a Murad, decretos de Dino serviram apenas para tornar posse mais atraente - Daniel Matos\" \/>\n<meta property=\"og:description\" content=\"Em postagem\u00a0no Facebook, a deputada estadual eleita Andr\u00e9a Murad (PMDB) fez algumas considera\u00e7\u00f5es sobre os primeiros momentos do governo Fl\u00e1vio [&hellip;]\" \/>\n<meta property=\"og:url\" content=\"https:\/\/www.blogsoestado.com\/danielmatos\/para-andrea-murad-decretos-de-dino-serviram-apenas-para-tornar-posse-mais-atraente\/\" \/>\n<meta property=\"og:site_name\" content=\"Daniel Matos\" \/>\n<meta property=\"article:published_time\" content=\"2015-01-02T20:07:07+00:00\" \/>\n<meta property=\"og:image\" content=\"https:\/\/www.blogsoestado.com\/danielmatos\/files\/2015\/01\/andrea-murad-considera.jpg\" \/>\n<meta name=\"twitter:card\" content=\"summary_large_image\" \/>\n<meta name=\"twitter:label1\" content=\"Est. tempo de leitura\" \/>\n\t<meta name=\"twitter:data1\" content=\"5 minutos\" \/>\n<script type=\"application\/ld+json\" class=\"yoast-schema-graph\">{\"@context\":\"https:\/\/schema.org\",\"@graph\":[{\"@type\":\"WebPage\",\"@id\":\"https:\/\/www.blogsoestado.com\/danielmatos\/para-andrea-murad-decretos-de-dino-serviram-apenas-para-tornar-posse-mais-atraente\/\",\"url\":\"https:\/\/www.blogsoestado.com\/danielmatos\/para-andrea-murad-decretos-de-dino-serviram-apenas-para-tornar-posse-mais-atraente\/\",\"name\":\"Para Andr\u00e9a Murad, decretos de Dino serviram apenas para tornar posse mais atraente - Daniel Matos\",\"isPartOf\":{\"@id\":\"https:\/\/www.blogsoestado.com\/danielmatos\/#website\"},\"primaryImageOfPage\":{\"@id\":\"https:\/\/www.blogsoestado.com\/danielmatos\/para-andrea-murad-decretos-de-dino-serviram-apenas-para-tornar-posse-mais-atraente\/#primaryimage\"},\"image\":{\"@id\":\"https:\/\/www.blogsoestado.com\/danielmatos\/para-andrea-murad-decretos-de-dino-serviram-apenas-para-tornar-posse-mais-atraente\/#primaryimage\"},\"thumbnailUrl\":\"https:\/\/www.blogsoestado.com\/danielmatos\/files\/2015\/01\/andrea-murad-considera.jpg\",\"datePublished\":\"2015-01-02T20:07:07+00:00\",\"author\":{\"@id\":\"\"},\"breadcrumb\":{\"@id\":\"https:\/\/www.blogsoestado.com\/danielmatos\/para-andrea-murad-decretos-de-dino-serviram-apenas-para-tornar-posse-mais-atraente\/#breadcrumb\"},\"inLanguage\":\"pt-BR\",\"potentialAction\":[{\"@type\":\"ReadAction\",\"target\":[\"https:\/\/www.blogsoestado.com\/danielmatos\/para-andrea-murad-decretos-de-dino-serviram-apenas-para-tornar-posse-mais-atraente\/\"]}]},{\"@type\":\"ImageObject\",\"inLanguage\":\"pt-BR\",\"@id\":\"https:\/\/www.blogsoestado.com\/danielmatos\/para-andrea-murad-decretos-de-dino-serviram-apenas-para-tornar-posse-mais-atraente\/#primaryimage\",\"url\":\"https:\/\/www.blogsoestado.com\/danielmatos\/files\/2015\/01\/andrea-murad-considera.jpg\",\"contentUrl\":\"https:\/\/www.blogsoestado.com\/danielmatos\/files\/2015\/01\/andrea-murad-considera.jpg\"},{\"@type\":\"BreadcrumbList\",\"@id\":\"https:\/\/www.blogsoestado.com\/danielmatos\/para-andrea-murad-decretos-de-dino-serviram-apenas-para-tornar-posse-mais-atraente\/#breadcrumb\",\"itemListElement\":[{\"@type\":\"ListItem\",\"position\":1,\"name\":\"In\u00edcio\",\"item\":\"https:\/\/www.blogsoestado.com\/danielmatos\/\"},{\"@type\":\"ListItem\",\"position\":2,\"name\":\"Para Andr\u00e9a Murad, decretos de Dino serviram apenas para tornar posse mais atraente\"}]},{\"@type\":\"WebSite\",\"@id\":\"https:\/\/www.blogsoestado.com\/danielmatos\/#website\",\"url\":\"https:\/\/www.blogsoestado.com\/danielmatos\/\",\"name\":\"Daniel Matos\",\"description\":\"\",\"potentialAction\":[{\"@type\":\"SearchAction\",\"target\":{\"@type\":\"EntryPoint\",\"urlTemplate\":\"https:\/\/www.blogsoestado.com\/danielmatos\/?s={search_term_string}\"},\"query-input\":{\"@type\":\"PropertyValueSpecification\",\"valueRequired\":true,\"valueName\":\"search_term_string\"}}],\"inLanguage\":\"pt-BR\"}]}<\/script>\n<!-- \/ Yoast SEO plugin. -->","yoast_head_json":{"title":"Para Andr\u00e9a Murad, decretos de Dino serviram apenas para tornar posse mais atraente - Daniel Matos","robots":{"index":"index","follow":"follow","max-snippet":"max-snippet:-1","max-image-preview":"max-image-preview:large","max-video-preview":"max-video-preview:-1"},"canonical":"https:\/\/www.blogsoestado.com\/danielmatos\/para-andrea-murad-decretos-de-dino-serviram-apenas-para-tornar-posse-mais-atraente\/","og_locale":"pt_BR","og_type":"article","og_title":"Para Andr\u00e9a Murad, decretos de Dino serviram apenas para tornar posse mais atraente - Daniel Matos","og_description":"Em postagem\u00a0no Facebook, a deputada estadual eleita Andr\u00e9a Murad (PMDB) fez algumas considera\u00e7\u00f5es sobre os primeiros momentos do governo Fl\u00e1vio [&hellip;]","og_url":"https:\/\/www.blogsoestado.com\/danielmatos\/para-andrea-murad-decretos-de-dino-serviram-apenas-para-tornar-posse-mais-atraente\/","og_site_name":"Daniel Matos","article_published_time":"2015-01-02T20:07:07+00:00","og_image":[{"url":"https:\/\/www.blogsoestado.com\/danielmatos\/files\/2015\/01\/andrea-murad-considera.jpg","type":"","width":"","height":""}],"twitter_card":"summary_large_image","twitter_misc":{"Est. tempo de leitura":"5 minutos"},"schema":{"@context":"https:\/\/schema.org","@graph":[{"@type":"WebPage","@id":"https:\/\/www.blogsoestado.com\/danielmatos\/para-andrea-murad-decretos-de-dino-serviram-apenas-para-tornar-posse-mais-atraente\/","url":"https:\/\/www.blogsoestado.com\/danielmatos\/para-andrea-murad-decretos-de-dino-serviram-apenas-para-tornar-posse-mais-atraente\/","name":"Para Andr\u00e9a Murad, decretos de Dino serviram apenas para tornar posse mais atraente - Daniel Matos","isPartOf":{"@id":"https:\/\/www.blogsoestado.com\/danielmatos\/#website"},"primaryImageOfPage":{"@id":"https:\/\/www.blogsoestado.com\/danielmatos\/para-andrea-murad-decretos-de-dino-serviram-apenas-para-tornar-posse-mais-atraente\/#primaryimage"},"image":{"@id":"https:\/\/www.blogsoestado.com\/danielmatos\/para-andrea-murad-decretos-de-dino-serviram-apenas-para-tornar-posse-mais-atraente\/#primaryimage"},"thumbnailUrl":"https:\/\/www.blogsoestado.com\/danielmatos\/files\/2015\/01\/andrea-murad-considera.jpg","datePublished":"2015-01-02T20:07:07+00:00","author":{"@id":""},"breadcrumb":{"@id":"https:\/\/www.blogsoestado.com\/danielmatos\/para-andrea-murad-decretos-de-dino-serviram-apenas-para-tornar-posse-mais-atraente\/#breadcrumb"},"inLanguage":"pt-BR","potentialAction":[{"@type":"ReadAction","target":["https:\/\/www.blogsoestado.com\/danielmatos\/para-andrea-murad-decretos-de-dino-serviram-apenas-para-tornar-posse-mais-atraente\/"]}]},{"@type":"ImageObject","inLanguage":"pt-BR","@id":"https:\/\/www.blogsoestado.com\/danielmatos\/para-andrea-murad-decretos-de-dino-serviram-apenas-para-tornar-posse-mais-atraente\/#primaryimage","url":"https:\/\/www.blogsoestado.com\/danielmatos\/files\/2015\/01\/andrea-murad-considera.jpg","contentUrl":"https:\/\/www.blogsoestado.com\/danielmatos\/files\/2015\/01\/andrea-murad-considera.jpg"},{"@type":"BreadcrumbList","@id":"https:\/\/www.blogsoestado.com\/danielmatos\/para-andrea-murad-decretos-de-dino-serviram-apenas-para-tornar-posse-mais-atraente\/#breadcrumb","itemListElement":[{"@type":"ListItem","position":1,"name":"In\u00edcio","item":"https:\/\/www.blogsoestado.com\/danielmatos\/"},{"@type":"ListItem","position":2,"name":"Para Andr\u00e9a Murad, decretos de Dino serviram apenas para tornar posse mais atraente"}]},{"@type":"WebSite","@id":"https:\/\/www.blogsoestado.com\/danielmatos\/#website","url":"https:\/\/www.blogsoestado.com\/danielmatos\/","name":"Daniel Matos","description":"","potentialAction":[{"@type":"SearchAction","target":{"@type":"EntryPoint","urlTemplate":"https:\/\/www.blogsoestado.com\/danielmatos\/?s={search_term_string}"},"query-input":{"@type":"PropertyValueSpecification","valueRequired":true,"valueName":"search_term_string"}}],"inLanguage":"pt-BR"}]}},"jetpack_featured_media_url":"","_links":{"self":[{"href":"https:\/\/www.blogsoestado.com\/danielmatos\/wp-json\/wp\/v2\/posts\/21399","targetHints":{"allow":["GET"]}}],"collection":[{"href":"https:\/\/www.blogsoestado.com\/danielmatos\/wp-json\/wp\/v2\/posts"}],"about":[{"href":"https:\/\/www.blogsoestado.com\/danielmatos\/wp-json\/wp\/v2\/types\/post"}],"replies":[{"embeddable":true,"href":"https:\/\/www.blogsoestado.com\/danielmatos\/wp-json\/wp\/v2\/comments?post=21399"}],"version-history":[{"count":0,"href":"https:\/\/www.blogsoestado.com\/danielmatos\/wp-json\/wp\/v2\/posts\/21399\/revisions"}],"wp:attachment":[{"href":"https:\/\/www.blogsoestado.com\/danielmatos\/wp-json\/wp\/v2\/media?parent=21399"}],"wp:term":[{"taxonomy":"category","embeddable":true,"href":"https:\/\/www.blogsoestado.com\/danielmatos\/wp-json\/wp\/v2\/categories?post=21399"},{"taxonomy":"post_tag","embeddable":true,"href":"https:\/\/www.blogsoestado.com\/danielmatos\/wp-json\/wp\/v2\/tags?post=21399"}],"curies":[{"name":"wp","href":"https:\/\/api.w.org\/{rel}","templated":true}]}}