{"id":21408,"date":"2015-01-02T18:30:12","date_gmt":"2015-01-02T21:30:12","guid":{"rendered":"https:\/\/www.blogsoestado.com\/danielmatos\/?p=21408"},"modified":"2015-01-02T18:30:12","modified_gmt":"2015-01-02T21:30:12","slug":"forca-nacional-prorroga-presenca-no-maranhao-por-mais-90-dias","status":"publish","type":"post","link":"https:\/\/www.blogsoestado.com\/danielmatos\/forca-nacional-prorroga-presenca-no-maranhao-por-mais-90-dias\/","title":{"rendered":"For\u00e7a Nacional prorroga presen\u00e7a no Maranh\u00e3o por mais 90 dias"},"content":{"rendered":"<figure id=\"attachment_21409\" aria-describedby=\"caption-attachment-21409\" style=\"width: 448px\" class=\"wp-caption alignright\"><a href=\"https:\/\/www.blogsoestado.com\/danielmatos\/files\/2015\/01\/for\u00e7a-nacional4.jpg\"><img fetchpriority=\"high\" decoding=\"async\" class=\"size-full wp-image-21409\" src=\"https:\/\/www.blogsoestado.com\/danielmatos\/files\/2015\/01\/for\u00e7a-nacional4.jpg\" alt=\"A For\u00e7a Nacional est\u00e1 no Maranh\u00e3o a pedido do governo h\u00e1 14 meses\" width=\"448\" height=\"280\" \/><\/a><figcaption id=\"caption-attachment-21409\" class=\"wp-caption-text\">A For\u00e7a Nacional est\u00e1 no Maranh\u00e3o a pedido do governo h\u00e1 14 meses<\/figcaption><\/figure>\n<p>A For\u00e7a Nacional de Seguran\u00e7a prorrogou hoje (2) a perman\u00eancia no Maranh\u00e3o e nas regi\u00f5es fronteiri\u00e7as do Amazonas. As publica\u00e7\u00f5es, que sa\u00edram no Di\u00e1rio Oficial da Uni\u00e3o nesta sexta-feira, permitem que o refor\u00e7o permane\u00e7a por mais 90 dias no Maranh\u00e3o e seis meses no Amazonas.<\/p>\n<p>A atua\u00e7\u00e3o da For\u00e7a Nacional no Maranh\u00e3o age a pedido do governo local e j\u00e1 dura 14 meses. O refor\u00e7o atua no sistema prisional e no policiamento ostensivo da capital S\u00e3o Lu\u00eds e regi\u00e3o metropolitana e \u00e9 baseado em um planejamento pr\u00e9vio entre as Institui\u00e7\u00f5es de Seguran\u00e7a P\u00fablica do estado. Os \u00f3rg\u00e3os de seguran\u00e7a locais devem dar apoio log\u00edstico e a supervisionar a opera\u00e7\u00e3o.<\/p>\n<p>No Amazonas, a For\u00e7a Nacional vai dar apoio \u00e0s a\u00e7\u00f5es de Plano Estrat\u00e9gico de Fronteiras, do governo federal. O foco desta opera\u00e7\u00e3o visa principalmente a combater os crimes de homic\u00eddio, roubo, tr\u00e1fico de drogas e transporte de armas de fogo entre pa\u00edses vizinhos com o Brasil.<\/p>\n<p>A opera\u00e7\u00e3o \u00e9 feita na regi\u00e3o onde o Brasil faz fronteira com o Peru, com a Col\u00f4mbia e com a Venezuela e, assim como no Maranh\u00e3o, ter\u00e1 apoio log\u00edstico e supervis\u00e3o dos \u00f3rg\u00e3os de seguran\u00e7a locais. No estado, 21 munic\u00edpios que est\u00e3o na faixa de fronteira e de divisas estaduais recebem as a\u00e7\u00f5es do Plano Estrat\u00e9gico de Fronteiras. Segundo o Minist\u00e9rio da Justi\u00e7a, h\u00e1 opera\u00e7\u00f5es permanentes da Secretaria de Seguran\u00e7a P\u00fablica do Amazonas, com apoio da For\u00e7a Nacional de Seguran\u00e7a P\u00fablica.<\/p>\n<p>A For\u00e7a Nacional de Seguran\u00e7a P\u00fablica foi criada em 2004 para atender \u00e0s necessidades emergenciais dos estados . Ela \u00e9 formada pelos melhores policiais e bombeiros dos grupos de elite dos estados, que passam por um rigoroso treinamento na Academia Nacional de Pol\u00edcia (da Pol\u00edcia Federal), em Bras\u00edlia, que vai de especializa\u00e7\u00e3o em crises at\u00e9 direitos humanos.<\/p>\n<p><strong>Fonte:<\/strong> Ag\u00eancia Brasil<\/p>\n","protected":false},"excerpt":{"rendered":"<p>A For\u00e7a Nacional de Seguran\u00e7a prorrogou hoje (2) a perman\u00eancia no Maranh\u00e3o e nas regi\u00f5es fronteiri\u00e7as do Amazonas. As publica\u00e7\u00f5es, [&hellip;]<\/p>\n","protected":false},"author":0,"featured_media":0,"comment_status":"open","ping_status":"open","sticky":false,"template":"","format":"standard","meta":{"site-sidebar-layout":"default","site-content-layout":"","ast-site-content-layout":"default","site-content-style":"default","site-sidebar-style":"default","ast-global-header-display":"","ast-banner-title-visibility":"","ast-main-header-display":"","ast-hfb-above-header-display":"","ast-hfb-below-header-display":"","ast-hfb-mobile-header-display":"","site-post-title":"","ast-breadcrumbs-content":"","ast-featured-img":"","footer-sml-layout":"","ast-disable-related-posts":"","theme-transparent-header-meta":"","adv-header-id-meta":"","stick-header-meta":"","header-above-stick-meta":"","header-main-stick-meta":"","header-below-stick-meta":"","astra-migrate-meta-layouts":"default","ast-page-background-enabled":"default","ast-page-background-meta":{"desktop":{"background-color":"var(--ast-global-color-5)","background-image":"","background-repeat":"repeat","background-position":"center center","background-size":"auto","background-attachment":"scroll","background-type":"","background-media":"","overlay-type":"","overlay-color":"","overlay-opacity":"","overlay-gradient":""},"tablet":{"background-color":"","background-image":"","background-repeat":"repeat","background-position":"center center","background-size":"auto","background-attachment":"scroll","background-type":"","background-media":"","overlay-type":"","overlay-color":"","overlay-opacity":"","overlay-gradient":""},"mobile":{"background-color":"","background-image":"","background-repeat":"repeat","background-position":"center center","background-size":"auto","background-attachment":"scroll","background-type":"","background-media":"","overlay-type":"","overlay-color":"","overlay-opacity":"","overlay-gradient":""}},"ast-content-background-meta":{"desktop":{"background-color":"var(--ast-global-color-4)","background-image":"","background-repeat":"repeat","background-position":"center center","background-size":"auto","background-attachment":"scroll","background-type":"","background-media":"","overlay-type":"","overlay-color":"","overlay-opacity":"","overlay-gradient":""},"tablet":{"background-color":"var(--ast-global-color-4)","background-image":"","background-repeat":"repeat","background-position":"center center","background-size":"auto","background-attachment":"scroll","background-type":"","background-media":"","overlay-type":"","overlay-color":"","overlay-opacity":"","overlay-gradient":""},"mobile":{"background-color":"var(--ast-global-color-4)","background-image":"","background-repeat":"repeat","background-position":"center center","background-size":"auto","background-attachment":"scroll","background-type":"","background-media":"","overlay-type":"","overlay-color":"","overlay-opacity":"","overlay-gradient":""}},"footnotes":""},"categories":[1],"tags":[],"class_list":["post-21408","post","type-post","status-publish","format-standard","hentry","category-sem-categoria"],"yoast_head":"<!-- This site is optimized with the Yoast SEO plugin v26.6 - https:\/\/yoast.com\/wordpress\/plugins\/seo\/ -->\n<title>For\u00e7a Nacional prorroga presen\u00e7a no Maranh\u00e3o por mais 90 dias - Daniel Matos<\/title>\n<meta name=\"robots\" content=\"index, follow, max-snippet:-1, max-image-preview:large, max-video-preview:-1\" \/>\n<link rel=\"canonical\" href=\"https:\/\/www.blogsoestado.com\/danielmatos\/forca-nacional-prorroga-presenca-no-maranhao-por-mais-90-dias\/\" \/>\n<meta property=\"og:locale\" content=\"pt_BR\" \/>\n<meta property=\"og:type\" content=\"article\" \/>\n<meta property=\"og:title\" content=\"For\u00e7a Nacional prorroga presen\u00e7a no Maranh\u00e3o por mais 90 dias - Daniel Matos\" \/>\n<meta property=\"og:description\" content=\"A For\u00e7a Nacional de Seguran\u00e7a prorrogou hoje (2) a perman\u00eancia no Maranh\u00e3o e nas regi\u00f5es fronteiri\u00e7as do Amazonas. As publica\u00e7\u00f5es, [&hellip;]\" \/>\n<meta property=\"og:url\" content=\"https:\/\/www.blogsoestado.com\/danielmatos\/forca-nacional-prorroga-presenca-no-maranhao-por-mais-90-dias\/\" \/>\n<meta property=\"og:site_name\" content=\"Daniel Matos\" \/>\n<meta property=\"article:published_time\" content=\"2015-01-02T21:30:12+00:00\" \/>\n<meta name=\"twitter:card\" content=\"summary_large_image\" \/>\n<meta name=\"twitter:label1\" content=\"Est. tempo de leitura\" \/>\n\t<meta name=\"twitter:data1\" content=\"2 minutos\" \/>\n<script type=\"application\/ld+json\" class=\"yoast-schema-graph\">{\"@context\":\"https:\/\/schema.org\",\"@graph\":[{\"@type\":\"WebPage\",\"@id\":\"https:\/\/www.blogsoestado.com\/danielmatos\/forca-nacional-prorroga-presenca-no-maranhao-por-mais-90-dias\/\",\"url\":\"https:\/\/www.blogsoestado.com\/danielmatos\/forca-nacional-prorroga-presenca-no-maranhao-por-mais-90-dias\/\",\"name\":\"For\u00e7a Nacional prorroga presen\u00e7a no Maranh\u00e3o por mais 90 dias - Daniel Matos\",\"isPartOf\":{\"@id\":\"https:\/\/www.blogsoestado.com\/danielmatos\/#website\"},\"datePublished\":\"2015-01-02T21:30:12+00:00\",\"author\":{\"@id\":\"\"},\"breadcrumb\":{\"@id\":\"https:\/\/www.blogsoestado.com\/danielmatos\/forca-nacional-prorroga-presenca-no-maranhao-por-mais-90-dias\/#breadcrumb\"},\"inLanguage\":\"pt-BR\",\"potentialAction\":[{\"@type\":\"ReadAction\",\"target\":[\"https:\/\/www.blogsoestado.com\/danielmatos\/forca-nacional-prorroga-presenca-no-maranhao-por-mais-90-dias\/\"]}]},{\"@type\":\"BreadcrumbList\",\"@id\":\"https:\/\/www.blogsoestado.com\/danielmatos\/forca-nacional-prorroga-presenca-no-maranhao-por-mais-90-dias\/#breadcrumb\",\"itemListElement\":[{\"@type\":\"ListItem\",\"position\":1,\"name\":\"In\u00edcio\",\"item\":\"https:\/\/www.blogsoestado.com\/danielmatos\/\"},{\"@type\":\"ListItem\",\"position\":2,\"name\":\"For\u00e7a Nacional prorroga presen\u00e7a no Maranh\u00e3o por mais 90 dias\"}]},{\"@type\":\"WebSite\",\"@id\":\"https:\/\/www.blogsoestado.com\/danielmatos\/#website\",\"url\":\"https:\/\/www.blogsoestado.com\/danielmatos\/\",\"name\":\"Daniel Matos\",\"description\":\"\",\"potentialAction\":[{\"@type\":\"SearchAction\",\"target\":{\"@type\":\"EntryPoint\",\"urlTemplate\":\"https:\/\/www.blogsoestado.com\/danielmatos\/?s={search_term_string}\"},\"query-input\":{\"@type\":\"PropertyValueSpecification\",\"valueRequired\":true,\"valueName\":\"search_term_string\"}}],\"inLanguage\":\"pt-BR\"}]}<\/script>\n<!-- \/ Yoast SEO plugin. -->","yoast_head_json":{"title":"For\u00e7a Nacional prorroga presen\u00e7a no Maranh\u00e3o por mais 90 dias - Daniel Matos","robots":{"index":"index","follow":"follow","max-snippet":"max-snippet:-1","max-image-preview":"max-image-preview:large","max-video-preview":"max-video-preview:-1"},"canonical":"https:\/\/www.blogsoestado.com\/danielmatos\/forca-nacional-prorroga-presenca-no-maranhao-por-mais-90-dias\/","og_locale":"pt_BR","og_type":"article","og_title":"For\u00e7a Nacional prorroga presen\u00e7a no Maranh\u00e3o por mais 90 dias - Daniel Matos","og_description":"A For\u00e7a Nacional de Seguran\u00e7a prorrogou hoje (2) a perman\u00eancia no Maranh\u00e3o e nas regi\u00f5es fronteiri\u00e7as do Amazonas. As publica\u00e7\u00f5es, [&hellip;]","og_url":"https:\/\/www.blogsoestado.com\/danielmatos\/forca-nacional-prorroga-presenca-no-maranhao-por-mais-90-dias\/","og_site_name":"Daniel Matos","article_published_time":"2015-01-02T21:30:12+00:00","twitter_card":"summary_large_image","twitter_misc":{"Est. tempo de leitura":"2 minutos"},"schema":{"@context":"https:\/\/schema.org","@graph":[{"@type":"WebPage","@id":"https:\/\/www.blogsoestado.com\/danielmatos\/forca-nacional-prorroga-presenca-no-maranhao-por-mais-90-dias\/","url":"https:\/\/www.blogsoestado.com\/danielmatos\/forca-nacional-prorroga-presenca-no-maranhao-por-mais-90-dias\/","name":"For\u00e7a Nacional prorroga presen\u00e7a no Maranh\u00e3o por mais 90 dias - Daniel Matos","isPartOf":{"@id":"https:\/\/www.blogsoestado.com\/danielmatos\/#website"},"datePublished":"2015-01-02T21:30:12+00:00","author":{"@id":""},"breadcrumb":{"@id":"https:\/\/www.blogsoestado.com\/danielmatos\/forca-nacional-prorroga-presenca-no-maranhao-por-mais-90-dias\/#breadcrumb"},"inLanguage":"pt-BR","potentialAction":[{"@type":"ReadAction","target":["https:\/\/www.blogsoestado.com\/danielmatos\/forca-nacional-prorroga-presenca-no-maranhao-por-mais-90-dias\/"]}]},{"@type":"BreadcrumbList","@id":"https:\/\/www.blogsoestado.com\/danielmatos\/forca-nacional-prorroga-presenca-no-maranhao-por-mais-90-dias\/#breadcrumb","itemListElement":[{"@type":"ListItem","position":1,"name":"In\u00edcio","item":"https:\/\/www.blogsoestado.com\/danielmatos\/"},{"@type":"ListItem","position":2,"name":"For\u00e7a Nacional prorroga presen\u00e7a no Maranh\u00e3o por mais 90 dias"}]},{"@type":"WebSite","@id":"https:\/\/www.blogsoestado.com\/danielmatos\/#website","url":"https:\/\/www.blogsoestado.com\/danielmatos\/","name":"Daniel Matos","description":"","potentialAction":[{"@type":"SearchAction","target":{"@type":"EntryPoint","urlTemplate":"https:\/\/www.blogsoestado.com\/danielmatos\/?s={search_term_string}"},"query-input":{"@type":"PropertyValueSpecification","valueRequired":true,"valueName":"search_term_string"}}],"inLanguage":"pt-BR"}]}},"jetpack_featured_media_url":"","_links":{"self":[{"href":"https:\/\/www.blogsoestado.com\/danielmatos\/wp-json\/wp\/v2\/posts\/21408","targetHints":{"allow":["GET"]}}],"collection":[{"href":"https:\/\/www.blogsoestado.com\/danielmatos\/wp-json\/wp\/v2\/posts"}],"about":[{"href":"https:\/\/www.blogsoestado.com\/danielmatos\/wp-json\/wp\/v2\/types\/post"}],"replies":[{"embeddable":true,"href":"https:\/\/www.blogsoestado.com\/danielmatos\/wp-json\/wp\/v2\/comments?post=21408"}],"version-history":[{"count":0,"href":"https:\/\/www.blogsoestado.com\/danielmatos\/wp-json\/wp\/v2\/posts\/21408\/revisions"}],"wp:attachment":[{"href":"https:\/\/www.blogsoestado.com\/danielmatos\/wp-json\/wp\/v2\/media?parent=21408"}],"wp:term":[{"taxonomy":"category","embeddable":true,"href":"https:\/\/www.blogsoestado.com\/danielmatos\/wp-json\/wp\/v2\/categories?post=21408"},{"taxonomy":"post_tag","embeddable":true,"href":"https:\/\/www.blogsoestado.com\/danielmatos\/wp-json\/wp\/v2\/tags?post=21408"}],"curies":[{"name":"wp","href":"https:\/\/api.w.org\/{rel}","templated":true}]}}