{"id":21412,"date":"2015-01-02T18:19:00","date_gmt":"2015-01-02T21:19:00","guid":{"rendered":"https:\/\/www.blogsoestado.com\/danielmatos\/?p=21412"},"modified":"2015-01-02T18:19:00","modified_gmt":"2015-01-02T21:19:00","slug":"universidade-ceuma-e-1a-colocada-entre-instituicoes-particulares-do-nortenordeste-avalia-inep","status":"publish","type":"post","link":"https:\/\/www.blogsoestado.com\/danielmatos\/universidade-ceuma-e-1a-colocada-entre-instituicoes-particulares-do-nortenordeste-avalia-inep\/","title":{"rendered":"Universidade Ceuma \u00e9 1\u00aa colocada entre institui\u00e7\u00f5es particulares do Norte\/Nordeste, avalia INEP"},"content":{"rendered":"<figure id=\"attachment_21413\" aria-describedby=\"caption-attachment-21413\" style=\"width: 640px\" class=\"wp-caption aligncenter\"><a href=\"https:\/\/www.blogsoestado.com\/danielmatos\/files\/2015\/01\/ceuma-em-primeiro.jpg\"><img fetchpriority=\"high\" decoding=\"async\" class=\"size-full wp-image-21413\" src=\"https:\/\/www.blogsoestado.com\/danielmatos\/files\/2015\/01\/ceuma-em-primeiro.jpg\" alt=\"Laborat\u00f3rio do Curso de Medicina, que foi avaliado com conceito 3 de uma escala de 1 a 5 do MEC\" width=\"640\" height=\"480\" \/><\/a><figcaption id=\"caption-attachment-21413\" class=\"wp-caption-text\">Laborat\u00f3rio do Curso de Medicina do Ceuma, avaliado pelo MEC com conceito 3, em uma escala de 1 a 5<\/figcaption><\/figure>\n<p>O Instituto Nacional de Estudos e Pesquisas Educacionais (Inep) do Minist\u00e9rio da Educa\u00e7\u00e3o (MEC) publicou no Di\u00e1rio Oficial da Uni\u00e3o no in\u00edcio da semana o resultado da avalia\u00e7\u00e3o da Educa\u00e7\u00e3o Superior a partir do \u00cdndice Geral de Cursos (IGC) de 2013. De acordo com o Sistema Nacional de Avalia\u00e7\u00e3o da Educa\u00e7\u00e3o Superior (Sinaes), a Universidade Ceuma \u00e9 a 1\u00aa colocada entre as universidades particulares do Norte\/Nordeste.<\/p>\n<p>Entre as Institui\u00e7\u00f5es de Ensino Superior (IES) maranhenses, a primeira colocada \u00e9 a Universidade Ceuma, que ocupa a 25\u00aa posi\u00e7\u00e3o entre as particulares do pa\u00eds, com \u00edndice Geral de Cursos (IGC) Cont\u00ednuo, 2,89 (conceito 3) \u00e0 frente de universidades renomadas como a PUC (PR), Anhembi-Morumbi (SP), Mackenzie (SP), PUC (MG), Universidade Cat\u00f3lica de Bras\u00edlia, Unifor (CE) e UNAMA (AM), dentre outras.<\/p>\n<p>O \u00cdndice Geral de Cursos (IGC) \u00e9 uma das medidas usadas pelo Inep para avaliar as institui\u00e7\u00f5es de educa\u00e7\u00e3o superior, p\u00fablicas e privadas. Trata-se de um indicador de qualidade de institui\u00e7\u00f5es de educa\u00e7\u00e3o superior, que considera o desempenho dos cursos de gradua\u00e7\u00e3o e de p\u00f3s-gradua\u00e7\u00e3o (mestrado e doutorado). Os conceitos do \u00cdndice Geral de Cursos (IGC) s\u00e3o referentes ao ciclo de avalia\u00e7\u00f5es entre 2010 e 2012 de 2.171 institui\u00e7\u00f5es (192 universidades, 180 centros universit\u00e1rios e 1799 faculdades), e os resultados dos Conceitos Preliminares de Curso (CPC) de 1.799 institui\u00e7\u00f5es, que incluem a nota do Exame Nacional de Desempenho de Estudantes (Enade) aplicado no ano de 2013 em 8.184 cursos.<\/p>\n<p>O IGC de uma institui\u00e7\u00e3o \u00e9 resultado da m\u00e9dia ponderada do Conceito Preliminar de Curso (CPC), indicador de avalia\u00e7\u00e3o de cursos de gradua\u00e7\u00e3o, e obedece a um ciclo de tr\u00eas anos, em combina\u00e7\u00e3o com o resultado do Enade, que mede o desempenho dos estudantes. A avalia\u00e7\u00e3o da p\u00f3s-gradua\u00e7\u00e3o acontece a partir de um acompanhamento anual e tamb\u00e9m de uma avalia\u00e7\u00e3o a cada tr\u00eas anos dos programas e cursos que integram o Sistema Nacional de P\u00f3s-gradua\u00e7\u00e3o feito pela Coordena\u00e7\u00e3o de Aperfei\u00e7oamento de Pessoal de N\u00edvel Superior (Capes).<\/p>\n<p>Expresso em conceitos, o IGC \u00e9 um indicador com pontua\u00e7\u00e3o vari\u00e1vel de um a cinco pontos. Uma institui\u00e7\u00e3o que obtenha de tr\u00eas a cinco pontos atende de forma satisfat\u00f3ria. Abaixo de dois pontos a atua\u00e7\u00e3o \u00e9 insatisfat\u00f3ria.<\/p>\n<p>No CPC-Cont\u00ednuo, os cursos de Fisioterapia, Fonoaudiologia, Medicina e Servi\u00e7o Social da Universidade Ceuma ficaram com o t\u00edtulo de 1\u00b0 Lugar Geral de todo o Estado do Maranh\u00e3o. Os cursos de Farm\u00e1cia e Nutri\u00e7\u00e3o arrebataram o t\u00edtulo de 1\u00b0 Lugar Geral dentre as IES\u00b4s Particulares do Maranh\u00e3o. O Conceito Preliminar de Curso (CPC) vai de 1 a 5 e, como o pr\u00f3prio nome diz, \u00e9 um indicador pr\u00e9vio da situa\u00e7\u00e3o dos cursos de gradua\u00e7\u00e3o no pa\u00eds.<\/p>\n<p>De acordo com o reitor da Universidade Ceuma, Marcos Barros, a excelente avalia\u00e7\u00e3o no IGC comprova o compromisso da institui\u00e7\u00e3o com a qualidade. \u201cMais uma vez os \u00edndices mostram que a Universidade Ceuma cada vez mais se esmera em proporcionar educa\u00e7\u00e3o superior de qualidade. Nosso compromisso com a aprendizagem tem surtido os efeitos esperados. Nossos alunos, professores e funcion\u00e1rios s\u00e3o os respons\u00e1veis pelos excelentes resultados alcan\u00e7ados. Nossa miss\u00e3o \u00e9 obter notas cada vez mais altas, condizentes com a nossa qualidade\u201d, afirmou.<\/p>\n","protected":false},"excerpt":{"rendered":"<p>O Instituto Nacional de Estudos e Pesquisas Educacionais (Inep) do Minist\u00e9rio da Educa\u00e7\u00e3o (MEC) publicou no Di\u00e1rio Oficial da Uni\u00e3o [&hellip;]<\/p>\n","protected":false},"author":0,"featured_media":0,"comment_status":"open","ping_status":"open","sticky":false,"template":"","format":"standard","meta":{"site-sidebar-layout":"default","site-content-layout":"","ast-site-content-layout":"default","site-content-style":"default","site-sidebar-style":"default","ast-global-header-display":"","ast-banner-title-visibility":"","ast-main-header-display":"","ast-hfb-above-header-display":"","ast-hfb-below-header-display":"","ast-hfb-mobile-header-display":"","site-post-title":"","ast-breadcrumbs-content":"","ast-featured-img":"","footer-sml-layout":"","ast-disable-related-posts":"","theme-transparent-header-meta":"","adv-header-id-meta":"","stick-header-meta":"","header-above-stick-meta":"","header-main-stick-meta":"","header-below-stick-meta":"","astra-migrate-meta-layouts":"default","ast-page-background-enabled":"default","ast-page-background-meta":{"desktop":{"background-color":"var(--ast-global-color-5)","background-image":"","background-repeat":"repeat","background-position":"center center","background-size":"auto","background-attachment":"scroll","background-type":"","background-media":"","overlay-type":"","overlay-color":"","overlay-opacity":"","overlay-gradient":""},"tablet":{"background-color":"","background-image":"","background-repeat":"repeat","background-position":"center center","background-size":"auto","background-attachment":"scroll","background-type":"","background-media":"","overlay-type":"","overlay-color":"","overlay-opacity":"","overlay-gradient":""},"mobile":{"background-color":"","background-image":"","background-repeat":"repeat","background-position":"center center","background-size":"auto","background-attachment":"scroll","background-type":"","background-media":"","overlay-type":"","overlay-color":"","overlay-opacity":"","overlay-gradient":""}},"ast-content-background-meta":{"desktop":{"background-color":"var(--ast-global-color-4)","background-image":"","background-repeat":"repeat","background-position":"center center","background-size":"auto","background-attachment":"scroll","background-type":"","background-media":"","overlay-type":"","overlay-color":"","overlay-opacity":"","overlay-gradient":""},"tablet":{"background-color":"var(--ast-global-color-4)","background-image":"","background-repeat":"repeat","background-position":"center center","background-size":"auto","background-attachment":"scroll","background-type":"","background-media":"","overlay-type":"","overlay-color":"","overlay-opacity":"","overlay-gradient":""},"mobile":{"background-color":"var(--ast-global-color-4)","background-image":"","background-repeat":"repeat","background-position":"center center","background-size":"auto","background-attachment":"scroll","background-type":"","background-media":"","overlay-type":"","overlay-color":"","overlay-opacity":"","overlay-gradient":""}},"footnotes":""},"categories":[1],"tags":[],"class_list":["post-21412","post","type-post","status-publish","format-standard","hentry","category-sem-categoria"],"yoast_head":"<!-- This site is optimized with the Yoast SEO plugin v26.6 - https:\/\/yoast.com\/wordpress\/plugins\/seo\/ -->\n<title>Universidade Ceuma \u00e9 1\u00aa colocada entre institui\u00e7\u00f5es particulares do Norte\/Nordeste, avalia INEP - Daniel Matos<\/title>\n<meta name=\"robots\" content=\"index, follow, max-snippet:-1, max-image-preview:large, max-video-preview:-1\" \/>\n<link rel=\"canonical\" href=\"https:\/\/www.blogsoestado.com\/danielmatos\/universidade-ceuma-e-1a-colocada-entre-instituicoes-particulares-do-nortenordeste-avalia-inep\/\" \/>\n<meta property=\"og:locale\" content=\"pt_BR\" \/>\n<meta property=\"og:type\" content=\"article\" \/>\n<meta property=\"og:title\" content=\"Universidade Ceuma \u00e9 1\u00aa colocada entre institui\u00e7\u00f5es particulares do Norte\/Nordeste, avalia INEP - Daniel Matos\" \/>\n<meta property=\"og:description\" content=\"O Instituto Nacional de Estudos e Pesquisas Educacionais (Inep) do Minist\u00e9rio da Educa\u00e7\u00e3o (MEC) publicou no Di\u00e1rio Oficial da Uni\u00e3o [&hellip;]\" \/>\n<meta property=\"og:url\" content=\"https:\/\/www.blogsoestado.com\/danielmatos\/universidade-ceuma-e-1a-colocada-entre-instituicoes-particulares-do-nortenordeste-avalia-inep\/\" \/>\n<meta property=\"og:site_name\" content=\"Daniel Matos\" \/>\n<meta property=\"article:published_time\" content=\"2015-01-02T21:19:00+00:00\" \/>\n<meta property=\"og:image\" content=\"https:\/\/www.blogsoestado.com\/danielmatos\/files\/2015\/01\/ceuma-em-primeiro.jpg\" \/>\n<meta name=\"twitter:card\" content=\"summary_large_image\" \/>\n<meta name=\"twitter:label1\" content=\"Est. tempo de leitura\" \/>\n\t<meta name=\"twitter:data1\" content=\"3 minutos\" \/>\n<script type=\"application\/ld+json\" class=\"yoast-schema-graph\">{\"@context\":\"https:\/\/schema.org\",\"@graph\":[{\"@type\":\"WebPage\",\"@id\":\"https:\/\/www.blogsoestado.com\/danielmatos\/universidade-ceuma-e-1a-colocada-entre-instituicoes-particulares-do-nortenordeste-avalia-inep\/\",\"url\":\"https:\/\/www.blogsoestado.com\/danielmatos\/universidade-ceuma-e-1a-colocada-entre-instituicoes-particulares-do-nortenordeste-avalia-inep\/\",\"name\":\"Universidade Ceuma \u00e9 1\u00aa colocada entre institui\u00e7\u00f5es particulares do Norte\/Nordeste, avalia INEP - Daniel Matos\",\"isPartOf\":{\"@id\":\"https:\/\/www.blogsoestado.com\/danielmatos\/#website\"},\"primaryImageOfPage\":{\"@id\":\"https:\/\/www.blogsoestado.com\/danielmatos\/universidade-ceuma-e-1a-colocada-entre-instituicoes-particulares-do-nortenordeste-avalia-inep\/#primaryimage\"},\"image\":{\"@id\":\"https:\/\/www.blogsoestado.com\/danielmatos\/universidade-ceuma-e-1a-colocada-entre-instituicoes-particulares-do-nortenordeste-avalia-inep\/#primaryimage\"},\"thumbnailUrl\":\"https:\/\/www.blogsoestado.com\/danielmatos\/files\/2015\/01\/ceuma-em-primeiro.jpg\",\"datePublished\":\"2015-01-02T21:19:00+00:00\",\"author\":{\"@id\":\"\"},\"breadcrumb\":{\"@id\":\"https:\/\/www.blogsoestado.com\/danielmatos\/universidade-ceuma-e-1a-colocada-entre-instituicoes-particulares-do-nortenordeste-avalia-inep\/#breadcrumb\"},\"inLanguage\":\"pt-BR\",\"potentialAction\":[{\"@type\":\"ReadAction\",\"target\":[\"https:\/\/www.blogsoestado.com\/danielmatos\/universidade-ceuma-e-1a-colocada-entre-instituicoes-particulares-do-nortenordeste-avalia-inep\/\"]}]},{\"@type\":\"ImageObject\",\"inLanguage\":\"pt-BR\",\"@id\":\"https:\/\/www.blogsoestado.com\/danielmatos\/universidade-ceuma-e-1a-colocada-entre-instituicoes-particulares-do-nortenordeste-avalia-inep\/#primaryimage\",\"url\":\"https:\/\/www.blogsoestado.com\/danielmatos\/files\/2015\/01\/ceuma-em-primeiro.jpg\",\"contentUrl\":\"https:\/\/www.blogsoestado.com\/danielmatos\/files\/2015\/01\/ceuma-em-primeiro.jpg\"},{\"@type\":\"BreadcrumbList\",\"@id\":\"https:\/\/www.blogsoestado.com\/danielmatos\/universidade-ceuma-e-1a-colocada-entre-instituicoes-particulares-do-nortenordeste-avalia-inep\/#breadcrumb\",\"itemListElement\":[{\"@type\":\"ListItem\",\"position\":1,\"name\":\"In\u00edcio\",\"item\":\"https:\/\/www.blogsoestado.com\/danielmatos\/\"},{\"@type\":\"ListItem\",\"position\":2,\"name\":\"Universidade Ceuma \u00e9 1\u00aa colocada entre institui\u00e7\u00f5es particulares do Norte\/Nordeste, avalia INEP\"}]},{\"@type\":\"WebSite\",\"@id\":\"https:\/\/www.blogsoestado.com\/danielmatos\/#website\",\"url\":\"https:\/\/www.blogsoestado.com\/danielmatos\/\",\"name\":\"Daniel Matos\",\"description\":\"\",\"potentialAction\":[{\"@type\":\"SearchAction\",\"target\":{\"@type\":\"EntryPoint\",\"urlTemplate\":\"https:\/\/www.blogsoestado.com\/danielmatos\/?s={search_term_string}\"},\"query-input\":{\"@type\":\"PropertyValueSpecification\",\"valueRequired\":true,\"valueName\":\"search_term_string\"}}],\"inLanguage\":\"pt-BR\"}]}<\/script>\n<!-- \/ Yoast SEO plugin. -->","yoast_head_json":{"title":"Universidade Ceuma \u00e9 1\u00aa colocada entre institui\u00e7\u00f5es particulares do Norte\/Nordeste, avalia INEP - Daniel Matos","robots":{"index":"index","follow":"follow","max-snippet":"max-snippet:-1","max-image-preview":"max-image-preview:large","max-video-preview":"max-video-preview:-1"},"canonical":"https:\/\/www.blogsoestado.com\/danielmatos\/universidade-ceuma-e-1a-colocada-entre-instituicoes-particulares-do-nortenordeste-avalia-inep\/","og_locale":"pt_BR","og_type":"article","og_title":"Universidade Ceuma \u00e9 1\u00aa colocada entre institui\u00e7\u00f5es particulares do Norte\/Nordeste, avalia INEP - Daniel Matos","og_description":"O Instituto Nacional de Estudos e Pesquisas Educacionais (Inep) do Minist\u00e9rio da Educa\u00e7\u00e3o (MEC) publicou no Di\u00e1rio Oficial da Uni\u00e3o [&hellip;]","og_url":"https:\/\/www.blogsoestado.com\/danielmatos\/universidade-ceuma-e-1a-colocada-entre-instituicoes-particulares-do-nortenordeste-avalia-inep\/","og_site_name":"Daniel Matos","article_published_time":"2015-01-02T21:19:00+00:00","og_image":[{"url":"https:\/\/www.blogsoestado.com\/danielmatos\/files\/2015\/01\/ceuma-em-primeiro.jpg","type":"","width":"","height":""}],"twitter_card":"summary_large_image","twitter_misc":{"Est. tempo de leitura":"3 minutos"},"schema":{"@context":"https:\/\/schema.org","@graph":[{"@type":"WebPage","@id":"https:\/\/www.blogsoestado.com\/danielmatos\/universidade-ceuma-e-1a-colocada-entre-instituicoes-particulares-do-nortenordeste-avalia-inep\/","url":"https:\/\/www.blogsoestado.com\/danielmatos\/universidade-ceuma-e-1a-colocada-entre-instituicoes-particulares-do-nortenordeste-avalia-inep\/","name":"Universidade Ceuma \u00e9 1\u00aa colocada entre institui\u00e7\u00f5es particulares do Norte\/Nordeste, avalia INEP - Daniel Matos","isPartOf":{"@id":"https:\/\/www.blogsoestado.com\/danielmatos\/#website"},"primaryImageOfPage":{"@id":"https:\/\/www.blogsoestado.com\/danielmatos\/universidade-ceuma-e-1a-colocada-entre-instituicoes-particulares-do-nortenordeste-avalia-inep\/#primaryimage"},"image":{"@id":"https:\/\/www.blogsoestado.com\/danielmatos\/universidade-ceuma-e-1a-colocada-entre-instituicoes-particulares-do-nortenordeste-avalia-inep\/#primaryimage"},"thumbnailUrl":"https:\/\/www.blogsoestado.com\/danielmatos\/files\/2015\/01\/ceuma-em-primeiro.jpg","datePublished":"2015-01-02T21:19:00+00:00","author":{"@id":""},"breadcrumb":{"@id":"https:\/\/www.blogsoestado.com\/danielmatos\/universidade-ceuma-e-1a-colocada-entre-instituicoes-particulares-do-nortenordeste-avalia-inep\/#breadcrumb"},"inLanguage":"pt-BR","potentialAction":[{"@type":"ReadAction","target":["https:\/\/www.blogsoestado.com\/danielmatos\/universidade-ceuma-e-1a-colocada-entre-instituicoes-particulares-do-nortenordeste-avalia-inep\/"]}]},{"@type":"ImageObject","inLanguage":"pt-BR","@id":"https:\/\/www.blogsoestado.com\/danielmatos\/universidade-ceuma-e-1a-colocada-entre-instituicoes-particulares-do-nortenordeste-avalia-inep\/#primaryimage","url":"https:\/\/www.blogsoestado.com\/danielmatos\/files\/2015\/01\/ceuma-em-primeiro.jpg","contentUrl":"https:\/\/www.blogsoestado.com\/danielmatos\/files\/2015\/01\/ceuma-em-primeiro.jpg"},{"@type":"BreadcrumbList","@id":"https:\/\/www.blogsoestado.com\/danielmatos\/universidade-ceuma-e-1a-colocada-entre-instituicoes-particulares-do-nortenordeste-avalia-inep\/#breadcrumb","itemListElement":[{"@type":"ListItem","position":1,"name":"In\u00edcio","item":"https:\/\/www.blogsoestado.com\/danielmatos\/"},{"@type":"ListItem","position":2,"name":"Universidade Ceuma \u00e9 1\u00aa colocada entre institui\u00e7\u00f5es particulares do Norte\/Nordeste, avalia INEP"}]},{"@type":"WebSite","@id":"https:\/\/www.blogsoestado.com\/danielmatos\/#website","url":"https:\/\/www.blogsoestado.com\/danielmatos\/","name":"Daniel Matos","description":"","potentialAction":[{"@type":"SearchAction","target":{"@type":"EntryPoint","urlTemplate":"https:\/\/www.blogsoestado.com\/danielmatos\/?s={search_term_string}"},"query-input":{"@type":"PropertyValueSpecification","valueRequired":true,"valueName":"search_term_string"}}],"inLanguage":"pt-BR"}]}},"jetpack_featured_media_url":"","_links":{"self":[{"href":"https:\/\/www.blogsoestado.com\/danielmatos\/wp-json\/wp\/v2\/posts\/21412","targetHints":{"allow":["GET"]}}],"collection":[{"href":"https:\/\/www.blogsoestado.com\/danielmatos\/wp-json\/wp\/v2\/posts"}],"about":[{"href":"https:\/\/www.blogsoestado.com\/danielmatos\/wp-json\/wp\/v2\/types\/post"}],"replies":[{"embeddable":true,"href":"https:\/\/www.blogsoestado.com\/danielmatos\/wp-json\/wp\/v2\/comments?post=21412"}],"version-history":[{"count":0,"href":"https:\/\/www.blogsoestado.com\/danielmatos\/wp-json\/wp\/v2\/posts\/21412\/revisions"}],"wp:attachment":[{"href":"https:\/\/www.blogsoestado.com\/danielmatos\/wp-json\/wp\/v2\/media?parent=21412"}],"wp:term":[{"taxonomy":"category","embeddable":true,"href":"https:\/\/www.blogsoestado.com\/danielmatos\/wp-json\/wp\/v2\/categories?post=21412"},{"taxonomy":"post_tag","embeddable":true,"href":"https:\/\/www.blogsoestado.com\/danielmatos\/wp-json\/wp\/v2\/tags?post=21412"}],"curies":[{"name":"wp","href":"https:\/\/api.w.org\/{rel}","templated":true}]}}