{"id":21416,"date":"2015-01-04T06:26:41","date_gmt":"2015-01-04T09:26:41","guid":{"rendered":"https:\/\/www.blogsoestado.com\/danielmatos\/?p=21416"},"modified":"2015-01-04T06:26:41","modified_gmt":"2015-01-04T09:26:41","slug":"diretor-geral-da-camara-municipal-tera-ardua-missao-pela-frente","status":"publish","type":"post","link":"https:\/\/www.blogsoestado.com\/danielmatos\/diretor-geral-da-camara-municipal-tera-ardua-missao-pela-frente\/","title":{"rendered":"Diretor-geral da C\u00e2mara Municipal ter\u00e1 \u00e1rdua miss\u00e3o pela frente"},"content":{"rendered":"<figure id=\"attachment_21417\" aria-describedby=\"caption-attachment-21417\" style=\"width: 448px\" class=\"wp-caption alignright\"><a href=\"https:\/\/www.blogsoestado.com\/danielmatos\/files\/2015\/01\/itamilson-astro.jpg\"><img fetchpriority=\"high\" decoding=\"async\" class=\"size-full wp-image-21417\" src=\"https:\/\/www.blogsoestado.com\/danielmatos\/files\/2015\/01\/itamilson-astro.jpg\" alt=\"Itamilson Lima com o presidente da C\u00e2mara Municipal, Astro de Ogum\" width=\"448\" height=\"298\" \/><\/a><figcaption id=\"caption-attachment-21417\" class=\"wp-caption-text\">Itamilson Lima com o presidente da C\u00e2mara Municipal, Astro de Ogum<\/figcaption><\/figure>\n<p>O matem\u00e1tico, mestrando em Estat\u00edstica e formando em Direito Itamilson Pereira Corr\u00eaa Lima foi o escolhido pelo vereador Astro de Ogum(PMN), presidente da C\u00e2mara Municipal de S\u00e3o Lu\u00eds, para assumir a Diretoria Geral da Casa.<\/p>\n<p>Al\u00e9m da coordena\u00e7\u00e3o de campanha de tr\u00eas dos quatro mandados do vereador, e da capacidade t\u00e9cnica indiscut\u00edvel, com v\u00e1rias aprova\u00e7\u00f5es no curr\u00edculo, entre elas, para o Curso de Ci\u00eancias Cont\u00e1beis na UFMA, Ci\u00eancias da Computa\u00e7\u00e3o, no IFMA, Letras, na Uema, Secretarias de Educa\u00e7\u00e3o do Estado e Munic\u00edpio de S\u00e3o Lu\u00eds, o novo diretor ter\u00e1 uma \u00e1rdua miss\u00e3o pela frente.<\/p>\n<p>Atendendo as orienta\u00e7\u00f5es do presidente Astro de Ogum, que assumiu prometendo modernizar a CM e tratar a situa\u00e7\u00e3o de dezenas de funcion\u00e1rios com carinho, em parceria com os demais escolhidos, ser\u00e1 responsabilidade de o novo diretor alinhar as \u00e1reas administrativa e funcional.<\/p>\n<p>\u201cO presidente tem v\u00e1rias a\u00e7\u00f5es que deseja implementar, as quais tem como escopo al\u00e9m de aproximar o legislativo municipal da popula\u00e7\u00e3o, enfrentar as dificuldades estruturais, principalmente no tocante a situa\u00e7\u00e3o da estabilidade dos funcion\u00e1rios, e essa ser\u00e1 a nossa tarefa, materializar as a\u00e7\u00f5es que est\u00e3o sendo idealizadas\u201d, afirmou Itamilson Lima.<\/p>\n<p>Al\u00e9m do primeiro concurso p\u00fablico no legislativo municipal, o novo presidente j\u00e1 externou a inten\u00e7\u00e3o de negociar a d\u00edvida de alguns milh\u00f5es de reais que a C\u00e2mara Municipal mant\u00e9m junto ao INSS, para tanto, a advogada Itamary Corr\u00eaa Lima, especialista em Direito Previdenci\u00e1rio, foi designada para conduzir esse processo de negocia\u00e7\u00e3o.<\/p>\n<p>\u201cJ\u00e1 temos conhecimento de algumas ilegalidades no processo de formaliza\u00e7\u00e3o da cobran\u00e7a, as quais ser\u00e3o alvos de impugna\u00e7\u00e3o, por isso, nos pr\u00f3ximos dias, estaremos ajuizando uma A\u00e7\u00e3o Anulat\u00f3ria de Cr\u00e9dito Tribut\u00e1rio que, certamente, ir\u00e1 reduzir, consideravelmente, o d\u00e9bito que o Legislativo possui junto \u00e0 autarquia federal\u201d, pontuou a advogada.<\/p>\n<p>O vereador Astro de Ogum tomou posse nesta quinta-feira(01) para o bi\u00eanio 2015\/2016. Em uma concorrida solenidade, que contou com a presen\u00e7a de v\u00e1rias autoridades, entre elas, o prefeito Edivaldo Holanda Junior, os deputados H\u00e9lio Soares e Weverton Rocha, abordou as metas a serem seguidas por sua administra\u00e7\u00e3o.<\/p>\n<p>\u201cIrei comandar o Legislativo com os olhos diretamente voltados para a quest\u00e3o estrutural, principalmente no tocante a situa\u00e7\u00e3o da estabilidade dos funcion\u00e1rios, porque nunca se realizou um concurso p\u00fablico para termos a estabilidade dos servidores desta C\u00e2mara, e fazer o que tiver ao nosso alcance\u201d, afirmou o novo presidente.<\/p>\n<p>Na pr\u00f3xima semana, os novos diretores e superintendentes estar\u00e3o sendo nomeados para desempenharem suas fun\u00e7\u00f5es.<\/p>\n","protected":false},"excerpt":{"rendered":"<p>O matem\u00e1tico, mestrando em Estat\u00edstica e formando em Direito Itamilson Pereira Corr\u00eaa Lima foi o escolhido pelo vereador Astro de [&hellip;]<\/p>\n","protected":false},"author":0,"featured_media":0,"comment_status":"open","ping_status":"open","sticky":false,"template":"","format":"standard","meta":{"site-sidebar-layout":"default","site-content-layout":"","ast-site-content-layout":"default","site-content-style":"default","site-sidebar-style":"default","ast-global-header-display":"","ast-banner-title-visibility":"","ast-main-header-display":"","ast-hfb-above-header-display":"","ast-hfb-below-header-display":"","ast-hfb-mobile-header-display":"","site-post-title":"","ast-breadcrumbs-content":"","ast-featured-img":"","footer-sml-layout":"","ast-disable-related-posts":"","theme-transparent-header-meta":"","adv-header-id-meta":"","stick-header-meta":"","header-above-stick-meta":"","header-main-stick-meta":"","header-below-stick-meta":"","astra-migrate-meta-layouts":"default","ast-page-background-enabled":"default","ast-page-background-meta":{"desktop":{"background-color":"var(--ast-global-color-5)","background-image":"","background-repeat":"repeat","background-position":"center center","background-size":"auto","background-attachment":"scroll","background-type":"","background-media":"","overlay-type":"","overlay-color":"","overlay-opacity":"","overlay-gradient":""},"tablet":{"background-color":"","background-image":"","background-repeat":"repeat","background-position":"center center","background-size":"auto","background-attachment":"scroll","background-type":"","background-media":"","overlay-type":"","overlay-color":"","overlay-opacity":"","overlay-gradient":""},"mobile":{"background-color":"","background-image":"","background-repeat":"repeat","background-position":"center center","background-size":"auto","background-attachment":"scroll","background-type":"","background-media":"","overlay-type":"","overlay-color":"","overlay-opacity":"","overlay-gradient":""}},"ast-content-background-meta":{"desktop":{"background-color":"var(--ast-global-color-4)","background-image":"","background-repeat":"repeat","background-position":"center center","background-size":"auto","background-attachment":"scroll","background-type":"","background-media":"","overlay-type":"","overlay-color":"","overlay-opacity":"","overlay-gradient":""},"tablet":{"background-color":"var(--ast-global-color-4)","background-image":"","background-repeat":"repeat","background-position":"center center","background-size":"auto","background-attachment":"scroll","background-type":"","background-media":"","overlay-type":"","overlay-color":"","overlay-opacity":"","overlay-gradient":""},"mobile":{"background-color":"var(--ast-global-color-4)","background-image":"","background-repeat":"repeat","background-position":"center center","background-size":"auto","background-attachment":"scroll","background-type":"","background-media":"","overlay-type":"","overlay-color":"","overlay-opacity":"","overlay-gradient":""}},"footnotes":""},"categories":[1],"tags":[],"class_list":["post-21416","post","type-post","status-publish","format-standard","hentry","category-sem-categoria"],"yoast_head":"<!-- This site is optimized with the Yoast SEO plugin v26.6 - https:\/\/yoast.com\/wordpress\/plugins\/seo\/ -->\n<title>Diretor-geral da C\u00e2mara Municipal ter\u00e1 \u00e1rdua miss\u00e3o pela frente - Daniel Matos<\/title>\n<meta name=\"robots\" content=\"index, follow, max-snippet:-1, max-image-preview:large, max-video-preview:-1\" \/>\n<link rel=\"canonical\" href=\"https:\/\/www.blogsoestado.com\/danielmatos\/diretor-geral-da-camara-municipal-tera-ardua-missao-pela-frente\/\" \/>\n<meta property=\"og:locale\" content=\"pt_BR\" \/>\n<meta property=\"og:type\" content=\"article\" \/>\n<meta property=\"og:title\" content=\"Diretor-geral da C\u00e2mara Municipal ter\u00e1 \u00e1rdua miss\u00e3o pela frente - Daniel Matos\" \/>\n<meta property=\"og:description\" content=\"O matem\u00e1tico, mestrando em Estat\u00edstica e formando em Direito Itamilson Pereira Corr\u00eaa Lima foi o escolhido pelo vereador Astro de [&hellip;]\" \/>\n<meta property=\"og:url\" content=\"https:\/\/www.blogsoestado.com\/danielmatos\/diretor-geral-da-camara-municipal-tera-ardua-missao-pela-frente\/\" \/>\n<meta property=\"og:site_name\" content=\"Daniel Matos\" \/>\n<meta property=\"article:published_time\" content=\"2015-01-04T09:26:41+00:00\" \/>\n<meta property=\"og:image\" content=\"https:\/\/www.blogsoestado.com\/danielmatos\/files\/2015\/01\/itamilson-astro.jpg\" \/>\n<meta name=\"twitter:card\" content=\"summary_large_image\" \/>\n<meta name=\"twitter:label1\" content=\"Est. tempo de leitura\" \/>\n\t<meta name=\"twitter:data1\" content=\"2 minutos\" \/>\n<script type=\"application\/ld+json\" class=\"yoast-schema-graph\">{\"@context\":\"https:\/\/schema.org\",\"@graph\":[{\"@type\":\"WebPage\",\"@id\":\"https:\/\/www.blogsoestado.com\/danielmatos\/diretor-geral-da-camara-municipal-tera-ardua-missao-pela-frente\/\",\"url\":\"https:\/\/www.blogsoestado.com\/danielmatos\/diretor-geral-da-camara-municipal-tera-ardua-missao-pela-frente\/\",\"name\":\"Diretor-geral da C\u00e2mara Municipal ter\u00e1 \u00e1rdua miss\u00e3o pela frente - Daniel Matos\",\"isPartOf\":{\"@id\":\"https:\/\/www.blogsoestado.com\/danielmatos\/#website\"},\"primaryImageOfPage\":{\"@id\":\"https:\/\/www.blogsoestado.com\/danielmatos\/diretor-geral-da-camara-municipal-tera-ardua-missao-pela-frente\/#primaryimage\"},\"image\":{\"@id\":\"https:\/\/www.blogsoestado.com\/danielmatos\/diretor-geral-da-camara-municipal-tera-ardua-missao-pela-frente\/#primaryimage\"},\"thumbnailUrl\":\"https:\/\/www.blogsoestado.com\/danielmatos\/files\/2015\/01\/itamilson-astro.jpg\",\"datePublished\":\"2015-01-04T09:26:41+00:00\",\"author\":{\"@id\":\"\"},\"breadcrumb\":{\"@id\":\"https:\/\/www.blogsoestado.com\/danielmatos\/diretor-geral-da-camara-municipal-tera-ardua-missao-pela-frente\/#breadcrumb\"},\"inLanguage\":\"pt-BR\",\"potentialAction\":[{\"@type\":\"ReadAction\",\"target\":[\"https:\/\/www.blogsoestado.com\/danielmatos\/diretor-geral-da-camara-municipal-tera-ardua-missao-pela-frente\/\"]}]},{\"@type\":\"ImageObject\",\"inLanguage\":\"pt-BR\",\"@id\":\"https:\/\/www.blogsoestado.com\/danielmatos\/diretor-geral-da-camara-municipal-tera-ardua-missao-pela-frente\/#primaryimage\",\"url\":\"https:\/\/www.blogsoestado.com\/danielmatos\/files\/2015\/01\/itamilson-astro.jpg\",\"contentUrl\":\"https:\/\/www.blogsoestado.com\/danielmatos\/files\/2015\/01\/itamilson-astro.jpg\"},{\"@type\":\"BreadcrumbList\",\"@id\":\"https:\/\/www.blogsoestado.com\/danielmatos\/diretor-geral-da-camara-municipal-tera-ardua-missao-pela-frente\/#breadcrumb\",\"itemListElement\":[{\"@type\":\"ListItem\",\"position\":1,\"name\":\"In\u00edcio\",\"item\":\"https:\/\/www.blogsoestado.com\/danielmatos\/\"},{\"@type\":\"ListItem\",\"position\":2,\"name\":\"Diretor-geral da C\u00e2mara Municipal ter\u00e1 \u00e1rdua miss\u00e3o pela frente\"}]},{\"@type\":\"WebSite\",\"@id\":\"https:\/\/www.blogsoestado.com\/danielmatos\/#website\",\"url\":\"https:\/\/www.blogsoestado.com\/danielmatos\/\",\"name\":\"Daniel Matos\",\"description\":\"\",\"potentialAction\":[{\"@type\":\"SearchAction\",\"target\":{\"@type\":\"EntryPoint\",\"urlTemplate\":\"https:\/\/www.blogsoestado.com\/danielmatos\/?s={search_term_string}\"},\"query-input\":{\"@type\":\"PropertyValueSpecification\",\"valueRequired\":true,\"valueName\":\"search_term_string\"}}],\"inLanguage\":\"pt-BR\"}]}<\/script>\n<!-- \/ Yoast SEO plugin. -->","yoast_head_json":{"title":"Diretor-geral da C\u00e2mara Municipal ter\u00e1 \u00e1rdua miss\u00e3o pela frente - Daniel Matos","robots":{"index":"index","follow":"follow","max-snippet":"max-snippet:-1","max-image-preview":"max-image-preview:large","max-video-preview":"max-video-preview:-1"},"canonical":"https:\/\/www.blogsoestado.com\/danielmatos\/diretor-geral-da-camara-municipal-tera-ardua-missao-pela-frente\/","og_locale":"pt_BR","og_type":"article","og_title":"Diretor-geral da C\u00e2mara Municipal ter\u00e1 \u00e1rdua miss\u00e3o pela frente - Daniel Matos","og_description":"O matem\u00e1tico, mestrando em Estat\u00edstica e formando em Direito Itamilson Pereira Corr\u00eaa Lima foi o escolhido pelo vereador Astro de [&hellip;]","og_url":"https:\/\/www.blogsoestado.com\/danielmatos\/diretor-geral-da-camara-municipal-tera-ardua-missao-pela-frente\/","og_site_name":"Daniel Matos","article_published_time":"2015-01-04T09:26:41+00:00","og_image":[{"url":"https:\/\/www.blogsoestado.com\/danielmatos\/files\/2015\/01\/itamilson-astro.jpg","type":"","width":"","height":""}],"twitter_card":"summary_large_image","twitter_misc":{"Est. tempo de leitura":"2 minutos"},"schema":{"@context":"https:\/\/schema.org","@graph":[{"@type":"WebPage","@id":"https:\/\/www.blogsoestado.com\/danielmatos\/diretor-geral-da-camara-municipal-tera-ardua-missao-pela-frente\/","url":"https:\/\/www.blogsoestado.com\/danielmatos\/diretor-geral-da-camara-municipal-tera-ardua-missao-pela-frente\/","name":"Diretor-geral da C\u00e2mara Municipal ter\u00e1 \u00e1rdua miss\u00e3o pela frente - Daniel Matos","isPartOf":{"@id":"https:\/\/www.blogsoestado.com\/danielmatos\/#website"},"primaryImageOfPage":{"@id":"https:\/\/www.blogsoestado.com\/danielmatos\/diretor-geral-da-camara-municipal-tera-ardua-missao-pela-frente\/#primaryimage"},"image":{"@id":"https:\/\/www.blogsoestado.com\/danielmatos\/diretor-geral-da-camara-municipal-tera-ardua-missao-pela-frente\/#primaryimage"},"thumbnailUrl":"https:\/\/www.blogsoestado.com\/danielmatos\/files\/2015\/01\/itamilson-astro.jpg","datePublished":"2015-01-04T09:26:41+00:00","author":{"@id":""},"breadcrumb":{"@id":"https:\/\/www.blogsoestado.com\/danielmatos\/diretor-geral-da-camara-municipal-tera-ardua-missao-pela-frente\/#breadcrumb"},"inLanguage":"pt-BR","potentialAction":[{"@type":"ReadAction","target":["https:\/\/www.blogsoestado.com\/danielmatos\/diretor-geral-da-camara-municipal-tera-ardua-missao-pela-frente\/"]}]},{"@type":"ImageObject","inLanguage":"pt-BR","@id":"https:\/\/www.blogsoestado.com\/danielmatos\/diretor-geral-da-camara-municipal-tera-ardua-missao-pela-frente\/#primaryimage","url":"https:\/\/www.blogsoestado.com\/danielmatos\/files\/2015\/01\/itamilson-astro.jpg","contentUrl":"https:\/\/www.blogsoestado.com\/danielmatos\/files\/2015\/01\/itamilson-astro.jpg"},{"@type":"BreadcrumbList","@id":"https:\/\/www.blogsoestado.com\/danielmatos\/diretor-geral-da-camara-municipal-tera-ardua-missao-pela-frente\/#breadcrumb","itemListElement":[{"@type":"ListItem","position":1,"name":"In\u00edcio","item":"https:\/\/www.blogsoestado.com\/danielmatos\/"},{"@type":"ListItem","position":2,"name":"Diretor-geral da C\u00e2mara Municipal ter\u00e1 \u00e1rdua miss\u00e3o pela frente"}]},{"@type":"WebSite","@id":"https:\/\/www.blogsoestado.com\/danielmatos\/#website","url":"https:\/\/www.blogsoestado.com\/danielmatos\/","name":"Daniel Matos","description":"","potentialAction":[{"@type":"SearchAction","target":{"@type":"EntryPoint","urlTemplate":"https:\/\/www.blogsoestado.com\/danielmatos\/?s={search_term_string}"},"query-input":{"@type":"PropertyValueSpecification","valueRequired":true,"valueName":"search_term_string"}}],"inLanguage":"pt-BR"}]}},"jetpack_featured_media_url":"","_links":{"self":[{"href":"https:\/\/www.blogsoestado.com\/danielmatos\/wp-json\/wp\/v2\/posts\/21416","targetHints":{"allow":["GET"]}}],"collection":[{"href":"https:\/\/www.blogsoestado.com\/danielmatos\/wp-json\/wp\/v2\/posts"}],"about":[{"href":"https:\/\/www.blogsoestado.com\/danielmatos\/wp-json\/wp\/v2\/types\/post"}],"replies":[{"embeddable":true,"href":"https:\/\/www.blogsoestado.com\/danielmatos\/wp-json\/wp\/v2\/comments?post=21416"}],"version-history":[{"count":0,"href":"https:\/\/www.blogsoestado.com\/danielmatos\/wp-json\/wp\/v2\/posts\/21416\/revisions"}],"wp:attachment":[{"href":"https:\/\/www.blogsoestado.com\/danielmatos\/wp-json\/wp\/v2\/media?parent=21416"}],"wp:term":[{"taxonomy":"category","embeddable":true,"href":"https:\/\/www.blogsoestado.com\/danielmatos\/wp-json\/wp\/v2\/categories?post=21416"},{"taxonomy":"post_tag","embeddable":true,"href":"https:\/\/www.blogsoestado.com\/danielmatos\/wp-json\/wp\/v2\/tags?post=21416"}],"curies":[{"name":"wp","href":"https:\/\/api.w.org\/{rel}","templated":true}]}}