{"id":21419,"date":"2015-01-04T06:34:33","date_gmt":"2015-01-04T09:34:33","guid":{"rendered":"https:\/\/www.blogsoestado.com\/danielmatos\/?p=21419"},"modified":"2015-01-04T06:34:33","modified_gmt":"2015-01-04T09:34:33","slug":"prefeito-de-paco-do-lumiar-e-secretarios-sao-homenageados","status":"publish","type":"post","link":"https:\/\/www.blogsoestado.com\/danielmatos\/prefeito-de-paco-do-lumiar-e-secretarios-sao-homenageados\/","title":{"rendered":"Prefeito de Pa\u00e7o do Lumiar e secret\u00e1rios s\u00e3o homenageados"},"content":{"rendered":"<figure id=\"attachment_21420\" aria-describedby=\"caption-attachment-21420\" style=\"width: 299px\" class=\"wp-caption alignleft\"><a href=\"https:\/\/www.blogsoestado.com\/danielmatos\/files\/2015\/01\/josemar-batista.jpg\"><img fetchpriority=\"high\" decoding=\"async\" class=\"size-full wp-image-21420\" src=\"https:\/\/www.blogsoestado.com\/danielmatos\/files\/2015\/01\/josemar-batista.jpg\" alt=\"Prefeito Josemar Sobreiro recebe certificado das m\u00e3os do secret\u00e1rio de Comunica\u00e7\u00e3o de S\u00e3o Lu\u00eds, Batista Matos\" width=\"299\" height=\"448\" \/><\/a><figcaption id=\"caption-attachment-21420\" class=\"wp-caption-text\">Prefeito Josemar Sobreiro recebe certificado das m\u00e3os do secret\u00e1rio de Comunica\u00e7\u00e3o de S\u00e3o Lu\u00eds, Batista Matos<\/figcaption><\/figure>\n<p>O prefeito de Pa\u00e7o do Lumiar, professor Josemar Sobreiro (PR) foi um dos homenageados do pr\u00eamio \u201cPersonalidades 2014\u201d, pela sua atua\u00e7\u00e3o na administra\u00e7\u00e3o p\u00fablica. Da gest\u00e3o municipal, receberam tamb\u00e9m a homenagem, a primeira-dama e secret\u00e1ria de Desenvolvimento Social, Ivone Oliveira, e a ex-secret\u00e1ria de Sa\u00fade, Nadi Morais.<\/p>\n<p>A professora Ivone, na ocasi\u00e3o, foi destaque pela sua atividade na literatura local, como presidente da Academia Luminense de Letras, e Nadi Morais pela sua contribui\u00e7\u00e3o para as melhorias na sa\u00fade p\u00fablica, enquanto gestora da pasta.<\/p>\n<p>O evento realizado pela primeira vez no munic\u00edpio, pelo comunicador Chagas Freitas, conferiu o m\u00e9rito a pessoas da comunidade e representantes do poder p\u00fablico, no dia 29 de dezembro, no audit\u00f3rio da Faculdade IESF. \u201cA inten\u00e7\u00e3o foi reconhecer an\u00f4nimos e pessoas p\u00fablicas pela contribui\u00e7\u00e3o para com o munic\u00edpio de Pa\u00e7o do Lumiar\u201d, contou Freitas.<\/p>\n<p>\u201cN\u00f3s que fazemos a gest\u00e3o municipal estamos muito honrados pelo reconhecimento. Trabalhamos muito em dois anos pela melhoria da qualidade de vida em nosso munic\u00edpio, com a\u00e7\u00f5es em diversos segmentos, e o nosso compromisso \u00e9 de continuar com mais pol\u00edticas afirmativas\u201d, declarou o prefeito Josemar.<\/p>\n<p>Foram tamb\u00e9m destaques em 2014, a comunicadora C\u00e9lia Vasconcelos (R\u00e1dio Cultura FM); a vereadora Gra\u00e7a Privado, como revela\u00e7\u00e3o na Pol\u00edtica luminense; na lideran\u00e7a comunit\u00e1ria, a senhora Osmarina (Zumbi dos Palmares) e Edileuza Mendes dos Santos (Conj. Roseana Sarney). Em articula\u00e7\u00e3o Pol\u00edtica, o comunicador Nauber Braga de Meneses; Blog Revela\u00e7\u00e3o, o administrador Jo\u00e3o Silva; na Gest\u00e3o Escolar, a professora Karla Maria Gama; como Locutor, Zequinha Ribeiro; Profissional da Educa\u00e7\u00e3o, a professora Honorina Carneiro, e no legislativo, o vereador de Leonardo Bruno Rodrigues.<\/p>\n","protected":false},"excerpt":{"rendered":"<p>O prefeito de Pa\u00e7o do Lumiar, professor Josemar Sobreiro (PR) foi um dos homenageados do pr\u00eamio \u201cPersonalidades 2014\u201d, pela sua [&hellip;]<\/p>\n","protected":false},"author":0,"featured_media":0,"comment_status":"open","ping_status":"open","sticky":false,"template":"","format":"standard","meta":{"site-sidebar-layout":"default","site-content-layout":"","ast-site-content-layout":"default","site-content-style":"default","site-sidebar-style":"default","ast-global-header-display":"","ast-banner-title-visibility":"","ast-main-header-display":"","ast-hfb-above-header-display":"","ast-hfb-below-header-display":"","ast-hfb-mobile-header-display":"","site-post-title":"","ast-breadcrumbs-content":"","ast-featured-img":"","footer-sml-layout":"","ast-disable-related-posts":"","theme-transparent-header-meta":"","adv-header-id-meta":"","stick-header-meta":"","header-above-stick-meta":"","header-main-stick-meta":"","header-below-stick-meta":"","astra-migrate-meta-layouts":"default","ast-page-background-enabled":"default","ast-page-background-meta":{"desktop":{"background-color":"var(--ast-global-color-5)","background-image":"","background-repeat":"repeat","background-position":"center center","background-size":"auto","background-attachment":"scroll","background-type":"","background-media":"","overlay-type":"","overlay-color":"","overlay-opacity":"","overlay-gradient":""},"tablet":{"background-color":"","background-image":"","background-repeat":"repeat","background-position":"center center","background-size":"auto","background-attachment":"scroll","background-type":"","background-media":"","overlay-type":"","overlay-color":"","overlay-opacity":"","overlay-gradient":""},"mobile":{"background-color":"","background-image":"","background-repeat":"repeat","background-position":"center center","background-size":"auto","background-attachment":"scroll","background-type":"","background-media":"","overlay-type":"","overlay-color":"","overlay-opacity":"","overlay-gradient":""}},"ast-content-background-meta":{"desktop":{"background-color":"var(--ast-global-color-4)","background-image":"","background-repeat":"repeat","background-position":"center center","background-size":"auto","background-attachment":"scroll","background-type":"","background-media":"","overlay-type":"","overlay-color":"","overlay-opacity":"","overlay-gradient":""},"tablet":{"background-color":"var(--ast-global-color-4)","background-image":"","background-repeat":"repeat","background-position":"center center","background-size":"auto","background-attachment":"scroll","background-type":"","background-media":"","overlay-type":"","overlay-color":"","overlay-opacity":"","overlay-gradient":""},"mobile":{"background-color":"var(--ast-global-color-4)","background-image":"","background-repeat":"repeat","background-position":"center center","background-size":"auto","background-attachment":"scroll","background-type":"","background-media":"","overlay-type":"","overlay-color":"","overlay-opacity":"","overlay-gradient":""}},"footnotes":""},"categories":[1],"tags":[],"class_list":["post-21419","post","type-post","status-publish","format-standard","hentry","category-sem-categoria"],"yoast_head":"<!-- This site is optimized with the Yoast SEO plugin v26.6 - https:\/\/yoast.com\/wordpress\/plugins\/seo\/ -->\n<title>Prefeito de Pa\u00e7o do Lumiar e secret\u00e1rios s\u00e3o homenageados - Daniel Matos<\/title>\n<meta name=\"robots\" content=\"index, follow, max-snippet:-1, max-image-preview:large, max-video-preview:-1\" \/>\n<link rel=\"canonical\" href=\"https:\/\/www.blogsoestado.com\/danielmatos\/prefeito-de-paco-do-lumiar-e-secretarios-sao-homenageados\/\" \/>\n<meta property=\"og:locale\" content=\"pt_BR\" \/>\n<meta property=\"og:type\" content=\"article\" \/>\n<meta property=\"og:title\" content=\"Prefeito de Pa\u00e7o do Lumiar e secret\u00e1rios s\u00e3o homenageados - Daniel Matos\" \/>\n<meta property=\"og:description\" content=\"O prefeito de Pa\u00e7o do Lumiar, professor Josemar Sobreiro (PR) foi um dos homenageados do pr\u00eamio \u201cPersonalidades 2014\u201d, pela sua [&hellip;]\" \/>\n<meta property=\"og:url\" content=\"https:\/\/www.blogsoestado.com\/danielmatos\/prefeito-de-paco-do-lumiar-e-secretarios-sao-homenageados\/\" \/>\n<meta property=\"og:site_name\" content=\"Daniel Matos\" \/>\n<meta property=\"article:published_time\" content=\"2015-01-04T09:34:33+00:00\" \/>\n<meta property=\"og:image\" content=\"https:\/\/www.blogsoestado.com\/danielmatos\/files\/2015\/01\/josemar-batista.jpg\" \/>\n<meta name=\"twitter:card\" content=\"summary_large_image\" \/>\n<meta name=\"twitter:label1\" content=\"Est. tempo de leitura\" \/>\n\t<meta name=\"twitter:data1\" content=\"2 minutos\" \/>\n<script type=\"application\/ld+json\" class=\"yoast-schema-graph\">{\"@context\":\"https:\/\/schema.org\",\"@graph\":[{\"@type\":\"WebPage\",\"@id\":\"https:\/\/www.blogsoestado.com\/danielmatos\/prefeito-de-paco-do-lumiar-e-secretarios-sao-homenageados\/\",\"url\":\"https:\/\/www.blogsoestado.com\/danielmatos\/prefeito-de-paco-do-lumiar-e-secretarios-sao-homenageados\/\",\"name\":\"Prefeito de Pa\u00e7o do Lumiar e secret\u00e1rios s\u00e3o homenageados - Daniel Matos\",\"isPartOf\":{\"@id\":\"https:\/\/www.blogsoestado.com\/danielmatos\/#website\"},\"primaryImageOfPage\":{\"@id\":\"https:\/\/www.blogsoestado.com\/danielmatos\/prefeito-de-paco-do-lumiar-e-secretarios-sao-homenageados\/#primaryimage\"},\"image\":{\"@id\":\"https:\/\/www.blogsoestado.com\/danielmatos\/prefeito-de-paco-do-lumiar-e-secretarios-sao-homenageados\/#primaryimage\"},\"thumbnailUrl\":\"https:\/\/www.blogsoestado.com\/danielmatos\/files\/2015\/01\/josemar-batista.jpg\",\"datePublished\":\"2015-01-04T09:34:33+00:00\",\"author\":{\"@id\":\"\"},\"breadcrumb\":{\"@id\":\"https:\/\/www.blogsoestado.com\/danielmatos\/prefeito-de-paco-do-lumiar-e-secretarios-sao-homenageados\/#breadcrumb\"},\"inLanguage\":\"pt-BR\",\"potentialAction\":[{\"@type\":\"ReadAction\",\"target\":[\"https:\/\/www.blogsoestado.com\/danielmatos\/prefeito-de-paco-do-lumiar-e-secretarios-sao-homenageados\/\"]}]},{\"@type\":\"ImageObject\",\"inLanguage\":\"pt-BR\",\"@id\":\"https:\/\/www.blogsoestado.com\/danielmatos\/prefeito-de-paco-do-lumiar-e-secretarios-sao-homenageados\/#primaryimage\",\"url\":\"https:\/\/www.blogsoestado.com\/danielmatos\/files\/2015\/01\/josemar-batista.jpg\",\"contentUrl\":\"https:\/\/www.blogsoestado.com\/danielmatos\/files\/2015\/01\/josemar-batista.jpg\"},{\"@type\":\"BreadcrumbList\",\"@id\":\"https:\/\/www.blogsoestado.com\/danielmatos\/prefeito-de-paco-do-lumiar-e-secretarios-sao-homenageados\/#breadcrumb\",\"itemListElement\":[{\"@type\":\"ListItem\",\"position\":1,\"name\":\"In\u00edcio\",\"item\":\"https:\/\/www.blogsoestado.com\/danielmatos\/\"},{\"@type\":\"ListItem\",\"position\":2,\"name\":\"Prefeito de Pa\u00e7o do Lumiar e secret\u00e1rios s\u00e3o homenageados\"}]},{\"@type\":\"WebSite\",\"@id\":\"https:\/\/www.blogsoestado.com\/danielmatos\/#website\",\"url\":\"https:\/\/www.blogsoestado.com\/danielmatos\/\",\"name\":\"Daniel Matos\",\"description\":\"\",\"potentialAction\":[{\"@type\":\"SearchAction\",\"target\":{\"@type\":\"EntryPoint\",\"urlTemplate\":\"https:\/\/www.blogsoestado.com\/danielmatos\/?s={search_term_string}\"},\"query-input\":{\"@type\":\"PropertyValueSpecification\",\"valueRequired\":true,\"valueName\":\"search_term_string\"}}],\"inLanguage\":\"pt-BR\"}]}<\/script>\n<!-- \/ Yoast SEO plugin. -->","yoast_head_json":{"title":"Prefeito de Pa\u00e7o do Lumiar e secret\u00e1rios s\u00e3o homenageados - Daniel Matos","robots":{"index":"index","follow":"follow","max-snippet":"max-snippet:-1","max-image-preview":"max-image-preview:large","max-video-preview":"max-video-preview:-1"},"canonical":"https:\/\/www.blogsoestado.com\/danielmatos\/prefeito-de-paco-do-lumiar-e-secretarios-sao-homenageados\/","og_locale":"pt_BR","og_type":"article","og_title":"Prefeito de Pa\u00e7o do Lumiar e secret\u00e1rios s\u00e3o homenageados - Daniel Matos","og_description":"O prefeito de Pa\u00e7o do Lumiar, professor Josemar Sobreiro (PR) foi um dos homenageados do pr\u00eamio \u201cPersonalidades 2014\u201d, pela sua [&hellip;]","og_url":"https:\/\/www.blogsoestado.com\/danielmatos\/prefeito-de-paco-do-lumiar-e-secretarios-sao-homenageados\/","og_site_name":"Daniel Matos","article_published_time":"2015-01-04T09:34:33+00:00","og_image":[{"url":"https:\/\/www.blogsoestado.com\/danielmatos\/files\/2015\/01\/josemar-batista.jpg","type":"","width":"","height":""}],"twitter_card":"summary_large_image","twitter_misc":{"Est. tempo de leitura":"2 minutos"},"schema":{"@context":"https:\/\/schema.org","@graph":[{"@type":"WebPage","@id":"https:\/\/www.blogsoestado.com\/danielmatos\/prefeito-de-paco-do-lumiar-e-secretarios-sao-homenageados\/","url":"https:\/\/www.blogsoestado.com\/danielmatos\/prefeito-de-paco-do-lumiar-e-secretarios-sao-homenageados\/","name":"Prefeito de Pa\u00e7o do Lumiar e secret\u00e1rios s\u00e3o homenageados - Daniel Matos","isPartOf":{"@id":"https:\/\/www.blogsoestado.com\/danielmatos\/#website"},"primaryImageOfPage":{"@id":"https:\/\/www.blogsoestado.com\/danielmatos\/prefeito-de-paco-do-lumiar-e-secretarios-sao-homenageados\/#primaryimage"},"image":{"@id":"https:\/\/www.blogsoestado.com\/danielmatos\/prefeito-de-paco-do-lumiar-e-secretarios-sao-homenageados\/#primaryimage"},"thumbnailUrl":"https:\/\/www.blogsoestado.com\/danielmatos\/files\/2015\/01\/josemar-batista.jpg","datePublished":"2015-01-04T09:34:33+00:00","author":{"@id":""},"breadcrumb":{"@id":"https:\/\/www.blogsoestado.com\/danielmatos\/prefeito-de-paco-do-lumiar-e-secretarios-sao-homenageados\/#breadcrumb"},"inLanguage":"pt-BR","potentialAction":[{"@type":"ReadAction","target":["https:\/\/www.blogsoestado.com\/danielmatos\/prefeito-de-paco-do-lumiar-e-secretarios-sao-homenageados\/"]}]},{"@type":"ImageObject","inLanguage":"pt-BR","@id":"https:\/\/www.blogsoestado.com\/danielmatos\/prefeito-de-paco-do-lumiar-e-secretarios-sao-homenageados\/#primaryimage","url":"https:\/\/www.blogsoestado.com\/danielmatos\/files\/2015\/01\/josemar-batista.jpg","contentUrl":"https:\/\/www.blogsoestado.com\/danielmatos\/files\/2015\/01\/josemar-batista.jpg"},{"@type":"BreadcrumbList","@id":"https:\/\/www.blogsoestado.com\/danielmatos\/prefeito-de-paco-do-lumiar-e-secretarios-sao-homenageados\/#breadcrumb","itemListElement":[{"@type":"ListItem","position":1,"name":"In\u00edcio","item":"https:\/\/www.blogsoestado.com\/danielmatos\/"},{"@type":"ListItem","position":2,"name":"Prefeito de Pa\u00e7o do Lumiar e secret\u00e1rios s\u00e3o homenageados"}]},{"@type":"WebSite","@id":"https:\/\/www.blogsoestado.com\/danielmatos\/#website","url":"https:\/\/www.blogsoestado.com\/danielmatos\/","name":"Daniel Matos","description":"","potentialAction":[{"@type":"SearchAction","target":{"@type":"EntryPoint","urlTemplate":"https:\/\/www.blogsoestado.com\/danielmatos\/?s={search_term_string}"},"query-input":{"@type":"PropertyValueSpecification","valueRequired":true,"valueName":"search_term_string"}}],"inLanguage":"pt-BR"}]}},"jetpack_featured_media_url":"","_links":{"self":[{"href":"https:\/\/www.blogsoestado.com\/danielmatos\/wp-json\/wp\/v2\/posts\/21419","targetHints":{"allow":["GET"]}}],"collection":[{"href":"https:\/\/www.blogsoestado.com\/danielmatos\/wp-json\/wp\/v2\/posts"}],"about":[{"href":"https:\/\/www.blogsoestado.com\/danielmatos\/wp-json\/wp\/v2\/types\/post"}],"replies":[{"embeddable":true,"href":"https:\/\/www.blogsoestado.com\/danielmatos\/wp-json\/wp\/v2\/comments?post=21419"}],"version-history":[{"count":0,"href":"https:\/\/www.blogsoestado.com\/danielmatos\/wp-json\/wp\/v2\/posts\/21419\/revisions"}],"wp:attachment":[{"href":"https:\/\/www.blogsoestado.com\/danielmatos\/wp-json\/wp\/v2\/media?parent=21419"}],"wp:term":[{"taxonomy":"category","embeddable":true,"href":"https:\/\/www.blogsoestado.com\/danielmatos\/wp-json\/wp\/v2\/categories?post=21419"},{"taxonomy":"post_tag","embeddable":true,"href":"https:\/\/www.blogsoestado.com\/danielmatos\/wp-json\/wp\/v2\/tags?post=21419"}],"curies":[{"name":"wp","href":"https:\/\/api.w.org\/{rel}","templated":true}]}}