{"id":21423,"date":"2015-01-05T16:35:40","date_gmt":"2015-01-05T19:35:40","guid":{"rendered":"https:\/\/www.blogsoestado.com\/danielmatos\/?p=21423"},"modified":"2015-01-05T16:35:40","modified_gmt":"2015-01-05T19:35:40","slug":"dede-macedo-quer-emplacar-gestor-de-assistencia-farmaceutica-no-governo-flavio-dino","status":"publish","type":"post","link":"https:\/\/www.blogsoestado.com\/danielmatos\/dede-macedo-quer-emplacar-gestor-de-assistencia-farmaceutica-no-governo-flavio-dino\/","title":{"rendered":"Ded\u00e9 Macedo quer emplacar gestor de Assist\u00eancia Farmac\u00eautica no governo Fl\u00e1vio Dino"},"content":{"rendered":"<figure id=\"attachment_21428\" aria-describedby=\"caption-attachment-21428\" style=\"width: 448px\" class=\"wp-caption alignleft\"><a href=\"https:\/\/www.blogsoestado.com\/danielmatos\/files\/2015\/01\/dede-macedo.jpg\"><img fetchpriority=\"high\" decoding=\"async\" class=\"size-full wp-image-21428\" src=\"https:\/\/www.blogsoestado.com\/danielmatos\/files\/2015\/01\/dede-macedo.jpg\" alt=\"Ded\u00e9 Macedo com os filhos Hernando, prefeito de Dom Pedro, e F\u00e1bio, deputado estadual eleito\" width=\"448\" height=\"299\" \/><\/a><figcaption id=\"caption-attachment-21428\" class=\"wp-caption-text\">Ded\u00e9 Macedo com os filhos Hernando, prefeito de Dom Pedro, e F\u00e1bio, deputado estadual eleito<\/figcaption><\/figure>\n<p>A fam\u00edlia do empres\u00e1rio piauiense Ded\u00e9 Macedo tenta definir a todo custo a sua participa\u00e7\u00e3o no governo Fl\u00e1vio Dino (PCdoB). Um dos maiores financiadores da campanha do comunista, Macedo, que foi extremamente\u00a0generoso com o aliado\u00a0durante a campanha, a ponto de ceder a ele seu helic\u00f3ptero particular, busca agora a compensa\u00e7\u00e3o. A melhor op\u00e7\u00e3o encontrada foi a indica\u00e7\u00e3o do gestor de Assist\u00eancia Farmac\u00eautica da Secretaria de Estado da Sa\u00fade. O pretenso ocupante do cargo \u00e9 o atual secret\u00e1rio de Sa\u00fade de Dom Pedro, Sandro Monteiro. Foi o que revelou ao blog uma fonte muito bem situada no segmento empresarial farmac\u00eautico.<\/p>\n<p>A nomea\u00e7\u00e3o de um aliado para gerir a Assist\u00eancia Farmac\u00eautica\u00a0pode ser um grande neg\u00f3cio, pois o ocupante do cargo tem o controle\u00a0sobre a compra de medicamentos para a rede hospitalar do Estado\u00a0e para fornecer aos milhares de pacientes assistidos pelo programa estadual de distribui\u00e7\u00e3o de rem\u00e9dios. Em Dom Pedro, \u00e9 voz corrente\u00a0que\u00a0Ded\u00e9 Macedo e seus filhos Hernando, prefeito da cidade, e F\u00e1bio, deputado estadual eleito, se movimentam nos bastidores do governo Dino para emplacar o chefe do setor.<\/p>\n<p><strong>Obras<\/strong><\/p>\n<figure id=\"attachment_21437\" aria-describedby=\"caption-attachment-21437\" style=\"width: 448px\" class=\"wp-caption alignright\"><a href=\"https:\/\/www.blogsoestado.com\/danielmatos\/files\/2015\/01\/dino-hernando.jpg\"><img decoding=\"async\" class=\"size-full wp-image-21437\" src=\"https:\/\/www.blogsoestado.com\/danielmatos\/files\/2015\/01\/dino-hernando.jpg\" alt=\"Fl\u00e1vio Dino com Hernando Macedo, Weverton Rocha e Roberto Rocha em Dom Pedro\" width=\"448\" height=\"336\" \/><\/a><figcaption id=\"caption-attachment-21437\" class=\"wp-caption-text\">Fl\u00e1vio Dino com Hernando Macedo, Weverton Rocha e Roberto Rocha em Dom Pedro<\/figcaption><\/figure>\n<p>Mas\u00a0essa n\u00e3o \u00e9 a \u00fanica pretens\u00e3o dos Macedo. Em outra frente, a fam\u00edlia\u00a0cobra de Fl\u00e1vio Dino recursos para a execu\u00e7\u00e3o de obras de infraestrutura em Dom Pedro, a fim de fortalecer o prefeito Hernando e pavimentar seu caminho rumo \u00e0 reelei\u00e7\u00e3o em 2016.\u00a0As cifras girariam em torno de milh\u00f5es\u00a0de reais\u00a0e o dinheiro seria repassado por meio de um ou mais conv\u00eanios.\u00a0Parte da verba\u00a0seria aplicada na constru\u00e7\u00e3o e recupera\u00e7\u00e3o de ruas, em obras de saneamento e outras benfeitorias.<\/p>\n<p>Principal advers\u00e1rio de Fl\u00e1vio Dino na disputa pelo Governo do Estado, o senador Lob\u00e3o Filho (PMDB) apontou Ded\u00e9 Macedo como um dos maiores patrocinadores do projeto eleitoral comunista e atribuiu a ele a pr\u00e1tica\u00a0da\u00a0agiotagem. &#8220;O principal financiador da campanha dele (Fl\u00e1vio Dino) \u00e9 o maior agiota de Teresina, que quebrou v\u00e1rias prefeituras do Maranh\u00e3o, o empres\u00e1rio Ded\u00e9 Macedo\u201d, acusou Lob\u00e3o Filho, durante uma entrevista \u00e0\u00a0R\u00e1dio Mirante AM, em 7 de maio do ano passado.<\/p>\n<p>Ap\u00f3s a elei\u00e7\u00e3o de Fl\u00e1vio Dino, muito se especulou\u00a0sobre a participa\u00e7\u00e3o de Ded\u00e9 Macedo no governo. Ele\u00a0chegou a ser cotado para\u00a0assumir o cargo\u00a0diretor-geral do Departamento Estadual de Tr\u00e2nsito (Detran), o que n\u00e3o se confirmou. Definido\u00a0o secretariado, Macedo se viu exclu\u00eddo da equipe de auxiliares do governador,\u00a0mas nem por isso deixar\u00e1 de usufruir as benesses do poder. O contrato para fornecimento de rem\u00e9dios \u00e0 rede estadual de sa\u00fade confere ao detentor muito mais ganhos financeiros do que a maioria das\u00a0secretarias. E isso \u00e9 o que de fato interessa ao empres\u00e1rio.<\/p>\n<p><strong>Negociata<\/strong><\/p>\n<p>A\u00a0negociata entre pol\u00edtico e agiota\u00a0ocorre\u00a0nos seguintes termos:\u00a0o usur\u00e1rio\u00a0empresta o dinheiro para financiar a campanha eleitoral, sempre a juros exorbitantes.\u00a0Depois\u00a0cobra tudo na forma de\u00a0contratos para fornecimento de merenda escolar, medicamentos e equipamentos hospitalares.\u00a0Uma das fontes de\u00a0pagamento\u00a0\u00e9 a\u00a0verba\u00a0do Fundo de Participa\u00e7\u00e3o dos Munic\u00edpios (FPM). O contrato sempre prev\u00ea a\u00a0aquisi\u00e7\u00e3o de farta\u00a0quantidade, mas\u00a0menos da metade do que \u00e9 acertado \u00e9 fornecido ao poder p\u00fablico.<\/p>\n<figure id=\"attachment_21438\" aria-describedby=\"caption-attachment-21438\" style=\"width: 448px\" class=\"wp-caption alignleft\"><a href=\"https:\/\/www.blogsoestado.com\/danielmatos\/files\/2015\/01\/dino-ded\u00e9-macedo.jpg\"><img decoding=\"async\" class=\"size-full wp-image-21438\" src=\"https:\/\/www.blogsoestado.com\/danielmatos\/files\/2015\/01\/dino-ded\u00e9-macedo.jpg\" alt=\"Fl\u00e1vio Dino com Ded\u00e9 Macedo, o advogado Mauro Guimar\u00e3es e o deputado eleito F\u00e1bio Macedo em encontro pol\u00edtico \" width=\"448\" height=\"252\" \/><\/a><figcaption id=\"caption-attachment-21438\" class=\"wp-caption-text\">Fl\u00e1vio Dino com Ded\u00e9 Macedo, o advogado Mauro Guimar\u00e3es e o deputado estadual eleito F\u00e1bio Macedo em encontro pol\u00edtico<\/figcaption><\/figure>\n<p>O pol\u00edtico\u00a0eleito com\u00a0dinheiro da agiotagem fica preso ao\u00a0criminoso\u00a0e \u00e0 medida que\u00a0vai lhe repassando dinheiro p\u00fablico imediatamente contrai um\u00a0novo empr\u00e9stimo, em valor ainda maior. Essa pr\u00e1tica nefasta trava o progresso da gest\u00e3o p\u00fablica, que assim deixa de prestar servi\u00e7os de maneira adequada\u00a0\u00e0 popula\u00e7\u00e3o.<\/p>\n<p><strong>Trajet\u00f3ria<\/strong><\/p>\n<p>Ded\u00e9 Macedo exibe um trajet\u00f3ria de sucesso e uma ascens\u00e3o mete\u00f3rica\u00a0no ramo empresarial, com not\u00f3rio ac\u00famulo\u00a0patrimonial.\u00a0De tropeiro (condutor\u00a0de cavalos)\u00a0no povoado Cip\u00f3, no munic\u00edpio piauiense de Piripiri, ele passou a trabalhar como\u00a0taxista em Dom Pedro, ap\u00f3s migrar para o Maranh\u00e3o, onde come\u00e7ou a fazer fortuna.\u00a0Hoje \u00e9 um megaempres\u00e1rio em Teresina\u00a0(PI), com atua\u00e7\u00e3o em neg\u00f3cios diversificados.<\/p>\n<p>Macedo tamb\u00e9m\u00a0mant\u00e9m forte influ\u00eancia pol\u00edtica. O\u00a0prefeito de Dom Pedro, Hernando Macedo, e o futuro deputado\u00a0estadual F\u00e1bio Macedo s\u00e3o seus filhos e foram eleitos n\u00e3o apenas com os votos do povo, mas sobretudo\u00a0com as b\u00ean\u00e7\u00e3os do pai.<\/p>\n<p><strong>Mat\u00e9ria alterada \u00e0s 10h08 para corre\u00e7\u00e3o e acr\u00e9scimo de informa\u00e7\u00f5es<\/strong><\/p>\n","protected":false},"excerpt":{"rendered":"<p>A fam\u00edlia do empres\u00e1rio piauiense Ded\u00e9 Macedo tenta definir a todo custo a sua participa\u00e7\u00e3o no governo Fl\u00e1vio Dino (PCdoB). [&hellip;]<\/p>\n","protected":false},"author":0,"featured_media":0,"comment_status":"open","ping_status":"open","sticky":false,"template":"","format":"standard","meta":{"site-sidebar-layout":"default","site-content-layout":"","ast-site-content-layout":"default","site-content-style":"default","site-sidebar-style":"default","ast-global-header-display":"","ast-banner-title-visibility":"","ast-main-header-display":"","ast-hfb-above-header-display":"","ast-hfb-below-header-display":"","ast-hfb-mobile-header-display":"","site-post-title":"","ast-breadcrumbs-content":"","ast-featured-img":"","footer-sml-layout":"","ast-disable-related-posts":"","theme-transparent-header-meta":"","adv-header-id-meta":"","stick-header-meta":"","header-above-stick-meta":"","header-main-stick-meta":"","header-below-stick-meta":"","astra-migrate-meta-layouts":"default","ast-page-background-enabled":"default","ast-page-background-meta":{"desktop":{"background-color":"var(--ast-global-color-5)","background-image":"","background-repeat":"repeat","background-position":"center center","background-size":"auto","background-attachment":"scroll","background-type":"","background-media":"","overlay-type":"","overlay-color":"","overlay-opacity":"","overlay-gradient":""},"tablet":{"background-color":"","background-image":"","background-repeat":"repeat","background-position":"center center","background-size":"auto","background-attachment":"scroll","background-type":"","background-media":"","overlay-type":"","overlay-color":"","overlay-opacity":"","overlay-gradient":""},"mobile":{"background-color":"","background-image":"","background-repeat":"repeat","background-position":"center center","background-size":"auto","background-attachment":"scroll","background-type":"","background-media":"","overlay-type":"","overlay-color":"","overlay-opacity":"","overlay-gradient":""}},"ast-content-background-meta":{"desktop":{"background-color":"var(--ast-global-color-4)","background-image":"","background-repeat":"repeat","background-position":"center center","background-size":"auto","background-attachment":"scroll","background-type":"","background-media":"","overlay-type":"","overlay-color":"","overlay-opacity":"","overlay-gradient":""},"tablet":{"background-color":"var(--ast-global-color-4)","background-image":"","background-repeat":"repeat","background-position":"center center","background-size":"auto","background-attachment":"scroll","background-type":"","background-media":"","overlay-type":"","overlay-color":"","overlay-opacity":"","overlay-gradient":""},"mobile":{"background-color":"var(--ast-global-color-4)","background-image":"","background-repeat":"repeat","background-position":"center center","background-size":"auto","background-attachment":"scroll","background-type":"","background-media":"","overlay-type":"","overlay-color":"","overlay-opacity":"","overlay-gradient":""}},"footnotes":""},"categories":[1],"tags":[],"class_list":["post-21423","post","type-post","status-publish","format-standard","hentry","category-sem-categoria"],"yoast_head":"<!-- This site is optimized with the Yoast SEO plugin v26.6 - https:\/\/yoast.com\/wordpress\/plugins\/seo\/ -->\n<title>Ded\u00e9 Macedo quer emplacar gestor de Assist\u00eancia Farmac\u00eautica no governo Fl\u00e1vio Dino - Daniel Matos<\/title>\n<meta name=\"robots\" content=\"index, follow, max-snippet:-1, max-image-preview:large, max-video-preview:-1\" \/>\n<link rel=\"canonical\" href=\"https:\/\/www.blogsoestado.com\/danielmatos\/dede-macedo-quer-emplacar-gestor-de-assistencia-farmaceutica-no-governo-flavio-dino\/\" \/>\n<meta property=\"og:locale\" content=\"pt_BR\" \/>\n<meta property=\"og:type\" content=\"article\" \/>\n<meta property=\"og:title\" content=\"Ded\u00e9 Macedo quer emplacar gestor de Assist\u00eancia Farmac\u00eautica no governo Fl\u00e1vio Dino - Daniel Matos\" \/>\n<meta property=\"og:description\" content=\"A fam\u00edlia do empres\u00e1rio piauiense Ded\u00e9 Macedo tenta definir a todo custo a sua participa\u00e7\u00e3o no governo Fl\u00e1vio Dino (PCdoB). [&hellip;]\" \/>\n<meta property=\"og:url\" content=\"https:\/\/www.blogsoestado.com\/danielmatos\/dede-macedo-quer-emplacar-gestor-de-assistencia-farmaceutica-no-governo-flavio-dino\/\" \/>\n<meta property=\"og:site_name\" content=\"Daniel Matos\" \/>\n<meta property=\"article:published_time\" content=\"2015-01-05T19:35:40+00:00\" \/>\n<meta property=\"og:image\" content=\"https:\/\/www.blogsoestado.com\/danielmatos\/files\/2015\/01\/dede-macedo.jpg\" \/>\n<meta name=\"twitter:card\" content=\"summary_large_image\" \/>\n<meta name=\"twitter:label1\" content=\"Est. tempo de leitura\" \/>\n\t<meta name=\"twitter:data1\" content=\"4 minutos\" \/>\n<script type=\"application\/ld+json\" class=\"yoast-schema-graph\">{\"@context\":\"https:\/\/schema.org\",\"@graph\":[{\"@type\":\"WebPage\",\"@id\":\"https:\/\/www.blogsoestado.com\/danielmatos\/dede-macedo-quer-emplacar-gestor-de-assistencia-farmaceutica-no-governo-flavio-dino\/\",\"url\":\"https:\/\/www.blogsoestado.com\/danielmatos\/dede-macedo-quer-emplacar-gestor-de-assistencia-farmaceutica-no-governo-flavio-dino\/\",\"name\":\"Ded\u00e9 Macedo quer emplacar gestor de Assist\u00eancia Farmac\u00eautica no governo Fl\u00e1vio Dino - Daniel Matos\",\"isPartOf\":{\"@id\":\"https:\/\/www.blogsoestado.com\/danielmatos\/#website\"},\"primaryImageOfPage\":{\"@id\":\"https:\/\/www.blogsoestado.com\/danielmatos\/dede-macedo-quer-emplacar-gestor-de-assistencia-farmaceutica-no-governo-flavio-dino\/#primaryimage\"},\"image\":{\"@id\":\"https:\/\/www.blogsoestado.com\/danielmatos\/dede-macedo-quer-emplacar-gestor-de-assistencia-farmaceutica-no-governo-flavio-dino\/#primaryimage\"},\"thumbnailUrl\":\"https:\/\/www.blogsoestado.com\/danielmatos\/files\/2015\/01\/dede-macedo.jpg\",\"datePublished\":\"2015-01-05T19:35:40+00:00\",\"author\":{\"@id\":\"\"},\"breadcrumb\":{\"@id\":\"https:\/\/www.blogsoestado.com\/danielmatos\/dede-macedo-quer-emplacar-gestor-de-assistencia-farmaceutica-no-governo-flavio-dino\/#breadcrumb\"},\"inLanguage\":\"pt-BR\",\"potentialAction\":[{\"@type\":\"ReadAction\",\"target\":[\"https:\/\/www.blogsoestado.com\/danielmatos\/dede-macedo-quer-emplacar-gestor-de-assistencia-farmaceutica-no-governo-flavio-dino\/\"]}]},{\"@type\":\"ImageObject\",\"inLanguage\":\"pt-BR\",\"@id\":\"https:\/\/www.blogsoestado.com\/danielmatos\/dede-macedo-quer-emplacar-gestor-de-assistencia-farmaceutica-no-governo-flavio-dino\/#primaryimage\",\"url\":\"https:\/\/www.blogsoestado.com\/danielmatos\/files\/2015\/01\/dede-macedo.jpg\",\"contentUrl\":\"https:\/\/www.blogsoestado.com\/danielmatos\/files\/2015\/01\/dede-macedo.jpg\"},{\"@type\":\"BreadcrumbList\",\"@id\":\"https:\/\/www.blogsoestado.com\/danielmatos\/dede-macedo-quer-emplacar-gestor-de-assistencia-farmaceutica-no-governo-flavio-dino\/#breadcrumb\",\"itemListElement\":[{\"@type\":\"ListItem\",\"position\":1,\"name\":\"In\u00edcio\",\"item\":\"https:\/\/www.blogsoestado.com\/danielmatos\/\"},{\"@type\":\"ListItem\",\"position\":2,\"name\":\"Ded\u00e9 Macedo quer emplacar gestor de Assist\u00eancia Farmac\u00eautica no governo Fl\u00e1vio Dino\"}]},{\"@type\":\"WebSite\",\"@id\":\"https:\/\/www.blogsoestado.com\/danielmatos\/#website\",\"url\":\"https:\/\/www.blogsoestado.com\/danielmatos\/\",\"name\":\"Daniel Matos\",\"description\":\"\",\"potentialAction\":[{\"@type\":\"SearchAction\",\"target\":{\"@type\":\"EntryPoint\",\"urlTemplate\":\"https:\/\/www.blogsoestado.com\/danielmatos\/?s={search_term_string}\"},\"query-input\":{\"@type\":\"PropertyValueSpecification\",\"valueRequired\":true,\"valueName\":\"search_term_string\"}}],\"inLanguage\":\"pt-BR\"}]}<\/script>\n<!-- \/ Yoast SEO plugin. -->","yoast_head_json":{"title":"Ded\u00e9 Macedo quer emplacar gestor de Assist\u00eancia Farmac\u00eautica no governo Fl\u00e1vio Dino - Daniel Matos","robots":{"index":"index","follow":"follow","max-snippet":"max-snippet:-1","max-image-preview":"max-image-preview:large","max-video-preview":"max-video-preview:-1"},"canonical":"https:\/\/www.blogsoestado.com\/danielmatos\/dede-macedo-quer-emplacar-gestor-de-assistencia-farmaceutica-no-governo-flavio-dino\/","og_locale":"pt_BR","og_type":"article","og_title":"Ded\u00e9 Macedo quer emplacar gestor de Assist\u00eancia Farmac\u00eautica no governo Fl\u00e1vio Dino - Daniel Matos","og_description":"A fam\u00edlia do empres\u00e1rio piauiense Ded\u00e9 Macedo tenta definir a todo custo a sua participa\u00e7\u00e3o no governo Fl\u00e1vio Dino (PCdoB). [&hellip;]","og_url":"https:\/\/www.blogsoestado.com\/danielmatos\/dede-macedo-quer-emplacar-gestor-de-assistencia-farmaceutica-no-governo-flavio-dino\/","og_site_name":"Daniel Matos","article_published_time":"2015-01-05T19:35:40+00:00","og_image":[{"url":"https:\/\/www.blogsoestado.com\/danielmatos\/files\/2015\/01\/dede-macedo.jpg","type":"","width":"","height":""}],"twitter_card":"summary_large_image","twitter_misc":{"Est. tempo de leitura":"4 minutos"},"schema":{"@context":"https:\/\/schema.org","@graph":[{"@type":"WebPage","@id":"https:\/\/www.blogsoestado.com\/danielmatos\/dede-macedo-quer-emplacar-gestor-de-assistencia-farmaceutica-no-governo-flavio-dino\/","url":"https:\/\/www.blogsoestado.com\/danielmatos\/dede-macedo-quer-emplacar-gestor-de-assistencia-farmaceutica-no-governo-flavio-dino\/","name":"Ded\u00e9 Macedo quer emplacar gestor de Assist\u00eancia Farmac\u00eautica no governo Fl\u00e1vio Dino - Daniel Matos","isPartOf":{"@id":"https:\/\/www.blogsoestado.com\/danielmatos\/#website"},"primaryImageOfPage":{"@id":"https:\/\/www.blogsoestado.com\/danielmatos\/dede-macedo-quer-emplacar-gestor-de-assistencia-farmaceutica-no-governo-flavio-dino\/#primaryimage"},"image":{"@id":"https:\/\/www.blogsoestado.com\/danielmatos\/dede-macedo-quer-emplacar-gestor-de-assistencia-farmaceutica-no-governo-flavio-dino\/#primaryimage"},"thumbnailUrl":"https:\/\/www.blogsoestado.com\/danielmatos\/files\/2015\/01\/dede-macedo.jpg","datePublished":"2015-01-05T19:35:40+00:00","author":{"@id":""},"breadcrumb":{"@id":"https:\/\/www.blogsoestado.com\/danielmatos\/dede-macedo-quer-emplacar-gestor-de-assistencia-farmaceutica-no-governo-flavio-dino\/#breadcrumb"},"inLanguage":"pt-BR","potentialAction":[{"@type":"ReadAction","target":["https:\/\/www.blogsoestado.com\/danielmatos\/dede-macedo-quer-emplacar-gestor-de-assistencia-farmaceutica-no-governo-flavio-dino\/"]}]},{"@type":"ImageObject","inLanguage":"pt-BR","@id":"https:\/\/www.blogsoestado.com\/danielmatos\/dede-macedo-quer-emplacar-gestor-de-assistencia-farmaceutica-no-governo-flavio-dino\/#primaryimage","url":"https:\/\/www.blogsoestado.com\/danielmatos\/files\/2015\/01\/dede-macedo.jpg","contentUrl":"https:\/\/www.blogsoestado.com\/danielmatos\/files\/2015\/01\/dede-macedo.jpg"},{"@type":"BreadcrumbList","@id":"https:\/\/www.blogsoestado.com\/danielmatos\/dede-macedo-quer-emplacar-gestor-de-assistencia-farmaceutica-no-governo-flavio-dino\/#breadcrumb","itemListElement":[{"@type":"ListItem","position":1,"name":"In\u00edcio","item":"https:\/\/www.blogsoestado.com\/danielmatos\/"},{"@type":"ListItem","position":2,"name":"Ded\u00e9 Macedo quer emplacar gestor de Assist\u00eancia Farmac\u00eautica no governo Fl\u00e1vio Dino"}]},{"@type":"WebSite","@id":"https:\/\/www.blogsoestado.com\/danielmatos\/#website","url":"https:\/\/www.blogsoestado.com\/danielmatos\/","name":"Daniel Matos","description":"","potentialAction":[{"@type":"SearchAction","target":{"@type":"EntryPoint","urlTemplate":"https:\/\/www.blogsoestado.com\/danielmatos\/?s={search_term_string}"},"query-input":{"@type":"PropertyValueSpecification","valueRequired":true,"valueName":"search_term_string"}}],"inLanguage":"pt-BR"}]}},"jetpack_featured_media_url":"","_links":{"self":[{"href":"https:\/\/www.blogsoestado.com\/danielmatos\/wp-json\/wp\/v2\/posts\/21423","targetHints":{"allow":["GET"]}}],"collection":[{"href":"https:\/\/www.blogsoestado.com\/danielmatos\/wp-json\/wp\/v2\/posts"}],"about":[{"href":"https:\/\/www.blogsoestado.com\/danielmatos\/wp-json\/wp\/v2\/types\/post"}],"replies":[{"embeddable":true,"href":"https:\/\/www.blogsoestado.com\/danielmatos\/wp-json\/wp\/v2\/comments?post=21423"}],"version-history":[{"count":0,"href":"https:\/\/www.blogsoestado.com\/danielmatos\/wp-json\/wp\/v2\/posts\/21423\/revisions"}],"wp:attachment":[{"href":"https:\/\/www.blogsoestado.com\/danielmatos\/wp-json\/wp\/v2\/media?parent=21423"}],"wp:term":[{"taxonomy":"category","embeddable":true,"href":"https:\/\/www.blogsoestado.com\/danielmatos\/wp-json\/wp\/v2\/categories?post=21423"},{"taxonomy":"post_tag","embeddable":true,"href":"https:\/\/www.blogsoestado.com\/danielmatos\/wp-json\/wp\/v2\/tags?post=21423"}],"curies":[{"name":"wp","href":"https:\/\/api.w.org\/{rel}","templated":true}]}}