{"id":21431,"date":"2015-01-05T17:15:57","date_gmt":"2015-01-05T20:15:57","guid":{"rendered":"https:\/\/www.blogsoestado.com\/danielmatos\/?p=21431"},"modified":"2015-01-05T17:15:57","modified_gmt":"2015-01-05T20:15:57","slug":"governo-e-prefeitura-de-sao-luis-firmam-primeira-parceria-pela-mobilidade-urbana","status":"publish","type":"post","link":"https:\/\/www.blogsoestado.com\/danielmatos\/governo-e-prefeitura-de-sao-luis-firmam-primeira-parceria-pela-mobilidade-urbana\/","title":{"rendered":"Governo e Prefeitura de S\u00e3o Lu\u00eds firmam primeira parceria pela mobilidade urbana"},"content":{"rendered":"<figure id=\"attachment_21432\" aria-describedby=\"caption-attachment-21432\" style=\"width: 634px\" class=\"wp-caption aligncenter\"><a href=\"https:\/\/www.blogsoestado.com\/danielmatos\/files\/2015\/01\/flavio-holanda-parceria.jpg\"><img fetchpriority=\"high\" decoding=\"async\" class=\"size-full wp-image-21432\" src=\"https:\/\/www.blogsoestado.com\/danielmatos\/files\/2015\/01\/flavio-holanda-parceria.jpg\" alt=\"Governador Fl\u00e1vio Dino e Prefeito Edivaldo Holanda J\u00fanior dialogam sobre parceria\" width=\"634\" height=\"480\" \/><\/a><figcaption id=\"caption-attachment-21432\" class=\"wp-caption-text\">Governador Fl\u00e1vio Dino e Prefeito Edivaldo Holanda J\u00fanior dialogam sobre parceria<\/figcaption><\/figure>\n<p>Governo do Maranh\u00e3o e Prefeitura de S\u00e3o Lu\u00eds iniciaram tratativas para estabelecer a primeira parceria na \u00e1rea de mobilidade urbana na capital. O governador Fl\u00e1vio Dino e o prefeito Edivaldo Holanda J\u00fanior reuniram-se na manh\u00e3 desta segunda (05) para estabelecer os primeiros projetos a serem tocados em conjunto. O recapeamento e o asfaltamento de ruas e avenidas de S\u00e3o Lu\u00eds ser\u00e3o as primeiras a\u00e7\u00f5es de curto prazo para a capital.<\/p>\n<p>A reuni\u00e3o contou com a participa\u00e7\u00e3o de Secret\u00e1rios do Estado e do Munic\u00edpio, em que foi criado um grupo de trabalho com aten\u00e7\u00e3o especial ao tr\u00e2nsito e ao transporte p\u00fablico na capital. Como a\u00e7\u00e3o imediata, a recupera\u00e7\u00e3o asf\u00e1ltica e a pavimenta\u00e7\u00e3o de ruas e avenidas devem ser implementadas logo no primeiro m\u00eas de 2015.<\/p>\n<p>Com a a\u00e7\u00e3o imediata, o governador quer melhorar o fluxo dos transportes na cidade e atuar em um dos principais problemas que atinge toda a popula\u00e7\u00e3o. \u201cEsse \u00e9 um problema grav\u00edssimo que atinge milh\u00f5es de maranhenses e o Governo n\u00e3o pode deixar de atuar para solucion\u00e1-lo. Vamos fazer parcerias permanentes, de modo que S\u00e3o Lu\u00eds tenha aten\u00e7\u00e3o e atua\u00e7\u00e3o direta do Governo do Estado,\u201d confirmou o governador.<\/p>\n<p>Atrav\u00e9s do financiamento das obras, o Governo do Estado contribuir\u00e1 diretamente na melhoria da mobilidade urbana em S\u00e3o Lu\u00eds e a prefeitura atuar\u00e1 na execu\u00e7\u00e3o da obra, com a usina de asfalto e das equipes de pavimenta\u00e7\u00e3o. Segundo o prefeito Edivaldo Holanda J\u00fanior, na pr\u00f3xima quinta-feira (08), o munic\u00edpio apresentar\u00e1 as ruas e os bairros que ser\u00e3o beneficiados com a primeira parceria.<\/p>\n<p>A\u00e7\u00f5es de m\u00e9dio e longo prazo tamb\u00e9m foram discutidas durante a reuni\u00e3o, visando a constru\u00e7\u00e3o de avenidas e a implanta\u00e7\u00e3o de ve\u00edculos sobre trilhos na capital. Para o governador, o fornecimento de novas op\u00e7\u00f5es de transporte p\u00fablico, com destaque aos ve\u00edculos sobre trilhos, \u00e9 fundamental para dinamizar o fluxo do tr\u00e2nsito e melhorar a mobilidade urbana na capital.<\/p>\n<p>Antes do governador assumir o posto, reuni\u00f5es preliminares com representantes da Prefeitura foram realizadas para adiantar projetos que beneficiassem os mais de 1 milh\u00e3o de habitantes da capital. A partir delas, foram estabelecidas a\u00e7\u00f5es para os primeiros dias de 2015 com impacto na capital. Os documentos apresentados pelo prefeito Edivaldo Holanda J\u00fanior e sua equipe trazem propostas de parcerias a m\u00e9dio e longo prazo, que ser\u00e3o analisados pela equipe do Governo do Estado.<\/p>\n<p><strong>Grupo de trabalho<\/strong><\/p>\n<figure id=\"attachment_21433\" aria-describedby=\"caption-attachment-21433\" style=\"width: 640px\" class=\"wp-caption aligncenter\"><a href=\"https:\/\/www.blogsoestado.com\/danielmatos\/files\/2015\/01\/flavio-holanda-parceria2.jpg\"><img decoding=\"async\" class=\"size-full wp-image-21433\" src=\"https:\/\/www.blogsoestado.com\/danielmatos\/files\/2015\/01\/flavio-holanda-parceria2.jpg\" alt=\"Secretariado do Governo e da Prefeitura de S\u00e3o Lu\u00eds dialogam para implantar primeira parceria na \u00e1rea de mobilidade urbana\" width=\"640\" height=\"383\" \/><\/a><figcaption id=\"caption-attachment-21433\" class=\"wp-caption-text\">Secretariado do Governo e da Prefeitura de S\u00e3o Lu\u00eds dialogam para implantar primeira parceria na \u00e1rea de mobilidade urbana<\/figcaption><\/figure>\n<p>Para dinamizar as parcerias entre Prefeitura e Governo foi montado um grupo de trabalho, que ser\u00e1 formado por integrantes do Estado e do Munic\u00edpio. Representando o Poder Estadual estar\u00e3o os secret\u00e1rios de Infraestrutura (Clayton Noleto), Casa Civil (Marcelo Tavares), Articula\u00e7\u00e3o Pol\u00edtica e Assuntos Federativos (M\u00e1rcio Jerry) e da Ag\u00eancia Estadual de Mobilidade Urbana (Jos\u00e9 Arthur Cabral). Pelo Munic\u00edpio estar\u00e3o os gestores de Obras (Ant\u00f4nio Ara\u00fajo), Governo (Lula Fylho), Tr\u00e2nsito e Transporte (Canind\u00e9 Barros) e Planejamento (Jos\u00e9 Cursino). Todos estavam presentes na reuni\u00e3o desta segunda.<\/p>\n<p>Essa equipe tamb\u00e9m ser\u00e1 respons\u00e1vel pela apresenta\u00e7\u00e3o do primeiro projeto conjunto entre Governo do Estado e Prefeitura de S\u00e3o Lu\u00eds para financiamento do Governo Federal, atrav\u00e9s do Programa de Acelera\u00e7\u00e3o do Crescimento (PAC 3). Anteriormente, Estado e Munic\u00edpio apresentavam projetos concorrentes.<\/p>\n<p>Na avalia\u00e7\u00e3o do secret\u00e1rio de Articula\u00e7\u00e3o Pol\u00edtica e Assuntos Federativos, a apresenta\u00e7\u00e3o de projeto conjunto fortalece as possibilidades de financiamento das obras pelo Governo Federal, j\u00e1 que trata-se de projetos de interesse comum \u00e0 popula\u00e7\u00e3o da maior cidade do Maranh\u00e3o. \u201cVamos trabalhar pelos mais de 1 milh\u00e3o de maranhenses de forma conjunta, somando esfor\u00e7os e aumentando o trabalho em prol da popula\u00e7\u00e3o,\u201d garantiu M\u00e1rcio Jerry.<\/p>\n<p><strong>Fonte:<\/strong> Secretaria Estadual de Comunica\u00e7\u00e3o (Secom)<\/p>\n","protected":false},"excerpt":{"rendered":"<p>Governo do Maranh\u00e3o e Prefeitura de S\u00e3o Lu\u00eds iniciaram tratativas para estabelecer a primeira parceria na \u00e1rea de mobilidade urbana [&hellip;]<\/p>\n","protected":false},"author":0,"featured_media":0,"comment_status":"open","ping_status":"open","sticky":false,"template":"","format":"standard","meta":{"site-sidebar-layout":"default","site-content-layout":"","ast-site-content-layout":"default","site-content-style":"default","site-sidebar-style":"default","ast-global-header-display":"","ast-banner-title-visibility":"","ast-main-header-display":"","ast-hfb-above-header-display":"","ast-hfb-below-header-display":"","ast-hfb-mobile-header-display":"","site-post-title":"","ast-breadcrumbs-content":"","ast-featured-img":"","footer-sml-layout":"","ast-disable-related-posts":"","theme-transparent-header-meta":"","adv-header-id-meta":"","stick-header-meta":"","header-above-stick-meta":"","header-main-stick-meta":"","header-below-stick-meta":"","astra-migrate-meta-layouts":"default","ast-page-background-enabled":"default","ast-page-background-meta":{"desktop":{"background-color":"var(--ast-global-color-5)","background-image":"","background-repeat":"repeat","background-position":"center center","background-size":"auto","background-attachment":"scroll","background-type":"","background-media":"","overlay-type":"","overlay-color":"","overlay-opacity":"","overlay-gradient":""},"tablet":{"background-color":"","background-image":"","background-repeat":"repeat","background-position":"center center","background-size":"auto","background-attachment":"scroll","background-type":"","background-media":"","overlay-type":"","overlay-color":"","overlay-opacity":"","overlay-gradient":""},"mobile":{"background-color":"","background-image":"","background-repeat":"repeat","background-position":"center center","background-size":"auto","background-attachment":"scroll","background-type":"","background-media":"","overlay-type":"","overlay-color":"","overlay-opacity":"","overlay-gradient":""}},"ast-content-background-meta":{"desktop":{"background-color":"var(--ast-global-color-4)","background-image":"","background-repeat":"repeat","background-position":"center center","background-size":"auto","background-attachment":"scroll","background-type":"","background-media":"","overlay-type":"","overlay-color":"","overlay-opacity":"","overlay-gradient":""},"tablet":{"background-color":"var(--ast-global-color-4)","background-image":"","background-repeat":"repeat","background-position":"center center","background-size":"auto","background-attachment":"scroll","background-type":"","background-media":"","overlay-type":"","overlay-color":"","overlay-opacity":"","overlay-gradient":""},"mobile":{"background-color":"var(--ast-global-color-4)","background-image":"","background-repeat":"repeat","background-position":"center center","background-size":"auto","background-attachment":"scroll","background-type":"","background-media":"","overlay-type":"","overlay-color":"","overlay-opacity":"","overlay-gradient":""}},"footnotes":""},"categories":[1],"tags":[],"class_list":["post-21431","post","type-post","status-publish","format-standard","hentry","category-sem-categoria"],"yoast_head":"<!-- This site is optimized with the Yoast SEO plugin v26.6 - https:\/\/yoast.com\/wordpress\/plugins\/seo\/ -->\n<title>Governo e Prefeitura de S\u00e3o Lu\u00eds firmam primeira parceria pela mobilidade urbana - Daniel Matos<\/title>\n<meta name=\"robots\" content=\"index, follow, max-snippet:-1, max-image-preview:large, max-video-preview:-1\" \/>\n<link rel=\"canonical\" href=\"https:\/\/www.blogsoestado.com\/danielmatos\/governo-e-prefeitura-de-sao-luis-firmam-primeira-parceria-pela-mobilidade-urbana\/\" \/>\n<meta property=\"og:locale\" content=\"pt_BR\" \/>\n<meta property=\"og:type\" content=\"article\" \/>\n<meta property=\"og:title\" content=\"Governo e Prefeitura de S\u00e3o Lu\u00eds firmam primeira parceria pela mobilidade urbana - Daniel Matos\" \/>\n<meta property=\"og:description\" content=\"Governo do Maranh\u00e3o e Prefeitura de S\u00e3o Lu\u00eds iniciaram tratativas para estabelecer a primeira parceria na \u00e1rea de mobilidade urbana [&hellip;]\" \/>\n<meta property=\"og:url\" content=\"https:\/\/www.blogsoestado.com\/danielmatos\/governo-e-prefeitura-de-sao-luis-firmam-primeira-parceria-pela-mobilidade-urbana\/\" \/>\n<meta property=\"og:site_name\" content=\"Daniel Matos\" \/>\n<meta property=\"article:published_time\" content=\"2015-01-05T20:15:57+00:00\" \/>\n<meta property=\"og:image\" content=\"https:\/\/www.blogsoestado.com\/danielmatos\/files\/2015\/01\/flavio-holanda-parceria.jpg\" \/>\n<meta name=\"twitter:card\" content=\"summary_large_image\" \/>\n<meta name=\"twitter:label1\" content=\"Est. tempo de leitura\" \/>\n\t<meta name=\"twitter:data1\" content=\"4 minutos\" \/>\n<script type=\"application\/ld+json\" class=\"yoast-schema-graph\">{\"@context\":\"https:\/\/schema.org\",\"@graph\":[{\"@type\":\"WebPage\",\"@id\":\"https:\/\/www.blogsoestado.com\/danielmatos\/governo-e-prefeitura-de-sao-luis-firmam-primeira-parceria-pela-mobilidade-urbana\/\",\"url\":\"https:\/\/www.blogsoestado.com\/danielmatos\/governo-e-prefeitura-de-sao-luis-firmam-primeira-parceria-pela-mobilidade-urbana\/\",\"name\":\"Governo e Prefeitura de S\u00e3o Lu\u00eds firmam primeira parceria pela mobilidade urbana - Daniel Matos\",\"isPartOf\":{\"@id\":\"https:\/\/www.blogsoestado.com\/danielmatos\/#website\"},\"primaryImageOfPage\":{\"@id\":\"https:\/\/www.blogsoestado.com\/danielmatos\/governo-e-prefeitura-de-sao-luis-firmam-primeira-parceria-pela-mobilidade-urbana\/#primaryimage\"},\"image\":{\"@id\":\"https:\/\/www.blogsoestado.com\/danielmatos\/governo-e-prefeitura-de-sao-luis-firmam-primeira-parceria-pela-mobilidade-urbana\/#primaryimage\"},\"thumbnailUrl\":\"https:\/\/www.blogsoestado.com\/danielmatos\/files\/2015\/01\/flavio-holanda-parceria.jpg\",\"datePublished\":\"2015-01-05T20:15:57+00:00\",\"author\":{\"@id\":\"\"},\"breadcrumb\":{\"@id\":\"https:\/\/www.blogsoestado.com\/danielmatos\/governo-e-prefeitura-de-sao-luis-firmam-primeira-parceria-pela-mobilidade-urbana\/#breadcrumb\"},\"inLanguage\":\"pt-BR\",\"potentialAction\":[{\"@type\":\"ReadAction\",\"target\":[\"https:\/\/www.blogsoestado.com\/danielmatos\/governo-e-prefeitura-de-sao-luis-firmam-primeira-parceria-pela-mobilidade-urbana\/\"]}]},{\"@type\":\"ImageObject\",\"inLanguage\":\"pt-BR\",\"@id\":\"https:\/\/www.blogsoestado.com\/danielmatos\/governo-e-prefeitura-de-sao-luis-firmam-primeira-parceria-pela-mobilidade-urbana\/#primaryimage\",\"url\":\"https:\/\/www.blogsoestado.com\/danielmatos\/files\/2015\/01\/flavio-holanda-parceria.jpg\",\"contentUrl\":\"https:\/\/www.blogsoestado.com\/danielmatos\/files\/2015\/01\/flavio-holanda-parceria.jpg\"},{\"@type\":\"BreadcrumbList\",\"@id\":\"https:\/\/www.blogsoestado.com\/danielmatos\/governo-e-prefeitura-de-sao-luis-firmam-primeira-parceria-pela-mobilidade-urbana\/#breadcrumb\",\"itemListElement\":[{\"@type\":\"ListItem\",\"position\":1,\"name\":\"In\u00edcio\",\"item\":\"https:\/\/www.blogsoestado.com\/danielmatos\/\"},{\"@type\":\"ListItem\",\"position\":2,\"name\":\"Governo e Prefeitura de S\u00e3o Lu\u00eds firmam primeira parceria pela mobilidade urbana\"}]},{\"@type\":\"WebSite\",\"@id\":\"https:\/\/www.blogsoestado.com\/danielmatos\/#website\",\"url\":\"https:\/\/www.blogsoestado.com\/danielmatos\/\",\"name\":\"Daniel Matos\",\"description\":\"\",\"potentialAction\":[{\"@type\":\"SearchAction\",\"target\":{\"@type\":\"EntryPoint\",\"urlTemplate\":\"https:\/\/www.blogsoestado.com\/danielmatos\/?s={search_term_string}\"},\"query-input\":{\"@type\":\"PropertyValueSpecification\",\"valueRequired\":true,\"valueName\":\"search_term_string\"}}],\"inLanguage\":\"pt-BR\"}]}<\/script>\n<!-- \/ Yoast SEO plugin. -->","yoast_head_json":{"title":"Governo e Prefeitura de S\u00e3o Lu\u00eds firmam primeira parceria pela mobilidade urbana - Daniel Matos","robots":{"index":"index","follow":"follow","max-snippet":"max-snippet:-1","max-image-preview":"max-image-preview:large","max-video-preview":"max-video-preview:-1"},"canonical":"https:\/\/www.blogsoestado.com\/danielmatos\/governo-e-prefeitura-de-sao-luis-firmam-primeira-parceria-pela-mobilidade-urbana\/","og_locale":"pt_BR","og_type":"article","og_title":"Governo e Prefeitura de S\u00e3o Lu\u00eds firmam primeira parceria pela mobilidade urbana - Daniel Matos","og_description":"Governo do Maranh\u00e3o e Prefeitura de S\u00e3o Lu\u00eds iniciaram tratativas para estabelecer a primeira parceria na \u00e1rea de mobilidade urbana [&hellip;]","og_url":"https:\/\/www.blogsoestado.com\/danielmatos\/governo-e-prefeitura-de-sao-luis-firmam-primeira-parceria-pela-mobilidade-urbana\/","og_site_name":"Daniel Matos","article_published_time":"2015-01-05T20:15:57+00:00","og_image":[{"url":"https:\/\/www.blogsoestado.com\/danielmatos\/files\/2015\/01\/flavio-holanda-parceria.jpg","type":"","width":"","height":""}],"twitter_card":"summary_large_image","twitter_misc":{"Est. tempo de leitura":"4 minutos"},"schema":{"@context":"https:\/\/schema.org","@graph":[{"@type":"WebPage","@id":"https:\/\/www.blogsoestado.com\/danielmatos\/governo-e-prefeitura-de-sao-luis-firmam-primeira-parceria-pela-mobilidade-urbana\/","url":"https:\/\/www.blogsoestado.com\/danielmatos\/governo-e-prefeitura-de-sao-luis-firmam-primeira-parceria-pela-mobilidade-urbana\/","name":"Governo e Prefeitura de S\u00e3o Lu\u00eds firmam primeira parceria pela mobilidade urbana - Daniel Matos","isPartOf":{"@id":"https:\/\/www.blogsoestado.com\/danielmatos\/#website"},"primaryImageOfPage":{"@id":"https:\/\/www.blogsoestado.com\/danielmatos\/governo-e-prefeitura-de-sao-luis-firmam-primeira-parceria-pela-mobilidade-urbana\/#primaryimage"},"image":{"@id":"https:\/\/www.blogsoestado.com\/danielmatos\/governo-e-prefeitura-de-sao-luis-firmam-primeira-parceria-pela-mobilidade-urbana\/#primaryimage"},"thumbnailUrl":"https:\/\/www.blogsoestado.com\/danielmatos\/files\/2015\/01\/flavio-holanda-parceria.jpg","datePublished":"2015-01-05T20:15:57+00:00","author":{"@id":""},"breadcrumb":{"@id":"https:\/\/www.blogsoestado.com\/danielmatos\/governo-e-prefeitura-de-sao-luis-firmam-primeira-parceria-pela-mobilidade-urbana\/#breadcrumb"},"inLanguage":"pt-BR","potentialAction":[{"@type":"ReadAction","target":["https:\/\/www.blogsoestado.com\/danielmatos\/governo-e-prefeitura-de-sao-luis-firmam-primeira-parceria-pela-mobilidade-urbana\/"]}]},{"@type":"ImageObject","inLanguage":"pt-BR","@id":"https:\/\/www.blogsoestado.com\/danielmatos\/governo-e-prefeitura-de-sao-luis-firmam-primeira-parceria-pela-mobilidade-urbana\/#primaryimage","url":"https:\/\/www.blogsoestado.com\/danielmatos\/files\/2015\/01\/flavio-holanda-parceria.jpg","contentUrl":"https:\/\/www.blogsoestado.com\/danielmatos\/files\/2015\/01\/flavio-holanda-parceria.jpg"},{"@type":"BreadcrumbList","@id":"https:\/\/www.blogsoestado.com\/danielmatos\/governo-e-prefeitura-de-sao-luis-firmam-primeira-parceria-pela-mobilidade-urbana\/#breadcrumb","itemListElement":[{"@type":"ListItem","position":1,"name":"In\u00edcio","item":"https:\/\/www.blogsoestado.com\/danielmatos\/"},{"@type":"ListItem","position":2,"name":"Governo e Prefeitura de S\u00e3o Lu\u00eds firmam primeira parceria pela mobilidade urbana"}]},{"@type":"WebSite","@id":"https:\/\/www.blogsoestado.com\/danielmatos\/#website","url":"https:\/\/www.blogsoestado.com\/danielmatos\/","name":"Daniel Matos","description":"","potentialAction":[{"@type":"SearchAction","target":{"@type":"EntryPoint","urlTemplate":"https:\/\/www.blogsoestado.com\/danielmatos\/?s={search_term_string}"},"query-input":{"@type":"PropertyValueSpecification","valueRequired":true,"valueName":"search_term_string"}}],"inLanguage":"pt-BR"}]}},"jetpack_featured_media_url":"","_links":{"self":[{"href":"https:\/\/www.blogsoestado.com\/danielmatos\/wp-json\/wp\/v2\/posts\/21431","targetHints":{"allow":["GET"]}}],"collection":[{"href":"https:\/\/www.blogsoestado.com\/danielmatos\/wp-json\/wp\/v2\/posts"}],"about":[{"href":"https:\/\/www.blogsoestado.com\/danielmatos\/wp-json\/wp\/v2\/types\/post"}],"replies":[{"embeddable":true,"href":"https:\/\/www.blogsoestado.com\/danielmatos\/wp-json\/wp\/v2\/comments?post=21431"}],"version-history":[{"count":0,"href":"https:\/\/www.blogsoestado.com\/danielmatos\/wp-json\/wp\/v2\/posts\/21431\/revisions"}],"wp:attachment":[{"href":"https:\/\/www.blogsoestado.com\/danielmatos\/wp-json\/wp\/v2\/media?parent=21431"}],"wp:term":[{"taxonomy":"category","embeddable":true,"href":"https:\/\/www.blogsoestado.com\/danielmatos\/wp-json\/wp\/v2\/categories?post=21431"},{"taxonomy":"post_tag","embeddable":true,"href":"https:\/\/www.blogsoestado.com\/danielmatos\/wp-json\/wp\/v2\/tags?post=21431"}],"curies":[{"name":"wp","href":"https:\/\/api.w.org\/{rel}","templated":true}]}}