{"id":21441,"date":"2015-01-06T11:33:51","date_gmt":"2015-01-06T14:33:51","guid":{"rendered":"https:\/\/www.blogsoestado.com\/danielmatos\/?p=21441"},"modified":"2015-01-06T11:33:51","modified_gmt":"2015-01-06T14:33:51","slug":"comeco-de-2015-registra-media-de-4-mortes-violentas-por-dia-na-ilha","status":"publish","type":"post","link":"https:\/\/www.blogsoestado.com\/danielmatos\/comeco-de-2015-registra-media-de-4-mortes-violentas-por-dia-na-ilha\/","title":{"rendered":"Come\u00e7o de 2015 registra m\u00e9dia de 4 mortes violentas por dia na Ilha"},"content":{"rendered":"<p><a href=\"https:\/\/www.blogsoestado.com\/danielmatos\/files\/2015\/01\/violencia-escalada.jpg\"><img fetchpriority=\"high\" decoding=\"async\" class=\"alignright size-full wp-image-21442\" src=\"https:\/\/www.blogsoestado.com\/danielmatos\/files\/2015\/01\/violencia-escalada.jpg\" alt=\"violencia escalada\" width=\"357\" height=\"336\" \/><\/a>Os primeiros cinco dias de 2015 e do governo Fl\u00e1vio Dino t\u00eam sido marcados pela viol\u00eancia desenfreada, segundo atestam as <a href=\"https:\/\/www.ssp.ma.gov.br\/images\/relacao-nominal-vitimas-homicidio-janeiro-2015.pdf\" target=\"_blank\">estat\u00edsticas da pr\u00f3pria Secretaria de Seguran\u00e7a P\u00fablica (SSP)<\/a>. A criminalidade absurda registrada nos \u00faltimos anos agravou-se no come\u00e7o de 2015, que coincide com o in\u00edcio\u00a0da nova gest\u00e3o estadual. De 1\u00ba a 5 de janeiro foram registradas nada menos do que 20 morte violentas na Regi\u00e3o Metropolitana de S\u00e3o Lu\u00eds, a grande maioria homic\u00eddios. A m\u00e9dia \u00e9 assustadora:\u00a0quatro ocorr\u00eancias por dia.<\/p>\n<p>Na estat\u00edstica predominam os crimes da categoria homic\u00eddio doloso. Foram 11 ocorr\u00eancias entre 1h30 do dia 1\u00ba e 21h41 de ontem. Cinco\u00a0v\u00edtimas eram jovens com idade entre 20 e 25 anos, faixa et\u00e1ria que mant\u00e9m\u00a0maior envolvimento com fac\u00e7\u00f5es criminosas, respons\u00e1veis pela maioria dos assassinatos na Ilha.<\/p>\n<p>Os crimes aconteceram nos bairros S\u00e3o Raimundo, Cohafuma, Coroadinho, Centro, Santa B\u00e1rbara, Quinta\/Rio S\u00e3o Jo\u00e3o, Sol e Mar (2), Maiob\u00e3o, Vila Vit\u00f3ria e Divineia. Foram oito homic\u00eddios em S\u00e3o Lu\u00eds, dois em S\u00e3o Jos\u00e9 de Ribamar e um em Pa\u00e7o do Lumiar. Houve ainda duas les\u00f5es corporais seguidas de morte, no Jambeiro e na Divineia, dias 4 e 5, respectivamente.<\/p>\n<p><strong>V\u00edtimas<\/strong><\/p>\n<p>Quem abriu a s\u00e9rie sangrenta\u00a0foi Max Wellington R. de Moraes, de 23 anos. Ele foi atingido por v\u00e1rios\u00a0tiros na porta de casa, no bairro S\u00e3o Raimundo, em S\u00e3o Jos\u00e9 de Ribamar. O autor dos disparos n\u00e3o foi identificado\u00a0at\u00e9 o momento\u00a0e continua foragido. A v\u00edtima mais recente foi Wellynton Corr\u00eaa Furtado, 22, tamb\u00e9m morto a tiros na Divin\u00e9ia. Ele foi alvejado por desconhecidos em via p\u00fablica\u00a0e morreu no local.<\/p>\n<p>A viol\u00eancia n\u00e3o tem poupado nem idosos. No Coroadinho, logo no primeiro dia do ano, a popula\u00e7\u00e3o ficou chocada com o assassinato do anci\u00e3o Raimundo Evangelista da Silva, de 71 anos. Ele foi espancado e morto por um grupo de\u00a0indiv\u00edduos, entre os quais um \u00a0homem identificado como Wemerson, que invadiram sua casa para assassinar o seu filho.<\/p>\n<p><strong>Confronto<\/strong><\/p>\n<p>Dois\u00a0criminosos morreram ao ousar enfrentar a pol\u00edcia. O primeiro, no dia 1\u00ba, na Liberdade, e o segundo, ontem, no Coroadinho. Nenhum deles foi identificado at\u00e9 agora. Um detento da Casa de Deten\u00e7\u00e3o de Pedrinhas morreu ao tentar fugir do pres\u00eddio. Ap\u00f3s solicitar atendimento m\u00e9dico e ser encaminhado \u00e0 enfermaria, ele agrediu com um soco no est\u00f4mago um dos dois agentes penitenci\u00e1rios que o escoltavam, na tentativa de tomar-lhe a arma. O outro agente saiu em defesa do colega e deu dois tiros no preso, matando-o.<\/p>\n<p>O relat\u00f3rio informa ainda um homic\u00eddio culposo, por eletropless\u00e3o, na Vila Nova, um afogamento na praia do Calhau, e duas mortes a esclarecer com ind\u00edcio de crime, a primeira em local a definir e a outra na localidade\u00a0Ju\u00e7atuba, em S\u00e3o Jos\u00e9 de Ribamar.<\/p>\n<p>As 20 mortes violentas registradas na Ilha nos primeiros cinco dias de 2015 mostram que o rec\u00e9m-empossado governador Fl\u00e1vio Dino precisar\u00e1 muito mais do que discurso para combater efetivamente\u00a0a viol\u00eancia e devolver a tranquilidade \u00e0 popula\u00e7\u00e3o.<\/p>\n","protected":false},"excerpt":{"rendered":"<p>Os primeiros cinco dias de 2015 e do governo Fl\u00e1vio Dino t\u00eam sido marcados pela viol\u00eancia desenfreada, segundo atestam as [&hellip;]<\/p>\n","protected":false},"author":0,"featured_media":0,"comment_status":"open","ping_status":"open","sticky":false,"template":"","format":"standard","meta":{"site-sidebar-layout":"default","site-content-layout":"","ast-site-content-layout":"default","site-content-style":"default","site-sidebar-style":"default","ast-global-header-display":"","ast-banner-title-visibility":"","ast-main-header-display":"","ast-hfb-above-header-display":"","ast-hfb-below-header-display":"","ast-hfb-mobile-header-display":"","site-post-title":"","ast-breadcrumbs-content":"","ast-featured-img":"","footer-sml-layout":"","ast-disable-related-posts":"","theme-transparent-header-meta":"","adv-header-id-meta":"","stick-header-meta":"","header-above-stick-meta":"","header-main-stick-meta":"","header-below-stick-meta":"","astra-migrate-meta-layouts":"default","ast-page-background-enabled":"default","ast-page-background-meta":{"desktop":{"background-color":"var(--ast-global-color-5)","background-image":"","background-repeat":"repeat","background-position":"center center","background-size":"auto","background-attachment":"scroll","background-type":"","background-media":"","overlay-type":"","overlay-color":"","overlay-opacity":"","overlay-gradient":""},"tablet":{"background-color":"","background-image":"","background-repeat":"repeat","background-position":"center center","background-size":"auto","background-attachment":"scroll","background-type":"","background-media":"","overlay-type":"","overlay-color":"","overlay-opacity":"","overlay-gradient":""},"mobile":{"background-color":"","background-image":"","background-repeat":"repeat","background-position":"center center","background-size":"auto","background-attachment":"scroll","background-type":"","background-media":"","overlay-type":"","overlay-color":"","overlay-opacity":"","overlay-gradient":""}},"ast-content-background-meta":{"desktop":{"background-color":"var(--ast-global-color-4)","background-image":"","background-repeat":"repeat","background-position":"center center","background-size":"auto","background-attachment":"scroll","background-type":"","background-media":"","overlay-type":"","overlay-color":"","overlay-opacity":"","overlay-gradient":""},"tablet":{"background-color":"var(--ast-global-color-4)","background-image":"","background-repeat":"repeat","background-position":"center center","background-size":"auto","background-attachment":"scroll","background-type":"","background-media":"","overlay-type":"","overlay-color":"","overlay-opacity":"","overlay-gradient":""},"mobile":{"background-color":"var(--ast-global-color-4)","background-image":"","background-repeat":"repeat","background-position":"center center","background-size":"auto","background-attachment":"scroll","background-type":"","background-media":"","overlay-type":"","overlay-color":"","overlay-opacity":"","overlay-gradient":""}},"footnotes":""},"categories":[1],"tags":[],"class_list":["post-21441","post","type-post","status-publish","format-standard","hentry","category-sem-categoria"],"yoast_head":"<!-- This site is optimized with the Yoast SEO plugin v26.6 - https:\/\/yoast.com\/wordpress\/plugins\/seo\/ -->\n<title>Come\u00e7o de 2015 registra m\u00e9dia de 4 mortes violentas por dia na Ilha - Daniel Matos<\/title>\n<meta name=\"robots\" content=\"index, follow, max-snippet:-1, max-image-preview:large, max-video-preview:-1\" \/>\n<link rel=\"canonical\" href=\"https:\/\/www.blogsoestado.com\/danielmatos\/comeco-de-2015-registra-media-de-4-mortes-violentas-por-dia-na-ilha\/\" \/>\n<meta property=\"og:locale\" content=\"pt_BR\" \/>\n<meta property=\"og:type\" content=\"article\" \/>\n<meta property=\"og:title\" content=\"Come\u00e7o de 2015 registra m\u00e9dia de 4 mortes violentas por dia na Ilha - Daniel Matos\" \/>\n<meta property=\"og:description\" content=\"Os primeiros cinco dias de 2015 e do governo Fl\u00e1vio Dino t\u00eam sido marcados pela viol\u00eancia desenfreada, segundo atestam as [&hellip;]\" \/>\n<meta property=\"og:url\" content=\"https:\/\/www.blogsoestado.com\/danielmatos\/comeco-de-2015-registra-media-de-4-mortes-violentas-por-dia-na-ilha\/\" \/>\n<meta property=\"og:site_name\" content=\"Daniel Matos\" \/>\n<meta property=\"article:published_time\" content=\"2015-01-06T14:33:51+00:00\" \/>\n<meta property=\"og:image\" content=\"https:\/\/www.blogsoestado.com\/danielmatos\/files\/2015\/01\/violencia-escalada.jpg\" \/>\n<meta name=\"twitter:card\" content=\"summary_large_image\" \/>\n<meta name=\"twitter:label1\" content=\"Est. tempo de leitura\" \/>\n\t<meta name=\"twitter:data1\" content=\"3 minutos\" \/>\n<script type=\"application\/ld+json\" class=\"yoast-schema-graph\">{\"@context\":\"https:\/\/schema.org\",\"@graph\":[{\"@type\":\"WebPage\",\"@id\":\"https:\/\/www.blogsoestado.com\/danielmatos\/comeco-de-2015-registra-media-de-4-mortes-violentas-por-dia-na-ilha\/\",\"url\":\"https:\/\/www.blogsoestado.com\/danielmatos\/comeco-de-2015-registra-media-de-4-mortes-violentas-por-dia-na-ilha\/\",\"name\":\"Come\u00e7o de 2015 registra m\u00e9dia de 4 mortes violentas por dia na Ilha - Daniel Matos\",\"isPartOf\":{\"@id\":\"https:\/\/www.blogsoestado.com\/danielmatos\/#website\"},\"primaryImageOfPage\":{\"@id\":\"https:\/\/www.blogsoestado.com\/danielmatos\/comeco-de-2015-registra-media-de-4-mortes-violentas-por-dia-na-ilha\/#primaryimage\"},\"image\":{\"@id\":\"https:\/\/www.blogsoestado.com\/danielmatos\/comeco-de-2015-registra-media-de-4-mortes-violentas-por-dia-na-ilha\/#primaryimage\"},\"thumbnailUrl\":\"https:\/\/www.blogsoestado.com\/danielmatos\/files\/2015\/01\/violencia-escalada.jpg\",\"datePublished\":\"2015-01-06T14:33:51+00:00\",\"author\":{\"@id\":\"\"},\"breadcrumb\":{\"@id\":\"https:\/\/www.blogsoestado.com\/danielmatos\/comeco-de-2015-registra-media-de-4-mortes-violentas-por-dia-na-ilha\/#breadcrumb\"},\"inLanguage\":\"pt-BR\",\"potentialAction\":[{\"@type\":\"ReadAction\",\"target\":[\"https:\/\/www.blogsoestado.com\/danielmatos\/comeco-de-2015-registra-media-de-4-mortes-violentas-por-dia-na-ilha\/\"]}]},{\"@type\":\"ImageObject\",\"inLanguage\":\"pt-BR\",\"@id\":\"https:\/\/www.blogsoestado.com\/danielmatos\/comeco-de-2015-registra-media-de-4-mortes-violentas-por-dia-na-ilha\/#primaryimage\",\"url\":\"https:\/\/www.blogsoestado.com\/danielmatos\/files\/2015\/01\/violencia-escalada.jpg\",\"contentUrl\":\"https:\/\/www.blogsoestado.com\/danielmatos\/files\/2015\/01\/violencia-escalada.jpg\"},{\"@type\":\"BreadcrumbList\",\"@id\":\"https:\/\/www.blogsoestado.com\/danielmatos\/comeco-de-2015-registra-media-de-4-mortes-violentas-por-dia-na-ilha\/#breadcrumb\",\"itemListElement\":[{\"@type\":\"ListItem\",\"position\":1,\"name\":\"In\u00edcio\",\"item\":\"https:\/\/www.blogsoestado.com\/danielmatos\/\"},{\"@type\":\"ListItem\",\"position\":2,\"name\":\"Come\u00e7o de 2015 registra m\u00e9dia de 4 mortes violentas por dia na Ilha\"}]},{\"@type\":\"WebSite\",\"@id\":\"https:\/\/www.blogsoestado.com\/danielmatos\/#website\",\"url\":\"https:\/\/www.blogsoestado.com\/danielmatos\/\",\"name\":\"Daniel Matos\",\"description\":\"\",\"potentialAction\":[{\"@type\":\"SearchAction\",\"target\":{\"@type\":\"EntryPoint\",\"urlTemplate\":\"https:\/\/www.blogsoestado.com\/danielmatos\/?s={search_term_string}\"},\"query-input\":{\"@type\":\"PropertyValueSpecification\",\"valueRequired\":true,\"valueName\":\"search_term_string\"}}],\"inLanguage\":\"pt-BR\"}]}<\/script>\n<!-- \/ Yoast SEO plugin. -->","yoast_head_json":{"title":"Come\u00e7o de 2015 registra m\u00e9dia de 4 mortes violentas por dia na Ilha - Daniel Matos","robots":{"index":"index","follow":"follow","max-snippet":"max-snippet:-1","max-image-preview":"max-image-preview:large","max-video-preview":"max-video-preview:-1"},"canonical":"https:\/\/www.blogsoestado.com\/danielmatos\/comeco-de-2015-registra-media-de-4-mortes-violentas-por-dia-na-ilha\/","og_locale":"pt_BR","og_type":"article","og_title":"Come\u00e7o de 2015 registra m\u00e9dia de 4 mortes violentas por dia na Ilha - Daniel Matos","og_description":"Os primeiros cinco dias de 2015 e do governo Fl\u00e1vio Dino t\u00eam sido marcados pela viol\u00eancia desenfreada, segundo atestam as [&hellip;]","og_url":"https:\/\/www.blogsoestado.com\/danielmatos\/comeco-de-2015-registra-media-de-4-mortes-violentas-por-dia-na-ilha\/","og_site_name":"Daniel Matos","article_published_time":"2015-01-06T14:33:51+00:00","og_image":[{"url":"https:\/\/www.blogsoestado.com\/danielmatos\/files\/2015\/01\/violencia-escalada.jpg","type":"","width":"","height":""}],"twitter_card":"summary_large_image","twitter_misc":{"Est. tempo de leitura":"3 minutos"},"schema":{"@context":"https:\/\/schema.org","@graph":[{"@type":"WebPage","@id":"https:\/\/www.blogsoestado.com\/danielmatos\/comeco-de-2015-registra-media-de-4-mortes-violentas-por-dia-na-ilha\/","url":"https:\/\/www.blogsoestado.com\/danielmatos\/comeco-de-2015-registra-media-de-4-mortes-violentas-por-dia-na-ilha\/","name":"Come\u00e7o de 2015 registra m\u00e9dia de 4 mortes violentas por dia na Ilha - Daniel Matos","isPartOf":{"@id":"https:\/\/www.blogsoestado.com\/danielmatos\/#website"},"primaryImageOfPage":{"@id":"https:\/\/www.blogsoestado.com\/danielmatos\/comeco-de-2015-registra-media-de-4-mortes-violentas-por-dia-na-ilha\/#primaryimage"},"image":{"@id":"https:\/\/www.blogsoestado.com\/danielmatos\/comeco-de-2015-registra-media-de-4-mortes-violentas-por-dia-na-ilha\/#primaryimage"},"thumbnailUrl":"https:\/\/www.blogsoestado.com\/danielmatos\/files\/2015\/01\/violencia-escalada.jpg","datePublished":"2015-01-06T14:33:51+00:00","author":{"@id":""},"breadcrumb":{"@id":"https:\/\/www.blogsoestado.com\/danielmatos\/comeco-de-2015-registra-media-de-4-mortes-violentas-por-dia-na-ilha\/#breadcrumb"},"inLanguage":"pt-BR","potentialAction":[{"@type":"ReadAction","target":["https:\/\/www.blogsoestado.com\/danielmatos\/comeco-de-2015-registra-media-de-4-mortes-violentas-por-dia-na-ilha\/"]}]},{"@type":"ImageObject","inLanguage":"pt-BR","@id":"https:\/\/www.blogsoestado.com\/danielmatos\/comeco-de-2015-registra-media-de-4-mortes-violentas-por-dia-na-ilha\/#primaryimage","url":"https:\/\/www.blogsoestado.com\/danielmatos\/files\/2015\/01\/violencia-escalada.jpg","contentUrl":"https:\/\/www.blogsoestado.com\/danielmatos\/files\/2015\/01\/violencia-escalada.jpg"},{"@type":"BreadcrumbList","@id":"https:\/\/www.blogsoestado.com\/danielmatos\/comeco-de-2015-registra-media-de-4-mortes-violentas-por-dia-na-ilha\/#breadcrumb","itemListElement":[{"@type":"ListItem","position":1,"name":"In\u00edcio","item":"https:\/\/www.blogsoestado.com\/danielmatos\/"},{"@type":"ListItem","position":2,"name":"Come\u00e7o de 2015 registra m\u00e9dia de 4 mortes violentas por dia na Ilha"}]},{"@type":"WebSite","@id":"https:\/\/www.blogsoestado.com\/danielmatos\/#website","url":"https:\/\/www.blogsoestado.com\/danielmatos\/","name":"Daniel Matos","description":"","potentialAction":[{"@type":"SearchAction","target":{"@type":"EntryPoint","urlTemplate":"https:\/\/www.blogsoestado.com\/danielmatos\/?s={search_term_string}"},"query-input":{"@type":"PropertyValueSpecification","valueRequired":true,"valueName":"search_term_string"}}],"inLanguage":"pt-BR"}]}},"jetpack_featured_media_url":"","_links":{"self":[{"href":"https:\/\/www.blogsoestado.com\/danielmatos\/wp-json\/wp\/v2\/posts\/21441","targetHints":{"allow":["GET"]}}],"collection":[{"href":"https:\/\/www.blogsoestado.com\/danielmatos\/wp-json\/wp\/v2\/posts"}],"about":[{"href":"https:\/\/www.blogsoestado.com\/danielmatos\/wp-json\/wp\/v2\/types\/post"}],"replies":[{"embeddable":true,"href":"https:\/\/www.blogsoestado.com\/danielmatos\/wp-json\/wp\/v2\/comments?post=21441"}],"version-history":[{"count":0,"href":"https:\/\/www.blogsoestado.com\/danielmatos\/wp-json\/wp\/v2\/posts\/21441\/revisions"}],"wp:attachment":[{"href":"https:\/\/www.blogsoestado.com\/danielmatos\/wp-json\/wp\/v2\/media?parent=21441"}],"wp:term":[{"taxonomy":"category","embeddable":true,"href":"https:\/\/www.blogsoestado.com\/danielmatos\/wp-json\/wp\/v2\/categories?post=21441"},{"taxonomy":"post_tag","embeddable":true,"href":"https:\/\/www.blogsoestado.com\/danielmatos\/wp-json\/wp\/v2\/tags?post=21441"}],"curies":[{"name":"wp","href":"https:\/\/api.w.org\/{rel}","templated":true}]}}