{"id":21457,"date":"2015-01-06T20:36:55","date_gmt":"2015-01-06T23:36:55","guid":{"rendered":"https:\/\/www.blogsoestado.com\/danielmatos\/?p=21457"},"modified":"2015-01-06T20:36:55","modified_gmt":"2015-01-06T23:36:55","slug":"a-trajetoria-de-vida-do-novo-presidente-do-legislativo-municipal-de-sao-luis","status":"publish","type":"post","link":"https:\/\/www.blogsoestado.com\/danielmatos\/a-trajetoria-de-vida-do-novo-presidente-do-legislativo-municipal-de-sao-luis\/","title":{"rendered":"A trajet\u00f3ria de vida do novo presidente do Legislativo Municipal de S\u00e3o Lu\u00eds"},"content":{"rendered":"<figure id=\"attachment_21394\" aria-describedby=\"caption-attachment-21394\" style=\"width: 448px\" class=\"wp-caption alignright\"><a href=\"https:\/\/www.blogsoestado.com\/danielmatos\/files\/2015\/01\/astro-toma-posse.jpg\"><img fetchpriority=\"high\" decoding=\"async\" class=\"size-full wp-image-21394\" src=\"https:\/\/www.blogsoestado.com\/danielmatos\/files\/2015\/01\/astro-toma-posse.jpg\" alt=\"O vereador Astro de Ogum \u00e9 o primeiro pai de santo a comandar uma Casa Legislativa no Brasil\" width=\"448\" height=\"298\" \/><\/a><figcaption id=\"caption-attachment-21394\" class=\"wp-caption-text\">O vereador Astro de Ogum \u00e9 o primeiro pai de santo a comandar uma Casa Legislativa no Brasil<\/figcaption><\/figure>\n<p>Em uma concorrida solenidade, na quinta-feira(01), o vereador Generval Martiniano Moreira Leite, 56 anos, mais conhecido como Astro de Ogum, foi empossado presidente da C\u00e2mara Municipal de S\u00e3o Lu\u00eds para o bi\u00eanio 2015\/2016. Ele foi eleito pelos seus pares, por aclama\u00e7\u00e3o, em abril de 2014.<\/p>\n<p>Filho primog\u00eanito do sargento da Pol\u00edcia Militar Jo\u00e3o Francisco Costa Leite, o presidente nasceu no munic\u00edpio de S\u00e3o Bento, a 301 km de S\u00e3o Lu\u00eds, na Baixada Maranhense, e n\u00e3o se envergonha em dizer que teve uma inf\u00e2ncia dif\u00edcil, ap\u00f3s ser abandonado pelo provedor, juntamente com sua m\u00e3e e mais quatro irm\u00e3os menores.<\/p>\n<p>As dificuldades atravessadas pela fam\u00edlia fizeram com que viessem morar na capital, e diante da situa\u00e7\u00e3o, ainda muito pequeno, o hoje vereador se viu obrigado a trabalhar para ajudar no sustento da fam\u00edlia.<\/p>\n<p>\u201cTive uma inf\u00e2ncia muito dif\u00edcil, pois, para ajudar no sustento da minha m\u00e3e e dos meus irm\u00e3os, por muitas vezes, ap\u00f3s um dia inteiro de peregrina\u00e7\u00e3o, vendendo picol\u00e9, laranja e mariola pelas ruas e praias da capital, a frieza das bancas usada para vender tomate, batata e cebola na feira da liberdade ou mesmo o ch\u00e3o das cal\u00e7adas, era o que me restava para descansar o corpo at\u00e9 o raiar do dia\u201d, admiti o parlamentar.<\/p>\n<p>O novo presidente tamb\u00e9m n\u00e3o esconde que teve tudo para se transformar em um marginal, e reconhece que percorreu um caminho bem diferente dos seus pares, contudo, nunca abriu m\u00e3o dos valores e princ\u00edpios \u00e9ticos que o fizeram chegar aonde chegaram. \u201cPercorri um caminho tortuoso, mas diante da envergadura deste momento que vivenciarei a parti de ent\u00e3o, o povo de S\u00e3o Lu\u00eds, que me acolheu de bra\u00e7os abertos, \u00e9 sabedor que consegui lograr \u00eaxito. A minha determina\u00e7\u00e3o, coragem e o meu esp\u00edrito aguerrido foram decisivos no projeto que tracei para minha vida\u201d, pontuou o presidente.<\/p>\n<p><strong>Sonho<\/strong><\/p>\n<p>Tais caracter\u00edsticas, certamente, propiciaram que o parlamentar n\u00e3o desistisse do seu sonho. Sonho esse, mesmo sem advir de fam\u00edlia abastarda ou com sobrenome pol\u00edtico, come\u00e7ou ser ladrilhado h\u00e1 exatos 14 anos, quando, os 3.253 votos conquistados nas urnas, lhe deram um assento no legislativo municipal.\u00a0\u201cNa \u00e9poca, a conquista do primeiro mandato me fez ter a certeza que Deus tinha um prop\u00f3sito para minha vida, ou seja, que deveria desempenhar a nobre miss\u00e3o de realizar um trabalho em prol dos menos favorecidos\u201d, disse.<\/p>\n<p>Tal situa\u00e7\u00e3o foi confirmada no pleito de 2004, quando os 7.352 votos garantiram n\u00e3o apenas o segundo mandato, mas a certeza de que estava no caminho certo. Em 2008, os 5.135 votos deram-lhe o terceiro mandato, e, em 2012, foi vice-campe\u00e3o nas urnas, obtendo 8.766 votos.<\/p>\n<p>Assim como n\u00e3o se envergonha em dizer que passou fome, frio e morou de favor, como o pr\u00f3prio nome evidencia, Astro de Ogum, que \u00e9 filho de Oxumar\u00e9 com a cabe\u00e7a emprestada para Ogum, tamb\u00e9m n\u00e3o esconde sua op\u00e7\u00e3o religiosa, pelo contr\u00e1rio, fala com orgulho que, abaixo de Deus, os guias o conduziram na sua trajet\u00f3ria de sucesso.\u00a0\u201cH\u00e1 mais de tr\u00eas d\u00e9cadas atuo como pai de santo em S\u00e3o Lu\u00eds, e foi pela umbanda que enveredei para pol\u00edtica, pois no meu primeiro mandato, certamente, al\u00e9m dos meus amigos, os meus irm\u00e3os de religi\u00e3o me fizeram conquistar uma cadeira na CMSL. Com o passar dos anos, em raz\u00e3o do trabalho social que desenvolvo em prol dos menos favorecidos, ampliei minhas bases e, atualmente, para que tenham ideia do fen\u00f4meno Astro de Ogum em S\u00e3o Lu\u00eds, possuo v\u00e1rios assessores evang\u00e9licos\u201d, declinou.<\/p>\n<p>Al\u00e9m da religi\u00e3o e do social, a cultura \u00e9 outro pilar muito forte na base eleitoral do atual presidente, prova disso foi que para saudar a posse do primeiro pai de santo a comandar uma Casa Legislativa no Pa\u00eds, o p\u00e1tio da C\u00e2mara de S\u00e3o Lu\u00eds foi invadido por v\u00e1rios grupos folcl\u00f3ricos, como tambor de crioula e blocos tradicionais.<\/p>\n<p><strong>Generosidade<\/strong><\/p>\n<p>Outro ponto admirado, facilmente detectado em um bate papo de apenas cinco minutos, por exemplo, apesar do estere\u00f3tipo tra\u00e7ado por muitos, levando em conta o jeito sisudo do parlamentar, \u00e9 o lado humano e bondoso que sempre fez quest\u00e3o de alimentar. \u201cTinha tudo para ser revoltado, para n\u00e3o gostar do meu pai, pois sofremos muito pela aus\u00eancia dele, mas quando o reencontrei e descobri que estava doente, prestei toda a assist\u00eancia para salv\u00e1-lo, o que s\u00f3 n\u00e3o foi poss\u00edvel porque chegou o momento escolhido por Deus\u201d, afirmou.<\/p>\n<p>Diante do relato acima, \u00e9 facilmente percept\u00edvel que o vereador sempre fez quest\u00e3o de ter nas m\u00e3os o comando da vida dele, o que foi poss\u00edvel com garra, determina\u00e7\u00e3o e o reconhecimento de todos aqueles que em mais de uma d\u00e9cada, procurou fazer o que o cora\u00e7\u00e3o mandava, digo, ajudar o pr\u00f3ximo. \u201cHoje, este momento evidencia que o nosso destino, al\u00e9m de Deus, s\u00f3 depende de cada um de n\u00f3s. Das nossas op\u00e7\u00f5es e escolhas, sejam elas boas ou n\u00e3o\u201d.<\/p>\n<p><strong>Habilidade pol\u00edtica<\/strong><\/p>\n<p>Dono de uma habilidade pol\u00edtica invej\u00e1vel, o presidente n\u00e3o esconde que dentro da CM, bem como no cen\u00e1rio pol\u00edtico local, diante de alguns, tenha conseguido conquistar o seu espa\u00e7o, entretanto, perante outros, infelizmente, precisou impor, por\u00e9m sem destratar ou passar por cima de quem quer que fosse, usando, apenas, uma miscel\u00e2nia de atributos, dentre os quais, a sabedoria para analisar com frieza e cautela as situa\u00e7\u00f5es em sua volta, a paci\u00eancia para saber o momento certo de avan\u00e7ar ou recuar, a intelig\u00eancia para tomar as decis\u00f5es mais favor\u00e1veis em prol do projeto pol\u00edtico e, sem sombra de d\u00favida, o esp\u00edrito de equipe, espirito esse que o fez ser aclamado por todos os pares, fato que o enche de orgulho e satisfa\u00e7\u00e3o.<\/p>\n<p>\u201cN\u00e3o h\u00e1 como n\u00e3o se orgulhar de fazer parte, a partir deste momento da galeria de figuras importantes de nossa hist\u00f3ria, como Sim\u00e3o Est\u00e1cio da Silveira, que em dezembro de 1619 fundou esta C\u00e2mara, a quarta mais antiga do pa\u00eds, com um hist\u00f3rico de lutas e de conquistas. Neste legislativo, que vem enriquecendo a hist\u00f3ria do Maranh\u00e3o a cada dia, passarem personagens, como o libertador Manoel Beckman, os ex-governadores Jo\u00e3o Lisboa, Matos Carvalho e Luiz Rocha, al\u00e9m de Henrique Leal, Jos\u00e9 Cupertino e Benedito Pires Primeiro, al\u00e9m dos atuais colegas de plen\u00e1rio, todos com suas hist\u00f3rias de supera\u00e7\u00e3o\u201d, disse.<\/p>\n<p>Astro de Ogum substituiu ao colega Isa\u00edas Pereirinha, parceiro de muitas lutas e tem como primeiro vice-presidente outro grande expoente da pol\u00edtica municipal, que \u00e9 o vereador Chico Carvalho, que j\u00e1 presidiu o parlamento municipal por tr\u00eas vezes consecutivas.<br \/>\n\u201cEste \u00e9 um momento \u00edmpar na vida de um vereador como eu, que emergi das camadas menos favorecidas, por isso, pe\u00e7o a Deus que me ilumine para que possa transpor outra vez as barreiras que a vida ir\u00e1 me impor na condu\u00e7\u00e3o desta Casa Parlamentar\u201d, finalizou.<\/p>\n","protected":false},"excerpt":{"rendered":"<p>Em uma concorrida solenidade, na quinta-feira(01), o vereador Generval Martiniano Moreira Leite, 56 anos, mais conhecido como Astro de Ogum, [&hellip;]<\/p>\n","protected":false},"author":0,"featured_media":0,"comment_status":"open","ping_status":"open","sticky":false,"template":"","format":"standard","meta":{"site-sidebar-layout":"default","site-content-layout":"","ast-site-content-layout":"default","site-content-style":"default","site-sidebar-style":"default","ast-global-header-display":"","ast-banner-title-visibility":"","ast-main-header-display":"","ast-hfb-above-header-display":"","ast-hfb-below-header-display":"","ast-hfb-mobile-header-display":"","site-post-title":"","ast-breadcrumbs-content":"","ast-featured-img":"","footer-sml-layout":"","ast-disable-related-posts":"","theme-transparent-header-meta":"","adv-header-id-meta":"","stick-header-meta":"","header-above-stick-meta":"","header-main-stick-meta":"","header-below-stick-meta":"","astra-migrate-meta-layouts":"default","ast-page-background-enabled":"default","ast-page-background-meta":{"desktop":{"background-color":"var(--ast-global-color-5)","background-image":"","background-repeat":"repeat","background-position":"center center","background-size":"auto","background-attachment":"scroll","background-type":"","background-media":"","overlay-type":"","overlay-color":"","overlay-opacity":"","overlay-gradient":""},"tablet":{"background-color":"","background-image":"","background-repeat":"repeat","background-position":"center center","background-size":"auto","background-attachment":"scroll","background-type":"","background-media":"","overlay-type":"","overlay-color":"","overlay-opacity":"","overlay-gradient":""},"mobile":{"background-color":"","background-image":"","background-repeat":"repeat","background-position":"center center","background-size":"auto","background-attachment":"scroll","background-type":"","background-media":"","overlay-type":"","overlay-color":"","overlay-opacity":"","overlay-gradient":""}},"ast-content-background-meta":{"desktop":{"background-color":"var(--ast-global-color-4)","background-image":"","background-repeat":"repeat","background-position":"center center","background-size":"auto","background-attachment":"scroll","background-type":"","background-media":"","overlay-type":"","overlay-color":"","overlay-opacity":"","overlay-gradient":""},"tablet":{"background-color":"var(--ast-global-color-4)","background-image":"","background-repeat":"repeat","background-position":"center center","background-size":"auto","background-attachment":"scroll","background-type":"","background-media":"","overlay-type":"","overlay-color":"","overlay-opacity":"","overlay-gradient":""},"mobile":{"background-color":"var(--ast-global-color-4)","background-image":"","background-repeat":"repeat","background-position":"center center","background-size":"auto","background-attachment":"scroll","background-type":"","background-media":"","overlay-type":"","overlay-color":"","overlay-opacity":"","overlay-gradient":""}},"footnotes":""},"categories":[1],"tags":[],"class_list":["post-21457","post","type-post","status-publish","format-standard","hentry","category-sem-categoria"],"yoast_head":"<!-- This site is optimized with the Yoast SEO plugin v26.6 - https:\/\/yoast.com\/wordpress\/plugins\/seo\/ -->\n<title>A trajet\u00f3ria de vida do novo presidente do Legislativo Municipal de S\u00e3o Lu\u00eds - Daniel Matos<\/title>\n<meta name=\"robots\" content=\"index, follow, max-snippet:-1, max-image-preview:large, max-video-preview:-1\" \/>\n<link rel=\"canonical\" href=\"https:\/\/www.blogsoestado.com\/danielmatos\/a-trajetoria-de-vida-do-novo-presidente-do-legislativo-municipal-de-sao-luis\/\" \/>\n<meta property=\"og:locale\" content=\"pt_BR\" \/>\n<meta property=\"og:type\" content=\"article\" \/>\n<meta property=\"og:title\" content=\"A trajet\u00f3ria de vida do novo presidente do Legislativo Municipal de S\u00e3o Lu\u00eds - Daniel Matos\" \/>\n<meta property=\"og:description\" content=\"Em uma concorrida solenidade, na quinta-feira(01), o vereador Generval Martiniano Moreira Leite, 56 anos, mais conhecido como Astro de Ogum, [&hellip;]\" \/>\n<meta property=\"og:url\" content=\"https:\/\/www.blogsoestado.com\/danielmatos\/a-trajetoria-de-vida-do-novo-presidente-do-legislativo-municipal-de-sao-luis\/\" \/>\n<meta property=\"og:site_name\" content=\"Daniel Matos\" \/>\n<meta property=\"article:published_time\" content=\"2015-01-06T23:36:55+00:00\" \/>\n<meta property=\"og:image\" content=\"https:\/\/www.blogsoestado.com\/danielmatos\/files\/2015\/01\/astro-toma-posse.jpg\" \/>\n<meta name=\"twitter:card\" content=\"summary_large_image\" \/>\n<meta name=\"twitter:label1\" content=\"Est. tempo de leitura\" \/>\n\t<meta name=\"twitter:data1\" content=\"6 minutos\" \/>\n<script type=\"application\/ld+json\" class=\"yoast-schema-graph\">{\"@context\":\"https:\/\/schema.org\",\"@graph\":[{\"@type\":\"WebPage\",\"@id\":\"https:\/\/www.blogsoestado.com\/danielmatos\/a-trajetoria-de-vida-do-novo-presidente-do-legislativo-municipal-de-sao-luis\/\",\"url\":\"https:\/\/www.blogsoestado.com\/danielmatos\/a-trajetoria-de-vida-do-novo-presidente-do-legislativo-municipal-de-sao-luis\/\",\"name\":\"A trajet\u00f3ria de vida do novo presidente do Legislativo Municipal de S\u00e3o Lu\u00eds - Daniel Matos\",\"isPartOf\":{\"@id\":\"https:\/\/www.blogsoestado.com\/danielmatos\/#website\"},\"primaryImageOfPage\":{\"@id\":\"https:\/\/www.blogsoestado.com\/danielmatos\/a-trajetoria-de-vida-do-novo-presidente-do-legislativo-municipal-de-sao-luis\/#primaryimage\"},\"image\":{\"@id\":\"https:\/\/www.blogsoestado.com\/danielmatos\/a-trajetoria-de-vida-do-novo-presidente-do-legislativo-municipal-de-sao-luis\/#primaryimage\"},\"thumbnailUrl\":\"https:\/\/www.blogsoestado.com\/danielmatos\/files\/2015\/01\/astro-toma-posse.jpg\",\"datePublished\":\"2015-01-06T23:36:55+00:00\",\"author\":{\"@id\":\"\"},\"breadcrumb\":{\"@id\":\"https:\/\/www.blogsoestado.com\/danielmatos\/a-trajetoria-de-vida-do-novo-presidente-do-legislativo-municipal-de-sao-luis\/#breadcrumb\"},\"inLanguage\":\"pt-BR\",\"potentialAction\":[{\"@type\":\"ReadAction\",\"target\":[\"https:\/\/www.blogsoestado.com\/danielmatos\/a-trajetoria-de-vida-do-novo-presidente-do-legislativo-municipal-de-sao-luis\/\"]}]},{\"@type\":\"ImageObject\",\"inLanguage\":\"pt-BR\",\"@id\":\"https:\/\/www.blogsoestado.com\/danielmatos\/a-trajetoria-de-vida-do-novo-presidente-do-legislativo-municipal-de-sao-luis\/#primaryimage\",\"url\":\"https:\/\/www.blogsoestado.com\/danielmatos\/files\/2015\/01\/astro-toma-posse.jpg\",\"contentUrl\":\"https:\/\/www.blogsoestado.com\/danielmatos\/files\/2015\/01\/astro-toma-posse.jpg\"},{\"@type\":\"BreadcrumbList\",\"@id\":\"https:\/\/www.blogsoestado.com\/danielmatos\/a-trajetoria-de-vida-do-novo-presidente-do-legislativo-municipal-de-sao-luis\/#breadcrumb\",\"itemListElement\":[{\"@type\":\"ListItem\",\"position\":1,\"name\":\"In\u00edcio\",\"item\":\"https:\/\/www.blogsoestado.com\/danielmatos\/\"},{\"@type\":\"ListItem\",\"position\":2,\"name\":\"A trajet\u00f3ria de vida do novo presidente do Legislativo Municipal de S\u00e3o Lu\u00eds\"}]},{\"@type\":\"WebSite\",\"@id\":\"https:\/\/www.blogsoestado.com\/danielmatos\/#website\",\"url\":\"https:\/\/www.blogsoestado.com\/danielmatos\/\",\"name\":\"Daniel Matos\",\"description\":\"\",\"potentialAction\":[{\"@type\":\"SearchAction\",\"target\":{\"@type\":\"EntryPoint\",\"urlTemplate\":\"https:\/\/www.blogsoestado.com\/danielmatos\/?s={search_term_string}\"},\"query-input\":{\"@type\":\"PropertyValueSpecification\",\"valueRequired\":true,\"valueName\":\"search_term_string\"}}],\"inLanguage\":\"pt-BR\"}]}<\/script>\n<!-- \/ Yoast SEO plugin. -->","yoast_head_json":{"title":"A trajet\u00f3ria de vida do novo presidente do Legislativo Municipal de S\u00e3o Lu\u00eds - Daniel Matos","robots":{"index":"index","follow":"follow","max-snippet":"max-snippet:-1","max-image-preview":"max-image-preview:large","max-video-preview":"max-video-preview:-1"},"canonical":"https:\/\/www.blogsoestado.com\/danielmatos\/a-trajetoria-de-vida-do-novo-presidente-do-legislativo-municipal-de-sao-luis\/","og_locale":"pt_BR","og_type":"article","og_title":"A trajet\u00f3ria de vida do novo presidente do Legislativo Municipal de S\u00e3o Lu\u00eds - Daniel Matos","og_description":"Em uma concorrida solenidade, na quinta-feira(01), o vereador Generval Martiniano Moreira Leite, 56 anos, mais conhecido como Astro de Ogum, [&hellip;]","og_url":"https:\/\/www.blogsoestado.com\/danielmatos\/a-trajetoria-de-vida-do-novo-presidente-do-legislativo-municipal-de-sao-luis\/","og_site_name":"Daniel Matos","article_published_time":"2015-01-06T23:36:55+00:00","og_image":[{"url":"https:\/\/www.blogsoestado.com\/danielmatos\/files\/2015\/01\/astro-toma-posse.jpg","type":"","width":"","height":""}],"twitter_card":"summary_large_image","twitter_misc":{"Est. tempo de leitura":"6 minutos"},"schema":{"@context":"https:\/\/schema.org","@graph":[{"@type":"WebPage","@id":"https:\/\/www.blogsoestado.com\/danielmatos\/a-trajetoria-de-vida-do-novo-presidente-do-legislativo-municipal-de-sao-luis\/","url":"https:\/\/www.blogsoestado.com\/danielmatos\/a-trajetoria-de-vida-do-novo-presidente-do-legislativo-municipal-de-sao-luis\/","name":"A trajet\u00f3ria de vida do novo presidente do Legislativo Municipal de S\u00e3o Lu\u00eds - Daniel Matos","isPartOf":{"@id":"https:\/\/www.blogsoestado.com\/danielmatos\/#website"},"primaryImageOfPage":{"@id":"https:\/\/www.blogsoestado.com\/danielmatos\/a-trajetoria-de-vida-do-novo-presidente-do-legislativo-municipal-de-sao-luis\/#primaryimage"},"image":{"@id":"https:\/\/www.blogsoestado.com\/danielmatos\/a-trajetoria-de-vida-do-novo-presidente-do-legislativo-municipal-de-sao-luis\/#primaryimage"},"thumbnailUrl":"https:\/\/www.blogsoestado.com\/danielmatos\/files\/2015\/01\/astro-toma-posse.jpg","datePublished":"2015-01-06T23:36:55+00:00","author":{"@id":""},"breadcrumb":{"@id":"https:\/\/www.blogsoestado.com\/danielmatos\/a-trajetoria-de-vida-do-novo-presidente-do-legislativo-municipal-de-sao-luis\/#breadcrumb"},"inLanguage":"pt-BR","potentialAction":[{"@type":"ReadAction","target":["https:\/\/www.blogsoestado.com\/danielmatos\/a-trajetoria-de-vida-do-novo-presidente-do-legislativo-municipal-de-sao-luis\/"]}]},{"@type":"ImageObject","inLanguage":"pt-BR","@id":"https:\/\/www.blogsoestado.com\/danielmatos\/a-trajetoria-de-vida-do-novo-presidente-do-legislativo-municipal-de-sao-luis\/#primaryimage","url":"https:\/\/www.blogsoestado.com\/danielmatos\/files\/2015\/01\/astro-toma-posse.jpg","contentUrl":"https:\/\/www.blogsoestado.com\/danielmatos\/files\/2015\/01\/astro-toma-posse.jpg"},{"@type":"BreadcrumbList","@id":"https:\/\/www.blogsoestado.com\/danielmatos\/a-trajetoria-de-vida-do-novo-presidente-do-legislativo-municipal-de-sao-luis\/#breadcrumb","itemListElement":[{"@type":"ListItem","position":1,"name":"In\u00edcio","item":"https:\/\/www.blogsoestado.com\/danielmatos\/"},{"@type":"ListItem","position":2,"name":"A trajet\u00f3ria de vida do novo presidente do Legislativo Municipal de S\u00e3o Lu\u00eds"}]},{"@type":"WebSite","@id":"https:\/\/www.blogsoestado.com\/danielmatos\/#website","url":"https:\/\/www.blogsoestado.com\/danielmatos\/","name":"Daniel Matos","description":"","potentialAction":[{"@type":"SearchAction","target":{"@type":"EntryPoint","urlTemplate":"https:\/\/www.blogsoestado.com\/danielmatos\/?s={search_term_string}"},"query-input":{"@type":"PropertyValueSpecification","valueRequired":true,"valueName":"search_term_string"}}],"inLanguage":"pt-BR"}]}},"jetpack_featured_media_url":"","_links":{"self":[{"href":"https:\/\/www.blogsoestado.com\/danielmatos\/wp-json\/wp\/v2\/posts\/21457","targetHints":{"allow":["GET"]}}],"collection":[{"href":"https:\/\/www.blogsoestado.com\/danielmatos\/wp-json\/wp\/v2\/posts"}],"about":[{"href":"https:\/\/www.blogsoestado.com\/danielmatos\/wp-json\/wp\/v2\/types\/post"}],"replies":[{"embeddable":true,"href":"https:\/\/www.blogsoestado.com\/danielmatos\/wp-json\/wp\/v2\/comments?post=21457"}],"version-history":[{"count":0,"href":"https:\/\/www.blogsoestado.com\/danielmatos\/wp-json\/wp\/v2\/posts\/21457\/revisions"}],"wp:attachment":[{"href":"https:\/\/www.blogsoestado.com\/danielmatos\/wp-json\/wp\/v2\/media?parent=21457"}],"wp:term":[{"taxonomy":"category","embeddable":true,"href":"https:\/\/www.blogsoestado.com\/danielmatos\/wp-json\/wp\/v2\/categories?post=21457"},{"taxonomy":"post_tag","embeddable":true,"href":"https:\/\/www.blogsoestado.com\/danielmatos\/wp-json\/wp\/v2\/tags?post=21457"}],"curies":[{"name":"wp","href":"https:\/\/api.w.org\/{rel}","templated":true}]}}