{"id":21459,"date":"2015-01-07T08:39:19","date_gmt":"2015-01-07T11:39:19","guid":{"rendered":"https:\/\/www.blogsoestado.com\/danielmatos\/?p=21459"},"modified":"2015-01-07T08:39:19","modified_gmt":"2015-01-07T11:39:19","slug":"na-gestao-flavio-dino-nenhum-quilo-de-farinha-dagua-foi-consumido-no-palacio-dos-leoes-rebate-governo","status":"publish","type":"post","link":"https:\/\/www.blogsoestado.com\/danielmatos\/na-gestao-flavio-dino-nenhum-quilo-de-farinha-dagua-foi-consumido-no-palacio-dos-leoes-rebate-governo\/","title":{"rendered":"&#8220;Na gest\u00e3o Fl\u00e1vio Dino nenhum quilo de farinha d&#8217;\u00e1gua foi consumido no Pal\u00e1cio dos Le\u00f5es&#8221;, rebate governo"},"content":{"rendered":"<p>O Governo do Estado divulgou nota em resposta \u00e0\u00a0mat\u00e9ria postada ontem no blog que revelou\u00a0a realiza\u00e7\u00e3o de uma licita\u00e7\u00e3o para compra de alimentos para a abastecer a despensa dos Pal\u00e1cio dos Le\u00f5es no primeiro ano da gest\u00e3o Fl\u00e1vio Dino (PCdoB). O\u00a0certame prev\u00ea o gasto de\u00a0R$ 745.159,12 (setecentos e quarenta e cinco mil cento e cinquenta e nove reais e doze centavos) em sorvetes, picol\u00e9s; Iogurte light com peda\u00e7os de ameixa; fil\u00e9 mignom limpo; bacalhau do porto 1\u00aa qualidade; camar\u00e3o fresco grande; patinhas de caranguejo, dentre outras iguarias.<\/p>\n<p>Primeiro, a nota informa que a\u00a0licita\u00e7\u00e3o ocorreu no governo anterior e que no momento o processo encontra-se na Casa Civil para homologa\u00e7\u00e3o, &#8220;o que n\u00e3o ocorrer\u00e1 nos termos propostos pelo governo passado&#8221;, garantem os atuais governistas.<\/p>\n<p>Mas o que chama aten\u00e7\u00e3o mesmo \u00e9 o desfecho absurdamente\u00a0destrambelhado da nota. Fugindo a todos os padr\u00f5es que devem reger a reda\u00e7\u00e3o de notas oficiais, o autor escreveu: &#8220;durante a gest\u00e3o do governador Fl\u00e1vio Dino nenhum quilo de farinha d\u2019\u00e1gua foi consumido no Pal\u00e1cio dos Le\u00f5es pagos com recursos p\u00fablicos&#8221;.<\/p>\n<p>Veja na \u00edntegra o destempero oficial:<\/p>\n<p><em>Acerca de licita\u00e7\u00e3o para abastecer a despensa do Pal\u00e1cio dos Le\u00f5es, a Secretaria de Estado de Comunica\u00e7\u00e3o esclarece que:<\/em><\/p>\n<p><em>1. Todo o processo licitat\u00f3rio, desde a escolha dos itens constantes do edital, foi realizado pela ex-governadora Roseana Sarney;<\/em><\/p>\n<p><em>2. O edital foi publicado no dia 13 de novembro e a licita\u00e7\u00e3o na modalidade preg\u00e3o ocorreu no dia 2 de dezembro, portanto, ainda na gest\u00e3o anterior, que adjudicou o resultado do certame;<\/em><\/p>\n<p><em>3. O processo encontra-se na Casa Civil para homologa\u00e7\u00e3o, o que n\u00e3o ocorrer\u00e1 nos termos propostos pelo governo passado;<\/em><\/p>\n<p><em>4. Por fim, esclarecemos que durante a gest\u00e3o do governador Fl\u00e1vio Dino nenhum quilo de farinha d\u2019\u00e1gua foi consumido no Pal\u00e1cio dos Le\u00f5es pagos com recursos p\u00fablicos, muito menos bacalhau e salm\u00e3o.<\/em><\/p>\n","protected":false},"excerpt":{"rendered":"<p>O Governo do Estado divulgou nota em resposta \u00e0\u00a0mat\u00e9ria postada ontem no blog que revelou\u00a0a realiza\u00e7\u00e3o de uma licita\u00e7\u00e3o para [&hellip;]<\/p>\n","protected":false},"author":0,"featured_media":0,"comment_status":"open","ping_status":"open","sticky":false,"template":"","format":"standard","meta":{"site-sidebar-layout":"default","site-content-layout":"","ast-site-content-layout":"default","site-content-style":"default","site-sidebar-style":"default","ast-global-header-display":"","ast-banner-title-visibility":"","ast-main-header-display":"","ast-hfb-above-header-display":"","ast-hfb-below-header-display":"","ast-hfb-mobile-header-display":"","site-post-title":"","ast-breadcrumbs-content":"","ast-featured-img":"","footer-sml-layout":"","ast-disable-related-posts":"","theme-transparent-header-meta":"","adv-header-id-meta":"","stick-header-meta":"","header-above-stick-meta":"","header-main-stick-meta":"","header-below-stick-meta":"","astra-migrate-meta-layouts":"default","ast-page-background-enabled":"default","ast-page-background-meta":{"desktop":{"background-color":"var(--ast-global-color-5)","background-image":"","background-repeat":"repeat","background-position":"center center","background-size":"auto","background-attachment":"scroll","background-type":"","background-media":"","overlay-type":"","overlay-color":"","overlay-opacity":"","overlay-gradient":""},"tablet":{"background-color":"","background-image":"","background-repeat":"repeat","background-position":"center center","background-size":"auto","background-attachment":"scroll","background-type":"","background-media":"","overlay-type":"","overlay-color":"","overlay-opacity":"","overlay-gradient":""},"mobile":{"background-color":"","background-image":"","background-repeat":"repeat","background-position":"center center","background-size":"auto","background-attachment":"scroll","background-type":"","background-media":"","overlay-type":"","overlay-color":"","overlay-opacity":"","overlay-gradient":""}},"ast-content-background-meta":{"desktop":{"background-color":"var(--ast-global-color-4)","background-image":"","background-repeat":"repeat","background-position":"center center","background-size":"auto","background-attachment":"scroll","background-type":"","background-media":"","overlay-type":"","overlay-color":"","overlay-opacity":"","overlay-gradient":""},"tablet":{"background-color":"var(--ast-global-color-4)","background-image":"","background-repeat":"repeat","background-position":"center center","background-size":"auto","background-attachment":"scroll","background-type":"","background-media":"","overlay-type":"","overlay-color":"","overlay-opacity":"","overlay-gradient":""},"mobile":{"background-color":"var(--ast-global-color-4)","background-image":"","background-repeat":"repeat","background-position":"center center","background-size":"auto","background-attachment":"scroll","background-type":"","background-media":"","overlay-type":"","overlay-color":"","overlay-opacity":"","overlay-gradient":""}},"footnotes":""},"categories":[1],"tags":[],"class_list":["post-21459","post","type-post","status-publish","format-standard","hentry","category-sem-categoria"],"yoast_head":"<!-- This site is optimized with the Yoast SEO plugin v26.6 - https:\/\/yoast.com\/wordpress\/plugins\/seo\/ -->\n<title>&quot;Na gest\u00e3o Fl\u00e1vio Dino nenhum quilo de farinha d&#039;\u00e1gua foi consumido no Pal\u00e1cio dos Le\u00f5es&quot;, rebate governo - Daniel Matos<\/title>\n<meta name=\"robots\" content=\"index, follow, max-snippet:-1, max-image-preview:large, max-video-preview:-1\" \/>\n<link rel=\"canonical\" href=\"https:\/\/www.blogsoestado.com\/danielmatos\/na-gestao-flavio-dino-nenhum-quilo-de-farinha-dagua-foi-consumido-no-palacio-dos-leoes-rebate-governo\/\" \/>\n<meta property=\"og:locale\" content=\"pt_BR\" \/>\n<meta property=\"og:type\" content=\"article\" \/>\n<meta property=\"og:title\" content=\"&quot;Na gest\u00e3o Fl\u00e1vio Dino nenhum quilo de farinha d&#039;\u00e1gua foi consumido no Pal\u00e1cio dos Le\u00f5es&quot;, rebate governo - Daniel Matos\" \/>\n<meta property=\"og:description\" content=\"O Governo do Estado divulgou nota em resposta \u00e0\u00a0mat\u00e9ria postada ontem no blog que revelou\u00a0a realiza\u00e7\u00e3o de uma licita\u00e7\u00e3o para [&hellip;]\" \/>\n<meta property=\"og:url\" content=\"https:\/\/www.blogsoestado.com\/danielmatos\/na-gestao-flavio-dino-nenhum-quilo-de-farinha-dagua-foi-consumido-no-palacio-dos-leoes-rebate-governo\/\" \/>\n<meta property=\"og:site_name\" content=\"Daniel Matos\" \/>\n<meta property=\"article:published_time\" content=\"2015-01-07T11:39:19+00:00\" \/>\n<meta name=\"twitter:card\" content=\"summary_large_image\" \/>\n<meta name=\"twitter:label1\" content=\"Est. tempo de leitura\" \/>\n\t<meta name=\"twitter:data1\" content=\"2 minutos\" \/>\n<script type=\"application\/ld+json\" class=\"yoast-schema-graph\">{\"@context\":\"https:\/\/schema.org\",\"@graph\":[{\"@type\":\"WebPage\",\"@id\":\"https:\/\/www.blogsoestado.com\/danielmatos\/na-gestao-flavio-dino-nenhum-quilo-de-farinha-dagua-foi-consumido-no-palacio-dos-leoes-rebate-governo\/\",\"url\":\"https:\/\/www.blogsoestado.com\/danielmatos\/na-gestao-flavio-dino-nenhum-quilo-de-farinha-dagua-foi-consumido-no-palacio-dos-leoes-rebate-governo\/\",\"name\":\"\\\"Na gest\u00e3o Fl\u00e1vio Dino nenhum quilo de farinha d'\u00e1gua foi consumido no Pal\u00e1cio dos Le\u00f5es\\\", rebate governo - Daniel Matos\",\"isPartOf\":{\"@id\":\"https:\/\/www.blogsoestado.com\/danielmatos\/#website\"},\"datePublished\":\"2015-01-07T11:39:19+00:00\",\"author\":{\"@id\":\"\"},\"breadcrumb\":{\"@id\":\"https:\/\/www.blogsoestado.com\/danielmatos\/na-gestao-flavio-dino-nenhum-quilo-de-farinha-dagua-foi-consumido-no-palacio-dos-leoes-rebate-governo\/#breadcrumb\"},\"inLanguage\":\"pt-BR\",\"potentialAction\":[{\"@type\":\"ReadAction\",\"target\":[\"https:\/\/www.blogsoestado.com\/danielmatos\/na-gestao-flavio-dino-nenhum-quilo-de-farinha-dagua-foi-consumido-no-palacio-dos-leoes-rebate-governo\/\"]}]},{\"@type\":\"BreadcrumbList\",\"@id\":\"https:\/\/www.blogsoestado.com\/danielmatos\/na-gestao-flavio-dino-nenhum-quilo-de-farinha-dagua-foi-consumido-no-palacio-dos-leoes-rebate-governo\/#breadcrumb\",\"itemListElement\":[{\"@type\":\"ListItem\",\"position\":1,\"name\":\"In\u00edcio\",\"item\":\"https:\/\/www.blogsoestado.com\/danielmatos\/\"},{\"@type\":\"ListItem\",\"position\":2,\"name\":\"&#8220;Na gest\u00e3o Fl\u00e1vio Dino nenhum quilo de farinha d&#8217;\u00e1gua foi consumido no Pal\u00e1cio dos Le\u00f5es&#8221;, rebate governo\"}]},{\"@type\":\"WebSite\",\"@id\":\"https:\/\/www.blogsoestado.com\/danielmatos\/#website\",\"url\":\"https:\/\/www.blogsoestado.com\/danielmatos\/\",\"name\":\"Daniel Matos\",\"description\":\"\",\"potentialAction\":[{\"@type\":\"SearchAction\",\"target\":{\"@type\":\"EntryPoint\",\"urlTemplate\":\"https:\/\/www.blogsoestado.com\/danielmatos\/?s={search_term_string}\"},\"query-input\":{\"@type\":\"PropertyValueSpecification\",\"valueRequired\":true,\"valueName\":\"search_term_string\"}}],\"inLanguage\":\"pt-BR\"}]}<\/script>\n<!-- \/ Yoast SEO plugin. -->","yoast_head_json":{"title":"\"Na gest\u00e3o Fl\u00e1vio Dino nenhum quilo de farinha d'\u00e1gua foi consumido no Pal\u00e1cio dos Le\u00f5es\", rebate governo - Daniel Matos","robots":{"index":"index","follow":"follow","max-snippet":"max-snippet:-1","max-image-preview":"max-image-preview:large","max-video-preview":"max-video-preview:-1"},"canonical":"https:\/\/www.blogsoestado.com\/danielmatos\/na-gestao-flavio-dino-nenhum-quilo-de-farinha-dagua-foi-consumido-no-palacio-dos-leoes-rebate-governo\/","og_locale":"pt_BR","og_type":"article","og_title":"\"Na gest\u00e3o Fl\u00e1vio Dino nenhum quilo de farinha d'\u00e1gua foi consumido no Pal\u00e1cio dos Le\u00f5es\", rebate governo - Daniel Matos","og_description":"O Governo do Estado divulgou nota em resposta \u00e0\u00a0mat\u00e9ria postada ontem no blog que revelou\u00a0a realiza\u00e7\u00e3o de uma licita\u00e7\u00e3o para [&hellip;]","og_url":"https:\/\/www.blogsoestado.com\/danielmatos\/na-gestao-flavio-dino-nenhum-quilo-de-farinha-dagua-foi-consumido-no-palacio-dos-leoes-rebate-governo\/","og_site_name":"Daniel Matos","article_published_time":"2015-01-07T11:39:19+00:00","twitter_card":"summary_large_image","twitter_misc":{"Est. tempo de leitura":"2 minutos"},"schema":{"@context":"https:\/\/schema.org","@graph":[{"@type":"WebPage","@id":"https:\/\/www.blogsoestado.com\/danielmatos\/na-gestao-flavio-dino-nenhum-quilo-de-farinha-dagua-foi-consumido-no-palacio-dos-leoes-rebate-governo\/","url":"https:\/\/www.blogsoestado.com\/danielmatos\/na-gestao-flavio-dino-nenhum-quilo-de-farinha-dagua-foi-consumido-no-palacio-dos-leoes-rebate-governo\/","name":"\"Na gest\u00e3o Fl\u00e1vio Dino nenhum quilo de farinha d'\u00e1gua foi consumido no Pal\u00e1cio dos Le\u00f5es\", rebate governo - Daniel Matos","isPartOf":{"@id":"https:\/\/www.blogsoestado.com\/danielmatos\/#website"},"datePublished":"2015-01-07T11:39:19+00:00","author":{"@id":""},"breadcrumb":{"@id":"https:\/\/www.blogsoestado.com\/danielmatos\/na-gestao-flavio-dino-nenhum-quilo-de-farinha-dagua-foi-consumido-no-palacio-dos-leoes-rebate-governo\/#breadcrumb"},"inLanguage":"pt-BR","potentialAction":[{"@type":"ReadAction","target":["https:\/\/www.blogsoestado.com\/danielmatos\/na-gestao-flavio-dino-nenhum-quilo-de-farinha-dagua-foi-consumido-no-palacio-dos-leoes-rebate-governo\/"]}]},{"@type":"BreadcrumbList","@id":"https:\/\/www.blogsoestado.com\/danielmatos\/na-gestao-flavio-dino-nenhum-quilo-de-farinha-dagua-foi-consumido-no-palacio-dos-leoes-rebate-governo\/#breadcrumb","itemListElement":[{"@type":"ListItem","position":1,"name":"In\u00edcio","item":"https:\/\/www.blogsoestado.com\/danielmatos\/"},{"@type":"ListItem","position":2,"name":"&#8220;Na gest\u00e3o Fl\u00e1vio Dino nenhum quilo de farinha d&#8217;\u00e1gua foi consumido no Pal\u00e1cio dos Le\u00f5es&#8221;, rebate governo"}]},{"@type":"WebSite","@id":"https:\/\/www.blogsoestado.com\/danielmatos\/#website","url":"https:\/\/www.blogsoestado.com\/danielmatos\/","name":"Daniel Matos","description":"","potentialAction":[{"@type":"SearchAction","target":{"@type":"EntryPoint","urlTemplate":"https:\/\/www.blogsoestado.com\/danielmatos\/?s={search_term_string}"},"query-input":{"@type":"PropertyValueSpecification","valueRequired":true,"valueName":"search_term_string"}}],"inLanguage":"pt-BR"}]}},"jetpack_featured_media_url":"","_links":{"self":[{"href":"https:\/\/www.blogsoestado.com\/danielmatos\/wp-json\/wp\/v2\/posts\/21459","targetHints":{"allow":["GET"]}}],"collection":[{"href":"https:\/\/www.blogsoestado.com\/danielmatos\/wp-json\/wp\/v2\/posts"}],"about":[{"href":"https:\/\/www.blogsoestado.com\/danielmatos\/wp-json\/wp\/v2\/types\/post"}],"replies":[{"embeddable":true,"href":"https:\/\/www.blogsoestado.com\/danielmatos\/wp-json\/wp\/v2\/comments?post=21459"}],"version-history":[{"count":0,"href":"https:\/\/www.blogsoestado.com\/danielmatos\/wp-json\/wp\/v2\/posts\/21459\/revisions"}],"wp:attachment":[{"href":"https:\/\/www.blogsoestado.com\/danielmatos\/wp-json\/wp\/v2\/media?parent=21459"}],"wp:term":[{"taxonomy":"category","embeddable":true,"href":"https:\/\/www.blogsoestado.com\/danielmatos\/wp-json\/wp\/v2\/categories?post=21459"},{"taxonomy":"post_tag","embeddable":true,"href":"https:\/\/www.blogsoestado.com\/danielmatos\/wp-json\/wp\/v2\/tags?post=21459"}],"curies":[{"name":"wp","href":"https:\/\/api.w.org\/{rel}","templated":true}]}}