{"id":21463,"date":"2015-01-07T15:44:45","date_gmt":"2015-01-07T18:44:45","guid":{"rendered":"https:\/\/www.blogsoestado.com\/danielmatos\/?p=21463"},"modified":"2015-01-07T15:44:45","modified_gmt":"2015-01-07T18:44:45","slug":"escolas-da-rede-municipal-retomam-aulas-apos-recesso-de-fim-de-ano","status":"publish","type":"post","link":"https:\/\/www.blogsoestado.com\/danielmatos\/escolas-da-rede-municipal-retomam-aulas-apos-recesso-de-fim-de-ano\/","title":{"rendered":"Escolas da rede municipal retomam aulas ap\u00f3s recesso de fim de ano"},"content":{"rendered":"<figure id=\"attachment_21464\" aria-describedby=\"caption-attachment-21464\" style=\"width: 448px\" class=\"wp-caption alignleft\"><a href=\"https:\/\/www.blogsoestado.com\/danielmatos\/files\/2015\/01\/rede-municipal.jpg\"><img fetchpriority=\"high\" decoding=\"async\" class=\"size-full wp-image-21464\" src=\"https:\/\/www.blogsoestado.com\/danielmatos\/files\/2015\/01\/rede-municipal.jpg\" alt=\"Mais de 80 mil estudantes matriculados na rede municipal de ensino retornaram \u00e0s aulas nesta ter\u00e7a-feira (6) ap\u00f3s o recesso de final de ano\" width=\"448\" height=\"299\" \/><\/a><figcaption id=\"caption-attachment-21464\" class=\"wp-caption-text\">Mais de 80 mil estudantes matriculados na rede municipal de ensino retornaram \u00e0s aulas nesta ter\u00e7a-feira (6) ap\u00f3s o recesso de final de ano<\/figcaption><\/figure>\n<p>Os mais de 80 mil estudantes matriculados na rede municipal de ensino retornaram \u00e0s aulas nesta ter\u00e7a-feira (6) ap\u00f3s o recesso de final de ano. O retorno dos estudantes e a continuidade do calend\u00e1rio escolar ocorreram conforme o planejamento elaborado pela Prefeitura de S\u00e3o Lu\u00eds, por meio da Secretaria Municipal de Educa\u00e7\u00e3o (Semed).<\/p>\n<p>O secret\u00e1rio municipal de Educa\u00e7\u00e3o, Geraldo Castro Sobrinho, reafirmou o compromisso do prefeito Edivaldo com a garantia dos 200 dias letivos a todos os estudantes das Unidades de Educa\u00e7\u00e3o B\u00e1sica em S\u00e3o Lu\u00eds. &#8220;O planejamento realizado pela equipe t\u00e9cnica da Secretaria, em conjunto com as escolas, garante que nossos estudantes ser\u00e3o contemplados integralmente com o que determina a Lei de Diretrizes e Bases da Educa\u00e7\u00e3o Nacional. A esse planejamento, soma-se o esfor\u00e7o dos nossos educadores e educadoras, imprescind\u00edveis para a forma\u00e7\u00e3o adequada de todos os estudantes&#8221;, destacou Castro.<\/p>\n<p>Nas Unidades de Educa\u00e7\u00e3o B\u00e1sica (U.E.B.) Primavera, no Cohatrac, e Luzenir Mata Roma, no Maracan\u00e3, os estudantes participaram de um momento de boas vindas e, posteriormente, deram continuidade ao calend\u00e1rio escolar.<\/p>\n<p>A gestora da U.E.B. Primavera, Ivone Assun\u00e7\u00e3o, reuniu brevemente os estudantes e conversou com eles sobre o rein\u00edcio do calend\u00e1rio. &#8220;Desejei a todos um ano de 2015 com muita prosperidade e paz. Depois pedi que eles aproveitassem o ano para adquirir novos conhecimentos&#8221;, disse a gestora. O momento de acolhida foi finalizado com o refor\u00e7o do sentimento c\u00edvico, por meio da execu\u00e7\u00e3o do Hino Nacional.<\/p>\n<figure id=\"attachment_21465\" aria-describedby=\"caption-attachment-21465\" style=\"width: 448px\" class=\"wp-caption alignright\"><a href=\"https:\/\/www.blogsoestado.com\/danielmatos\/files\/2015\/01\/rede-municipal2.jpg\"><img decoding=\"async\" class=\"size-full wp-image-21465\" src=\"https:\/\/www.blogsoestado.com\/danielmatos\/files\/2015\/01\/rede-municipal2.jpg\" alt=\"Com o retorno \u00e0s aulas, os educandos j\u00e1 adquiriram novos conhecimentos e reviram os colegas de turma\" width=\"448\" height=\"299\" \/><\/a><figcaption id=\"caption-attachment-21465\" class=\"wp-caption-text\">Com o retorno \u00e0s aulas, os educandos j\u00e1 adquiriram novos conhecimentos e reviram os colegas de turma<\/figcaption><\/figure>\n<p>J\u00e1 na creche Darcy Ribeiro, localizada no Sacav\u00e9m, as atividades escolares j\u00e1 haviam sido retomadas na segunda-feira (5). &#8220;Recepcionamos as crian\u00e7as e, nas salas de aula, elas iniciaram as atividades&#8221;, explicou a gestora Maria Eliza Pires.<\/p>\n<p><strong>Estudantes<\/strong><\/p>\n<p>Com o retorno \u00e0s aulas, os educandos j\u00e1 adquiriram novos conhecimentos e reviram os colegas de turma. Foi o que disse a estudante do 4\u00ba ano da U.E.B. Primavera, Giovana Azevedo. &#8220;Durante o recesso de fim de ano, fiquei em casa descansando e estudando, mas com saudade dos meus colegas da escola. Com o retorno, pude rever meus amigos e ainda aprender novos assuntos nas aulas de Ci\u00eancias e L\u00edngua Portuguesa&#8221;, afirmou a educanda de 10 anos.<\/p>\n<p>Luan Jefferson Alves, tamb\u00e9m estudante do 4\u00ba ano da U.E.B. Primavera, tamb\u00e9m comemorou o fato de poder estar com os amigos. &#8220;Estava com saudade dos meus colegas e hoje pude rev\u00ea-los e ainda conversar com eles. Foi muito legal! Hoje fiz um ditado na aula de L\u00edngua Portuguesa e tamb\u00e9m comecei um trabalho sobre energia na de Ci\u00eancias. Estou querendo aprender mais sobre multiplica\u00e7\u00e3o nas aulas de Matem\u00e1tica, a mat\u00e9ria que eu mais gosto&#8221;, disse o estudante de 10 anos.<\/p>\n<p><strong>Fonte:<\/strong> Secretaria Municipal de Comunica\u00e7\u00e3o (Secom)<\/p>\n","protected":false},"excerpt":{"rendered":"<p>Os mais de 80 mil estudantes matriculados na rede municipal de ensino retornaram \u00e0s aulas nesta ter\u00e7a-feira (6) ap\u00f3s o [&hellip;]<\/p>\n","protected":false},"author":0,"featured_media":0,"comment_status":"open","ping_status":"open","sticky":false,"template":"","format":"standard","meta":{"site-sidebar-layout":"default","site-content-layout":"","ast-site-content-layout":"default","site-content-style":"default","site-sidebar-style":"default","ast-global-header-display":"","ast-banner-title-visibility":"","ast-main-header-display":"","ast-hfb-above-header-display":"","ast-hfb-below-header-display":"","ast-hfb-mobile-header-display":"","site-post-title":"","ast-breadcrumbs-content":"","ast-featured-img":"","footer-sml-layout":"","ast-disable-related-posts":"","theme-transparent-header-meta":"","adv-header-id-meta":"","stick-header-meta":"","header-above-stick-meta":"","header-main-stick-meta":"","header-below-stick-meta":"","astra-migrate-meta-layouts":"default","ast-page-background-enabled":"default","ast-page-background-meta":{"desktop":{"background-color":"var(--ast-global-color-5)","background-image":"","background-repeat":"repeat","background-position":"center center","background-size":"auto","background-attachment":"scroll","background-type":"","background-media":"","overlay-type":"","overlay-color":"","overlay-opacity":"","overlay-gradient":""},"tablet":{"background-color":"","background-image":"","background-repeat":"repeat","background-position":"center center","background-size":"auto","background-attachment":"scroll","background-type":"","background-media":"","overlay-type":"","overlay-color":"","overlay-opacity":"","overlay-gradient":""},"mobile":{"background-color":"","background-image":"","background-repeat":"repeat","background-position":"center center","background-size":"auto","background-attachment":"scroll","background-type":"","background-media":"","overlay-type":"","overlay-color":"","overlay-opacity":"","overlay-gradient":""}},"ast-content-background-meta":{"desktop":{"background-color":"var(--ast-global-color-4)","background-image":"","background-repeat":"repeat","background-position":"center center","background-size":"auto","background-attachment":"scroll","background-type":"","background-media":"","overlay-type":"","overlay-color":"","overlay-opacity":"","overlay-gradient":""},"tablet":{"background-color":"var(--ast-global-color-4)","background-image":"","background-repeat":"repeat","background-position":"center center","background-size":"auto","background-attachment":"scroll","background-type":"","background-media":"","overlay-type":"","overlay-color":"","overlay-opacity":"","overlay-gradient":""},"mobile":{"background-color":"var(--ast-global-color-4)","background-image":"","background-repeat":"repeat","background-position":"center center","background-size":"auto","background-attachment":"scroll","background-type":"","background-media":"","overlay-type":"","overlay-color":"","overlay-opacity":"","overlay-gradient":""}},"footnotes":""},"categories":[1],"tags":[],"class_list":["post-21463","post","type-post","status-publish","format-standard","hentry","category-sem-categoria"],"yoast_head":"<!-- This site is optimized with the Yoast SEO plugin v26.6 - https:\/\/yoast.com\/wordpress\/plugins\/seo\/ -->\n<title>Escolas da rede municipal retomam aulas ap\u00f3s recesso de fim de ano - Daniel Matos<\/title>\n<meta name=\"robots\" content=\"index, follow, max-snippet:-1, max-image-preview:large, max-video-preview:-1\" \/>\n<link rel=\"canonical\" href=\"https:\/\/www.blogsoestado.com\/danielmatos\/escolas-da-rede-municipal-retomam-aulas-apos-recesso-de-fim-de-ano\/\" \/>\n<meta property=\"og:locale\" content=\"pt_BR\" \/>\n<meta property=\"og:type\" content=\"article\" \/>\n<meta property=\"og:title\" content=\"Escolas da rede municipal retomam aulas ap\u00f3s recesso de fim de ano - Daniel Matos\" \/>\n<meta property=\"og:description\" content=\"Os mais de 80 mil estudantes matriculados na rede municipal de ensino retornaram \u00e0s aulas nesta ter\u00e7a-feira (6) ap\u00f3s o [&hellip;]\" \/>\n<meta property=\"og:url\" content=\"https:\/\/www.blogsoestado.com\/danielmatos\/escolas-da-rede-municipal-retomam-aulas-apos-recesso-de-fim-de-ano\/\" \/>\n<meta property=\"og:site_name\" content=\"Daniel Matos\" \/>\n<meta property=\"article:published_time\" content=\"2015-01-07T18:44:45+00:00\" \/>\n<meta property=\"og:image\" content=\"https:\/\/www.blogsoestado.com\/danielmatos\/files\/2015\/01\/rede-municipal.jpg\" \/>\n<meta name=\"twitter:card\" content=\"summary_large_image\" \/>\n<meta name=\"twitter:label1\" content=\"Est. tempo de leitura\" \/>\n\t<meta name=\"twitter:data1\" content=\"3 minutos\" \/>\n<script type=\"application\/ld+json\" class=\"yoast-schema-graph\">{\"@context\":\"https:\/\/schema.org\",\"@graph\":[{\"@type\":\"WebPage\",\"@id\":\"https:\/\/www.blogsoestado.com\/danielmatos\/escolas-da-rede-municipal-retomam-aulas-apos-recesso-de-fim-de-ano\/\",\"url\":\"https:\/\/www.blogsoestado.com\/danielmatos\/escolas-da-rede-municipal-retomam-aulas-apos-recesso-de-fim-de-ano\/\",\"name\":\"Escolas da rede municipal retomam aulas ap\u00f3s recesso de fim de ano - Daniel Matos\",\"isPartOf\":{\"@id\":\"https:\/\/www.blogsoestado.com\/danielmatos\/#website\"},\"primaryImageOfPage\":{\"@id\":\"https:\/\/www.blogsoestado.com\/danielmatos\/escolas-da-rede-municipal-retomam-aulas-apos-recesso-de-fim-de-ano\/#primaryimage\"},\"image\":{\"@id\":\"https:\/\/www.blogsoestado.com\/danielmatos\/escolas-da-rede-municipal-retomam-aulas-apos-recesso-de-fim-de-ano\/#primaryimage\"},\"thumbnailUrl\":\"https:\/\/www.blogsoestado.com\/danielmatos\/files\/2015\/01\/rede-municipal.jpg\",\"datePublished\":\"2015-01-07T18:44:45+00:00\",\"author\":{\"@id\":\"\"},\"breadcrumb\":{\"@id\":\"https:\/\/www.blogsoestado.com\/danielmatos\/escolas-da-rede-municipal-retomam-aulas-apos-recesso-de-fim-de-ano\/#breadcrumb\"},\"inLanguage\":\"pt-BR\",\"potentialAction\":[{\"@type\":\"ReadAction\",\"target\":[\"https:\/\/www.blogsoestado.com\/danielmatos\/escolas-da-rede-municipal-retomam-aulas-apos-recesso-de-fim-de-ano\/\"]}]},{\"@type\":\"ImageObject\",\"inLanguage\":\"pt-BR\",\"@id\":\"https:\/\/www.blogsoestado.com\/danielmatos\/escolas-da-rede-municipal-retomam-aulas-apos-recesso-de-fim-de-ano\/#primaryimage\",\"url\":\"https:\/\/www.blogsoestado.com\/danielmatos\/files\/2015\/01\/rede-municipal.jpg\",\"contentUrl\":\"https:\/\/www.blogsoestado.com\/danielmatos\/files\/2015\/01\/rede-municipal.jpg\"},{\"@type\":\"BreadcrumbList\",\"@id\":\"https:\/\/www.blogsoestado.com\/danielmatos\/escolas-da-rede-municipal-retomam-aulas-apos-recesso-de-fim-de-ano\/#breadcrumb\",\"itemListElement\":[{\"@type\":\"ListItem\",\"position\":1,\"name\":\"In\u00edcio\",\"item\":\"https:\/\/www.blogsoestado.com\/danielmatos\/\"},{\"@type\":\"ListItem\",\"position\":2,\"name\":\"Escolas da rede municipal retomam aulas ap\u00f3s recesso de fim de ano\"}]},{\"@type\":\"WebSite\",\"@id\":\"https:\/\/www.blogsoestado.com\/danielmatos\/#website\",\"url\":\"https:\/\/www.blogsoestado.com\/danielmatos\/\",\"name\":\"Daniel Matos\",\"description\":\"\",\"potentialAction\":[{\"@type\":\"SearchAction\",\"target\":{\"@type\":\"EntryPoint\",\"urlTemplate\":\"https:\/\/www.blogsoestado.com\/danielmatos\/?s={search_term_string}\"},\"query-input\":{\"@type\":\"PropertyValueSpecification\",\"valueRequired\":true,\"valueName\":\"search_term_string\"}}],\"inLanguage\":\"pt-BR\"}]}<\/script>\n<!-- \/ Yoast SEO plugin. -->","yoast_head_json":{"title":"Escolas da rede municipal retomam aulas ap\u00f3s recesso de fim de ano - Daniel Matos","robots":{"index":"index","follow":"follow","max-snippet":"max-snippet:-1","max-image-preview":"max-image-preview:large","max-video-preview":"max-video-preview:-1"},"canonical":"https:\/\/www.blogsoestado.com\/danielmatos\/escolas-da-rede-municipal-retomam-aulas-apos-recesso-de-fim-de-ano\/","og_locale":"pt_BR","og_type":"article","og_title":"Escolas da rede municipal retomam aulas ap\u00f3s recesso de fim de ano - Daniel Matos","og_description":"Os mais de 80 mil estudantes matriculados na rede municipal de ensino retornaram \u00e0s aulas nesta ter\u00e7a-feira (6) ap\u00f3s o [&hellip;]","og_url":"https:\/\/www.blogsoestado.com\/danielmatos\/escolas-da-rede-municipal-retomam-aulas-apos-recesso-de-fim-de-ano\/","og_site_name":"Daniel Matos","article_published_time":"2015-01-07T18:44:45+00:00","og_image":[{"url":"https:\/\/www.blogsoestado.com\/danielmatos\/files\/2015\/01\/rede-municipal.jpg","type":"","width":"","height":""}],"twitter_card":"summary_large_image","twitter_misc":{"Est. tempo de leitura":"3 minutos"},"schema":{"@context":"https:\/\/schema.org","@graph":[{"@type":"WebPage","@id":"https:\/\/www.blogsoestado.com\/danielmatos\/escolas-da-rede-municipal-retomam-aulas-apos-recesso-de-fim-de-ano\/","url":"https:\/\/www.blogsoestado.com\/danielmatos\/escolas-da-rede-municipal-retomam-aulas-apos-recesso-de-fim-de-ano\/","name":"Escolas da rede municipal retomam aulas ap\u00f3s recesso de fim de ano - Daniel Matos","isPartOf":{"@id":"https:\/\/www.blogsoestado.com\/danielmatos\/#website"},"primaryImageOfPage":{"@id":"https:\/\/www.blogsoestado.com\/danielmatos\/escolas-da-rede-municipal-retomam-aulas-apos-recesso-de-fim-de-ano\/#primaryimage"},"image":{"@id":"https:\/\/www.blogsoestado.com\/danielmatos\/escolas-da-rede-municipal-retomam-aulas-apos-recesso-de-fim-de-ano\/#primaryimage"},"thumbnailUrl":"https:\/\/www.blogsoestado.com\/danielmatos\/files\/2015\/01\/rede-municipal.jpg","datePublished":"2015-01-07T18:44:45+00:00","author":{"@id":""},"breadcrumb":{"@id":"https:\/\/www.blogsoestado.com\/danielmatos\/escolas-da-rede-municipal-retomam-aulas-apos-recesso-de-fim-de-ano\/#breadcrumb"},"inLanguage":"pt-BR","potentialAction":[{"@type":"ReadAction","target":["https:\/\/www.blogsoestado.com\/danielmatos\/escolas-da-rede-municipal-retomam-aulas-apos-recesso-de-fim-de-ano\/"]}]},{"@type":"ImageObject","inLanguage":"pt-BR","@id":"https:\/\/www.blogsoestado.com\/danielmatos\/escolas-da-rede-municipal-retomam-aulas-apos-recesso-de-fim-de-ano\/#primaryimage","url":"https:\/\/www.blogsoestado.com\/danielmatos\/files\/2015\/01\/rede-municipal.jpg","contentUrl":"https:\/\/www.blogsoestado.com\/danielmatos\/files\/2015\/01\/rede-municipal.jpg"},{"@type":"BreadcrumbList","@id":"https:\/\/www.blogsoestado.com\/danielmatos\/escolas-da-rede-municipal-retomam-aulas-apos-recesso-de-fim-de-ano\/#breadcrumb","itemListElement":[{"@type":"ListItem","position":1,"name":"In\u00edcio","item":"https:\/\/www.blogsoestado.com\/danielmatos\/"},{"@type":"ListItem","position":2,"name":"Escolas da rede municipal retomam aulas ap\u00f3s recesso de fim de ano"}]},{"@type":"WebSite","@id":"https:\/\/www.blogsoestado.com\/danielmatos\/#website","url":"https:\/\/www.blogsoestado.com\/danielmatos\/","name":"Daniel Matos","description":"","potentialAction":[{"@type":"SearchAction","target":{"@type":"EntryPoint","urlTemplate":"https:\/\/www.blogsoestado.com\/danielmatos\/?s={search_term_string}"},"query-input":{"@type":"PropertyValueSpecification","valueRequired":true,"valueName":"search_term_string"}}],"inLanguage":"pt-BR"}]}},"jetpack_featured_media_url":"","_links":{"self":[{"href":"https:\/\/www.blogsoestado.com\/danielmatos\/wp-json\/wp\/v2\/posts\/21463","targetHints":{"allow":["GET"]}}],"collection":[{"href":"https:\/\/www.blogsoestado.com\/danielmatos\/wp-json\/wp\/v2\/posts"}],"about":[{"href":"https:\/\/www.blogsoestado.com\/danielmatos\/wp-json\/wp\/v2\/types\/post"}],"replies":[{"embeddable":true,"href":"https:\/\/www.blogsoestado.com\/danielmatos\/wp-json\/wp\/v2\/comments?post=21463"}],"version-history":[{"count":0,"href":"https:\/\/www.blogsoestado.com\/danielmatos\/wp-json\/wp\/v2\/posts\/21463\/revisions"}],"wp:attachment":[{"href":"https:\/\/www.blogsoestado.com\/danielmatos\/wp-json\/wp\/v2\/media?parent=21463"}],"wp:term":[{"taxonomy":"category","embeddable":true,"href":"https:\/\/www.blogsoestado.com\/danielmatos\/wp-json\/wp\/v2\/categories?post=21463"},{"taxonomy":"post_tag","embeddable":true,"href":"https:\/\/www.blogsoestado.com\/danielmatos\/wp-json\/wp\/v2\/tags?post=21463"}],"curies":[{"name":"wp","href":"https:\/\/api.w.org\/{rel}","templated":true}]}}