{"id":21467,"date":"2015-01-07T17:00:25","date_gmt":"2015-01-07T20:00:25","guid":{"rendered":"https:\/\/www.blogsoestado.com\/danielmatos\/?p=21467"},"modified":"2015-01-07T17:00:25","modified_gmt":"2015-01-07T20:00:25","slug":"durval-lelys-faz-show-em-sao-luis-no-dia-17-de-janeiro","status":"publish","type":"post","link":"https:\/\/www.blogsoestado.com\/danielmatos\/durval-lelys-faz-show-em-sao-luis-no-dia-17-de-janeiro\/","title":{"rendered":"Durval L\u00e9lys faz show em S\u00e3o Lu\u00eds no dia 17 de janeiro"},"content":{"rendered":"<figure id=\"attachment_21468\" aria-describedby=\"caption-attachment-21468\" style=\"width: 640px\" class=\"wp-caption aligncenter\"><a href=\"https:\/\/www.blogsoestado.com\/danielmatos\/files\/2015\/01\/durval-lelys.jpg\"><img fetchpriority=\"high\" decoding=\"async\" class=\"size-full wp-image-21468\" src=\"https:\/\/www.blogsoestado.com\/danielmatos\/files\/2015\/01\/durval-lelys.jpg\" alt=\"Em carreira solo, o baiano canta na Ilha pela primeira vez sem o Asa de \u00c1guia\" width=\"640\" height=\"427\" \/><\/a><figcaption id=\"caption-attachment-21468\" class=\"wp-caption-text\">Em carreira solo, o baiano canta na Ilha pela primeira vez sem o Asa de \u00c1guia<\/figcaption><\/figure>\n<p>Cantar, tocar e divertir o p\u00fablico, esses s\u00e3o os objetivos do cantor Durval L\u00e9lys ao subir em um trio el\u00e9trico ou em um palco. Focando nesse desejo que o baiano iniciou em 2014 um novo momento da sua carreira. Em S\u00e3o Lu\u00eds, Durval canta pela primeira vez sem o Asa de \u00c1guia, dia 17 de janeiro, em um local ousado que traz consigo um mist\u00e9rio, e promete surpreender o p\u00fablico maranhense.<\/p>\n<p>Na mesma noite, a partir das 22h, os DJs Claudinho Polary e Rog\u00e9rio Mix completam a programa\u00e7\u00e3o com o Forr\u00f3 Top.<\/p>\n<p>Com open bar de cerveja Itaipava, o cantor Durval L\u00e9lys apresenta-se na festa \u201cSummer On\u201d, iniciando a temporada carnavalesca em S\u00e3o Lu\u00eds e mostrando um pouco de tudo que vai rolar no Carnaval de Salvador 2015.<\/p>\n<p>O projeto se estende durante todos os s\u00e1bados do m\u00eas de janeiro, a partir do dia 17, at\u00e9 dia 07 de fevereiro. Na programa\u00e7\u00e3o, ainda ter\u00e3o os shows da Chicabana, Cavaleiros do Forr\u00f3, Matheus Fernandes, Samyra Show e outras atra\u00e7\u00f5es.<\/p>\n<p>Com 30 anos de carreira, Durval conquistou f\u00e3s em todo Brasil e sempre com a vontade de estar mais perto da \u201cgalera\u201d que o acompanha por todo pa\u00eds, o cantor j\u00e1 lan\u00e7ou a nova m\u00fasica de trabalho \u201cVer o que restou\u201d, de autoria pr\u00f3pria, gravada no est\u00fadio do artista. \u201cAgora me sinto a vontade no palco. Estou mais tranquilo para fazer m\u00fasica, a coisa que mais gosto de fazer na vida\u201d, refor\u00e7a o artista.<\/p>\n<p><strong>Anos\u00a0de\u00a0carreira<\/strong><\/p>\n<figure id=\"attachment_21469\" aria-describedby=\"caption-attachment-21469\" style=\"width: 640px\" class=\"wp-caption aligncenter\"><a href=\"https:\/\/www.blogsoestado.com\/danielmatos\/files\/2015\/01\/durval-lelys2.jpg\"><img decoding=\"async\" class=\"size-full wp-image-21469\" src=\"https:\/\/www.blogsoestado.com\/danielmatos\/files\/2015\/01\/durval-lelys2.jpg\" alt=\"Com 30 anos de carreira, Durval conquistou f\u00e3s em todo Brasil \" width=\"640\" height=\"427\" \/><\/a><figcaption id=\"caption-attachment-21469\" class=\"wp-caption-text\">Com 30 anos de carreira, Durval L\u00e9lys conquistou f\u00e3s em todo Brasil com a banda Asa de \u00c1guia<\/figcaption><\/figure>\n<p>Ap\u00f3s anos de hist\u00f3ria dentro da banda Asa de \u00c1guia, Durval \u00e9 reconhecido pelo seu carisma, alegria e originalidade. O artista recebeu diversos pr\u00eamios importantes nos seus trinta anos de carreira e conquistou milhares de f\u00e3s por todos os cantos do pa\u00eds quando esteve \u00e0 frente da banda Asa de \u00c1guia.<\/p>\n<p>Refer\u00eancia no cen\u00e1rio musical por mesclar diferentes ritmos com ax\u00e9, Durval tamb\u00e9m conquistou o p\u00fablico com suas coreografias inusitadas e figurino impec\u00e1vel, tornando-se cantor refer\u00eancia quando o assunto era criatividade. Por falar em criatividade, o artista foi um dos principais criadores do Abad\u00e1, trazendo mais conforto para o foli\u00e3o.<\/p>\n<p><strong>Ingressos<\/strong><\/p>\n<p>Os ingressos est\u00e3o \u00e0 venda na Bilheteria Digital (Shopping da Ilha \/ WH Rio Poty Hotel), tamb\u00e9m na Lacoste (Avenida dos Holandeses). Online no www.bilheteriadigital.com.br. O Espa\u00e7o Praia custa R$ 60 e Deck com acesso ao frontstage R$ 90.<\/p>\n<p><strong>SERVI\u00c7OS<\/strong><\/p>\n<p>O QU\u00ca? Festa Summer On<\/p>\n<p>QUANDO? 17 de janeiro, s\u00e1bado, a partir das 22h.<\/p>\n<p>ONDE? Aguarde!<\/p>\n<p>ATRA\u00c7\u00d5ES? Durval L\u00e9lys, Forr\u00f3 Top, DJ Rog\u00e9rio Mix e Claudinho Polary.<\/p>\n<p>INFORMA\u00c7\u00d5ES: (98) 3016-6663 \/ WhatSapp (98) 9 8320-0001.<\/p>\n<p>Obs: Festa ser\u00e1 com open de Itaipava.<\/p>\n<p>REALIZA\u00c7\u00c3O: 4 M\u00e3os Entretenimento<\/p>\n","protected":false},"excerpt":{"rendered":"<p>Cantar, tocar e divertir o p\u00fablico, esses s\u00e3o os objetivos do cantor Durval L\u00e9lys ao subir em um trio el\u00e9trico [&hellip;]<\/p>\n","protected":false},"author":0,"featured_media":0,"comment_status":"open","ping_status":"open","sticky":false,"template":"","format":"standard","meta":{"site-sidebar-layout":"default","site-content-layout":"","ast-site-content-layout":"default","site-content-style":"default","site-sidebar-style":"default","ast-global-header-display":"","ast-banner-title-visibility":"","ast-main-header-display":"","ast-hfb-above-header-display":"","ast-hfb-below-header-display":"","ast-hfb-mobile-header-display":"","site-post-title":"","ast-breadcrumbs-content":"","ast-featured-img":"","footer-sml-layout":"","ast-disable-related-posts":"","theme-transparent-header-meta":"","adv-header-id-meta":"","stick-header-meta":"","header-above-stick-meta":"","header-main-stick-meta":"","header-below-stick-meta":"","astra-migrate-meta-layouts":"default","ast-page-background-enabled":"default","ast-page-background-meta":{"desktop":{"background-color":"var(--ast-global-color-5)","background-image":"","background-repeat":"repeat","background-position":"center center","background-size":"auto","background-attachment":"scroll","background-type":"","background-media":"","overlay-type":"","overlay-color":"","overlay-opacity":"","overlay-gradient":""},"tablet":{"background-color":"","background-image":"","background-repeat":"repeat","background-position":"center center","background-size":"auto","background-attachment":"scroll","background-type":"","background-media":"","overlay-type":"","overlay-color":"","overlay-opacity":"","overlay-gradient":""},"mobile":{"background-color":"","background-image":"","background-repeat":"repeat","background-position":"center center","background-size":"auto","background-attachment":"scroll","background-type":"","background-media":"","overlay-type":"","overlay-color":"","overlay-opacity":"","overlay-gradient":""}},"ast-content-background-meta":{"desktop":{"background-color":"var(--ast-global-color-4)","background-image":"","background-repeat":"repeat","background-position":"center center","background-size":"auto","background-attachment":"scroll","background-type":"","background-media":"","overlay-type":"","overlay-color":"","overlay-opacity":"","overlay-gradient":""},"tablet":{"background-color":"var(--ast-global-color-4)","background-image":"","background-repeat":"repeat","background-position":"center center","background-size":"auto","background-attachment":"scroll","background-type":"","background-media":"","overlay-type":"","overlay-color":"","overlay-opacity":"","overlay-gradient":""},"mobile":{"background-color":"var(--ast-global-color-4)","background-image":"","background-repeat":"repeat","background-position":"center center","background-size":"auto","background-attachment":"scroll","background-type":"","background-media":"","overlay-type":"","overlay-color":"","overlay-opacity":"","overlay-gradient":""}},"footnotes":""},"categories":[1],"tags":[],"class_list":["post-21467","post","type-post","status-publish","format-standard","hentry","category-sem-categoria"],"yoast_head":"<!-- This site is optimized with the Yoast SEO plugin v26.6 - https:\/\/yoast.com\/wordpress\/plugins\/seo\/ -->\n<title>Durval L\u00e9lys faz show em S\u00e3o Lu\u00eds no dia 17 de janeiro - Daniel Matos<\/title>\n<meta name=\"robots\" content=\"index, follow, max-snippet:-1, max-image-preview:large, max-video-preview:-1\" \/>\n<link rel=\"canonical\" href=\"https:\/\/www.blogsoestado.com\/danielmatos\/durval-lelys-faz-show-em-sao-luis-no-dia-17-de-janeiro\/\" \/>\n<meta property=\"og:locale\" content=\"pt_BR\" \/>\n<meta property=\"og:type\" content=\"article\" \/>\n<meta property=\"og:title\" content=\"Durval L\u00e9lys faz show em S\u00e3o Lu\u00eds no dia 17 de janeiro - Daniel Matos\" \/>\n<meta property=\"og:description\" content=\"Cantar, tocar e divertir o p\u00fablico, esses s\u00e3o os objetivos do cantor Durval L\u00e9lys ao subir em um trio el\u00e9trico [&hellip;]\" \/>\n<meta property=\"og:url\" content=\"https:\/\/www.blogsoestado.com\/danielmatos\/durval-lelys-faz-show-em-sao-luis-no-dia-17-de-janeiro\/\" \/>\n<meta property=\"og:site_name\" content=\"Daniel Matos\" \/>\n<meta property=\"article:published_time\" content=\"2015-01-07T20:00:25+00:00\" \/>\n<meta property=\"og:image\" content=\"https:\/\/www.blogsoestado.com\/danielmatos\/files\/2015\/01\/durval-lelys.jpg\" \/>\n<meta name=\"twitter:card\" content=\"summary_large_image\" \/>\n<meta name=\"twitter:label1\" content=\"Est. tempo de leitura\" \/>\n\t<meta name=\"twitter:data1\" content=\"3 minutos\" \/>\n<script type=\"application\/ld+json\" class=\"yoast-schema-graph\">{\"@context\":\"https:\/\/schema.org\",\"@graph\":[{\"@type\":\"WebPage\",\"@id\":\"https:\/\/www.blogsoestado.com\/danielmatos\/durval-lelys-faz-show-em-sao-luis-no-dia-17-de-janeiro\/\",\"url\":\"https:\/\/www.blogsoestado.com\/danielmatos\/durval-lelys-faz-show-em-sao-luis-no-dia-17-de-janeiro\/\",\"name\":\"Durval L\u00e9lys faz show em S\u00e3o Lu\u00eds no dia 17 de janeiro - Daniel Matos\",\"isPartOf\":{\"@id\":\"https:\/\/www.blogsoestado.com\/danielmatos\/#website\"},\"primaryImageOfPage\":{\"@id\":\"https:\/\/www.blogsoestado.com\/danielmatos\/durval-lelys-faz-show-em-sao-luis-no-dia-17-de-janeiro\/#primaryimage\"},\"image\":{\"@id\":\"https:\/\/www.blogsoestado.com\/danielmatos\/durval-lelys-faz-show-em-sao-luis-no-dia-17-de-janeiro\/#primaryimage\"},\"thumbnailUrl\":\"https:\/\/www.blogsoestado.com\/danielmatos\/files\/2015\/01\/durval-lelys.jpg\",\"datePublished\":\"2015-01-07T20:00:25+00:00\",\"author\":{\"@id\":\"\"},\"breadcrumb\":{\"@id\":\"https:\/\/www.blogsoestado.com\/danielmatos\/durval-lelys-faz-show-em-sao-luis-no-dia-17-de-janeiro\/#breadcrumb\"},\"inLanguage\":\"pt-BR\",\"potentialAction\":[{\"@type\":\"ReadAction\",\"target\":[\"https:\/\/www.blogsoestado.com\/danielmatos\/durval-lelys-faz-show-em-sao-luis-no-dia-17-de-janeiro\/\"]}]},{\"@type\":\"ImageObject\",\"inLanguage\":\"pt-BR\",\"@id\":\"https:\/\/www.blogsoestado.com\/danielmatos\/durval-lelys-faz-show-em-sao-luis-no-dia-17-de-janeiro\/#primaryimage\",\"url\":\"https:\/\/www.blogsoestado.com\/danielmatos\/files\/2015\/01\/durval-lelys.jpg\",\"contentUrl\":\"https:\/\/www.blogsoestado.com\/danielmatos\/files\/2015\/01\/durval-lelys.jpg\"},{\"@type\":\"BreadcrumbList\",\"@id\":\"https:\/\/www.blogsoestado.com\/danielmatos\/durval-lelys-faz-show-em-sao-luis-no-dia-17-de-janeiro\/#breadcrumb\",\"itemListElement\":[{\"@type\":\"ListItem\",\"position\":1,\"name\":\"In\u00edcio\",\"item\":\"https:\/\/www.blogsoestado.com\/danielmatos\/\"},{\"@type\":\"ListItem\",\"position\":2,\"name\":\"Durval L\u00e9lys faz show em S\u00e3o Lu\u00eds no dia 17 de janeiro\"}]},{\"@type\":\"WebSite\",\"@id\":\"https:\/\/www.blogsoestado.com\/danielmatos\/#website\",\"url\":\"https:\/\/www.blogsoestado.com\/danielmatos\/\",\"name\":\"Daniel Matos\",\"description\":\"\",\"potentialAction\":[{\"@type\":\"SearchAction\",\"target\":{\"@type\":\"EntryPoint\",\"urlTemplate\":\"https:\/\/www.blogsoestado.com\/danielmatos\/?s={search_term_string}\"},\"query-input\":{\"@type\":\"PropertyValueSpecification\",\"valueRequired\":true,\"valueName\":\"search_term_string\"}}],\"inLanguage\":\"pt-BR\"}]}<\/script>\n<!-- \/ Yoast SEO plugin. -->","yoast_head_json":{"title":"Durval L\u00e9lys faz show em S\u00e3o Lu\u00eds no dia 17 de janeiro - Daniel Matos","robots":{"index":"index","follow":"follow","max-snippet":"max-snippet:-1","max-image-preview":"max-image-preview:large","max-video-preview":"max-video-preview:-1"},"canonical":"https:\/\/www.blogsoestado.com\/danielmatos\/durval-lelys-faz-show-em-sao-luis-no-dia-17-de-janeiro\/","og_locale":"pt_BR","og_type":"article","og_title":"Durval L\u00e9lys faz show em S\u00e3o Lu\u00eds no dia 17 de janeiro - Daniel Matos","og_description":"Cantar, tocar e divertir o p\u00fablico, esses s\u00e3o os objetivos do cantor Durval L\u00e9lys ao subir em um trio el\u00e9trico [&hellip;]","og_url":"https:\/\/www.blogsoestado.com\/danielmatos\/durval-lelys-faz-show-em-sao-luis-no-dia-17-de-janeiro\/","og_site_name":"Daniel Matos","article_published_time":"2015-01-07T20:00:25+00:00","og_image":[{"url":"https:\/\/www.blogsoestado.com\/danielmatos\/files\/2015\/01\/durval-lelys.jpg","type":"","width":"","height":""}],"twitter_card":"summary_large_image","twitter_misc":{"Est. tempo de leitura":"3 minutos"},"schema":{"@context":"https:\/\/schema.org","@graph":[{"@type":"WebPage","@id":"https:\/\/www.blogsoestado.com\/danielmatos\/durval-lelys-faz-show-em-sao-luis-no-dia-17-de-janeiro\/","url":"https:\/\/www.blogsoestado.com\/danielmatos\/durval-lelys-faz-show-em-sao-luis-no-dia-17-de-janeiro\/","name":"Durval L\u00e9lys faz show em S\u00e3o Lu\u00eds no dia 17 de janeiro - Daniel Matos","isPartOf":{"@id":"https:\/\/www.blogsoestado.com\/danielmatos\/#website"},"primaryImageOfPage":{"@id":"https:\/\/www.blogsoestado.com\/danielmatos\/durval-lelys-faz-show-em-sao-luis-no-dia-17-de-janeiro\/#primaryimage"},"image":{"@id":"https:\/\/www.blogsoestado.com\/danielmatos\/durval-lelys-faz-show-em-sao-luis-no-dia-17-de-janeiro\/#primaryimage"},"thumbnailUrl":"https:\/\/www.blogsoestado.com\/danielmatos\/files\/2015\/01\/durval-lelys.jpg","datePublished":"2015-01-07T20:00:25+00:00","author":{"@id":""},"breadcrumb":{"@id":"https:\/\/www.blogsoestado.com\/danielmatos\/durval-lelys-faz-show-em-sao-luis-no-dia-17-de-janeiro\/#breadcrumb"},"inLanguage":"pt-BR","potentialAction":[{"@type":"ReadAction","target":["https:\/\/www.blogsoestado.com\/danielmatos\/durval-lelys-faz-show-em-sao-luis-no-dia-17-de-janeiro\/"]}]},{"@type":"ImageObject","inLanguage":"pt-BR","@id":"https:\/\/www.blogsoestado.com\/danielmatos\/durval-lelys-faz-show-em-sao-luis-no-dia-17-de-janeiro\/#primaryimage","url":"https:\/\/www.blogsoestado.com\/danielmatos\/files\/2015\/01\/durval-lelys.jpg","contentUrl":"https:\/\/www.blogsoestado.com\/danielmatos\/files\/2015\/01\/durval-lelys.jpg"},{"@type":"BreadcrumbList","@id":"https:\/\/www.blogsoestado.com\/danielmatos\/durval-lelys-faz-show-em-sao-luis-no-dia-17-de-janeiro\/#breadcrumb","itemListElement":[{"@type":"ListItem","position":1,"name":"In\u00edcio","item":"https:\/\/www.blogsoestado.com\/danielmatos\/"},{"@type":"ListItem","position":2,"name":"Durval L\u00e9lys faz show em S\u00e3o Lu\u00eds no dia 17 de janeiro"}]},{"@type":"WebSite","@id":"https:\/\/www.blogsoestado.com\/danielmatos\/#website","url":"https:\/\/www.blogsoestado.com\/danielmatos\/","name":"Daniel Matos","description":"","potentialAction":[{"@type":"SearchAction","target":{"@type":"EntryPoint","urlTemplate":"https:\/\/www.blogsoestado.com\/danielmatos\/?s={search_term_string}"},"query-input":{"@type":"PropertyValueSpecification","valueRequired":true,"valueName":"search_term_string"}}],"inLanguage":"pt-BR"}]}},"jetpack_featured_media_url":"","_links":{"self":[{"href":"https:\/\/www.blogsoestado.com\/danielmatos\/wp-json\/wp\/v2\/posts\/21467","targetHints":{"allow":["GET"]}}],"collection":[{"href":"https:\/\/www.blogsoestado.com\/danielmatos\/wp-json\/wp\/v2\/posts"}],"about":[{"href":"https:\/\/www.blogsoestado.com\/danielmatos\/wp-json\/wp\/v2\/types\/post"}],"replies":[{"embeddable":true,"href":"https:\/\/www.blogsoestado.com\/danielmatos\/wp-json\/wp\/v2\/comments?post=21467"}],"version-history":[{"count":0,"href":"https:\/\/www.blogsoestado.com\/danielmatos\/wp-json\/wp\/v2\/posts\/21467\/revisions"}],"wp:attachment":[{"href":"https:\/\/www.blogsoestado.com\/danielmatos\/wp-json\/wp\/v2\/media?parent=21467"}],"wp:term":[{"taxonomy":"category","embeddable":true,"href":"https:\/\/www.blogsoestado.com\/danielmatos\/wp-json\/wp\/v2\/categories?post=21467"},{"taxonomy":"post_tag","embeddable":true,"href":"https:\/\/www.blogsoestado.com\/danielmatos\/wp-json\/wp\/v2\/tags?post=21467"}],"curies":[{"name":"wp","href":"https:\/\/api.w.org\/{rel}","templated":true}]}}