{"id":21472,"date":"2015-01-07T17:20:29","date_gmt":"2015-01-07T20:20:29","guid":{"rendered":"https:\/\/www.blogsoestado.com\/danielmatos\/?p=21472"},"modified":"2015-01-07T17:20:29","modified_gmt":"2015-01-07T20:20:29","slug":"arnaldo-melo-desmente-flavio-dino-e-porta-vozes-do-atual-governo-sobre-pagamentos","status":"publish","type":"post","link":"https:\/\/www.blogsoestado.com\/danielmatos\/arnaldo-melo-desmente-flavio-dino-e-porta-vozes-do-atual-governo-sobre-pagamentos\/","title":{"rendered":"Arnaldo Melo desmente Fl\u00e1vio Dino e porta-vozes do atual governo sobre pagamentos"},"content":{"rendered":"<figure id=\"attachment_21473\" aria-describedby=\"caption-attachment-21473\" style=\"width: 250px\" class=\"wp-caption alignleft\"><a href=\"https:\/\/www.blogsoestado.com\/danielmatos\/files\/2015\/01\/arnaldo-melo.jpg\"><img fetchpriority=\"high\" decoding=\"async\" class=\"size-full wp-image-21473\" src=\"https:\/\/www.blogsoestado.com\/danielmatos\/files\/2015\/01\/arnaldo-melo.jpg\" alt=\"Ex-governador Arnaldo Melo alega que fez pagamentos dentro da legalidade\" width=\"250\" height=\"262\" \/><\/a><figcaption id=\"caption-attachment-21473\" class=\"wp-caption-text\">Ex-governador Arnaldo Melo alega que fez pagamentos dentro da legalidade<\/figcaption><\/figure>\n<p>Em virtude de not\u00edcias divulgadas na imprensa nesta quarta-feira (7), informando que teriam sido autorizados pagamentos proibidos em decreto baixado pela ex-governadora Roseana Sarney, o presidente da Assembleia Legislativa e ex-governador do Estado do Maranh\u00e3o, deputado Arnaldo Melo (PMDB), a bem da verdade e em respeito \u00e0 opini\u00e3o p\u00fablica, esclarece:<\/p>\n<p>1 &#8211; Destaca a Constitui\u00e7\u00e3o Estadual, em seu art.60, que, na hip\u00f3tese de impedimento do governador e do vice-governador ou de vac\u00e2ncia dos respectivos cargos, como se deu no caso concreto, foi chamado ao exerc\u00edcio do Poder Executivo o presidente da Assembleia Legislativa.<\/p>\n<p>Assim, a assun\u00e7\u00e3o se deu por for\u00e7a de comando constitucional.<\/p>\n<p>2 &#8211; No tocante \u00e0s alega\u00e7\u00f5es de que o governador tenha atropelado o Decreto n\u00ba 30.513, de 27 de novembro de 2014, expedido pela ex-governadora, informo que a regra contida no art. 6\u00ba estabelece a data de 29 de dezembro para a emiss\u00e3o da Ordem Banc\u00e1ria.<br \/>\nEntretanto, os pagamentos efetuados, ainda que fora do prazo ali determinado, est\u00e3o acobertados pela exce\u00e7\u00e3o contida no art. 7\u00ba, do mesmo diploma legal, que se transcreve:<\/p>\n<p>\u201cArt. 7\u00ba &#8211; Excluem-se do prazo estabelecido no caput dos arts. 2\u00ba, 3\u00ba, 5\u00ba e 6\u00ba deste decreto, as seguintes despesas:<br \/>\nVII &#8211; realizadas com recursos provenientes do Sistema \u00danico de Sa\u00fade &#8211; SUS, Sal\u00e1rio Educa\u00e7\u00e3o e Contribui\u00e7\u00e3o de Interven\u00e7\u00e3o no Dom\u00ednio Econ\u00f4mico &#8211; CIDE;<\/p>\n<p>XI &#8211; decorrentes de transfer\u00eancias volunt\u00e1rias;<\/p>\n<p>XII \u2013 outras indispens\u00e1veis ao funcionamento da administra\u00e7\u00e3o p\u00fablica estadual, mediante autoriza\u00e7\u00e3o expressa do secret\u00e1rio de Estado de Planejamento e Or\u00e7amento.<\/p>\n<p>3 &#8211; Diante de tais considera\u00e7\u00f5es, as not\u00edcias que v\u00eam sendo veiculadas pelos meios de comunica\u00e7\u00e3o visam, t\u00e3o somente, informar de maneira equivocada a sociedade maranhense, desrespeitando-a.<\/p>\n","protected":false},"excerpt":{"rendered":"<p>Em virtude de not\u00edcias divulgadas na imprensa nesta quarta-feira (7), informando que teriam sido autorizados pagamentos proibidos em decreto baixado [&hellip;]<\/p>\n","protected":false},"author":0,"featured_media":0,"comment_status":"open","ping_status":"open","sticky":false,"template":"","format":"standard","meta":{"site-sidebar-layout":"default","site-content-layout":"","ast-site-content-layout":"default","site-content-style":"default","site-sidebar-style":"default","ast-global-header-display":"","ast-banner-title-visibility":"","ast-main-header-display":"","ast-hfb-above-header-display":"","ast-hfb-below-header-display":"","ast-hfb-mobile-header-display":"","site-post-title":"","ast-breadcrumbs-content":"","ast-featured-img":"","footer-sml-layout":"","ast-disable-related-posts":"","theme-transparent-header-meta":"","adv-header-id-meta":"","stick-header-meta":"","header-above-stick-meta":"","header-main-stick-meta":"","header-below-stick-meta":"","astra-migrate-meta-layouts":"default","ast-page-background-enabled":"default","ast-page-background-meta":{"desktop":{"background-color":"var(--ast-global-color-5)","background-image":"","background-repeat":"repeat","background-position":"center center","background-size":"auto","background-attachment":"scroll","background-type":"","background-media":"","overlay-type":"","overlay-color":"","overlay-opacity":"","overlay-gradient":""},"tablet":{"background-color":"","background-image":"","background-repeat":"repeat","background-position":"center center","background-size":"auto","background-attachment":"scroll","background-type":"","background-media":"","overlay-type":"","overlay-color":"","overlay-opacity":"","overlay-gradient":""},"mobile":{"background-color":"","background-image":"","background-repeat":"repeat","background-position":"center center","background-size":"auto","background-attachment":"scroll","background-type":"","background-media":"","overlay-type":"","overlay-color":"","overlay-opacity":"","overlay-gradient":""}},"ast-content-background-meta":{"desktop":{"background-color":"var(--ast-global-color-4)","background-image":"","background-repeat":"repeat","background-position":"center center","background-size":"auto","background-attachment":"scroll","background-type":"","background-media":"","overlay-type":"","overlay-color":"","overlay-opacity":"","overlay-gradient":""},"tablet":{"background-color":"var(--ast-global-color-4)","background-image":"","background-repeat":"repeat","background-position":"center center","background-size":"auto","background-attachment":"scroll","background-type":"","background-media":"","overlay-type":"","overlay-color":"","overlay-opacity":"","overlay-gradient":""},"mobile":{"background-color":"var(--ast-global-color-4)","background-image":"","background-repeat":"repeat","background-position":"center center","background-size":"auto","background-attachment":"scroll","background-type":"","background-media":"","overlay-type":"","overlay-color":"","overlay-opacity":"","overlay-gradient":""}},"footnotes":""},"categories":[1],"tags":[],"class_list":["post-21472","post","type-post","status-publish","format-standard","hentry","category-sem-categoria"],"yoast_head":"<!-- This site is optimized with the Yoast SEO plugin v26.6 - https:\/\/yoast.com\/wordpress\/plugins\/seo\/ -->\n<title>Arnaldo Melo desmente Fl\u00e1vio Dino e porta-vozes do atual governo sobre pagamentos - Daniel Matos<\/title>\n<meta name=\"robots\" content=\"index, follow, max-snippet:-1, max-image-preview:large, max-video-preview:-1\" \/>\n<link rel=\"canonical\" href=\"https:\/\/www.blogsoestado.com\/danielmatos\/arnaldo-melo-desmente-flavio-dino-e-porta-vozes-do-atual-governo-sobre-pagamentos\/\" \/>\n<meta property=\"og:locale\" content=\"pt_BR\" \/>\n<meta property=\"og:type\" content=\"article\" \/>\n<meta property=\"og:title\" content=\"Arnaldo Melo desmente Fl\u00e1vio Dino e porta-vozes do atual governo sobre pagamentos - Daniel Matos\" \/>\n<meta property=\"og:description\" content=\"Em virtude de not\u00edcias divulgadas na imprensa nesta quarta-feira (7), informando que teriam sido autorizados pagamentos proibidos em decreto baixado [&hellip;]\" \/>\n<meta property=\"og:url\" content=\"https:\/\/www.blogsoestado.com\/danielmatos\/arnaldo-melo-desmente-flavio-dino-e-porta-vozes-do-atual-governo-sobre-pagamentos\/\" \/>\n<meta property=\"og:site_name\" content=\"Daniel Matos\" \/>\n<meta property=\"article:published_time\" content=\"2015-01-07T20:20:29+00:00\" \/>\n<meta property=\"og:image\" content=\"https:\/\/www.blogsoestado.com\/danielmatos\/files\/2015\/01\/arnaldo-melo.jpg\" \/>\n<meta name=\"twitter:card\" content=\"summary_large_image\" \/>\n<meta name=\"twitter:label1\" content=\"Est. tempo de leitura\" \/>\n\t<meta name=\"twitter:data1\" content=\"2 minutos\" \/>\n<script type=\"application\/ld+json\" class=\"yoast-schema-graph\">{\"@context\":\"https:\/\/schema.org\",\"@graph\":[{\"@type\":\"WebPage\",\"@id\":\"https:\/\/www.blogsoestado.com\/danielmatos\/arnaldo-melo-desmente-flavio-dino-e-porta-vozes-do-atual-governo-sobre-pagamentos\/\",\"url\":\"https:\/\/www.blogsoestado.com\/danielmatos\/arnaldo-melo-desmente-flavio-dino-e-porta-vozes-do-atual-governo-sobre-pagamentos\/\",\"name\":\"Arnaldo Melo desmente Fl\u00e1vio Dino e porta-vozes do atual governo sobre pagamentos - Daniel Matos\",\"isPartOf\":{\"@id\":\"https:\/\/www.blogsoestado.com\/danielmatos\/#website\"},\"primaryImageOfPage\":{\"@id\":\"https:\/\/www.blogsoestado.com\/danielmatos\/arnaldo-melo-desmente-flavio-dino-e-porta-vozes-do-atual-governo-sobre-pagamentos\/#primaryimage\"},\"image\":{\"@id\":\"https:\/\/www.blogsoestado.com\/danielmatos\/arnaldo-melo-desmente-flavio-dino-e-porta-vozes-do-atual-governo-sobre-pagamentos\/#primaryimage\"},\"thumbnailUrl\":\"https:\/\/www.blogsoestado.com\/danielmatos\/files\/2015\/01\/arnaldo-melo.jpg\",\"datePublished\":\"2015-01-07T20:20:29+00:00\",\"author\":{\"@id\":\"\"},\"breadcrumb\":{\"@id\":\"https:\/\/www.blogsoestado.com\/danielmatos\/arnaldo-melo-desmente-flavio-dino-e-porta-vozes-do-atual-governo-sobre-pagamentos\/#breadcrumb\"},\"inLanguage\":\"pt-BR\",\"potentialAction\":[{\"@type\":\"ReadAction\",\"target\":[\"https:\/\/www.blogsoestado.com\/danielmatos\/arnaldo-melo-desmente-flavio-dino-e-porta-vozes-do-atual-governo-sobre-pagamentos\/\"]}]},{\"@type\":\"ImageObject\",\"inLanguage\":\"pt-BR\",\"@id\":\"https:\/\/www.blogsoestado.com\/danielmatos\/arnaldo-melo-desmente-flavio-dino-e-porta-vozes-do-atual-governo-sobre-pagamentos\/#primaryimage\",\"url\":\"https:\/\/www.blogsoestado.com\/danielmatos\/files\/2015\/01\/arnaldo-melo.jpg\",\"contentUrl\":\"https:\/\/www.blogsoestado.com\/danielmatos\/files\/2015\/01\/arnaldo-melo.jpg\"},{\"@type\":\"BreadcrumbList\",\"@id\":\"https:\/\/www.blogsoestado.com\/danielmatos\/arnaldo-melo-desmente-flavio-dino-e-porta-vozes-do-atual-governo-sobre-pagamentos\/#breadcrumb\",\"itemListElement\":[{\"@type\":\"ListItem\",\"position\":1,\"name\":\"In\u00edcio\",\"item\":\"https:\/\/www.blogsoestado.com\/danielmatos\/\"},{\"@type\":\"ListItem\",\"position\":2,\"name\":\"Arnaldo Melo desmente Fl\u00e1vio Dino e porta-vozes do atual governo sobre pagamentos\"}]},{\"@type\":\"WebSite\",\"@id\":\"https:\/\/www.blogsoestado.com\/danielmatos\/#website\",\"url\":\"https:\/\/www.blogsoestado.com\/danielmatos\/\",\"name\":\"Daniel Matos\",\"description\":\"\",\"potentialAction\":[{\"@type\":\"SearchAction\",\"target\":{\"@type\":\"EntryPoint\",\"urlTemplate\":\"https:\/\/www.blogsoestado.com\/danielmatos\/?s={search_term_string}\"},\"query-input\":{\"@type\":\"PropertyValueSpecification\",\"valueRequired\":true,\"valueName\":\"search_term_string\"}}],\"inLanguage\":\"pt-BR\"}]}<\/script>\n<!-- \/ Yoast SEO plugin. -->","yoast_head_json":{"title":"Arnaldo Melo desmente Fl\u00e1vio Dino e porta-vozes do atual governo sobre pagamentos - Daniel Matos","robots":{"index":"index","follow":"follow","max-snippet":"max-snippet:-1","max-image-preview":"max-image-preview:large","max-video-preview":"max-video-preview:-1"},"canonical":"https:\/\/www.blogsoestado.com\/danielmatos\/arnaldo-melo-desmente-flavio-dino-e-porta-vozes-do-atual-governo-sobre-pagamentos\/","og_locale":"pt_BR","og_type":"article","og_title":"Arnaldo Melo desmente Fl\u00e1vio Dino e porta-vozes do atual governo sobre pagamentos - Daniel Matos","og_description":"Em virtude de not\u00edcias divulgadas na imprensa nesta quarta-feira (7), informando que teriam sido autorizados pagamentos proibidos em decreto baixado [&hellip;]","og_url":"https:\/\/www.blogsoestado.com\/danielmatos\/arnaldo-melo-desmente-flavio-dino-e-porta-vozes-do-atual-governo-sobre-pagamentos\/","og_site_name":"Daniel Matos","article_published_time":"2015-01-07T20:20:29+00:00","og_image":[{"url":"https:\/\/www.blogsoestado.com\/danielmatos\/files\/2015\/01\/arnaldo-melo.jpg","type":"","width":"","height":""}],"twitter_card":"summary_large_image","twitter_misc":{"Est. tempo de leitura":"2 minutos"},"schema":{"@context":"https:\/\/schema.org","@graph":[{"@type":"WebPage","@id":"https:\/\/www.blogsoestado.com\/danielmatos\/arnaldo-melo-desmente-flavio-dino-e-porta-vozes-do-atual-governo-sobre-pagamentos\/","url":"https:\/\/www.blogsoestado.com\/danielmatos\/arnaldo-melo-desmente-flavio-dino-e-porta-vozes-do-atual-governo-sobre-pagamentos\/","name":"Arnaldo Melo desmente Fl\u00e1vio Dino e porta-vozes do atual governo sobre pagamentos - Daniel Matos","isPartOf":{"@id":"https:\/\/www.blogsoestado.com\/danielmatos\/#website"},"primaryImageOfPage":{"@id":"https:\/\/www.blogsoestado.com\/danielmatos\/arnaldo-melo-desmente-flavio-dino-e-porta-vozes-do-atual-governo-sobre-pagamentos\/#primaryimage"},"image":{"@id":"https:\/\/www.blogsoestado.com\/danielmatos\/arnaldo-melo-desmente-flavio-dino-e-porta-vozes-do-atual-governo-sobre-pagamentos\/#primaryimage"},"thumbnailUrl":"https:\/\/www.blogsoestado.com\/danielmatos\/files\/2015\/01\/arnaldo-melo.jpg","datePublished":"2015-01-07T20:20:29+00:00","author":{"@id":""},"breadcrumb":{"@id":"https:\/\/www.blogsoestado.com\/danielmatos\/arnaldo-melo-desmente-flavio-dino-e-porta-vozes-do-atual-governo-sobre-pagamentos\/#breadcrumb"},"inLanguage":"pt-BR","potentialAction":[{"@type":"ReadAction","target":["https:\/\/www.blogsoestado.com\/danielmatos\/arnaldo-melo-desmente-flavio-dino-e-porta-vozes-do-atual-governo-sobre-pagamentos\/"]}]},{"@type":"ImageObject","inLanguage":"pt-BR","@id":"https:\/\/www.blogsoestado.com\/danielmatos\/arnaldo-melo-desmente-flavio-dino-e-porta-vozes-do-atual-governo-sobre-pagamentos\/#primaryimage","url":"https:\/\/www.blogsoestado.com\/danielmatos\/files\/2015\/01\/arnaldo-melo.jpg","contentUrl":"https:\/\/www.blogsoestado.com\/danielmatos\/files\/2015\/01\/arnaldo-melo.jpg"},{"@type":"BreadcrumbList","@id":"https:\/\/www.blogsoestado.com\/danielmatos\/arnaldo-melo-desmente-flavio-dino-e-porta-vozes-do-atual-governo-sobre-pagamentos\/#breadcrumb","itemListElement":[{"@type":"ListItem","position":1,"name":"In\u00edcio","item":"https:\/\/www.blogsoestado.com\/danielmatos\/"},{"@type":"ListItem","position":2,"name":"Arnaldo Melo desmente Fl\u00e1vio Dino e porta-vozes do atual governo sobre pagamentos"}]},{"@type":"WebSite","@id":"https:\/\/www.blogsoestado.com\/danielmatos\/#website","url":"https:\/\/www.blogsoestado.com\/danielmatos\/","name":"Daniel Matos","description":"","potentialAction":[{"@type":"SearchAction","target":{"@type":"EntryPoint","urlTemplate":"https:\/\/www.blogsoestado.com\/danielmatos\/?s={search_term_string}"},"query-input":{"@type":"PropertyValueSpecification","valueRequired":true,"valueName":"search_term_string"}}],"inLanguage":"pt-BR"}]}},"jetpack_featured_media_url":"","_links":{"self":[{"href":"https:\/\/www.blogsoestado.com\/danielmatos\/wp-json\/wp\/v2\/posts\/21472","targetHints":{"allow":["GET"]}}],"collection":[{"href":"https:\/\/www.blogsoestado.com\/danielmatos\/wp-json\/wp\/v2\/posts"}],"about":[{"href":"https:\/\/www.blogsoestado.com\/danielmatos\/wp-json\/wp\/v2\/types\/post"}],"replies":[{"embeddable":true,"href":"https:\/\/www.blogsoestado.com\/danielmatos\/wp-json\/wp\/v2\/comments?post=21472"}],"version-history":[{"count":0,"href":"https:\/\/www.blogsoestado.com\/danielmatos\/wp-json\/wp\/v2\/posts\/21472\/revisions"}],"wp:attachment":[{"href":"https:\/\/www.blogsoestado.com\/danielmatos\/wp-json\/wp\/v2\/media?parent=21472"}],"wp:term":[{"taxonomy":"category","embeddable":true,"href":"https:\/\/www.blogsoestado.com\/danielmatos\/wp-json\/wp\/v2\/categories?post=21472"},{"taxonomy":"post_tag","embeddable":true,"href":"https:\/\/www.blogsoestado.com\/danielmatos\/wp-json\/wp\/v2\/tags?post=21472"}],"curies":[{"name":"wp","href":"https:\/\/api.w.org\/{rel}","templated":true}]}}