{"id":21485,"date":"2015-01-08T09:33:06","date_gmt":"2015-01-08T12:33:06","guid":{"rendered":"https:\/\/www.blogsoestado.com\/danielmatos\/?p=21485"},"modified":"2015-01-08T09:33:06","modified_gmt":"2015-01-08T12:33:06","slug":"prefeitura-e-sindicato-dialogam-sobre-jornada-de-trabalho-de-professores","status":"publish","type":"post","link":"https:\/\/www.blogsoestado.com\/danielmatos\/prefeitura-e-sindicato-dialogam-sobre-jornada-de-trabalho-de-professores\/","title":{"rendered":"Prefeitura e sindicato dialogam sobre jornada de trabalho de professores"},"content":{"rendered":"<p>&nbsp;<\/p>\n<figure id=\"attachment_21496\" aria-describedby=\"caption-attachment-21496\" style=\"width: 640px\" class=\"wp-caption aligncenter\"><a href=\"https:\/\/www.blogsoestado.com\/danielmatos\/files\/2015\/01\/edivaldo-geraldo1.jpeg\"><img fetchpriority=\"high\" decoding=\"async\" class=\"size-full wp-image-21496\" src=\"https:\/\/www.blogsoestado.com\/danielmatos\/files\/2015\/01\/edivaldo-geraldo1.jpeg\" alt=\"Prefeito Edivaldo Holanda J\u00fanior e secret\u00e1rio Geraldo Castro Sobrinho visitam crian\u00e7as em escola municipal\" width=\"640\" height=\"442\" \/><\/a><figcaption id=\"caption-attachment-21496\" class=\"wp-caption-text\">Prefeito Edivaldo Holanda J\u00fanior e secret\u00e1rio Geraldo Castro Sobrinho visitam crian\u00e7as em escola municipal<\/figcaption><\/figure>\n<p>A Prefeitura de S\u00e3o Lu\u00eds e o Sindeduca\u00e7\u00e3o estiveram reunidos na manh\u00e3 desta quarta-feira (7) na sede da Secretaria Municipal de Educa\u00e7\u00e3o (Semed). A reuni\u00e3o foi conduzida pela nova secret\u00e1ria adjunta de Ensino, a professora Le\u00f4nia Queiroga, sob a orienta\u00e7\u00e3o do prefeito Edivaldo Holanda J\u00fanior e do secret\u00e1rio municipal de Educa\u00e7\u00e3o, Geraldo Castro Sobrinho, de manter a mesa de di\u00e1logo permanente com a representa\u00e7\u00e3o da categoria de professores.<\/p>\n<p>&#8220;A garantia dos direitos dos educadores que comp\u00f5em a rede municipal de ensino \u00e9 uma preocupa\u00e7\u00e3o fundamental do prefeito Edivaldo, tendo em vista tanto a import\u00e2ncia da garantia dos direitos dos educadores quanto o papel fundamental que eles exercem na forma\u00e7\u00e3o de nossas crian\u00e7as, adolescentes, jovens e adultos&#8221;, disse o secret\u00e1rio municipal de Educa\u00e7\u00e3o, Geraldo Castro Sobrinho.<\/p>\n<p>Prefeitura e sindicato trataram quest\u00f5es relacionadas ao ter\u00e7o de hora-atividade dos professores da rede municipal. O benef\u00edcio foi concedido em 2013, primeiro ano de gest\u00e3o do prefeito Edivaldo, como parte da pol\u00edtica de valoriza\u00e7\u00e3o do servidor. Por meio do ter\u00e7o de hora-atividade, os professores t\u00eam o direito de usar um ter\u00e7o da carga hor\u00e1ria para atividades extraclasse, como o planejamento pedag\u00f3gico das aulas ou um curso para complementar a forma\u00e7\u00e3o profissional.<\/p>\n<p>Al\u00e9m da secret\u00e1ria adjunta Le\u00f4nia Queiroga, representaram a Prefeitura de S\u00e3o Lu\u00eds as superintendentes das \u00e1reas de Educa\u00e7\u00e3o Infantil, Educa\u00e7\u00e3o Especial e Educa\u00e7\u00e3o de Jovens e Adultos, bem como integrantes da superintend\u00eancia da \u00e1rea de Ensino Fundamental e da Assessoria T\u00e9cnico-Pedag\u00f3gica da Semed. Pelo sindicato, a presidente Elisabeth Castelo Branco.<\/p>\n<p><strong>Fonte:<\/strong> Secretaria Municipal de Comunica\u00e7\u00e3o (Secom)<\/p>\n","protected":false},"excerpt":{"rendered":"<p>&nbsp; A Prefeitura de S\u00e3o Lu\u00eds e o Sindeduca\u00e7\u00e3o estiveram reunidos na manh\u00e3 desta quarta-feira (7) na sede da Secretaria [&hellip;]<\/p>\n","protected":false},"author":0,"featured_media":0,"comment_status":"open","ping_status":"open","sticky":false,"template":"","format":"standard","meta":{"site-sidebar-layout":"default","site-content-layout":"","ast-site-content-layout":"default","site-content-style":"default","site-sidebar-style":"default","ast-global-header-display":"","ast-banner-title-visibility":"","ast-main-header-display":"","ast-hfb-above-header-display":"","ast-hfb-below-header-display":"","ast-hfb-mobile-header-display":"","site-post-title":"","ast-breadcrumbs-content":"","ast-featured-img":"","footer-sml-layout":"","ast-disable-related-posts":"","theme-transparent-header-meta":"","adv-header-id-meta":"","stick-header-meta":"","header-above-stick-meta":"","header-main-stick-meta":"","header-below-stick-meta":"","astra-migrate-meta-layouts":"default","ast-page-background-enabled":"default","ast-page-background-meta":{"desktop":{"background-color":"var(--ast-global-color-5)","background-image":"","background-repeat":"repeat","background-position":"center center","background-size":"auto","background-attachment":"scroll","background-type":"","background-media":"","overlay-type":"","overlay-color":"","overlay-opacity":"","overlay-gradient":""},"tablet":{"background-color":"","background-image":"","background-repeat":"repeat","background-position":"center center","background-size":"auto","background-attachment":"scroll","background-type":"","background-media":"","overlay-type":"","overlay-color":"","overlay-opacity":"","overlay-gradient":""},"mobile":{"background-color":"","background-image":"","background-repeat":"repeat","background-position":"center center","background-size":"auto","background-attachment":"scroll","background-type":"","background-media":"","overlay-type":"","overlay-color":"","overlay-opacity":"","overlay-gradient":""}},"ast-content-background-meta":{"desktop":{"background-color":"var(--ast-global-color-4)","background-image":"","background-repeat":"repeat","background-position":"center center","background-size":"auto","background-attachment":"scroll","background-type":"","background-media":"","overlay-type":"","overlay-color":"","overlay-opacity":"","overlay-gradient":""},"tablet":{"background-color":"var(--ast-global-color-4)","background-image":"","background-repeat":"repeat","background-position":"center center","background-size":"auto","background-attachment":"scroll","background-type":"","background-media":"","overlay-type":"","overlay-color":"","overlay-opacity":"","overlay-gradient":""},"mobile":{"background-color":"var(--ast-global-color-4)","background-image":"","background-repeat":"repeat","background-position":"center center","background-size":"auto","background-attachment":"scroll","background-type":"","background-media":"","overlay-type":"","overlay-color":"","overlay-opacity":"","overlay-gradient":""}},"footnotes":""},"categories":[1],"tags":[],"class_list":["post-21485","post","type-post","status-publish","format-standard","hentry","category-sem-categoria"],"yoast_head":"<!-- This site is optimized with the Yoast SEO plugin v26.6 - https:\/\/yoast.com\/wordpress\/plugins\/seo\/ -->\n<title>Prefeitura e sindicato dialogam sobre jornada de trabalho de professores - Daniel Matos<\/title>\n<meta name=\"robots\" content=\"index, follow, max-snippet:-1, max-image-preview:large, max-video-preview:-1\" \/>\n<link rel=\"canonical\" href=\"https:\/\/www.blogsoestado.com\/danielmatos\/prefeitura-e-sindicato-dialogam-sobre-jornada-de-trabalho-de-professores\/\" \/>\n<meta property=\"og:locale\" content=\"pt_BR\" \/>\n<meta property=\"og:type\" content=\"article\" \/>\n<meta property=\"og:title\" content=\"Prefeitura e sindicato dialogam sobre jornada de trabalho de professores - Daniel Matos\" \/>\n<meta property=\"og:description\" content=\"&nbsp; A Prefeitura de S\u00e3o Lu\u00eds e o Sindeduca\u00e7\u00e3o estiveram reunidos na manh\u00e3 desta quarta-feira (7) na sede da Secretaria [&hellip;]\" \/>\n<meta property=\"og:url\" content=\"https:\/\/www.blogsoestado.com\/danielmatos\/prefeitura-e-sindicato-dialogam-sobre-jornada-de-trabalho-de-professores\/\" \/>\n<meta property=\"og:site_name\" content=\"Daniel Matos\" \/>\n<meta property=\"article:published_time\" content=\"2015-01-08T12:33:06+00:00\" \/>\n<meta property=\"og:image\" content=\"https:\/\/www.blogsoestado.com\/danielmatos\/files\/2015\/01\/edivaldo-geraldo1.jpeg\" \/>\n<meta name=\"twitter:card\" content=\"summary_large_image\" \/>\n<meta name=\"twitter:label1\" content=\"Est. tempo de leitura\" \/>\n\t<meta name=\"twitter:data1\" content=\"2 minutos\" \/>\n<script type=\"application\/ld+json\" class=\"yoast-schema-graph\">{\"@context\":\"https:\/\/schema.org\",\"@graph\":[{\"@type\":\"WebPage\",\"@id\":\"https:\/\/www.blogsoestado.com\/danielmatos\/prefeitura-e-sindicato-dialogam-sobre-jornada-de-trabalho-de-professores\/\",\"url\":\"https:\/\/www.blogsoestado.com\/danielmatos\/prefeitura-e-sindicato-dialogam-sobre-jornada-de-trabalho-de-professores\/\",\"name\":\"Prefeitura e sindicato dialogam sobre jornada de trabalho de professores - Daniel Matos\",\"isPartOf\":{\"@id\":\"https:\/\/www.blogsoestado.com\/danielmatos\/#website\"},\"primaryImageOfPage\":{\"@id\":\"https:\/\/www.blogsoestado.com\/danielmatos\/prefeitura-e-sindicato-dialogam-sobre-jornada-de-trabalho-de-professores\/#primaryimage\"},\"image\":{\"@id\":\"https:\/\/www.blogsoestado.com\/danielmatos\/prefeitura-e-sindicato-dialogam-sobre-jornada-de-trabalho-de-professores\/#primaryimage\"},\"thumbnailUrl\":\"https:\/\/www.blogsoestado.com\/danielmatos\/files\/2015\/01\/edivaldo-geraldo1.jpeg\",\"datePublished\":\"2015-01-08T12:33:06+00:00\",\"author\":{\"@id\":\"\"},\"breadcrumb\":{\"@id\":\"https:\/\/www.blogsoestado.com\/danielmatos\/prefeitura-e-sindicato-dialogam-sobre-jornada-de-trabalho-de-professores\/#breadcrumb\"},\"inLanguage\":\"pt-BR\",\"potentialAction\":[{\"@type\":\"ReadAction\",\"target\":[\"https:\/\/www.blogsoestado.com\/danielmatos\/prefeitura-e-sindicato-dialogam-sobre-jornada-de-trabalho-de-professores\/\"]}]},{\"@type\":\"ImageObject\",\"inLanguage\":\"pt-BR\",\"@id\":\"https:\/\/www.blogsoestado.com\/danielmatos\/prefeitura-e-sindicato-dialogam-sobre-jornada-de-trabalho-de-professores\/#primaryimage\",\"url\":\"https:\/\/www.blogsoestado.com\/danielmatos\/files\/2015\/01\/edivaldo-geraldo1.jpeg\",\"contentUrl\":\"https:\/\/www.blogsoestado.com\/danielmatos\/files\/2015\/01\/edivaldo-geraldo1.jpeg\"},{\"@type\":\"BreadcrumbList\",\"@id\":\"https:\/\/www.blogsoestado.com\/danielmatos\/prefeitura-e-sindicato-dialogam-sobre-jornada-de-trabalho-de-professores\/#breadcrumb\",\"itemListElement\":[{\"@type\":\"ListItem\",\"position\":1,\"name\":\"In\u00edcio\",\"item\":\"https:\/\/www.blogsoestado.com\/danielmatos\/\"},{\"@type\":\"ListItem\",\"position\":2,\"name\":\"Prefeitura e sindicato dialogam sobre jornada de trabalho de professores\"}]},{\"@type\":\"WebSite\",\"@id\":\"https:\/\/www.blogsoestado.com\/danielmatos\/#website\",\"url\":\"https:\/\/www.blogsoestado.com\/danielmatos\/\",\"name\":\"Daniel Matos\",\"description\":\"\",\"potentialAction\":[{\"@type\":\"SearchAction\",\"target\":{\"@type\":\"EntryPoint\",\"urlTemplate\":\"https:\/\/www.blogsoestado.com\/danielmatos\/?s={search_term_string}\"},\"query-input\":{\"@type\":\"PropertyValueSpecification\",\"valueRequired\":true,\"valueName\":\"search_term_string\"}}],\"inLanguage\":\"pt-BR\"}]}<\/script>\n<!-- \/ Yoast SEO plugin. -->","yoast_head_json":{"title":"Prefeitura e sindicato dialogam sobre jornada de trabalho de professores - Daniel Matos","robots":{"index":"index","follow":"follow","max-snippet":"max-snippet:-1","max-image-preview":"max-image-preview:large","max-video-preview":"max-video-preview:-1"},"canonical":"https:\/\/www.blogsoestado.com\/danielmatos\/prefeitura-e-sindicato-dialogam-sobre-jornada-de-trabalho-de-professores\/","og_locale":"pt_BR","og_type":"article","og_title":"Prefeitura e sindicato dialogam sobre jornada de trabalho de professores - Daniel Matos","og_description":"&nbsp; A Prefeitura de S\u00e3o Lu\u00eds e o Sindeduca\u00e7\u00e3o estiveram reunidos na manh\u00e3 desta quarta-feira (7) na sede da Secretaria [&hellip;]","og_url":"https:\/\/www.blogsoestado.com\/danielmatos\/prefeitura-e-sindicato-dialogam-sobre-jornada-de-trabalho-de-professores\/","og_site_name":"Daniel Matos","article_published_time":"2015-01-08T12:33:06+00:00","og_image":[{"url":"https:\/\/www.blogsoestado.com\/danielmatos\/files\/2015\/01\/edivaldo-geraldo1.jpeg","type":"","width":"","height":""}],"twitter_card":"summary_large_image","twitter_misc":{"Est. tempo de leitura":"2 minutos"},"schema":{"@context":"https:\/\/schema.org","@graph":[{"@type":"WebPage","@id":"https:\/\/www.blogsoestado.com\/danielmatos\/prefeitura-e-sindicato-dialogam-sobre-jornada-de-trabalho-de-professores\/","url":"https:\/\/www.blogsoestado.com\/danielmatos\/prefeitura-e-sindicato-dialogam-sobre-jornada-de-trabalho-de-professores\/","name":"Prefeitura e sindicato dialogam sobre jornada de trabalho de professores - Daniel Matos","isPartOf":{"@id":"https:\/\/www.blogsoestado.com\/danielmatos\/#website"},"primaryImageOfPage":{"@id":"https:\/\/www.blogsoestado.com\/danielmatos\/prefeitura-e-sindicato-dialogam-sobre-jornada-de-trabalho-de-professores\/#primaryimage"},"image":{"@id":"https:\/\/www.blogsoestado.com\/danielmatos\/prefeitura-e-sindicato-dialogam-sobre-jornada-de-trabalho-de-professores\/#primaryimage"},"thumbnailUrl":"https:\/\/www.blogsoestado.com\/danielmatos\/files\/2015\/01\/edivaldo-geraldo1.jpeg","datePublished":"2015-01-08T12:33:06+00:00","author":{"@id":""},"breadcrumb":{"@id":"https:\/\/www.blogsoestado.com\/danielmatos\/prefeitura-e-sindicato-dialogam-sobre-jornada-de-trabalho-de-professores\/#breadcrumb"},"inLanguage":"pt-BR","potentialAction":[{"@type":"ReadAction","target":["https:\/\/www.blogsoestado.com\/danielmatos\/prefeitura-e-sindicato-dialogam-sobre-jornada-de-trabalho-de-professores\/"]}]},{"@type":"ImageObject","inLanguage":"pt-BR","@id":"https:\/\/www.blogsoestado.com\/danielmatos\/prefeitura-e-sindicato-dialogam-sobre-jornada-de-trabalho-de-professores\/#primaryimage","url":"https:\/\/www.blogsoestado.com\/danielmatos\/files\/2015\/01\/edivaldo-geraldo1.jpeg","contentUrl":"https:\/\/www.blogsoestado.com\/danielmatos\/files\/2015\/01\/edivaldo-geraldo1.jpeg"},{"@type":"BreadcrumbList","@id":"https:\/\/www.blogsoestado.com\/danielmatos\/prefeitura-e-sindicato-dialogam-sobre-jornada-de-trabalho-de-professores\/#breadcrumb","itemListElement":[{"@type":"ListItem","position":1,"name":"In\u00edcio","item":"https:\/\/www.blogsoestado.com\/danielmatos\/"},{"@type":"ListItem","position":2,"name":"Prefeitura e sindicato dialogam sobre jornada de trabalho de professores"}]},{"@type":"WebSite","@id":"https:\/\/www.blogsoestado.com\/danielmatos\/#website","url":"https:\/\/www.blogsoestado.com\/danielmatos\/","name":"Daniel Matos","description":"","potentialAction":[{"@type":"SearchAction","target":{"@type":"EntryPoint","urlTemplate":"https:\/\/www.blogsoestado.com\/danielmatos\/?s={search_term_string}"},"query-input":{"@type":"PropertyValueSpecification","valueRequired":true,"valueName":"search_term_string"}}],"inLanguage":"pt-BR"}]}},"jetpack_featured_media_url":"","_links":{"self":[{"href":"https:\/\/www.blogsoestado.com\/danielmatos\/wp-json\/wp\/v2\/posts\/21485","targetHints":{"allow":["GET"]}}],"collection":[{"href":"https:\/\/www.blogsoestado.com\/danielmatos\/wp-json\/wp\/v2\/posts"}],"about":[{"href":"https:\/\/www.blogsoestado.com\/danielmatos\/wp-json\/wp\/v2\/types\/post"}],"replies":[{"embeddable":true,"href":"https:\/\/www.blogsoestado.com\/danielmatos\/wp-json\/wp\/v2\/comments?post=21485"}],"version-history":[{"count":0,"href":"https:\/\/www.blogsoestado.com\/danielmatos\/wp-json\/wp\/v2\/posts\/21485\/revisions"}],"wp:attachment":[{"href":"https:\/\/www.blogsoestado.com\/danielmatos\/wp-json\/wp\/v2\/media?parent=21485"}],"wp:term":[{"taxonomy":"category","embeddable":true,"href":"https:\/\/www.blogsoestado.com\/danielmatos\/wp-json\/wp\/v2\/categories?post=21485"},{"taxonomy":"post_tag","embeddable":true,"href":"https:\/\/www.blogsoestado.com\/danielmatos\/wp-json\/wp\/v2\/tags?post=21485"}],"curies":[{"name":"wp","href":"https:\/\/api.w.org\/{rel}","templated":true}]}}