{"id":21487,"date":"2015-01-08T10:54:08","date_gmt":"2015-01-08T13:54:08","guid":{"rendered":"https:\/\/www.blogsoestado.com\/danielmatos\/?p=21487"},"modified":"2015-01-08T10:54:08","modified_gmt":"2015-01-08T13:54:08","slug":"ate-falso-medico-ganha-cargo-no-governo","status":"publish","type":"post","link":"https:\/\/www.blogsoestado.com\/danielmatos\/ate-falso-medico-ganha-cargo-no-governo\/","title":{"rendered":"At\u00e9 falso m\u00e9dico ganha cargo no governo"},"content":{"rendered":"<p><strong>Do blog de <a href=\"http:\/\/www.louremar.com.br\/?page=ler&amp;id=636\" target=\"_blank\">Louremar Fernandes<\/a><\/strong><\/p>\n<figure id=\"attachment_21488\" aria-describedby=\"caption-attachment-21488\" style=\"width: 400px\" class=\"wp-caption alignright\"><a href=\"https:\/\/www.blogsoestado.com\/danielmatos\/files\/2015\/01\/falso-medico.jpg\"><img fetchpriority=\"high\" decoding=\"async\" class=\"size-full wp-image-21488\" src=\"https:\/\/www.blogsoestado.com\/danielmatos\/files\/2015\/01\/falso-medico.jpg\" alt=\"Diploma falso de m\u00e9dico que levou Ageu Gomes \u00e0 pris\u00e3o\" width=\"400\" height=\"260\" \/><\/a><figcaption id=\"caption-attachment-21488\" class=\"wp-caption-text\">Diploma falso de m\u00e9dico que levou Ageu Gomes \u00e0 pris\u00e3o em 2008<\/figcaption><\/figure>\n<p>Muitos aliados de Fl\u00e1vio Dino n\u00e3o compartilham dos mesmos princ\u00edpios do governador. \u00c9 f\u00e1cil verificar essa afirma\u00e7\u00e3o pelas listas de indica\u00e7\u00f5es a cargos que tem sido apresentadas \u00e0 equipe do governador. Para esses aliados, basta que o indicado seja \u201cparceiro\u201d, n\u00e3o se constrangem em apontar para os cargos pessoas sem preparo e, em alguns casos, at\u00e9 com passagem pela pol\u00edcia.<\/p>\n<p>Um exemplo \u00e9 o nome do t\u00e9cnico em enfermagem Ageu Barbosa Gomes. Ele foi indicado pelo ex-prefeito de Bom Lugar Marcos Miranda para assumir a dire\u00e7\u00e3o da 5\u00aa Ciretran de Bacabal. Ocorre que Ageu j\u00e1 foi denunciado pelo Conselho Regional de Medicina (CRM) por usar um diploma falso de M\u00e9dico. O epis\u00f3dio ocorreu\u00a0em agosto de 2008, quando Ageu tentou obter o registro de m\u00e9dico usando um diploma forjado com o timbre da Universidade Federal do Maranh\u00e3o.<\/p>\n<p>No documento falso, o nome do reitor Natalino Salgado Filho foi grafado de forma errada como Francisco Natalino Salgado. O cargo que consta no carimbo falso tamb\u00e9m n\u00e3o existe na estrutura da UFMA.<\/p>\n<p>Com aliados dessa estirpe, Fl\u00e1vio Dino pode dispensar os advers\u00e1rios.<\/p>\n","protected":false},"excerpt":{"rendered":"<p>Do blog de Louremar Fernandes Muitos aliados de Fl\u00e1vio Dino n\u00e3o compartilham dos mesmos princ\u00edpios do governador. \u00c9 f\u00e1cil verificar [&hellip;]<\/p>\n","protected":false},"author":0,"featured_media":0,"comment_status":"open","ping_status":"open","sticky":false,"template":"","format":"standard","meta":{"site-sidebar-layout":"default","site-content-layout":"","ast-site-content-layout":"default","site-content-style":"default","site-sidebar-style":"default","ast-global-header-display":"","ast-banner-title-visibility":"","ast-main-header-display":"","ast-hfb-above-header-display":"","ast-hfb-below-header-display":"","ast-hfb-mobile-header-display":"","site-post-title":"","ast-breadcrumbs-content":"","ast-featured-img":"","footer-sml-layout":"","ast-disable-related-posts":"","theme-transparent-header-meta":"","adv-header-id-meta":"","stick-header-meta":"","header-above-stick-meta":"","header-main-stick-meta":"","header-below-stick-meta":"","astra-migrate-meta-layouts":"default","ast-page-background-enabled":"default","ast-page-background-meta":{"desktop":{"background-color":"var(--ast-global-color-5)","background-image":"","background-repeat":"repeat","background-position":"center center","background-size":"auto","background-attachment":"scroll","background-type":"","background-media":"","overlay-type":"","overlay-color":"","overlay-opacity":"","overlay-gradient":""},"tablet":{"background-color":"","background-image":"","background-repeat":"repeat","background-position":"center center","background-size":"auto","background-attachment":"scroll","background-type":"","background-media":"","overlay-type":"","overlay-color":"","overlay-opacity":"","overlay-gradient":""},"mobile":{"background-color":"","background-image":"","background-repeat":"repeat","background-position":"center center","background-size":"auto","background-attachment":"scroll","background-type":"","background-media":"","overlay-type":"","overlay-color":"","overlay-opacity":"","overlay-gradient":""}},"ast-content-background-meta":{"desktop":{"background-color":"var(--ast-global-color-4)","background-image":"","background-repeat":"repeat","background-position":"center center","background-size":"auto","background-attachment":"scroll","background-type":"","background-media":"","overlay-type":"","overlay-color":"","overlay-opacity":"","overlay-gradient":""},"tablet":{"background-color":"var(--ast-global-color-4)","background-image":"","background-repeat":"repeat","background-position":"center center","background-size":"auto","background-attachment":"scroll","background-type":"","background-media":"","overlay-type":"","overlay-color":"","overlay-opacity":"","overlay-gradient":""},"mobile":{"background-color":"var(--ast-global-color-4)","background-image":"","background-repeat":"repeat","background-position":"center center","background-size":"auto","background-attachment":"scroll","background-type":"","background-media":"","overlay-type":"","overlay-color":"","overlay-opacity":"","overlay-gradient":""}},"footnotes":""},"categories":[1],"tags":[],"class_list":["post-21487","post","type-post","status-publish","format-standard","hentry","category-sem-categoria"],"yoast_head":"<!-- This site is optimized with the Yoast SEO plugin v26.6 - https:\/\/yoast.com\/wordpress\/plugins\/seo\/ -->\n<title>At\u00e9 falso m\u00e9dico ganha cargo no governo - Daniel Matos<\/title>\n<meta name=\"robots\" content=\"index, follow, max-snippet:-1, max-image-preview:large, max-video-preview:-1\" \/>\n<link rel=\"canonical\" href=\"https:\/\/www.blogsoestado.com\/danielmatos\/ate-falso-medico-ganha-cargo-no-governo\/\" \/>\n<meta property=\"og:locale\" content=\"pt_BR\" \/>\n<meta property=\"og:type\" content=\"article\" \/>\n<meta property=\"og:title\" content=\"At\u00e9 falso m\u00e9dico ganha cargo no governo - Daniel Matos\" \/>\n<meta property=\"og:description\" content=\"Do blog de Louremar Fernandes Muitos aliados de Fl\u00e1vio Dino n\u00e3o compartilham dos mesmos princ\u00edpios do governador. \u00c9 f\u00e1cil verificar [&hellip;]\" \/>\n<meta property=\"og:url\" content=\"https:\/\/www.blogsoestado.com\/danielmatos\/ate-falso-medico-ganha-cargo-no-governo\/\" \/>\n<meta property=\"og:site_name\" content=\"Daniel Matos\" \/>\n<meta property=\"article:published_time\" content=\"2015-01-08T13:54:08+00:00\" \/>\n<meta property=\"og:image\" content=\"https:\/\/www.blogsoestado.com\/danielmatos\/files\/2015\/01\/falso-medico.jpg\" \/>\n<meta name=\"twitter:card\" content=\"summary_large_image\" \/>\n<meta name=\"twitter:label1\" content=\"Est. tempo de leitura\" \/>\n\t<meta name=\"twitter:data1\" content=\"1 minuto\" \/>\n<script type=\"application\/ld+json\" class=\"yoast-schema-graph\">{\"@context\":\"https:\/\/schema.org\",\"@graph\":[{\"@type\":\"WebPage\",\"@id\":\"https:\/\/www.blogsoestado.com\/danielmatos\/ate-falso-medico-ganha-cargo-no-governo\/\",\"url\":\"https:\/\/www.blogsoestado.com\/danielmatos\/ate-falso-medico-ganha-cargo-no-governo\/\",\"name\":\"At\u00e9 falso m\u00e9dico ganha cargo no governo - Daniel Matos\",\"isPartOf\":{\"@id\":\"https:\/\/www.blogsoestado.com\/danielmatos\/#website\"},\"primaryImageOfPage\":{\"@id\":\"https:\/\/www.blogsoestado.com\/danielmatos\/ate-falso-medico-ganha-cargo-no-governo\/#primaryimage\"},\"image\":{\"@id\":\"https:\/\/www.blogsoestado.com\/danielmatos\/ate-falso-medico-ganha-cargo-no-governo\/#primaryimage\"},\"thumbnailUrl\":\"https:\/\/www.blogsoestado.com\/danielmatos\/files\/2015\/01\/falso-medico.jpg\",\"datePublished\":\"2015-01-08T13:54:08+00:00\",\"author\":{\"@id\":\"\"},\"breadcrumb\":{\"@id\":\"https:\/\/www.blogsoestado.com\/danielmatos\/ate-falso-medico-ganha-cargo-no-governo\/#breadcrumb\"},\"inLanguage\":\"pt-BR\",\"potentialAction\":[{\"@type\":\"ReadAction\",\"target\":[\"https:\/\/www.blogsoestado.com\/danielmatos\/ate-falso-medico-ganha-cargo-no-governo\/\"]}]},{\"@type\":\"ImageObject\",\"inLanguage\":\"pt-BR\",\"@id\":\"https:\/\/www.blogsoestado.com\/danielmatos\/ate-falso-medico-ganha-cargo-no-governo\/#primaryimage\",\"url\":\"https:\/\/www.blogsoestado.com\/danielmatos\/files\/2015\/01\/falso-medico.jpg\",\"contentUrl\":\"https:\/\/www.blogsoestado.com\/danielmatos\/files\/2015\/01\/falso-medico.jpg\"},{\"@type\":\"BreadcrumbList\",\"@id\":\"https:\/\/www.blogsoestado.com\/danielmatos\/ate-falso-medico-ganha-cargo-no-governo\/#breadcrumb\",\"itemListElement\":[{\"@type\":\"ListItem\",\"position\":1,\"name\":\"In\u00edcio\",\"item\":\"https:\/\/www.blogsoestado.com\/danielmatos\/\"},{\"@type\":\"ListItem\",\"position\":2,\"name\":\"At\u00e9 falso m\u00e9dico ganha cargo no governo\"}]},{\"@type\":\"WebSite\",\"@id\":\"https:\/\/www.blogsoestado.com\/danielmatos\/#website\",\"url\":\"https:\/\/www.blogsoestado.com\/danielmatos\/\",\"name\":\"Daniel Matos\",\"description\":\"\",\"potentialAction\":[{\"@type\":\"SearchAction\",\"target\":{\"@type\":\"EntryPoint\",\"urlTemplate\":\"https:\/\/www.blogsoestado.com\/danielmatos\/?s={search_term_string}\"},\"query-input\":{\"@type\":\"PropertyValueSpecification\",\"valueRequired\":true,\"valueName\":\"search_term_string\"}}],\"inLanguage\":\"pt-BR\"}]}<\/script>\n<!-- \/ Yoast SEO plugin. -->","yoast_head_json":{"title":"At\u00e9 falso m\u00e9dico ganha cargo no governo - Daniel Matos","robots":{"index":"index","follow":"follow","max-snippet":"max-snippet:-1","max-image-preview":"max-image-preview:large","max-video-preview":"max-video-preview:-1"},"canonical":"https:\/\/www.blogsoestado.com\/danielmatos\/ate-falso-medico-ganha-cargo-no-governo\/","og_locale":"pt_BR","og_type":"article","og_title":"At\u00e9 falso m\u00e9dico ganha cargo no governo - Daniel Matos","og_description":"Do blog de Louremar Fernandes Muitos aliados de Fl\u00e1vio Dino n\u00e3o compartilham dos mesmos princ\u00edpios do governador. \u00c9 f\u00e1cil verificar [&hellip;]","og_url":"https:\/\/www.blogsoestado.com\/danielmatos\/ate-falso-medico-ganha-cargo-no-governo\/","og_site_name":"Daniel Matos","article_published_time":"2015-01-08T13:54:08+00:00","og_image":[{"url":"https:\/\/www.blogsoestado.com\/danielmatos\/files\/2015\/01\/falso-medico.jpg","type":"","width":"","height":""}],"twitter_card":"summary_large_image","twitter_misc":{"Est. tempo de leitura":"1 minuto"},"schema":{"@context":"https:\/\/schema.org","@graph":[{"@type":"WebPage","@id":"https:\/\/www.blogsoestado.com\/danielmatos\/ate-falso-medico-ganha-cargo-no-governo\/","url":"https:\/\/www.blogsoestado.com\/danielmatos\/ate-falso-medico-ganha-cargo-no-governo\/","name":"At\u00e9 falso m\u00e9dico ganha cargo no governo - Daniel Matos","isPartOf":{"@id":"https:\/\/www.blogsoestado.com\/danielmatos\/#website"},"primaryImageOfPage":{"@id":"https:\/\/www.blogsoestado.com\/danielmatos\/ate-falso-medico-ganha-cargo-no-governo\/#primaryimage"},"image":{"@id":"https:\/\/www.blogsoestado.com\/danielmatos\/ate-falso-medico-ganha-cargo-no-governo\/#primaryimage"},"thumbnailUrl":"https:\/\/www.blogsoestado.com\/danielmatos\/files\/2015\/01\/falso-medico.jpg","datePublished":"2015-01-08T13:54:08+00:00","author":{"@id":""},"breadcrumb":{"@id":"https:\/\/www.blogsoestado.com\/danielmatos\/ate-falso-medico-ganha-cargo-no-governo\/#breadcrumb"},"inLanguage":"pt-BR","potentialAction":[{"@type":"ReadAction","target":["https:\/\/www.blogsoestado.com\/danielmatos\/ate-falso-medico-ganha-cargo-no-governo\/"]}]},{"@type":"ImageObject","inLanguage":"pt-BR","@id":"https:\/\/www.blogsoestado.com\/danielmatos\/ate-falso-medico-ganha-cargo-no-governo\/#primaryimage","url":"https:\/\/www.blogsoestado.com\/danielmatos\/files\/2015\/01\/falso-medico.jpg","contentUrl":"https:\/\/www.blogsoestado.com\/danielmatos\/files\/2015\/01\/falso-medico.jpg"},{"@type":"BreadcrumbList","@id":"https:\/\/www.blogsoestado.com\/danielmatos\/ate-falso-medico-ganha-cargo-no-governo\/#breadcrumb","itemListElement":[{"@type":"ListItem","position":1,"name":"In\u00edcio","item":"https:\/\/www.blogsoestado.com\/danielmatos\/"},{"@type":"ListItem","position":2,"name":"At\u00e9 falso m\u00e9dico ganha cargo no governo"}]},{"@type":"WebSite","@id":"https:\/\/www.blogsoestado.com\/danielmatos\/#website","url":"https:\/\/www.blogsoestado.com\/danielmatos\/","name":"Daniel Matos","description":"","potentialAction":[{"@type":"SearchAction","target":{"@type":"EntryPoint","urlTemplate":"https:\/\/www.blogsoestado.com\/danielmatos\/?s={search_term_string}"},"query-input":{"@type":"PropertyValueSpecification","valueRequired":true,"valueName":"search_term_string"}}],"inLanguage":"pt-BR"}]}},"jetpack_featured_media_url":"","_links":{"self":[{"href":"https:\/\/www.blogsoestado.com\/danielmatos\/wp-json\/wp\/v2\/posts\/21487","targetHints":{"allow":["GET"]}}],"collection":[{"href":"https:\/\/www.blogsoestado.com\/danielmatos\/wp-json\/wp\/v2\/posts"}],"about":[{"href":"https:\/\/www.blogsoestado.com\/danielmatos\/wp-json\/wp\/v2\/types\/post"}],"replies":[{"embeddable":true,"href":"https:\/\/www.blogsoestado.com\/danielmatos\/wp-json\/wp\/v2\/comments?post=21487"}],"version-history":[{"count":0,"href":"https:\/\/www.blogsoestado.com\/danielmatos\/wp-json\/wp\/v2\/posts\/21487\/revisions"}],"wp:attachment":[{"href":"https:\/\/www.blogsoestado.com\/danielmatos\/wp-json\/wp\/v2\/media?parent=21487"}],"wp:term":[{"taxonomy":"category","embeddable":true,"href":"https:\/\/www.blogsoestado.com\/danielmatos\/wp-json\/wp\/v2\/categories?post=21487"},{"taxonomy":"post_tag","embeddable":true,"href":"https:\/\/www.blogsoestado.com\/danielmatos\/wp-json\/wp\/v2\/tags?post=21487"}],"curies":[{"name":"wp","href":"https:\/\/api.w.org\/{rel}","templated":true}]}}