{"id":21490,"date":"2015-01-08T12:08:45","date_gmt":"2015-01-08T15:08:45","guid":{"rendered":"https:\/\/www.blogsoestado.com\/danielmatos\/?p=21490"},"modified":"2015-01-08T12:08:45","modified_gmt":"2015-01-08T15:08:45","slug":"56-presos-nao-voltaram-a-presidios-apos-saida-temporaria-de-natal","status":"publish","type":"post","link":"https:\/\/www.blogsoestado.com\/danielmatos\/56-presos-nao-voltaram-a-presidios-apos-saida-temporaria-de-natal\/","title":{"rendered":"56 presos n\u00e3o voltaram a pres\u00eddios ap\u00f3s sa\u00edda tempor\u00e1ria de Natal"},"content":{"rendered":"<p><a href=\"https:\/\/www.blogsoestado.com\/danielmatos\/files\/2015\/01\/saida-temporaria2.jpg\"><img decoding=\"async\" class=\"alignleft size-full wp-image-21491\" src=\"https:\/\/www.blogsoestado.com\/danielmatos\/files\/2015\/01\/saida-temporaria2.jpg\" alt=\"saida temporaria2\" width=\"260\" height=\"190\" \/><\/a>J\u00e1 s\u00e3o considerados foragidos os 56 detentos beneficiados com a sa\u00edda tempor\u00e1ria de Natal e que n\u00e3o voltaram \u00e0s unidades prisionais dentro do prazo estabelecido nas portarias expedidas pela 1\u00aa Vara de Execu\u00e7\u00f5es Penais (VEP que autorizaram a sa\u00edda. O prazo para o retorno expirou \u00e0s 18h do dia 29 de dezembro.<\/p>\n<p>A sa\u00edda dos beneficiados se deu nos dias 23 de dezembro, quando deixaram os estabelecimentos prisionais 291 apenados. A primeira portaria (Portaria 41\/2014-GAB) autorizou a sa\u00edda de 219 detentos. Portaria suplementar expedida pela VEP autorizou outros 72 apenados a deixar os estabelecimentos penais. Assinou as portarias o juiz Jos\u00e9 Ribamar D\u2019Oliveira Costa J\u00fanior, que respondia pela VEP na ocasi\u00e3o.<\/p>\n<p>Mandado de pris\u00e3o &#8211; O balan\u00e7o total dos apenados que n\u00e3o cumpriram o estabelecido foi informado \u00e0 VEP pela Secretaria de Estado da Justi\u00e7a e Administra\u00e7\u00e3o Penitenci\u00e1ria &#8211; SEJAP nessa quarta-feira (07) atrav\u00e9s do of\u00edcio 005\/2015 GAB-SEJAP, assinado de ordem pela assessora jur\u00eddica da Secretaria Adjunta de Estabelecimentos Penais, Andr\u00e9a Glauce.<\/p>\n<p>A partir das informa\u00e7\u00f5es constantes do documento a VEP agora est\u00e1 trabalhando no sentido de informar sobre o n\u00e3o retorno de cada apenado no respectivo processo. O pr\u00f3ximo passo \u00e9 a aprecia\u00e7\u00e3o pelo juiz da unidade, que deve determinar a expedi\u00e7\u00e3o do mandado de pris\u00e3o dos que n\u00e3o retornaram.<\/p>\n<p>Lei de Execu\u00e7\u00f5es Penais &#8211; O benef\u00edcio da sa\u00edda tempor\u00e1ria \u00e9 previsto na Lei 7210\/84 \u2013 Lei de Execu\u00e7\u00f5es Penais (art.66,IV). De acordo com a LEP, \u201ca autoriza\u00e7\u00e3o ser\u00e1 concedida por ato motivado do juiz da execu\u00e7\u00e3o, ouvidos o Minist\u00e9rio P\u00fablico e a Administra\u00e7\u00e3o Penitenci\u00e1ria e cumpridos os requisitos de comportamento adequado; cumprimento m\u00ednimo de um sexto da pena (se o condenado for prim\u00e1rio); e um quarto, (se reincidente); al\u00e9m de compatibilidade do benef\u00edcio com os objetivos da pena\u201d.<\/p>\n<p><strong>Fonte:<\/strong> Corregedoria Geral de Justi\u00e7a<\/p>\n","protected":false},"excerpt":{"rendered":"<p>J\u00e1 s\u00e3o considerados foragidos os 56 detentos beneficiados com a sa\u00edda tempor\u00e1ria de Natal e que n\u00e3o voltaram \u00e0s unidades [&hellip;]<\/p>\n","protected":false},"author":0,"featured_media":0,"comment_status":"open","ping_status":"open","sticky":false,"template":"","format":"standard","meta":{"site-sidebar-layout":"default","site-content-layout":"","ast-site-content-layout":"default","site-content-style":"default","site-sidebar-style":"default","ast-global-header-display":"","ast-banner-title-visibility":"","ast-main-header-display":"","ast-hfb-above-header-display":"","ast-hfb-below-header-display":"","ast-hfb-mobile-header-display":"","site-post-title":"","ast-breadcrumbs-content":"","ast-featured-img":"","footer-sml-layout":"","ast-disable-related-posts":"","theme-transparent-header-meta":"","adv-header-id-meta":"","stick-header-meta":"","header-above-stick-meta":"","header-main-stick-meta":"","header-below-stick-meta":"","astra-migrate-meta-layouts":"default","ast-page-background-enabled":"default","ast-page-background-meta":{"desktop":{"background-color":"var(--ast-global-color-5)","background-image":"","background-repeat":"repeat","background-position":"center center","background-size":"auto","background-attachment":"scroll","background-type":"","background-media":"","overlay-type":"","overlay-color":"","overlay-opacity":"","overlay-gradient":""},"tablet":{"background-color":"","background-image":"","background-repeat":"repeat","background-position":"center center","background-size":"auto","background-attachment":"scroll","background-type":"","background-media":"","overlay-type":"","overlay-color":"","overlay-opacity":"","overlay-gradient":""},"mobile":{"background-color":"","background-image":"","background-repeat":"repeat","background-position":"center center","background-size":"auto","background-attachment":"scroll","background-type":"","background-media":"","overlay-type":"","overlay-color":"","overlay-opacity":"","overlay-gradient":""}},"ast-content-background-meta":{"desktop":{"background-color":"var(--ast-global-color-4)","background-image":"","background-repeat":"repeat","background-position":"center center","background-size":"auto","background-attachment":"scroll","background-type":"","background-media":"","overlay-type":"","overlay-color":"","overlay-opacity":"","overlay-gradient":""},"tablet":{"background-color":"var(--ast-global-color-4)","background-image":"","background-repeat":"repeat","background-position":"center center","background-size":"auto","background-attachment":"scroll","background-type":"","background-media":"","overlay-type":"","overlay-color":"","overlay-opacity":"","overlay-gradient":""},"mobile":{"background-color":"var(--ast-global-color-4)","background-image":"","background-repeat":"repeat","background-position":"center center","background-size":"auto","background-attachment":"scroll","background-type":"","background-media":"","overlay-type":"","overlay-color":"","overlay-opacity":"","overlay-gradient":""}},"footnotes":""},"categories":[1],"tags":[],"class_list":["post-21490","post","type-post","status-publish","format-standard","hentry","category-sem-categoria"],"yoast_head":"<!-- This site is optimized with the Yoast SEO plugin v26.6 - https:\/\/yoast.com\/wordpress\/plugins\/seo\/ -->\n<title>56 presos n\u00e3o voltaram a pres\u00eddios ap\u00f3s sa\u00edda tempor\u00e1ria de Natal - Daniel Matos<\/title>\n<meta name=\"robots\" content=\"index, follow, max-snippet:-1, max-image-preview:large, max-video-preview:-1\" \/>\n<link rel=\"canonical\" href=\"https:\/\/www.blogsoestado.com\/danielmatos\/56-presos-nao-voltaram-a-presidios-apos-saida-temporaria-de-natal\/\" \/>\n<meta property=\"og:locale\" content=\"pt_BR\" \/>\n<meta property=\"og:type\" content=\"article\" \/>\n<meta property=\"og:title\" content=\"56 presos n\u00e3o voltaram a pres\u00eddios ap\u00f3s sa\u00edda tempor\u00e1ria de Natal - Daniel Matos\" \/>\n<meta property=\"og:description\" content=\"J\u00e1 s\u00e3o considerados foragidos os 56 detentos beneficiados com a sa\u00edda tempor\u00e1ria de Natal e que n\u00e3o voltaram \u00e0s unidades [&hellip;]\" \/>\n<meta property=\"og:url\" content=\"https:\/\/www.blogsoestado.com\/danielmatos\/56-presos-nao-voltaram-a-presidios-apos-saida-temporaria-de-natal\/\" \/>\n<meta property=\"og:site_name\" content=\"Daniel Matos\" \/>\n<meta property=\"article:published_time\" content=\"2015-01-08T15:08:45+00:00\" \/>\n<meta property=\"og:image\" content=\"https:\/\/www.blogsoestado.com\/danielmatos\/files\/2015\/01\/saida-temporaria2.jpg\" \/>\n<meta name=\"twitter:card\" content=\"summary_large_image\" \/>\n<meta name=\"twitter:label1\" content=\"Est. tempo de leitura\" \/>\n\t<meta name=\"twitter:data1\" content=\"2 minutos\" \/>\n<script type=\"application\/ld+json\" class=\"yoast-schema-graph\">{\"@context\":\"https:\/\/schema.org\",\"@graph\":[{\"@type\":\"WebPage\",\"@id\":\"https:\/\/www.blogsoestado.com\/danielmatos\/56-presos-nao-voltaram-a-presidios-apos-saida-temporaria-de-natal\/\",\"url\":\"https:\/\/www.blogsoestado.com\/danielmatos\/56-presos-nao-voltaram-a-presidios-apos-saida-temporaria-de-natal\/\",\"name\":\"56 presos n\u00e3o voltaram a pres\u00eddios ap\u00f3s sa\u00edda tempor\u00e1ria de Natal - Daniel Matos\",\"isPartOf\":{\"@id\":\"https:\/\/www.blogsoestado.com\/danielmatos\/#website\"},\"primaryImageOfPage\":{\"@id\":\"https:\/\/www.blogsoestado.com\/danielmatos\/56-presos-nao-voltaram-a-presidios-apos-saida-temporaria-de-natal\/#primaryimage\"},\"image\":{\"@id\":\"https:\/\/www.blogsoestado.com\/danielmatos\/56-presos-nao-voltaram-a-presidios-apos-saida-temporaria-de-natal\/#primaryimage\"},\"thumbnailUrl\":\"https:\/\/www.blogsoestado.com\/danielmatos\/files\/2015\/01\/saida-temporaria2.jpg\",\"datePublished\":\"2015-01-08T15:08:45+00:00\",\"author\":{\"@id\":\"\"},\"breadcrumb\":{\"@id\":\"https:\/\/www.blogsoestado.com\/danielmatos\/56-presos-nao-voltaram-a-presidios-apos-saida-temporaria-de-natal\/#breadcrumb\"},\"inLanguage\":\"pt-BR\",\"potentialAction\":[{\"@type\":\"ReadAction\",\"target\":[\"https:\/\/www.blogsoestado.com\/danielmatos\/56-presos-nao-voltaram-a-presidios-apos-saida-temporaria-de-natal\/\"]}]},{\"@type\":\"ImageObject\",\"inLanguage\":\"pt-BR\",\"@id\":\"https:\/\/www.blogsoestado.com\/danielmatos\/56-presos-nao-voltaram-a-presidios-apos-saida-temporaria-de-natal\/#primaryimage\",\"url\":\"https:\/\/www.blogsoestado.com\/danielmatos\/files\/2015\/01\/saida-temporaria2.jpg\",\"contentUrl\":\"https:\/\/www.blogsoestado.com\/danielmatos\/files\/2015\/01\/saida-temporaria2.jpg\"},{\"@type\":\"BreadcrumbList\",\"@id\":\"https:\/\/www.blogsoestado.com\/danielmatos\/56-presos-nao-voltaram-a-presidios-apos-saida-temporaria-de-natal\/#breadcrumb\",\"itemListElement\":[{\"@type\":\"ListItem\",\"position\":1,\"name\":\"In\u00edcio\",\"item\":\"https:\/\/www.blogsoestado.com\/danielmatos\/\"},{\"@type\":\"ListItem\",\"position\":2,\"name\":\"56 presos n\u00e3o voltaram a pres\u00eddios ap\u00f3s sa\u00edda tempor\u00e1ria de Natal\"}]},{\"@type\":\"WebSite\",\"@id\":\"https:\/\/www.blogsoestado.com\/danielmatos\/#website\",\"url\":\"https:\/\/www.blogsoestado.com\/danielmatos\/\",\"name\":\"Daniel Matos\",\"description\":\"\",\"potentialAction\":[{\"@type\":\"SearchAction\",\"target\":{\"@type\":\"EntryPoint\",\"urlTemplate\":\"https:\/\/www.blogsoestado.com\/danielmatos\/?s={search_term_string}\"},\"query-input\":{\"@type\":\"PropertyValueSpecification\",\"valueRequired\":true,\"valueName\":\"search_term_string\"}}],\"inLanguage\":\"pt-BR\"}]}<\/script>\n<!-- \/ Yoast SEO plugin. -->","yoast_head_json":{"title":"56 presos n\u00e3o voltaram a pres\u00eddios ap\u00f3s sa\u00edda tempor\u00e1ria de Natal - Daniel Matos","robots":{"index":"index","follow":"follow","max-snippet":"max-snippet:-1","max-image-preview":"max-image-preview:large","max-video-preview":"max-video-preview:-1"},"canonical":"https:\/\/www.blogsoestado.com\/danielmatos\/56-presos-nao-voltaram-a-presidios-apos-saida-temporaria-de-natal\/","og_locale":"pt_BR","og_type":"article","og_title":"56 presos n\u00e3o voltaram a pres\u00eddios ap\u00f3s sa\u00edda tempor\u00e1ria de Natal - Daniel Matos","og_description":"J\u00e1 s\u00e3o considerados foragidos os 56 detentos beneficiados com a sa\u00edda tempor\u00e1ria de Natal e que n\u00e3o voltaram \u00e0s unidades [&hellip;]","og_url":"https:\/\/www.blogsoestado.com\/danielmatos\/56-presos-nao-voltaram-a-presidios-apos-saida-temporaria-de-natal\/","og_site_name":"Daniel Matos","article_published_time":"2015-01-08T15:08:45+00:00","og_image":[{"url":"https:\/\/www.blogsoestado.com\/danielmatos\/files\/2015\/01\/saida-temporaria2.jpg","type":"","width":"","height":""}],"twitter_card":"summary_large_image","twitter_misc":{"Est. tempo de leitura":"2 minutos"},"schema":{"@context":"https:\/\/schema.org","@graph":[{"@type":"WebPage","@id":"https:\/\/www.blogsoestado.com\/danielmatos\/56-presos-nao-voltaram-a-presidios-apos-saida-temporaria-de-natal\/","url":"https:\/\/www.blogsoestado.com\/danielmatos\/56-presos-nao-voltaram-a-presidios-apos-saida-temporaria-de-natal\/","name":"56 presos n\u00e3o voltaram a pres\u00eddios ap\u00f3s sa\u00edda tempor\u00e1ria de Natal - Daniel Matos","isPartOf":{"@id":"https:\/\/www.blogsoestado.com\/danielmatos\/#website"},"primaryImageOfPage":{"@id":"https:\/\/www.blogsoestado.com\/danielmatos\/56-presos-nao-voltaram-a-presidios-apos-saida-temporaria-de-natal\/#primaryimage"},"image":{"@id":"https:\/\/www.blogsoestado.com\/danielmatos\/56-presos-nao-voltaram-a-presidios-apos-saida-temporaria-de-natal\/#primaryimage"},"thumbnailUrl":"https:\/\/www.blogsoestado.com\/danielmatos\/files\/2015\/01\/saida-temporaria2.jpg","datePublished":"2015-01-08T15:08:45+00:00","author":{"@id":""},"breadcrumb":{"@id":"https:\/\/www.blogsoestado.com\/danielmatos\/56-presos-nao-voltaram-a-presidios-apos-saida-temporaria-de-natal\/#breadcrumb"},"inLanguage":"pt-BR","potentialAction":[{"@type":"ReadAction","target":["https:\/\/www.blogsoestado.com\/danielmatos\/56-presos-nao-voltaram-a-presidios-apos-saida-temporaria-de-natal\/"]}]},{"@type":"ImageObject","inLanguage":"pt-BR","@id":"https:\/\/www.blogsoestado.com\/danielmatos\/56-presos-nao-voltaram-a-presidios-apos-saida-temporaria-de-natal\/#primaryimage","url":"https:\/\/www.blogsoestado.com\/danielmatos\/files\/2015\/01\/saida-temporaria2.jpg","contentUrl":"https:\/\/www.blogsoestado.com\/danielmatos\/files\/2015\/01\/saida-temporaria2.jpg"},{"@type":"BreadcrumbList","@id":"https:\/\/www.blogsoestado.com\/danielmatos\/56-presos-nao-voltaram-a-presidios-apos-saida-temporaria-de-natal\/#breadcrumb","itemListElement":[{"@type":"ListItem","position":1,"name":"In\u00edcio","item":"https:\/\/www.blogsoestado.com\/danielmatos\/"},{"@type":"ListItem","position":2,"name":"56 presos n\u00e3o voltaram a pres\u00eddios ap\u00f3s sa\u00edda tempor\u00e1ria de Natal"}]},{"@type":"WebSite","@id":"https:\/\/www.blogsoestado.com\/danielmatos\/#website","url":"https:\/\/www.blogsoestado.com\/danielmatos\/","name":"Daniel Matos","description":"","potentialAction":[{"@type":"SearchAction","target":{"@type":"EntryPoint","urlTemplate":"https:\/\/www.blogsoestado.com\/danielmatos\/?s={search_term_string}"},"query-input":{"@type":"PropertyValueSpecification","valueRequired":true,"valueName":"search_term_string"}}],"inLanguage":"pt-BR"}]}},"jetpack_featured_media_url":"","_links":{"self":[{"href":"https:\/\/www.blogsoestado.com\/danielmatos\/wp-json\/wp\/v2\/posts\/21490","targetHints":{"allow":["GET"]}}],"collection":[{"href":"https:\/\/www.blogsoestado.com\/danielmatos\/wp-json\/wp\/v2\/posts"}],"about":[{"href":"https:\/\/www.blogsoestado.com\/danielmatos\/wp-json\/wp\/v2\/types\/post"}],"replies":[{"embeddable":true,"href":"https:\/\/www.blogsoestado.com\/danielmatos\/wp-json\/wp\/v2\/comments?post=21490"}],"version-history":[{"count":0,"href":"https:\/\/www.blogsoestado.com\/danielmatos\/wp-json\/wp\/v2\/posts\/21490\/revisions"}],"wp:attachment":[{"href":"https:\/\/www.blogsoestado.com\/danielmatos\/wp-json\/wp\/v2\/media?parent=21490"}],"wp:term":[{"taxonomy":"category","embeddable":true,"href":"https:\/\/www.blogsoestado.com\/danielmatos\/wp-json\/wp\/v2\/categories?post=21490"},{"taxonomy":"post_tag","embeddable":true,"href":"https:\/\/www.blogsoestado.com\/danielmatos\/wp-json\/wp\/v2\/tags?post=21490"}],"curies":[{"name":"wp","href":"https:\/\/api.w.org\/{rel}","templated":true}]}}