{"id":215,"date":"2007-12-06T11:41:48","date_gmt":"2007-12-06T11:41:48","guid":{"rendered":"https:\/\/www.blogsoestado.com\/danielmatos\/2007\/12\/06\/relatorio-denuncia-caos-nas-unidades-da-funac\/"},"modified":"2007-12-06T11:41:48","modified_gmt":"2007-12-06T11:41:48","slug":"relatorio-denuncia-caos-nas-unidades-da-funac","status":"publish","type":"post","link":"https:\/\/www.blogsoestado.com\/danielmatos\/relatorio-denuncia-caos-nas-unidades-da-funac\/","title":{"rendered":"Relat\u00f3rio denuncia caos nas unidades da Funac"},"content":{"rendered":"<p><font size=\"4\"><b><\/b><\/font><\/p>\n<p><font size=\"3\">O Sindicato dos Servidores da Funac divulgou relat\u00f3rio no qual aponta a inefici\u00eancia administrativa como a principal causa da inseguran\u00e7a dos adolescentes\/jovens e educadores que nas unidades de interna\u00e7\u00e3o. No documento, a entidade observa que a m\u00e1 gest\u00e3o desencadeia no \u00f3rg\u00e3o um estado de tens\u00e3o e ansiedade permanentes em face do risco iminente de rebeli\u00f5es, confrontos entre internos e agress\u00f5es contra educadores.<\/p>\n<p>No relat\u00f3rio, a entidade chama aten\u00e7\u00e3o para os freq\u00fcentes pedidos de demiss\u00e3o de educadores por medo da viol\u00eancia dentro das unidades e para as tentativas de suic\u00eddio de internos amea\u00e7ados de morte por outros adolescentes infratores.   <\/p>\n<p>O sindicato cita como avan\u00e7o o fato de ter conseguido mostrar ao governo e \u00e0 sociedade a real situa\u00e7\u00e3o das unidades de interna\u00e7\u00e3o.<\/p>\n<p>O relat\u00f3rio traz tamb\u00e9m um cronograma das ocorr\u00eancias registradas este ano nas unidades. Abaixo, o relato minucioso de cada uma delas: <\/p>\n<p>1.\tCJE (Maiobinha): At\u00e9 junho de 2007 houve 08 tentativas de suic\u00eddio por enforcamento e 01 atrav\u00e9s de m\u00faltiplos cortes no corpo;<\/p>\n<p>2.\tDia 04\/01\/07 \u0096 CJE: Tentativa de fuga de 3 (tr\u00eas) adolescentes, impedida pelos educadores (serrando as grades); <\/p>\n<p>3.\tDia 31\/01\/07 \u0096 CJE: O adolescente L.F. foi v\u00edtima de tentativa de homic\u00eddio por parte de outros internos, levando 57(cinq\u00fcenta e sete) chu\u00e7adas; <\/p>\n<p>4.\tDia 12\/02\/07 \u0096 Resgate na Unidade do S\u00e3o Crist\u00f3v\u00e3o. O adolescente E.M. foi resgatado por dois elementos que colocaram as armas apontadas para a cabe\u00e7a dos educadores. Ap\u00f3s isso evadiram-se em uma moto; <\/p>\n<p>5.\tDia 19\/03\/07 \u0096 CJE: Tentativa de fuga de 15 (quinze) adolescentes, sendo que 03 obtiveram \u00eaxito; <\/p>\n<p>6.\tDia 20\/03\/07 \u0096 CJE: O adolescente F.D., por pouco n\u00e3o teve seu olho vazado por outro adolescente; <\/p>\n<p>7.\tDia 04\/04\/07 \u0096 CJE: O educador Paulo S\u00e9rgio foi espancado a pauladas por cerca de 15 (quinze) adolescentes; <\/p>\n<p>8.\tDia 10\/04\/07 \u0096 CJE: Rebeli\u00e3o com o pr\u00e9dio depredado e 1(um) adolescente ferido (W.R.);<\/p>\n<p>9.\tDia 25\/03\/07 \u0096 CJC: 02 adolescentes fugiram. Na fuga atentaram contra a vida de um educador; <\/p>\n<p>10.\tDia 27\/04\/07 \u0096 CJE: Um adolescente espancou a professora na sala de aula; <\/p>\n<p>11.\tDia 05\/05\/07 \u0096 CJE: Rebeli\u00e3o com 01 educador e 1(um) adolescente feridos. Na ocasi\u00e3o fugiram 12 internos; <\/p>\n<p>12.\tDia 24\/05\/07 \u0096 CJE: 02 adolescentes tentaram fugir. 1 (um) saiu ferido ao tentar pular o muro;<\/p>\n<p>13.\tDia 26\/05\/07 \u0096 CJE: Tentativa de homic\u00eddio por parte de 2 (dois) adolescentes. A v\u00edtima foi furada na altura do ombro e teve o bra\u00e7o imobilizado;<\/p>\n<p>14.\tDia 04\/06\/07 \u0096 CJE: Rebeli\u00e3o com fuga de 7 (sete)  adolescentes.<\/p>\n<p>15.\tDia 07\/06\/07 \u0096 CJE: Suic\u00eddio do jovem Kelson Ferreira de Oliveira;<\/p>\n<p>16.\tDia 09\/06\/07 \u0096 CNJ: Fuga de 02 adolescentes;<\/p>\n<p>17.\tDia 13\/06\/07 \u0096 CJE: em visita ao CJE, acompanhando o Presidente do Conselho Estadual dos Direitos Humanos e o Promotor da 2\u00aa Vara da Inf\u00e2ncia, constatou-se, dentre outras situa\u00e7\u00f5es, a fragilidade da constru\u00e7\u00e3o, visto que os adolescentes\/jovens estavam abrindo um buraco na parede em plena luz do dia;<\/p>\n<p>18.\tDia 25\/07\/07 \u0096 CJE: Rebeli\u00e3o e fuga de 4 (quatro) adolescentes;<\/p>\n<p>19.\tDia 01\/08\/07 \u0096 CJE: Rebeli\u00e3o com internos feridos e todas as alas depredadas, colch\u00f5es queimados e telhado quebrado;<\/p>\n<p>20.\tDia 05\/08\/07 \u0096 CJE: O adolescente R.A. tentou o suic\u00eddio usando o pr\u00f3prio len\u00e7ol. Foi salvo pelos educadores de plant\u00e3o;<\/p>\n<p>21.\tDia 31\/08\/07 \u0096 CJE: O adolescente F.F. \u00e9 transferido para o CNJ pela coordenadora K\u00e1tia;<\/p>\n<p>22.\tDia 05\/09\/07 \u0096 CNJ: O adolescente (interno) F.F. foi assassinado com v\u00e1rios tiros na porta da Unidade (autoria desconhecida);<\/p>\n<p>23.\tDia 19\/09\/07 \u0096 CJE: Rebeli\u00e3o e fuga de 6(seis) adolescentes que renderam os funcion\u00e1rios;<\/p>\n<p>24.\tDia 23\/09\/07 \u0096 CJE: Queima de colch\u00f5es e depreda\u00e7\u00e3o a Unidade durante a noite, sendo contida pela guarni\u00e7\u00e3o;<\/p>\n<p>25.\tDia 24\/09\/07 \u0096 CJE: Agress\u00e3o f\u00edsica contra o dono de uma firma que est\u00e1 prestando servi\u00e7o para a Unidade. O mesmo foi agredido com o cabo de um rodo;<\/p>\n<p>26.\tDia 25\/09\/07 \u0096 CNJ: 08 adolescentes tentaram fugir da Unidade. Os mesmos foram contidos pelos educadores, sendo todos encaminhados para a DAI;<\/p>\n<p>27.\tDia 25\/09\/07 \u0096 CJE: Um educador foi espancado por um adolescente;<\/p>\n<p>28.\tDia 28\/09\/07 \u0096 CJE: Servidor espancado a pauladas pelos adolescentes;<\/p>\n<p>29.\tDia 01\/10\/07 \u0096 CJE: Rebeli\u00e3o com depreda\u00e7\u00e3o e colch\u00f5es queimados; 01 adolescente tentou o suic\u00eddio (tocou fogo em um colch\u00e3o e jogou-se em cima);<\/p>\n<p>30.\tDia 02\/10\/07 \u0096 CJE: Agress\u00e3o entre internos e agress\u00e3o f\u00edsica contra educadores (Sr. Teixeira, John e Douglas). Todos os internos estavam armados com chu\u00e7os. Policiais Militares tamb\u00e9m foram agredidos;<\/p>\n<p>31.\tDia 04\/10\/07 \u0096 CJE: Amea\u00e7a de morte contra o educador Genilton;<\/p>\n<p>32.\tDia 09\/10\/07 \u0096 CJE: Rebeli\u00e3o com utiliza\u00e7\u00e3o de ref\u00e9m e depreda\u00e7\u00e3o do pr\u00e9dio;<\/p>\n<p>33.\tDia 09\/10\/07 \u0096 CJE: Alas B e D depredadas. Os internos reivindicavam medicamentos e \u00e1gua;<\/p>\n<p>34.\tDia 12\/10\/07 \u0096 CJE: Queima de colch\u00f5es na Ala A, pois os internos queriam ser liberados dos alojamentos;<\/p>\n<p>35.\tDia 15\/10\/07 \u0096 CJE: Adolescente confrontou a pol\u00edcia. 1 (um) policial ferido;<\/p>\n<p>36.\tDia 15\/10\/07 \u0096 CJE: Tentativa frustrada na Ala D, onde os adolescentes se encontravam armados com chu\u00e7os e pedras. Houve amea\u00e7a de morte contra os educadores. Os adolescentes foram contidos.<\/p>\n<p>37.\tDia 21\/10\/07 \u0096 CJE: Os Adolescentes colocaram fios el\u00e9tricos nas grades dos alojamentos e molharam o ch\u00e3o na tentativa de eletrocutar os educadores;<\/p>\n<p>38.\tDia 23\/10\/07 \u0096 CJE: Foi entregue na Unidade uma carta para ser entregue para um adolescente, esta foi lida por uma funcion\u00e1ria e entregue ao Diretor Alex. O mesmo se negou a revelar aos educadores o conte\u00fado da correspond\u00eancia, mas soube-se que o autor da carta revelava que estava sendo feita uma \u0093correria\u0094 (obten\u00e7\u00e3o de dinheiro atrav\u00e9s de assaltos) na Vila Brasil, com o intuito de resgatar o adolescente;<\/p>\n<p>39.\tDia 25\/10\/07 \u0096 CJE: Rebeli\u00e3o com tentativa de homic\u00eddio de internos por seus pares envolvendo as Alas B e D. Os internos subiram no telhado depois de terem quebrado os cadeados dos alojamentos e se armado com as trancas. Houve depreda\u00e7\u00e3o da Unidade;<\/p>\n<p>40.\tDia 26\/10\/07 \u0096 CJE: Rebeli\u00e3o contornada com o apoio da guarni\u00e7\u00e3o;<\/p>\n<p>41.\tDia 28\/10\/07 \u0096 CJE: 5(cinco) adolescentes fugiram da Unidade, todos armados com chu\u00e7os. Foi detectado que um carro estava esperando do lado de fora para resgatar os foragidos. Um dos adolescentes que fugiram foi o mesmo para quem a carta do dia 23\/10 foi enviada;<\/p>\n<p>42.\tDia 03\/11\/07 \u0096 CJE: O adolescente J.L. \u00e9 amea\u00e7ado de morte por v\u00e1rios adolescentes. O mesmo permanece sempre algemado e fora do alojamento em raz\u00e3o das amea\u00e7as;<\/p>\n<p>43.\tDia 03\/11\/07 \u0096 CJE: O adolescente J.E. tentou suic\u00eddio atrav\u00e9s de enforcamento;<\/p>\n<p>44.\tDia 11\/11\/07 \u0096 CJE: O educador Sousa foi agredido por internos com um banho de nescau quente e logo depois tamb\u00e9m com \u00e1gua;<\/p>\n<p>45.\tDia 13\/11\/07 \u0096 CJE: Um adolescente teve convuls\u00f5es dentro do alojamento. Como o cadeado estava emperrado, os educadores tiveram que quebr\u00e1-lo para poder prestar socorro. O adolescente foi levado para receber atendimento no carro de um funcion\u00e1rio, em fun\u00e7\u00e3o de n\u00e3o haver um carro da Institui\u00e7\u00e3o dispon\u00edvel na Unidade;<\/p>\n<p>46.\tDia 15\/11\/07 \u0096 CJE: 02 educadores foram atacados na altura do peito por adolescentes armados com chu\u00e7os, entretanto a tentativa de fuga foi frustrada;<\/p>\n<p>47.\tDia 16\/11\/07 \u0096 CJE: Tentativa de fuga de 2(dois) adolescentes. Os mesmos foram contidos pelos educadores;<\/p>\n<p>48.\tDia 18\/11\/07 \u0096 CJE: Tentativa de fuga frustrada e queima de colch\u00f5es;<\/p>\n<p>49.\tDia 19\/11\/07 \u0096 CJE: Quebra de cadeados, queima de colch\u00f5es e rebeli\u00e3o, resultando em 14 adolescentes feridos, 5(cinco) educadores feridos e 01 adolescente morto;<\/p>\n<p>50.\tDia 21\/11\/07 \u0096 CJE: Um adolescente que participou da rebeli\u00e3o do dia 19\/11 pediu para ir a enfermaria, chegando l\u00e1 quebrou uma cadeira de ferro, amea\u00e7ando quebrar todo o local;<\/p>\n<p>51.\tDepois da rebeli\u00e3o com v\u00edtima fatal, os adolescentes revelaram ao diretor Alex amea\u00e7as de morte a qualquer funcion\u00e1rio do CJE, entretanto, mesmo assim, o diretor deu aos adolescentes de uma ala, um peda\u00e7o consider\u00e1vel de fio el\u00e9trico para que os mesmos fizessem varal pra estender roupas, contudo todos os funcion\u00e1rios temem por suas vidas, em virtude dos internos j\u00e1 terem energizado as grades dos alojamentos e tentado eletrocutar os educadores em outra ocasi\u00e3o.<\/font><\/p>\n","protected":false},"excerpt":{"rendered":"<p>O Sindicato dos Servidores da Funac divulgou relat\u00f3rio no qual aponta a inefici\u00eancia administrativa como a principal causa da inseguran\u00e7a [&hellip;]<\/p>\n","protected":false},"author":0,"featured_media":0,"comment_status":"open","ping_status":"open","sticky":false,"template":"","format":"standard","meta":{"site-sidebar-layout":"default","site-content-layout":"","ast-site-content-layout":"default","site-content-style":"default","site-sidebar-style":"default","ast-global-header-display":"","ast-banner-title-visibility":"","ast-main-header-display":"","ast-hfb-above-header-display":"","ast-hfb-below-header-display":"","ast-hfb-mobile-header-display":"","site-post-title":"","ast-breadcrumbs-content":"","ast-featured-img":"","footer-sml-layout":"","ast-disable-related-posts":"","theme-transparent-header-meta":"","adv-header-id-meta":"","stick-header-meta":"","header-above-stick-meta":"","header-main-stick-meta":"","header-below-stick-meta":"","astra-migrate-meta-layouts":"default","ast-page-background-enabled":"default","ast-page-background-meta":{"desktop":{"background-color":"var(--ast-global-color-5)","background-image":"","background-repeat":"repeat","background-position":"center center","background-size":"auto","background-attachment":"scroll","background-type":"","background-media":"","overlay-type":"","overlay-color":"","overlay-opacity":"","overlay-gradient":""},"tablet":{"background-color":"","background-image":"","background-repeat":"repeat","background-position":"center center","background-size":"auto","background-attachment":"scroll","background-type":"","background-media":"","overlay-type":"","overlay-color":"","overlay-opacity":"","overlay-gradient":""},"mobile":{"background-color":"","background-image":"","background-repeat":"repeat","background-position":"center center","background-size":"auto","background-attachment":"scroll","background-type":"","background-media":"","overlay-type":"","overlay-color":"","overlay-opacity":"","overlay-gradient":""}},"ast-content-background-meta":{"desktop":{"background-color":"var(--ast-global-color-4)","background-image":"","background-repeat":"repeat","background-position":"center center","background-size":"auto","background-attachment":"scroll","background-type":"","background-media":"","overlay-type":"","overlay-color":"","overlay-opacity":"","overlay-gradient":""},"tablet":{"background-color":"var(--ast-global-color-4)","background-image":"","background-repeat":"repeat","background-position":"center center","background-size":"auto","background-attachment":"scroll","background-type":"","background-media":"","overlay-type":"","overlay-color":"","overlay-opacity":"","overlay-gradient":""},"mobile":{"background-color":"var(--ast-global-color-4)","background-image":"","background-repeat":"repeat","background-position":"center center","background-size":"auto","background-attachment":"scroll","background-type":"","background-media":"","overlay-type":"","overlay-color":"","overlay-opacity":"","overlay-gradient":""}},"footnotes":""},"categories":[1],"tags":[],"class_list":["post-215","post","type-post","status-publish","format-standard","hentry","category-sem-categoria"],"yoast_head":"<!-- This site is optimized with the Yoast SEO plugin v26.6 - https:\/\/yoast.com\/wordpress\/plugins\/seo\/ -->\n<title>Relat\u00f3rio denuncia caos nas unidades da Funac - Daniel Matos<\/title>\n<meta name=\"robots\" content=\"index, follow, max-snippet:-1, max-image-preview:large, max-video-preview:-1\" \/>\n<link rel=\"canonical\" href=\"https:\/\/www.blogsoestado.com\/danielmatos\/relatorio-denuncia-caos-nas-unidades-da-funac\/\" \/>\n<meta property=\"og:locale\" content=\"pt_BR\" \/>\n<meta property=\"og:type\" content=\"article\" \/>\n<meta property=\"og:title\" content=\"Relat\u00f3rio denuncia caos nas unidades da Funac - Daniel Matos\" \/>\n<meta property=\"og:description\" content=\"O Sindicato dos Servidores da Funac divulgou relat\u00f3rio no qual aponta a inefici\u00eancia administrativa como a principal causa da inseguran\u00e7a [&hellip;]\" \/>\n<meta property=\"og:url\" content=\"https:\/\/www.blogsoestado.com\/danielmatos\/relatorio-denuncia-caos-nas-unidades-da-funac\/\" \/>\n<meta property=\"og:site_name\" content=\"Daniel Matos\" \/>\n<meta property=\"article:published_time\" content=\"2007-12-06T11:41:48+00:00\" \/>\n<meta name=\"twitter:card\" content=\"summary_large_image\" \/>\n<meta name=\"twitter:label1\" content=\"Est. tempo de leitura\" \/>\n\t<meta name=\"twitter:data1\" content=\"7 minutos\" \/>\n<script type=\"application\/ld+json\" class=\"yoast-schema-graph\">{\"@context\":\"https:\/\/schema.org\",\"@graph\":[{\"@type\":\"WebPage\",\"@id\":\"https:\/\/www.blogsoestado.com\/danielmatos\/relatorio-denuncia-caos-nas-unidades-da-funac\/\",\"url\":\"https:\/\/www.blogsoestado.com\/danielmatos\/relatorio-denuncia-caos-nas-unidades-da-funac\/\",\"name\":\"Relat\u00f3rio denuncia caos nas unidades da Funac - Daniel Matos\",\"isPartOf\":{\"@id\":\"https:\/\/www.blogsoestado.com\/danielmatos\/#website\"},\"datePublished\":\"2007-12-06T11:41:48+00:00\",\"author\":{\"@id\":\"\"},\"breadcrumb\":{\"@id\":\"https:\/\/www.blogsoestado.com\/danielmatos\/relatorio-denuncia-caos-nas-unidades-da-funac\/#breadcrumb\"},\"inLanguage\":\"pt-BR\",\"potentialAction\":[{\"@type\":\"ReadAction\",\"target\":[\"https:\/\/www.blogsoestado.com\/danielmatos\/relatorio-denuncia-caos-nas-unidades-da-funac\/\"]}]},{\"@type\":\"BreadcrumbList\",\"@id\":\"https:\/\/www.blogsoestado.com\/danielmatos\/relatorio-denuncia-caos-nas-unidades-da-funac\/#breadcrumb\",\"itemListElement\":[{\"@type\":\"ListItem\",\"position\":1,\"name\":\"In\u00edcio\",\"item\":\"https:\/\/www.blogsoestado.com\/danielmatos\/\"},{\"@type\":\"ListItem\",\"position\":2,\"name\":\"Relat\u00f3rio denuncia caos nas unidades da Funac\"}]},{\"@type\":\"WebSite\",\"@id\":\"https:\/\/www.blogsoestado.com\/danielmatos\/#website\",\"url\":\"https:\/\/www.blogsoestado.com\/danielmatos\/\",\"name\":\"Daniel Matos\",\"description\":\"\",\"potentialAction\":[{\"@type\":\"SearchAction\",\"target\":{\"@type\":\"EntryPoint\",\"urlTemplate\":\"https:\/\/www.blogsoestado.com\/danielmatos\/?s={search_term_string}\"},\"query-input\":{\"@type\":\"PropertyValueSpecification\",\"valueRequired\":true,\"valueName\":\"search_term_string\"}}],\"inLanguage\":\"pt-BR\"}]}<\/script>\n<!-- \/ Yoast SEO plugin. -->","yoast_head_json":{"title":"Relat\u00f3rio denuncia caos nas unidades da Funac - Daniel Matos","robots":{"index":"index","follow":"follow","max-snippet":"max-snippet:-1","max-image-preview":"max-image-preview:large","max-video-preview":"max-video-preview:-1"},"canonical":"https:\/\/www.blogsoestado.com\/danielmatos\/relatorio-denuncia-caos-nas-unidades-da-funac\/","og_locale":"pt_BR","og_type":"article","og_title":"Relat\u00f3rio denuncia caos nas unidades da Funac - Daniel Matos","og_description":"O Sindicato dos Servidores da Funac divulgou relat\u00f3rio no qual aponta a inefici\u00eancia administrativa como a principal causa da inseguran\u00e7a [&hellip;]","og_url":"https:\/\/www.blogsoestado.com\/danielmatos\/relatorio-denuncia-caos-nas-unidades-da-funac\/","og_site_name":"Daniel Matos","article_published_time":"2007-12-06T11:41:48+00:00","twitter_card":"summary_large_image","twitter_misc":{"Est. tempo de leitura":"7 minutos"},"schema":{"@context":"https:\/\/schema.org","@graph":[{"@type":"WebPage","@id":"https:\/\/www.blogsoestado.com\/danielmatos\/relatorio-denuncia-caos-nas-unidades-da-funac\/","url":"https:\/\/www.blogsoestado.com\/danielmatos\/relatorio-denuncia-caos-nas-unidades-da-funac\/","name":"Relat\u00f3rio denuncia caos nas unidades da Funac - Daniel Matos","isPartOf":{"@id":"https:\/\/www.blogsoestado.com\/danielmatos\/#website"},"datePublished":"2007-12-06T11:41:48+00:00","author":{"@id":""},"breadcrumb":{"@id":"https:\/\/www.blogsoestado.com\/danielmatos\/relatorio-denuncia-caos-nas-unidades-da-funac\/#breadcrumb"},"inLanguage":"pt-BR","potentialAction":[{"@type":"ReadAction","target":["https:\/\/www.blogsoestado.com\/danielmatos\/relatorio-denuncia-caos-nas-unidades-da-funac\/"]}]},{"@type":"BreadcrumbList","@id":"https:\/\/www.blogsoestado.com\/danielmatos\/relatorio-denuncia-caos-nas-unidades-da-funac\/#breadcrumb","itemListElement":[{"@type":"ListItem","position":1,"name":"In\u00edcio","item":"https:\/\/www.blogsoestado.com\/danielmatos\/"},{"@type":"ListItem","position":2,"name":"Relat\u00f3rio denuncia caos nas unidades da Funac"}]},{"@type":"WebSite","@id":"https:\/\/www.blogsoestado.com\/danielmatos\/#website","url":"https:\/\/www.blogsoestado.com\/danielmatos\/","name":"Daniel Matos","description":"","potentialAction":[{"@type":"SearchAction","target":{"@type":"EntryPoint","urlTemplate":"https:\/\/www.blogsoestado.com\/danielmatos\/?s={search_term_string}"},"query-input":{"@type":"PropertyValueSpecification","valueRequired":true,"valueName":"search_term_string"}}],"inLanguage":"pt-BR"}]}},"jetpack_featured_media_url":"","_links":{"self":[{"href":"https:\/\/www.blogsoestado.com\/danielmatos\/wp-json\/wp\/v2\/posts\/215","targetHints":{"allow":["GET"]}}],"collection":[{"href":"https:\/\/www.blogsoestado.com\/danielmatos\/wp-json\/wp\/v2\/posts"}],"about":[{"href":"https:\/\/www.blogsoestado.com\/danielmatos\/wp-json\/wp\/v2\/types\/post"}],"replies":[{"embeddable":true,"href":"https:\/\/www.blogsoestado.com\/danielmatos\/wp-json\/wp\/v2\/comments?post=215"}],"version-history":[{"count":0,"href":"https:\/\/www.blogsoestado.com\/danielmatos\/wp-json\/wp\/v2\/posts\/215\/revisions"}],"wp:attachment":[{"href":"https:\/\/www.blogsoestado.com\/danielmatos\/wp-json\/wp\/v2\/media?parent=215"}],"wp:term":[{"taxonomy":"category","embeddable":true,"href":"https:\/\/www.blogsoestado.com\/danielmatos\/wp-json\/wp\/v2\/categories?post=215"},{"taxonomy":"post_tag","embeddable":true,"href":"https:\/\/www.blogsoestado.com\/danielmatos\/wp-json\/wp\/v2\/tags?post=215"}],"curies":[{"name":"wp","href":"https:\/\/api.w.org\/{rel}","templated":true}]}}