{"id":21506,"date":"2015-01-09T08:16:42","date_gmt":"2015-01-09T11:16:42","guid":{"rendered":"https:\/\/www.blogsoestado.com\/danielmatos\/?p=21506"},"modified":"2015-01-09T08:16:42","modified_gmt":"2015-01-09T11:16:42","slug":"ufma-implanta-licenciatura-em-educacao-do-campo-em-bacabal","status":"publish","type":"post","link":"https:\/\/www.blogsoestado.com\/danielmatos\/ufma-implanta-licenciatura-em-educacao-do-campo-em-bacabal\/","title":{"rendered":"UFMA implanta Licenciatura em Educa\u00e7\u00e3o do Campo em Bacabal"},"content":{"rendered":"<figure id=\"attachment_21507\" aria-describedby=\"caption-attachment-21507\" style=\"width: 448px\" class=\"wp-caption alignright\"><a href=\"https:\/\/www.blogsoestado.com\/danielmatos\/files\/2015\/01\/ufma-bacabal.png\"><img fetchpriority=\"high\" decoding=\"async\" class=\"size-full wp-image-21507\" src=\"https:\/\/www.blogsoestado.com\/danielmatos\/files\/2015\/01\/ufma-bacabal.png\" alt=\"Entrada do campus da UFMA de Bacabal  \" width=\"448\" height=\"336\" \/><\/a><figcaption id=\"caption-attachment-21507\" class=\"wp-caption-text\">Campus da UFMA de Bacabal ter\u00e1 licenciatura\u00a0em\u00a0Educa\u00e7\u00e3o do Campo<\/figcaption><\/figure>\n<p>Alimentar a utopia de um mundo melhor e mais qualidade de vida para milhares de jovens que vivem no campo. Com esse prop\u00f3sito e o entusiasmo de quem v\u00ea seu sonho se tornar realidade, a estudante Adriane Costa era uma das mais empolgadas na aula inaugural da licenciatura em Educa\u00e7\u00e3o do Campo, que a Universidade Federal do Maranh\u00e3o (UFMA) implantou na \u00faltima ter\u00e7a-feira, no Campus de Bacabal, a 246 km de S\u00e3o Lu\u00eds.<\/p>\n<p>O novo curso se difere dos outros pela divis\u00e3o em duas partes: tempo universidade e tempo escola comunidade. O primeiro seria o tempo que os alunos v\u00e3o passar em salas de aula estudando os conceitos e teorias cient\u00edficas. Enquanto o segundo \u00e9 o momento em que os alunos retornam para as suas comunidades a fim de colocarem em pr\u00e1tica o que aprenderam, mas sempre com a supervis\u00e3o de um professor orientador.<\/p>\n<p>O curso integra a pol\u00edtica de qualifica\u00e7\u00e3o docente do Governo Federal e tem como objetivo propiciar forma\u00e7\u00e3o de n\u00edvel superior para professores que atuam na educa\u00e7\u00e3o do campo, de forma a contribuir para a melhoria de qualidade da educa\u00e7\u00e3o no Maranh\u00e3o.<\/p>\n<p><strong>Direitos garantidos<\/strong><\/p>\n<p>O reitor Natalino Salgado disse que a chegada desse curso \u00e9, sobretudo, o resultado da conquista dos movimentos sociais para garantir os seus direitos. E lembrou do l\u00edder campon\u00eas Manoel da Concei\u00e7\u00e3o, que foi agraciado pela UFMA com o t\u00edtulo de Doutor Honoris Causa em reconhecimento \u00e0 sua incans\u00e1vel batalha \u00e0 favor dos trabalhadores rurais e dos sem terra. Salgado tamb\u00e9m se comprometeu a apoiar toda e qualquer a\u00e7\u00e3o necess\u00e1ria para o fortalecimento do curso. \u201cA UFMA n\u00e3o medir\u00e1 esfor\u00e7os para o desenvolvimento deste curso, com solidez e qualidade, de modo que Bacabal seja uma das refer\u00eancias em educa\u00e7\u00e3o do campo, assim como temos trabalhado com todo afinco na interioriza\u00e7\u00e3o das a\u00e7\u00f5es de nossa Universidade&#8221;, enfatizou.<\/p>\n<p>Coordenadora do curso, a professora Diana Costa Diniz, tamb\u00e9m ressaltou o papel dos movimentos sociais na luta por mais educa\u00e7\u00e3o no campo, em especial o Movimento dos Trabalhadores Rurais sem Terra (MST) e Associa\u00e7\u00e3o em \u00c1reas de Assentamento do Maranh\u00e3o. A nova licenciatura tem um significado importante que \u00e9 o de integrar o Pronera e o Procampo, programas do governo federal desenvolvidos pela UFMA, que j\u00e1 atuavam em \u00e1reas rurais e de assentamento, para uma melhor educa\u00e7\u00e3o no campo.<\/p>\n<p>Membro do DCE, Henrique Carneiro, um dos coordenadores do \u00f3rg\u00e3o de representa\u00e7\u00e3o estudantil da universidade, disse que com essa licenciatura a UFMA est\u00e1 cumprindo o seu papel social, porque \u201ceste \u00e9 um programa que forma educadores para atuarem em suas pr\u00f3prias comunidades\u201d. Para ele, \u00e9 por esse reconhecimento dos direitos do cidad\u00e3o e dos jovens que o DCE luta.<\/p>\n<p><strong>Incentivo<\/strong><\/p>\n<p>Em tom de incentivo, a coordenadora institucional do Pronera, Maria da Concei\u00e7\u00e3o Lobato Diniz, conclamou os estudantes a n\u00e3o desperdi\u00e7arem essa chance. \u201cAgarrem a oportunidade e nunca desistam, porque o compromisso \u00e9 com as vossas comunidades e os movimentos sociais que nunca desistiram de lutar\u201d, lembrou.<\/p>\n<p>Estavam presentes ainda na solenidade da aula inaugural a Pr\u00f3-Reitora de Ensino, Isabel Ibarra Cabrera; o Diretor do Campus de Bacabal, Marcio Javan Camelo de Lima; a Diretora do Centro de Ci\u00eancias Biol\u00f3gicas e da Sa\u00fade, Nair Portela; a Coordenadora Institucional do Pronera\/UFMA, Maria da Concei\u00e7\u00e3o Lobato Diniz; e o Representante do Comit\u00ea Estadual da Educa\u00e7\u00e3o do Campo, Jonas Borges.<\/p>\n","protected":false},"excerpt":{"rendered":"<p>Alimentar a utopia de um mundo melhor e mais qualidade de vida para milhares de jovens que vivem no campo. [&hellip;]<\/p>\n","protected":false},"author":0,"featured_media":0,"comment_status":"open","ping_status":"open","sticky":false,"template":"","format":"standard","meta":{"site-sidebar-layout":"default","site-content-layout":"","ast-site-content-layout":"default","site-content-style":"default","site-sidebar-style":"default","ast-global-header-display":"","ast-banner-title-visibility":"","ast-main-header-display":"","ast-hfb-above-header-display":"","ast-hfb-below-header-display":"","ast-hfb-mobile-header-display":"","site-post-title":"","ast-breadcrumbs-content":"","ast-featured-img":"","footer-sml-layout":"","ast-disable-related-posts":"","theme-transparent-header-meta":"","adv-header-id-meta":"","stick-header-meta":"","header-above-stick-meta":"","header-main-stick-meta":"","header-below-stick-meta":"","astra-migrate-meta-layouts":"default","ast-page-background-enabled":"default","ast-page-background-meta":{"desktop":{"background-color":"var(--ast-global-color-5)","background-image":"","background-repeat":"repeat","background-position":"center center","background-size":"auto","background-attachment":"scroll","background-type":"","background-media":"","overlay-type":"","overlay-color":"","overlay-opacity":"","overlay-gradient":""},"tablet":{"background-color":"","background-image":"","background-repeat":"repeat","background-position":"center center","background-size":"auto","background-attachment":"scroll","background-type":"","background-media":"","overlay-type":"","overlay-color":"","overlay-opacity":"","overlay-gradient":""},"mobile":{"background-color":"","background-image":"","background-repeat":"repeat","background-position":"center center","background-size":"auto","background-attachment":"scroll","background-type":"","background-media":"","overlay-type":"","overlay-color":"","overlay-opacity":"","overlay-gradient":""}},"ast-content-background-meta":{"desktop":{"background-color":"var(--ast-global-color-4)","background-image":"","background-repeat":"repeat","background-position":"center center","background-size":"auto","background-attachment":"scroll","background-type":"","background-media":"","overlay-type":"","overlay-color":"","overlay-opacity":"","overlay-gradient":""},"tablet":{"background-color":"var(--ast-global-color-4)","background-image":"","background-repeat":"repeat","background-position":"center center","background-size":"auto","background-attachment":"scroll","background-type":"","background-media":"","overlay-type":"","overlay-color":"","overlay-opacity":"","overlay-gradient":""},"mobile":{"background-color":"var(--ast-global-color-4)","background-image":"","background-repeat":"repeat","background-position":"center center","background-size":"auto","background-attachment":"scroll","background-type":"","background-media":"","overlay-type":"","overlay-color":"","overlay-opacity":"","overlay-gradient":""}},"footnotes":""},"categories":[1],"tags":[],"class_list":["post-21506","post","type-post","status-publish","format-standard","hentry","category-sem-categoria"],"yoast_head":"<!-- This site is optimized with the Yoast SEO plugin v26.6 - https:\/\/yoast.com\/wordpress\/plugins\/seo\/ -->\n<title>UFMA implanta Licenciatura em Educa\u00e7\u00e3o do Campo em Bacabal - Daniel Matos<\/title>\n<meta name=\"robots\" content=\"index, follow, max-snippet:-1, max-image-preview:large, max-video-preview:-1\" \/>\n<link rel=\"canonical\" href=\"https:\/\/www.blogsoestado.com\/danielmatos\/ufma-implanta-licenciatura-em-educacao-do-campo-em-bacabal\/\" \/>\n<meta property=\"og:locale\" content=\"pt_BR\" \/>\n<meta property=\"og:type\" content=\"article\" \/>\n<meta property=\"og:title\" content=\"UFMA implanta Licenciatura em Educa\u00e7\u00e3o do Campo em Bacabal - Daniel Matos\" \/>\n<meta property=\"og:description\" content=\"Alimentar a utopia de um mundo melhor e mais qualidade de vida para milhares de jovens que vivem no campo. [&hellip;]\" \/>\n<meta property=\"og:url\" content=\"https:\/\/www.blogsoestado.com\/danielmatos\/ufma-implanta-licenciatura-em-educacao-do-campo-em-bacabal\/\" \/>\n<meta property=\"og:site_name\" content=\"Daniel Matos\" \/>\n<meta property=\"article:published_time\" content=\"2015-01-09T11:16:42+00:00\" \/>\n<meta property=\"og:image\" content=\"https:\/\/www.blogsoestado.com\/danielmatos\/files\/2015\/01\/ufma-bacabal.png\" \/>\n<meta name=\"twitter:card\" content=\"summary_large_image\" \/>\n<meta name=\"twitter:label1\" content=\"Est. tempo de leitura\" \/>\n\t<meta name=\"twitter:data1\" content=\"3 minutos\" \/>\n<script type=\"application\/ld+json\" class=\"yoast-schema-graph\">{\"@context\":\"https:\/\/schema.org\",\"@graph\":[{\"@type\":\"WebPage\",\"@id\":\"https:\/\/www.blogsoestado.com\/danielmatos\/ufma-implanta-licenciatura-em-educacao-do-campo-em-bacabal\/\",\"url\":\"https:\/\/www.blogsoestado.com\/danielmatos\/ufma-implanta-licenciatura-em-educacao-do-campo-em-bacabal\/\",\"name\":\"UFMA implanta Licenciatura em Educa\u00e7\u00e3o do Campo em Bacabal - Daniel Matos\",\"isPartOf\":{\"@id\":\"https:\/\/www.blogsoestado.com\/danielmatos\/#website\"},\"primaryImageOfPage\":{\"@id\":\"https:\/\/www.blogsoestado.com\/danielmatos\/ufma-implanta-licenciatura-em-educacao-do-campo-em-bacabal\/#primaryimage\"},\"image\":{\"@id\":\"https:\/\/www.blogsoestado.com\/danielmatos\/ufma-implanta-licenciatura-em-educacao-do-campo-em-bacabal\/#primaryimage\"},\"thumbnailUrl\":\"https:\/\/www.blogsoestado.com\/danielmatos\/files\/2015\/01\/ufma-bacabal.png\",\"datePublished\":\"2015-01-09T11:16:42+00:00\",\"author\":{\"@id\":\"\"},\"breadcrumb\":{\"@id\":\"https:\/\/www.blogsoestado.com\/danielmatos\/ufma-implanta-licenciatura-em-educacao-do-campo-em-bacabal\/#breadcrumb\"},\"inLanguage\":\"pt-BR\",\"potentialAction\":[{\"@type\":\"ReadAction\",\"target\":[\"https:\/\/www.blogsoestado.com\/danielmatos\/ufma-implanta-licenciatura-em-educacao-do-campo-em-bacabal\/\"]}]},{\"@type\":\"ImageObject\",\"inLanguage\":\"pt-BR\",\"@id\":\"https:\/\/www.blogsoestado.com\/danielmatos\/ufma-implanta-licenciatura-em-educacao-do-campo-em-bacabal\/#primaryimage\",\"url\":\"https:\/\/www.blogsoestado.com\/danielmatos\/files\/2015\/01\/ufma-bacabal.png\",\"contentUrl\":\"https:\/\/www.blogsoestado.com\/danielmatos\/files\/2015\/01\/ufma-bacabal.png\"},{\"@type\":\"BreadcrumbList\",\"@id\":\"https:\/\/www.blogsoestado.com\/danielmatos\/ufma-implanta-licenciatura-em-educacao-do-campo-em-bacabal\/#breadcrumb\",\"itemListElement\":[{\"@type\":\"ListItem\",\"position\":1,\"name\":\"In\u00edcio\",\"item\":\"https:\/\/www.blogsoestado.com\/danielmatos\/\"},{\"@type\":\"ListItem\",\"position\":2,\"name\":\"UFMA implanta Licenciatura em Educa\u00e7\u00e3o do Campo em Bacabal\"}]},{\"@type\":\"WebSite\",\"@id\":\"https:\/\/www.blogsoestado.com\/danielmatos\/#website\",\"url\":\"https:\/\/www.blogsoestado.com\/danielmatos\/\",\"name\":\"Daniel Matos\",\"description\":\"\",\"potentialAction\":[{\"@type\":\"SearchAction\",\"target\":{\"@type\":\"EntryPoint\",\"urlTemplate\":\"https:\/\/www.blogsoestado.com\/danielmatos\/?s={search_term_string}\"},\"query-input\":{\"@type\":\"PropertyValueSpecification\",\"valueRequired\":true,\"valueName\":\"search_term_string\"}}],\"inLanguage\":\"pt-BR\"}]}<\/script>\n<!-- \/ Yoast SEO plugin. -->","yoast_head_json":{"title":"UFMA implanta Licenciatura em Educa\u00e7\u00e3o do Campo em Bacabal - Daniel Matos","robots":{"index":"index","follow":"follow","max-snippet":"max-snippet:-1","max-image-preview":"max-image-preview:large","max-video-preview":"max-video-preview:-1"},"canonical":"https:\/\/www.blogsoestado.com\/danielmatos\/ufma-implanta-licenciatura-em-educacao-do-campo-em-bacabal\/","og_locale":"pt_BR","og_type":"article","og_title":"UFMA implanta Licenciatura em Educa\u00e7\u00e3o do Campo em Bacabal - Daniel Matos","og_description":"Alimentar a utopia de um mundo melhor e mais qualidade de vida para milhares de jovens que vivem no campo. [&hellip;]","og_url":"https:\/\/www.blogsoestado.com\/danielmatos\/ufma-implanta-licenciatura-em-educacao-do-campo-em-bacabal\/","og_site_name":"Daniel Matos","article_published_time":"2015-01-09T11:16:42+00:00","og_image":[{"url":"https:\/\/www.blogsoestado.com\/danielmatos\/files\/2015\/01\/ufma-bacabal.png","type":"","width":"","height":""}],"twitter_card":"summary_large_image","twitter_misc":{"Est. tempo de leitura":"3 minutos"},"schema":{"@context":"https:\/\/schema.org","@graph":[{"@type":"WebPage","@id":"https:\/\/www.blogsoestado.com\/danielmatos\/ufma-implanta-licenciatura-em-educacao-do-campo-em-bacabal\/","url":"https:\/\/www.blogsoestado.com\/danielmatos\/ufma-implanta-licenciatura-em-educacao-do-campo-em-bacabal\/","name":"UFMA implanta Licenciatura em Educa\u00e7\u00e3o do Campo em Bacabal - Daniel Matos","isPartOf":{"@id":"https:\/\/www.blogsoestado.com\/danielmatos\/#website"},"primaryImageOfPage":{"@id":"https:\/\/www.blogsoestado.com\/danielmatos\/ufma-implanta-licenciatura-em-educacao-do-campo-em-bacabal\/#primaryimage"},"image":{"@id":"https:\/\/www.blogsoestado.com\/danielmatos\/ufma-implanta-licenciatura-em-educacao-do-campo-em-bacabal\/#primaryimage"},"thumbnailUrl":"https:\/\/www.blogsoestado.com\/danielmatos\/files\/2015\/01\/ufma-bacabal.png","datePublished":"2015-01-09T11:16:42+00:00","author":{"@id":""},"breadcrumb":{"@id":"https:\/\/www.blogsoestado.com\/danielmatos\/ufma-implanta-licenciatura-em-educacao-do-campo-em-bacabal\/#breadcrumb"},"inLanguage":"pt-BR","potentialAction":[{"@type":"ReadAction","target":["https:\/\/www.blogsoestado.com\/danielmatos\/ufma-implanta-licenciatura-em-educacao-do-campo-em-bacabal\/"]}]},{"@type":"ImageObject","inLanguage":"pt-BR","@id":"https:\/\/www.blogsoestado.com\/danielmatos\/ufma-implanta-licenciatura-em-educacao-do-campo-em-bacabal\/#primaryimage","url":"https:\/\/www.blogsoestado.com\/danielmatos\/files\/2015\/01\/ufma-bacabal.png","contentUrl":"https:\/\/www.blogsoestado.com\/danielmatos\/files\/2015\/01\/ufma-bacabal.png"},{"@type":"BreadcrumbList","@id":"https:\/\/www.blogsoestado.com\/danielmatos\/ufma-implanta-licenciatura-em-educacao-do-campo-em-bacabal\/#breadcrumb","itemListElement":[{"@type":"ListItem","position":1,"name":"In\u00edcio","item":"https:\/\/www.blogsoestado.com\/danielmatos\/"},{"@type":"ListItem","position":2,"name":"UFMA implanta Licenciatura em Educa\u00e7\u00e3o do Campo em Bacabal"}]},{"@type":"WebSite","@id":"https:\/\/www.blogsoestado.com\/danielmatos\/#website","url":"https:\/\/www.blogsoestado.com\/danielmatos\/","name":"Daniel Matos","description":"","potentialAction":[{"@type":"SearchAction","target":{"@type":"EntryPoint","urlTemplate":"https:\/\/www.blogsoestado.com\/danielmatos\/?s={search_term_string}"},"query-input":{"@type":"PropertyValueSpecification","valueRequired":true,"valueName":"search_term_string"}}],"inLanguage":"pt-BR"}]}},"jetpack_featured_media_url":"","_links":{"self":[{"href":"https:\/\/www.blogsoestado.com\/danielmatos\/wp-json\/wp\/v2\/posts\/21506","targetHints":{"allow":["GET"]}}],"collection":[{"href":"https:\/\/www.blogsoestado.com\/danielmatos\/wp-json\/wp\/v2\/posts"}],"about":[{"href":"https:\/\/www.blogsoestado.com\/danielmatos\/wp-json\/wp\/v2\/types\/post"}],"replies":[{"embeddable":true,"href":"https:\/\/www.blogsoestado.com\/danielmatos\/wp-json\/wp\/v2\/comments?post=21506"}],"version-history":[{"count":0,"href":"https:\/\/www.blogsoestado.com\/danielmatos\/wp-json\/wp\/v2\/posts\/21506\/revisions"}],"wp:attachment":[{"href":"https:\/\/www.blogsoestado.com\/danielmatos\/wp-json\/wp\/v2\/media?parent=21506"}],"wp:term":[{"taxonomy":"category","embeddable":true,"href":"https:\/\/www.blogsoestado.com\/danielmatos\/wp-json\/wp\/v2\/categories?post=21506"},{"taxonomy":"post_tag","embeddable":true,"href":"https:\/\/www.blogsoestado.com\/danielmatos\/wp-json\/wp\/v2\/tags?post=21506"}],"curies":[{"name":"wp","href":"https:\/\/api.w.org\/{rel}","templated":true}]}}