{"id":21522,"date":"2015-01-09T17:52:46","date_gmt":"2015-01-09T20:52:46","guid":{"rendered":"https:\/\/www.blogsoestado.com\/danielmatos\/?p=21522"},"modified":"2015-01-09T17:52:46","modified_gmt":"2015-01-09T20:52:46","slug":"com-50-cargos-primeiro-escalao-de-flavio-dino-e-maior-do-que-o-ministerio-de-dilma","status":"publish","type":"post","link":"https:\/\/www.blogsoestado.com\/danielmatos\/com-50-cargos-primeiro-escalao-de-flavio-dino-e-maior-do-que-o-ministerio-de-dilma\/","title":{"rendered":"Com 50 cargos, primeiro escal\u00e3o de Fl\u00e1vio Dino \u00e9 maior do que o minist\u00e9rio de Dilma"},"content":{"rendered":"<figure id=\"attachment_21523\" aria-describedby=\"caption-attachment-21523\" style=\"width: 448px\" class=\"wp-caption alignright\"><a href=\"https:\/\/www.blogsoestado.com\/danielmatos\/files\/2015\/01\/dino-primeiro-escalao.jpg\"><img fetchpriority=\"high\" decoding=\"async\" class=\"size-full wp-image-21523\" src=\"https:\/\/www.blogsoestado.com\/danielmatos\/files\/2015\/01\/dino-primeiro-escalao.jpg\" alt=\"Fl\u00e1vio Dino assina ato de posse de um dos seus 50 auxiliares de primeiro escal\u00e3o\" width=\"448\" height=\"297\" \/><\/a><figcaption id=\"caption-attachment-21523\" class=\"wp-caption-text\">Fl\u00e1vio Dino assina ato de posse de um dos seus 50 auxiliares de primeiro escal\u00e3o<\/figcaption><\/figure>\n<p>O governador Fl\u00e1vio Dino (PCdoB) inchou a m\u00e1quina administrativa do Estado ao m\u00e1ximo que pode.\u00a0N\u00e3o satisfeito com o contingente\u00a0de auxiliares imediatos\u00a0de que j\u00e1 dispunha, ele criou mais duas secretarias (Agricultura Familiar e Transpar\u00eancia e Controle)\u00a0e ainda o\u00a0 Instituto de Educa\u00e7\u00e3o, Ci\u00eancia e Tecnologia (Iema) e a Empresa de Transportes Urbanos, chegando assim\u00a0ao n\u00famero recorde de 50 cargos de primeiro escal\u00e3o. Com tantas nomea\u00e7\u00f5es, o secretariado do Governo do Maranh\u00e3o tem em seu organograma 11 postos a mais do que o minist\u00e9rio da presidente Dilma Rousseff, que incluindo as fun\u00e7\u00f5es com status de ministro, tem 39 cargos, n\u00famero j\u00e1 considerado excessivamente alto.<\/p>\n<p>Levando em conta que cada pasta subordinada a Fl\u00e1vio Dino cont\u00e9m dezenas de cargos, grande parte\u00a0em comiss\u00e3o, a quantidade de aliados acomodados no governo chega a alguns milhares, gerando um custo alt\u00edssimo ao Er\u00e1rio. O incha\u00e7o da m\u00e1quina, portanto, \u00e9 mais um fato a desmentir o governador no que tange \u00e0 sua anunciada pol\u00edtica de corte de gastos.<\/p>\n<p>Tantos cargos fazem aumentar o risco de sobreposi\u00e7\u00e3o de fun\u00e7\u00f5es e de conflitos de compet\u00eancia no mais alto escal\u00e3o do governo. Por exemplo: as atribui\u00e7\u00f5es do rec\u00e9m-criado Instituto\u00a0de Educa\u00e7\u00e3o, Ci\u00eancia e Tecnologia (Iema) podem entrar em choque com as a\u00e7\u00f5es da Funda\u00e7\u00e3o de Amparo \u00e0 Pesquisa e ao Desenvolvimento Cient\u00edfico e Tecnol\u00f3gico do Maranh\u00e3o (Fapema) ou mesmo com a miss\u00e3o da Secretaria de Ci\u00eancia, Tecnologia e Ensino Superior (Sectec).<\/p>\n<p>Os gestores de cada um dos tr\u00eas \u00f3rg\u00e3os citados precisar\u00e3o\u00a0ter sensibilidade agu\u00e7ada e dispor de amplo conhecimento t\u00e9cnico (pr\u00f3prio ou de terceiros) para n\u00e3o invadir as \u00e1reas uns dos\u00a0outros. Essa situa\u00e7\u00e3o pode dar margem, at\u00e9 mesmo, a uma guerra de egos, o que tende a ser desastroso para a administra\u00e7\u00e3o p\u00fablica.<\/p>\n<p>Com uma estrutura t\u00e3o inflada, que contempla toda a sua base de apoio, Fl\u00e1vio Dino\u00a0pode at\u00e9 querer apertar o cinto, mas \u00e9 improv\u00e1vel que as medidas de ajuste atinjam o seu\u00a0ex\u00e9rcito de\u00a0apaniguados.<\/p>\n<p>Abaixo, a compara\u00e7\u00e3o entre o secretariado de Fl\u00e1vio Dino e o minist\u00e9rio de Dilma Rousseff, cargo por cargo:<\/p>\n<p><strong>Equipe do Governo Fl\u00e1vio Dino<\/strong><\/p>\n<p>1 &#8211; Secretaria de Administra\u00e7\u00e3o Penitenci\u00e1ria \u2013 Murilo Andrade<br \/>\n2 &#8211; Secretaria de Agricultura \u2013 M\u00e1rcio Honaiser<br \/>\n3 &#8211; Secretaria de Agricultura Familiar \u2013 Adelmo Soares<br \/>\n4 &#8211; Secretaria de Articula\u00e7\u00e3o Pol\u00edtica e Assuntos Federativos \u2013 M\u00e1rcio Jerry<br \/>\n5 &#8211; Secretaria de Cidades \u2013 Fl\u00e1via Alexandrina Coelho<br \/>\n6 &#8211; Secretaria de Ci\u00eancia, Tecnologia e Ensino Superior \u2013 Bira do Pindar\u00e9<br \/>\n7 &#8211; Secretaria de Comunica\u00e7\u00e3o \u2013 Robson Paz<br \/>\n8 &#8211; Secretaria de Cultura \u2013 Ester Marques<br \/>\n9 &#8211; Secretaria de Desenvolvimento Social \u2013 Neto Evangelista<br \/>\n10 &#8211; Secretaria de Direitos Humanos \u2013 Francisco Gon\u00e7alves<br \/>\n11 &#8211; Secretaria de Educa\u00e7\u00e3o \u2013 \u00c1urea Prazeres<br \/>\n12 &#8211; Secretaria de Esporte \u2013 M\u00e1rcio Jardim<br \/>\n13 &#8211; Secretaria de Fazenda \u2013 Marcellus Ribeiro Alves<br \/>\n14 &#8211; Secretaria de Gest\u00e3o e Previd\u00eancia \u2013 Felipe Camar\u00e3o<br \/>\n15 &#8211; Secretaria de Igualdade Racial \u2013 Gerson Pinheiro<br \/>\n16 &#8211; Secretaria de Ind\u00fastria e Com\u00e9rcio \u2013 Simpl\u00edcio Ara\u00fajo<br \/>\n17 &#8211; Secretaria de Infraestrutura \u2013 Clayton Noleto<br \/>\n18 &#8211; Secretaria de Juventude \u2013 Tatiana Pereira<br \/>\n19 &#8211; Secretaria de Meio Ambiente \u2013 Marcelo Coelho<br \/>\n20 &#8211; Secretaria de Minas e Energia \u2013 Jos\u00e9 Reinaldo Tavares<br \/>\n21 &#8211; Secretaria de Mulher \u2013 Laurinda Pinto<br \/>\n22 &#8211; Secretaria de Planejamento \u2013 Cinthia Mota Lima<br \/>\n23 &#8211; Secretaria de Sa\u00fade \u2013 Marcos Pacheco<br \/>\n24 &#8211; Secretaria de Seguran\u00e7a P\u00fablica \u2013 Jefferson Portela<br \/>\n25 &#8211; Secretaria de Trabalho \u2013 Juli\u00e3o Amin<br \/>\n26 &#8211; Secretaria de Transpar\u00eancia e Controle \u2013 Rodrigo Lago<br \/>\n27 &#8211; Secretaria de Turismo \u2013 Delma Andrade<br \/>\n28 &#8211; Ag\u00eancia de Pesquisa Agropecu\u00e1ria e Extens\u00e3o (Agerp) \u2013 Fortunato Macedo<br \/>\n29 &#8211; Assessoria de Imprensa \u2013 Aline Louise<br \/>\n30 &#8211; Assessoria Especial \u2013 Karla Trindade<br \/>\n31 &#8211; Casa Civil \u2013 Marcelo Tavares<br \/>\n32 &#8211; Casa Militar \u2013 Major Everaldo Santana<br \/>\n33 &#8211; Cerimonial \u2013 Telma Moura de Oliveira<br \/>\n34 &#8211; Comandante do Corpo de Bombeiros \u2013 Cel. Roberto Pinto de Ara\u00fajo<br \/>\n35 &#8211; Comandante Geral da PMMA \u2013 Marco Ant\u00f4nio Alves da Silva<br \/>\n36 &#8211; Comiss\u00e3o Central de Licita\u00e7\u00e3o \u2013 Paulo Guilherme Ara\u00fajo<br \/>\n37 &#8211; Delegacia Geral \u2013 Augusto Barros<br \/>\n38 &#8211; Detran \u2013 Ant\u00f4nio Nunes<br \/>\n39 &#8211; Empresa Maranhense de Administra\u00e7\u00e3o Portu\u00e1ria (Emap) \u2013 Ted Lago<br \/>\n40 &#8211; Empresa de Transportes Urbanos \u2013 Jos\u00e9 Arthur Cabral<br \/>\n41 &#8211; Funda\u00e7\u00e3o de Amparo \u00e0 Pesquisa e ao Desenvolvimento Cient\u00edfico e Tecnol\u00f3gico do Maranh\u00e3o (Fapema) \u2013 Alex Oliveira Souza<br \/>\n42 &#8211; Funda\u00e7\u00e3o da Crian\u00e7a e do Adolescente (Funac) \u2013 Elis\u00e2ngela Cardoso<br \/>\n43 &#8211; Instituto de Metrologia e Qualidade Industrial do Maranh\u00e3o (Inmeq) \u2013 Geraldo Cunha Carvalho Jr.<br \/>\n44 &#8211; Instituto de Coloniza\u00e7\u00e3o e Terra (Iterma) \u2013 Mauro Jorge<br \/>\n45 &#8211; Instituto de Educa\u00e7\u00e3o, Ci\u00eancia e Tecnologia (Iema) \u2013 Francisco Alberto Gon\u00e7alves<br \/>\n46 &#8211; Junta Comercial do Estado do Maranh\u00e3o (Jucema) \u2013 Sergio Sombra<br \/>\n47 &#8211; Procon \u2013 Duarte Filho<br \/>\n48 &#8211; Procuradoria Geral do Estado \u2013 Rodrigo Maia<br \/>\n49 &#8211; Representa\u00e7\u00e3o do Governo em Bras\u00edlia \u2013 Domingos Dutra<br \/>\n50 &#8211; Subcomandante Geral da PMMA \u2013 Cel. Raimundo Nonato Santos S\u00e1<\/p>\n<p><strong>Minist\u00e9rio de Dilma Rousseff<\/strong><\/p>\n<p>1 &#8211; Minist\u00e9rio da Fazenda &#8211; Joaquim Levy<br \/>\n2 &#8211; Minist\u00e9rio da Integra\u00e7\u00e3o Nacional &#8211; Gilberto Occhi<br \/>\n3 &#8211; Minist\u00e9rio de Minas e Energia &#8211; Eduardo Braga<br \/>\n4\u00a0&#8211; Minist\u00e9rio do Planejamento, Or\u00e7amento e Gest\u00e3o &#8211; Nelson Barbosa<br \/>\n5 &#8211; Minist\u00e9rio da Previd\u00eancia Social &#8211; Carlos Gabas<br \/>\n6 &#8211; Secretaria de Avia\u00e7\u00e3o Civil &#8211; Eliseu Padilha<br \/>\n7 &#8211; Minist\u00e9rio da Pesca e Aquicultura &#8211; Helder Barbalho<br \/>\n8 &#8211; Secretaria de Pol\u00edticas de Promo\u00e7\u00e3o da Igualdade Racial &#8211; Nilma Lino Gomes<br \/>\n9 &#8211; Secretaria de Portos &#8211; Edinho Ara\u00fajo<br \/>\n10 &#8211; Secretaria de Rela\u00e7\u00f5es Institucionais &#8211; Pepe Vargas<br \/>\n11 &#8211; Secretaria-Geral da Presid\u00eancia &#8211; Miguel Rossetto<br \/>\n12 &#8211; Minist\u00e9rio dos Transportes &#8211; Antonio Carlos Rodrigues<br \/>\n13 &#8211; Minist\u00e9rio do Turismo &#8211; Vinicius Lages<br \/>\n14 &#8211; Advocacia-Geral da Uni\u00e3o &#8211; Lu\u00eds In\u00e1cio Adams<br \/>\n15 &#8211; Secretaria de Assuntos Estrat\u00e9gicos &#8211; Marcelo Neri<br \/>\n16 &#8211; Secretaria de Comunica\u00e7\u00e3o Social &#8211; Thomas Traumann<br \/>\n17 &#8211; Secretaria de Direitos Humanos &#8211; Ideli Salvatti<br \/>\n18 &#8211; Secretaria da Micro e Pequena Empresa &#8211; Guilherme Afif Domingos<br \/>\n19 &#8211; Secretaria de Pol\u00edticas para as Mulheres &#8211; Eleonora Menicucci<br \/>\n20 &#8211; Gabinete de Seguran\u00e7a Institucional \u2013 Jos\u00e9 Elito Siqueiro<br \/>\n21 &#8211; Minist\u00e9rio da Agricultura, Pecu\u00e1ria e Abastecimento &#8211; K\u00e1tia Abreu<br \/>\n22 &#8211; Banco Central &#8211; Alexandre Tombini<br \/>\n23 &#8211; Minist\u00e9rio das Cidades &#8211; Gilberto Kassab<br \/>\n24 &#8211; Minist\u00e9rio da Ci\u00eancia, Tecnologia e Inova\u00e7\u00e3o &#8211; Aldo Rebelo<br \/>\n25 &#8211; Minist\u00e9rio das Comunica\u00e7\u00f5es &#8211; Ricardo Berzoini<br \/>\n26 &#8211; Controladoria-Geral da Uni\u00e3o &#8211; Valdir Sim\u00e3o<br \/>\n27 &#8211; Minist\u00e9rio da Cultura &#8211; Juca Ferreira<br \/>\n28 &#8211; Minist\u00e9rio da Defesa &#8211; Jaques Wagner<br \/>\n29 &#8211; Minist\u00e9rio do Desenvolvimento Agr\u00e1rio &#8211; Patrus Ananias<br \/>\n30 &#8211; Minist\u00e9rio do Desenvolvimento, Ind\u00fastria e Com\u00e9rcio Exterior &#8211; Armando Monteiro Neto<br \/>\n31 &#8211; Minist\u00e9rio da Educa\u00e7\u00e3o &#8211; Cid Gomes<br \/>\n32 &#8211; Minist\u00e9rio do Esporte &#8211; George Hilton<br \/>\n33 &#8211; Casa Civil &#8211; Aloizio Mercadante<br \/>\n34 &#8211; Minist\u00e9rio do Desenvolvimento Social e Combate \u00e0 Fome- Tereza Campello<br \/>\n35 &#8211; Minist\u00e9rio da Justi\u00e7a &#8211; Jos\u00e9 Eduardo Cardozo<br \/>\n36 &#8211; Minist\u00e9rio do Meio Ambiente &#8211; Izabella Teixeira<br \/>\n37 &#8211; Minist\u00e9rio das Rela\u00e7\u00f5es Exteriores &#8211; Mauro Vieira<br \/>\n38 &#8211; Minist\u00e9rio da Sa\u00fade &#8211; Arthur Chioro<br \/>\n39 &#8211; Minist\u00e9rio do Trabalho e Emprego &#8211; Manoel Dias<\/p>\n","protected":false},"excerpt":{"rendered":"<p>O governador Fl\u00e1vio Dino (PCdoB) inchou a m\u00e1quina administrativa do Estado ao m\u00e1ximo que pode.\u00a0N\u00e3o satisfeito com o contingente\u00a0de auxiliares [&hellip;]<\/p>\n","protected":false},"author":0,"featured_media":0,"comment_status":"open","ping_status":"open","sticky":false,"template":"","format":"standard","meta":{"site-sidebar-layout":"default","site-content-layout":"","ast-site-content-layout":"default","site-content-style":"default","site-sidebar-style":"default","ast-global-header-display":"","ast-banner-title-visibility":"","ast-main-header-display":"","ast-hfb-above-header-display":"","ast-hfb-below-header-display":"","ast-hfb-mobile-header-display":"","site-post-title":"","ast-breadcrumbs-content":"","ast-featured-img":"","footer-sml-layout":"","ast-disable-related-posts":"","theme-transparent-header-meta":"","adv-header-id-meta":"","stick-header-meta":"","header-above-stick-meta":"","header-main-stick-meta":"","header-below-stick-meta":"","astra-migrate-meta-layouts":"default","ast-page-background-enabled":"default","ast-page-background-meta":{"desktop":{"background-color":"var(--ast-global-color-5)","background-image":"","background-repeat":"repeat","background-position":"center center","background-size":"auto","background-attachment":"scroll","background-type":"","background-media":"","overlay-type":"","overlay-color":"","overlay-opacity":"","overlay-gradient":""},"tablet":{"background-color":"","background-image":"","background-repeat":"repeat","background-position":"center center","background-size":"auto","background-attachment":"scroll","background-type":"","background-media":"","overlay-type":"","overlay-color":"","overlay-opacity":"","overlay-gradient":""},"mobile":{"background-color":"","background-image":"","background-repeat":"repeat","background-position":"center center","background-size":"auto","background-attachment":"scroll","background-type":"","background-media":"","overlay-type":"","overlay-color":"","overlay-opacity":"","overlay-gradient":""}},"ast-content-background-meta":{"desktop":{"background-color":"var(--ast-global-color-4)","background-image":"","background-repeat":"repeat","background-position":"center center","background-size":"auto","background-attachment":"scroll","background-type":"","background-media":"","overlay-type":"","overlay-color":"","overlay-opacity":"","overlay-gradient":""},"tablet":{"background-color":"var(--ast-global-color-4)","background-image":"","background-repeat":"repeat","background-position":"center center","background-size":"auto","background-attachment":"scroll","background-type":"","background-media":"","overlay-type":"","overlay-color":"","overlay-opacity":"","overlay-gradient":""},"mobile":{"background-color":"var(--ast-global-color-4)","background-image":"","background-repeat":"repeat","background-position":"center center","background-size":"auto","background-attachment":"scroll","background-type":"","background-media":"","overlay-type":"","overlay-color":"","overlay-opacity":"","overlay-gradient":""}},"footnotes":""},"categories":[1],"tags":[],"class_list":["post-21522","post","type-post","status-publish","format-standard","hentry","category-sem-categoria"],"yoast_head":"<!-- This site is optimized with the Yoast SEO plugin v26.6 - https:\/\/yoast.com\/wordpress\/plugins\/seo\/ -->\n<title>Com 50 cargos, primeiro escal\u00e3o de Fl\u00e1vio Dino \u00e9 maior do que o minist\u00e9rio de Dilma - Daniel Matos<\/title>\n<meta name=\"robots\" content=\"index, follow, max-snippet:-1, max-image-preview:large, max-video-preview:-1\" \/>\n<link rel=\"canonical\" href=\"https:\/\/www.blogsoestado.com\/danielmatos\/com-50-cargos-primeiro-escalao-de-flavio-dino-e-maior-do-que-o-ministerio-de-dilma\/\" \/>\n<meta property=\"og:locale\" content=\"pt_BR\" \/>\n<meta property=\"og:type\" content=\"article\" \/>\n<meta property=\"og:title\" content=\"Com 50 cargos, primeiro escal\u00e3o de Fl\u00e1vio Dino \u00e9 maior do que o minist\u00e9rio de Dilma - Daniel Matos\" \/>\n<meta property=\"og:description\" content=\"O governador Fl\u00e1vio Dino (PCdoB) inchou a m\u00e1quina administrativa do Estado ao m\u00e1ximo que pode.\u00a0N\u00e3o satisfeito com o contingente\u00a0de auxiliares [&hellip;]\" \/>\n<meta property=\"og:url\" content=\"https:\/\/www.blogsoestado.com\/danielmatos\/com-50-cargos-primeiro-escalao-de-flavio-dino-e-maior-do-que-o-ministerio-de-dilma\/\" \/>\n<meta property=\"og:site_name\" content=\"Daniel Matos\" \/>\n<meta property=\"article:published_time\" content=\"2015-01-09T20:52:46+00:00\" \/>\n<meta property=\"og:image\" content=\"https:\/\/www.blogsoestado.com\/danielmatos\/files\/2015\/01\/dino-primeiro-escalao.jpg\" \/>\n<meta name=\"twitter:card\" content=\"summary_large_image\" \/>\n<meta name=\"twitter:label1\" content=\"Est. tempo de leitura\" \/>\n\t<meta name=\"twitter:data1\" content=\"6 minutos\" \/>\n<script type=\"application\/ld+json\" class=\"yoast-schema-graph\">{\"@context\":\"https:\/\/schema.org\",\"@graph\":[{\"@type\":\"WebPage\",\"@id\":\"https:\/\/www.blogsoestado.com\/danielmatos\/com-50-cargos-primeiro-escalao-de-flavio-dino-e-maior-do-que-o-ministerio-de-dilma\/\",\"url\":\"https:\/\/www.blogsoestado.com\/danielmatos\/com-50-cargos-primeiro-escalao-de-flavio-dino-e-maior-do-que-o-ministerio-de-dilma\/\",\"name\":\"Com 50 cargos, primeiro escal\u00e3o de Fl\u00e1vio Dino \u00e9 maior do que o minist\u00e9rio de Dilma - Daniel Matos\",\"isPartOf\":{\"@id\":\"https:\/\/www.blogsoestado.com\/danielmatos\/#website\"},\"primaryImageOfPage\":{\"@id\":\"https:\/\/www.blogsoestado.com\/danielmatos\/com-50-cargos-primeiro-escalao-de-flavio-dino-e-maior-do-que-o-ministerio-de-dilma\/#primaryimage\"},\"image\":{\"@id\":\"https:\/\/www.blogsoestado.com\/danielmatos\/com-50-cargos-primeiro-escalao-de-flavio-dino-e-maior-do-que-o-ministerio-de-dilma\/#primaryimage\"},\"thumbnailUrl\":\"https:\/\/www.blogsoestado.com\/danielmatos\/files\/2015\/01\/dino-primeiro-escalao.jpg\",\"datePublished\":\"2015-01-09T20:52:46+00:00\",\"author\":{\"@id\":\"\"},\"breadcrumb\":{\"@id\":\"https:\/\/www.blogsoestado.com\/danielmatos\/com-50-cargos-primeiro-escalao-de-flavio-dino-e-maior-do-que-o-ministerio-de-dilma\/#breadcrumb\"},\"inLanguage\":\"pt-BR\",\"potentialAction\":[{\"@type\":\"ReadAction\",\"target\":[\"https:\/\/www.blogsoestado.com\/danielmatos\/com-50-cargos-primeiro-escalao-de-flavio-dino-e-maior-do-que-o-ministerio-de-dilma\/\"]}]},{\"@type\":\"ImageObject\",\"inLanguage\":\"pt-BR\",\"@id\":\"https:\/\/www.blogsoestado.com\/danielmatos\/com-50-cargos-primeiro-escalao-de-flavio-dino-e-maior-do-que-o-ministerio-de-dilma\/#primaryimage\",\"url\":\"https:\/\/www.blogsoestado.com\/danielmatos\/files\/2015\/01\/dino-primeiro-escalao.jpg\",\"contentUrl\":\"https:\/\/www.blogsoestado.com\/danielmatos\/files\/2015\/01\/dino-primeiro-escalao.jpg\"},{\"@type\":\"BreadcrumbList\",\"@id\":\"https:\/\/www.blogsoestado.com\/danielmatos\/com-50-cargos-primeiro-escalao-de-flavio-dino-e-maior-do-que-o-ministerio-de-dilma\/#breadcrumb\",\"itemListElement\":[{\"@type\":\"ListItem\",\"position\":1,\"name\":\"In\u00edcio\",\"item\":\"https:\/\/www.blogsoestado.com\/danielmatos\/\"},{\"@type\":\"ListItem\",\"position\":2,\"name\":\"Com 50 cargos, primeiro escal\u00e3o de Fl\u00e1vio Dino \u00e9 maior do que o minist\u00e9rio de Dilma\"}]},{\"@type\":\"WebSite\",\"@id\":\"https:\/\/www.blogsoestado.com\/danielmatos\/#website\",\"url\":\"https:\/\/www.blogsoestado.com\/danielmatos\/\",\"name\":\"Daniel Matos\",\"description\":\"\",\"potentialAction\":[{\"@type\":\"SearchAction\",\"target\":{\"@type\":\"EntryPoint\",\"urlTemplate\":\"https:\/\/www.blogsoestado.com\/danielmatos\/?s={search_term_string}\"},\"query-input\":{\"@type\":\"PropertyValueSpecification\",\"valueRequired\":true,\"valueName\":\"search_term_string\"}}],\"inLanguage\":\"pt-BR\"}]}<\/script>\n<!-- \/ Yoast SEO plugin. -->","yoast_head_json":{"title":"Com 50 cargos, primeiro escal\u00e3o de Fl\u00e1vio Dino \u00e9 maior do que o minist\u00e9rio de Dilma - Daniel Matos","robots":{"index":"index","follow":"follow","max-snippet":"max-snippet:-1","max-image-preview":"max-image-preview:large","max-video-preview":"max-video-preview:-1"},"canonical":"https:\/\/www.blogsoestado.com\/danielmatos\/com-50-cargos-primeiro-escalao-de-flavio-dino-e-maior-do-que-o-ministerio-de-dilma\/","og_locale":"pt_BR","og_type":"article","og_title":"Com 50 cargos, primeiro escal\u00e3o de Fl\u00e1vio Dino \u00e9 maior do que o minist\u00e9rio de Dilma - Daniel Matos","og_description":"O governador Fl\u00e1vio Dino (PCdoB) inchou a m\u00e1quina administrativa do Estado ao m\u00e1ximo que pode.\u00a0N\u00e3o satisfeito com o contingente\u00a0de auxiliares [&hellip;]","og_url":"https:\/\/www.blogsoestado.com\/danielmatos\/com-50-cargos-primeiro-escalao-de-flavio-dino-e-maior-do-que-o-ministerio-de-dilma\/","og_site_name":"Daniel Matos","article_published_time":"2015-01-09T20:52:46+00:00","og_image":[{"url":"https:\/\/www.blogsoestado.com\/danielmatos\/files\/2015\/01\/dino-primeiro-escalao.jpg","type":"","width":"","height":""}],"twitter_card":"summary_large_image","twitter_misc":{"Est. tempo de leitura":"6 minutos"},"schema":{"@context":"https:\/\/schema.org","@graph":[{"@type":"WebPage","@id":"https:\/\/www.blogsoestado.com\/danielmatos\/com-50-cargos-primeiro-escalao-de-flavio-dino-e-maior-do-que-o-ministerio-de-dilma\/","url":"https:\/\/www.blogsoestado.com\/danielmatos\/com-50-cargos-primeiro-escalao-de-flavio-dino-e-maior-do-que-o-ministerio-de-dilma\/","name":"Com 50 cargos, primeiro escal\u00e3o de Fl\u00e1vio Dino \u00e9 maior do que o minist\u00e9rio de Dilma - Daniel Matos","isPartOf":{"@id":"https:\/\/www.blogsoestado.com\/danielmatos\/#website"},"primaryImageOfPage":{"@id":"https:\/\/www.blogsoestado.com\/danielmatos\/com-50-cargos-primeiro-escalao-de-flavio-dino-e-maior-do-que-o-ministerio-de-dilma\/#primaryimage"},"image":{"@id":"https:\/\/www.blogsoestado.com\/danielmatos\/com-50-cargos-primeiro-escalao-de-flavio-dino-e-maior-do-que-o-ministerio-de-dilma\/#primaryimage"},"thumbnailUrl":"https:\/\/www.blogsoestado.com\/danielmatos\/files\/2015\/01\/dino-primeiro-escalao.jpg","datePublished":"2015-01-09T20:52:46+00:00","author":{"@id":""},"breadcrumb":{"@id":"https:\/\/www.blogsoestado.com\/danielmatos\/com-50-cargos-primeiro-escalao-de-flavio-dino-e-maior-do-que-o-ministerio-de-dilma\/#breadcrumb"},"inLanguage":"pt-BR","potentialAction":[{"@type":"ReadAction","target":["https:\/\/www.blogsoestado.com\/danielmatos\/com-50-cargos-primeiro-escalao-de-flavio-dino-e-maior-do-que-o-ministerio-de-dilma\/"]}]},{"@type":"ImageObject","inLanguage":"pt-BR","@id":"https:\/\/www.blogsoestado.com\/danielmatos\/com-50-cargos-primeiro-escalao-de-flavio-dino-e-maior-do-que-o-ministerio-de-dilma\/#primaryimage","url":"https:\/\/www.blogsoestado.com\/danielmatos\/files\/2015\/01\/dino-primeiro-escalao.jpg","contentUrl":"https:\/\/www.blogsoestado.com\/danielmatos\/files\/2015\/01\/dino-primeiro-escalao.jpg"},{"@type":"BreadcrumbList","@id":"https:\/\/www.blogsoestado.com\/danielmatos\/com-50-cargos-primeiro-escalao-de-flavio-dino-e-maior-do-que-o-ministerio-de-dilma\/#breadcrumb","itemListElement":[{"@type":"ListItem","position":1,"name":"In\u00edcio","item":"https:\/\/www.blogsoestado.com\/danielmatos\/"},{"@type":"ListItem","position":2,"name":"Com 50 cargos, primeiro escal\u00e3o de Fl\u00e1vio Dino \u00e9 maior do que o minist\u00e9rio de Dilma"}]},{"@type":"WebSite","@id":"https:\/\/www.blogsoestado.com\/danielmatos\/#website","url":"https:\/\/www.blogsoestado.com\/danielmatos\/","name":"Daniel Matos","description":"","potentialAction":[{"@type":"SearchAction","target":{"@type":"EntryPoint","urlTemplate":"https:\/\/www.blogsoestado.com\/danielmatos\/?s={search_term_string}"},"query-input":{"@type":"PropertyValueSpecification","valueRequired":true,"valueName":"search_term_string"}}],"inLanguage":"pt-BR"}]}},"jetpack_featured_media_url":"","_links":{"self":[{"href":"https:\/\/www.blogsoestado.com\/danielmatos\/wp-json\/wp\/v2\/posts\/21522","targetHints":{"allow":["GET"]}}],"collection":[{"href":"https:\/\/www.blogsoestado.com\/danielmatos\/wp-json\/wp\/v2\/posts"}],"about":[{"href":"https:\/\/www.blogsoestado.com\/danielmatos\/wp-json\/wp\/v2\/types\/post"}],"replies":[{"embeddable":true,"href":"https:\/\/www.blogsoestado.com\/danielmatos\/wp-json\/wp\/v2\/comments?post=21522"}],"version-history":[{"count":0,"href":"https:\/\/www.blogsoestado.com\/danielmatos\/wp-json\/wp\/v2\/posts\/21522\/revisions"}],"wp:attachment":[{"href":"https:\/\/www.blogsoestado.com\/danielmatos\/wp-json\/wp\/v2\/media?parent=21522"}],"wp:term":[{"taxonomy":"category","embeddable":true,"href":"https:\/\/www.blogsoestado.com\/danielmatos\/wp-json\/wp\/v2\/categories?post=21522"},{"taxonomy":"post_tag","embeddable":true,"href":"https:\/\/www.blogsoestado.com\/danielmatos\/wp-json\/wp\/v2\/tags?post=21522"}],"curies":[{"name":"wp","href":"https:\/\/api.w.org\/{rel}","templated":true}]}}