{"id":21555,"date":"2015-01-12T16:25:51","date_gmt":"2015-01-12T19:25:51","guid":{"rendered":"https:\/\/www.blogsoestado.com\/danielmatos\/?p=21555"},"modified":"2015-01-12T16:25:51","modified_gmt":"2015-01-12T19:25:51","slug":"semed-apresenta-nova-equipe-pedagogica-e-dialoga-com-gestores-sobre-calendario-escolar","status":"publish","type":"post","link":"https:\/\/www.blogsoestado.com\/danielmatos\/semed-apresenta-nova-equipe-pedagogica-e-dialoga-com-gestores-sobre-calendario-escolar\/","title":{"rendered":"Semed apresenta nova equipe pedag\u00f3gica e dialoga com gestores sobre calend\u00e1rio escolar"},"content":{"rendered":"<figure id=\"attachment_21556\" aria-describedby=\"caption-attachment-21556\" style=\"width: 640px\" class=\"wp-caption aligncenter\"><a href=\"https:\/\/www.blogsoestado.com\/danielmatos\/files\/2015\/01\/geraldo-pedagogico.jpg\"><img fetchpriority=\"high\" decoding=\"async\" class=\"size-full wp-image-21556\" src=\"https:\/\/www.blogsoestado.com\/danielmatos\/files\/2015\/01\/geraldo-pedagogico.jpg\" alt=\"Secret\u00e1rio Geraldo Castro agradeceu o empenho da equipe e apontou as novas perspectivas para 2015\" width=\"640\" height=\"427\" \/><\/a><figcaption id=\"caption-attachment-21556\" class=\"wp-caption-text\">Secret\u00e1rio Geraldo Castro agradeceu o empenho da equipe e apontou as novas perspectivas para 2015<\/figcaption><\/figure>\n<p>A Prefeitura de S\u00e3o Lu\u00eds, por meio da Secretaria Municipal de Educa\u00e7\u00e3o (Semed), realizou a primeira reuni\u00e3o com os gestores escolares do ano de 2015. Participaram representantes de todos os 250 espa\u00e7os de ensino integrados \u00e0 rede municipal de educa\u00e7\u00e3o de S\u00e3o Lu\u00eds. Na pauta, a discuss\u00e3o sobre calend\u00e1rio escolar e a apresenta\u00e7\u00e3o da nova composi\u00e7\u00e3o da equipe pedag\u00f3gica da Secretaria.<\/p>\n<p>Durante a reuni\u00e3o, foram repassadas orienta\u00e7\u00f5es para o encerramento do ano letivo de 2014, refor\u00e7ando a garantia do prefeito Edivaldo de 200 dias letivos para todas as escolas do munic\u00edpio e de f\u00e9rias para os profissionais do magist\u00e9rio. Os gestores tamb\u00e9m tiveram a oportunidade de dirimir as \u00faltimas d\u00favidas e apresentar suas especificidades para adequ\u00e1-las aos calend\u00e1rios propostos pela Secretaria. Para as escolas que n\u00e3o t\u00eam dias letivos a repor, o per\u00edodo letivo encerra-se ainda no m\u00eas de janeiro. Para as escolas que tem necessidade de reposi\u00e7\u00e3o de carga hor\u00e1ria, o ano letivo tem previs\u00e3o de encerramento at\u00e9 o final de mar\u00e7o.<\/p>\n<p>No discurso de boas vindas, o titular da Semed destacou as perspectivas positivas para o ano de 2015 e elencou o concurso p\u00fablico para profissionais do magist\u00e9rio, a implanta\u00e7\u00e3o dos direitos estatut\u00e1rios para professores e a melhoria das estruturas f\u00edsicas das unidades de ensino como as prioridades. &#8220;O que espero neste momento dos nossos colegas gestores \u00e9 a dedica\u00e7\u00e3o, a lealdade e a compet\u00eancia que s\u00e3o peculiares ao trabalho de todos voc\u00eas&#8221;, destacou o secret\u00e1rio municipal de Educa\u00e7\u00e3o, Geraldo Castro Sobrinho.<\/p>\n<p><strong>Equipe pedag\u00f3gica<\/strong><\/p>\n<figure id=\"attachment_21557\" aria-describedby=\"caption-attachment-21557\" style=\"width: 640px\" class=\"wp-caption aligncenter\"><a href=\"https:\/\/www.blogsoestado.com\/danielmatos\/files\/2015\/01\/geraldo-pedagogico2.jpg\"><img decoding=\"async\" class=\"size-full wp-image-21557\" src=\"https:\/\/www.blogsoestado.com\/danielmatos\/files\/2015\/01\/geraldo-pedagogico2.jpg\" alt=\"Na pauta da reuni\u00e3o, a discuss\u00e3o sobre calend\u00e1rio escolar e a apresenta\u00e7\u00e3o da nova composi\u00e7\u00e3o da equipe pedag\u00f3gica da secretaria\" width=\"640\" height=\"427\" \/><\/a><figcaption id=\"caption-attachment-21557\" class=\"wp-caption-text\">Na reuni\u00e3o\u00a0foi\u00a0discutido o calend\u00e1rio escolar e apresentada\u00a0a nova composi\u00e7\u00e3o da equipe pedag\u00f3gica da\u00a0Semed<\/figcaption><\/figure>\n<p>Al\u00e9m de Le\u00f4nia Queiroga para o cargo de secret\u00e1ria adjunta de Ensino, Geraldo Castro anunciou a professora Ana C\u00e9lia Peixoto Lopes para o cargo de superintendente da \u00e1rea de Ensino Fundamental. Ana C\u00e9lia \u00e9 graduada em Pedagogia e p\u00f3s-graduada em Coordena\u00e7\u00e3o Pedag\u00f3gica pela Universidade Federal do Maranh\u00e3o (UFMA), pertencendo ao quadro pedag\u00f3gico da rede municipal de ensino desde 1992.<\/p>\n<p>Em 2003, ela foi gestora da U.E.B. Primavera e, desde 2004, ocupa o cargo de gestora da U.E.B. Rubem Goulart, escola que det\u00e9m o maior valor para o \u00edndice de Educa\u00e7\u00e3o B\u00e1sica (Ideb) desde 2005. J\u00e1 Le\u00f4nia Queiroga tem forma\u00e7\u00e3o em Administra\u00e7\u00e3o e integra o quadro t\u00e9cnico efetivo da rede municipal desde 2002, tendo sido gestora escolar e t\u00e9cnica de acompanhamento \u00e0s escolas da Semed.<\/p>\n<p>A nova superintendente da \u00e1rea de Ensino Fundamental agradeceu a Deus, ao prefeito Edivaldo Holanda J\u00fanior e ao secret\u00e1rio Geraldo Castro pela confian\u00e7a depositada. &#8220;Precisarei de todos mais do que nunca. Eu acredito na escola p\u00fablica. Acredito que ela pode e deve ser de qualidade. Basta que a gente se una, que a gente d\u00ea as m\u00e3os e trabalhe com respeito e dedica\u00e7\u00e3o para construirmos uma rede de ensino digna, do jeito que nossas crian\u00e7as e adolescentes merecem&#8221;, disse a superintendente.<\/p>\n<p><strong>Fonte:<\/strong> Secretaria Municipal de Comunica\u00e7\u00e3o (Secom)<\/p>\n","protected":false},"excerpt":{"rendered":"<p>A Prefeitura de S\u00e3o Lu\u00eds, por meio da Secretaria Municipal de Educa\u00e7\u00e3o (Semed), realizou a primeira reuni\u00e3o com os gestores [&hellip;]<\/p>\n","protected":false},"author":0,"featured_media":0,"comment_status":"open","ping_status":"open","sticky":false,"template":"","format":"standard","meta":{"site-sidebar-layout":"default","site-content-layout":"","ast-site-content-layout":"default","site-content-style":"default","site-sidebar-style":"default","ast-global-header-display":"","ast-banner-title-visibility":"","ast-main-header-display":"","ast-hfb-above-header-display":"","ast-hfb-below-header-display":"","ast-hfb-mobile-header-display":"","site-post-title":"","ast-breadcrumbs-content":"","ast-featured-img":"","footer-sml-layout":"","ast-disable-related-posts":"","theme-transparent-header-meta":"","adv-header-id-meta":"","stick-header-meta":"","header-above-stick-meta":"","header-main-stick-meta":"","header-below-stick-meta":"","astra-migrate-meta-layouts":"default","ast-page-background-enabled":"default","ast-page-background-meta":{"desktop":{"background-color":"var(--ast-global-color-5)","background-image":"","background-repeat":"repeat","background-position":"center center","background-size":"auto","background-attachment":"scroll","background-type":"","background-media":"","overlay-type":"","overlay-color":"","overlay-opacity":"","overlay-gradient":""},"tablet":{"background-color":"","background-image":"","background-repeat":"repeat","background-position":"center center","background-size":"auto","background-attachment":"scroll","background-type":"","background-media":"","overlay-type":"","overlay-color":"","overlay-opacity":"","overlay-gradient":""},"mobile":{"background-color":"","background-image":"","background-repeat":"repeat","background-position":"center center","background-size":"auto","background-attachment":"scroll","background-type":"","background-media":"","overlay-type":"","overlay-color":"","overlay-opacity":"","overlay-gradient":""}},"ast-content-background-meta":{"desktop":{"background-color":"var(--ast-global-color-4)","background-image":"","background-repeat":"repeat","background-position":"center center","background-size":"auto","background-attachment":"scroll","background-type":"","background-media":"","overlay-type":"","overlay-color":"","overlay-opacity":"","overlay-gradient":""},"tablet":{"background-color":"var(--ast-global-color-4)","background-image":"","background-repeat":"repeat","background-position":"center center","background-size":"auto","background-attachment":"scroll","background-type":"","background-media":"","overlay-type":"","overlay-color":"","overlay-opacity":"","overlay-gradient":""},"mobile":{"background-color":"var(--ast-global-color-4)","background-image":"","background-repeat":"repeat","background-position":"center center","background-size":"auto","background-attachment":"scroll","background-type":"","background-media":"","overlay-type":"","overlay-color":"","overlay-opacity":"","overlay-gradient":""}},"footnotes":""},"categories":[1],"tags":[],"class_list":["post-21555","post","type-post","status-publish","format-standard","hentry","category-sem-categoria"],"yoast_head":"<!-- This site is optimized with the Yoast SEO plugin v26.6 - https:\/\/yoast.com\/wordpress\/plugins\/seo\/ -->\n<title>Semed apresenta nova equipe pedag\u00f3gica e dialoga com gestores sobre calend\u00e1rio escolar - Daniel Matos<\/title>\n<meta name=\"robots\" content=\"index, follow, max-snippet:-1, max-image-preview:large, max-video-preview:-1\" \/>\n<link rel=\"canonical\" href=\"https:\/\/www.blogsoestado.com\/danielmatos\/semed-apresenta-nova-equipe-pedagogica-e-dialoga-com-gestores-sobre-calendario-escolar\/\" \/>\n<meta property=\"og:locale\" content=\"pt_BR\" \/>\n<meta property=\"og:type\" content=\"article\" \/>\n<meta property=\"og:title\" content=\"Semed apresenta nova equipe pedag\u00f3gica e dialoga com gestores sobre calend\u00e1rio escolar - Daniel Matos\" \/>\n<meta property=\"og:description\" content=\"A Prefeitura de S\u00e3o Lu\u00eds, por meio da Secretaria Municipal de Educa\u00e7\u00e3o (Semed), realizou a primeira reuni\u00e3o com os gestores [&hellip;]\" \/>\n<meta property=\"og:url\" content=\"https:\/\/www.blogsoestado.com\/danielmatos\/semed-apresenta-nova-equipe-pedagogica-e-dialoga-com-gestores-sobre-calendario-escolar\/\" \/>\n<meta property=\"og:site_name\" content=\"Daniel Matos\" \/>\n<meta property=\"article:published_time\" content=\"2015-01-12T19:25:51+00:00\" \/>\n<meta property=\"og:image\" content=\"https:\/\/www.blogsoestado.com\/danielmatos\/files\/2015\/01\/geraldo-pedagogico.jpg\" \/>\n<meta name=\"twitter:card\" content=\"summary_large_image\" \/>\n<meta name=\"twitter:label1\" content=\"Est. tempo de leitura\" \/>\n\t<meta name=\"twitter:data1\" content=\"3 minutos\" \/>\n<script type=\"application\/ld+json\" class=\"yoast-schema-graph\">{\"@context\":\"https:\/\/schema.org\",\"@graph\":[{\"@type\":\"WebPage\",\"@id\":\"https:\/\/www.blogsoestado.com\/danielmatos\/semed-apresenta-nova-equipe-pedagogica-e-dialoga-com-gestores-sobre-calendario-escolar\/\",\"url\":\"https:\/\/www.blogsoestado.com\/danielmatos\/semed-apresenta-nova-equipe-pedagogica-e-dialoga-com-gestores-sobre-calendario-escolar\/\",\"name\":\"Semed apresenta nova equipe pedag\u00f3gica e dialoga com gestores sobre calend\u00e1rio escolar - Daniel Matos\",\"isPartOf\":{\"@id\":\"https:\/\/www.blogsoestado.com\/danielmatos\/#website\"},\"primaryImageOfPage\":{\"@id\":\"https:\/\/www.blogsoestado.com\/danielmatos\/semed-apresenta-nova-equipe-pedagogica-e-dialoga-com-gestores-sobre-calendario-escolar\/#primaryimage\"},\"image\":{\"@id\":\"https:\/\/www.blogsoestado.com\/danielmatos\/semed-apresenta-nova-equipe-pedagogica-e-dialoga-com-gestores-sobre-calendario-escolar\/#primaryimage\"},\"thumbnailUrl\":\"https:\/\/www.blogsoestado.com\/danielmatos\/files\/2015\/01\/geraldo-pedagogico.jpg\",\"datePublished\":\"2015-01-12T19:25:51+00:00\",\"author\":{\"@id\":\"\"},\"breadcrumb\":{\"@id\":\"https:\/\/www.blogsoestado.com\/danielmatos\/semed-apresenta-nova-equipe-pedagogica-e-dialoga-com-gestores-sobre-calendario-escolar\/#breadcrumb\"},\"inLanguage\":\"pt-BR\",\"potentialAction\":[{\"@type\":\"ReadAction\",\"target\":[\"https:\/\/www.blogsoestado.com\/danielmatos\/semed-apresenta-nova-equipe-pedagogica-e-dialoga-com-gestores-sobre-calendario-escolar\/\"]}]},{\"@type\":\"ImageObject\",\"inLanguage\":\"pt-BR\",\"@id\":\"https:\/\/www.blogsoestado.com\/danielmatos\/semed-apresenta-nova-equipe-pedagogica-e-dialoga-com-gestores-sobre-calendario-escolar\/#primaryimage\",\"url\":\"https:\/\/www.blogsoestado.com\/danielmatos\/files\/2015\/01\/geraldo-pedagogico.jpg\",\"contentUrl\":\"https:\/\/www.blogsoestado.com\/danielmatos\/files\/2015\/01\/geraldo-pedagogico.jpg\"},{\"@type\":\"BreadcrumbList\",\"@id\":\"https:\/\/www.blogsoestado.com\/danielmatos\/semed-apresenta-nova-equipe-pedagogica-e-dialoga-com-gestores-sobre-calendario-escolar\/#breadcrumb\",\"itemListElement\":[{\"@type\":\"ListItem\",\"position\":1,\"name\":\"In\u00edcio\",\"item\":\"https:\/\/www.blogsoestado.com\/danielmatos\/\"},{\"@type\":\"ListItem\",\"position\":2,\"name\":\"Semed apresenta nova equipe pedag\u00f3gica e dialoga com gestores sobre calend\u00e1rio escolar\"}]},{\"@type\":\"WebSite\",\"@id\":\"https:\/\/www.blogsoestado.com\/danielmatos\/#website\",\"url\":\"https:\/\/www.blogsoestado.com\/danielmatos\/\",\"name\":\"Daniel Matos\",\"description\":\"\",\"potentialAction\":[{\"@type\":\"SearchAction\",\"target\":{\"@type\":\"EntryPoint\",\"urlTemplate\":\"https:\/\/www.blogsoestado.com\/danielmatos\/?s={search_term_string}\"},\"query-input\":{\"@type\":\"PropertyValueSpecification\",\"valueRequired\":true,\"valueName\":\"search_term_string\"}}],\"inLanguage\":\"pt-BR\"}]}<\/script>\n<!-- \/ Yoast SEO plugin. -->","yoast_head_json":{"title":"Semed apresenta nova equipe pedag\u00f3gica e dialoga com gestores sobre calend\u00e1rio escolar - Daniel Matos","robots":{"index":"index","follow":"follow","max-snippet":"max-snippet:-1","max-image-preview":"max-image-preview:large","max-video-preview":"max-video-preview:-1"},"canonical":"https:\/\/www.blogsoestado.com\/danielmatos\/semed-apresenta-nova-equipe-pedagogica-e-dialoga-com-gestores-sobre-calendario-escolar\/","og_locale":"pt_BR","og_type":"article","og_title":"Semed apresenta nova equipe pedag\u00f3gica e dialoga com gestores sobre calend\u00e1rio escolar - Daniel Matos","og_description":"A Prefeitura de S\u00e3o Lu\u00eds, por meio da Secretaria Municipal de Educa\u00e7\u00e3o (Semed), realizou a primeira reuni\u00e3o com os gestores [&hellip;]","og_url":"https:\/\/www.blogsoestado.com\/danielmatos\/semed-apresenta-nova-equipe-pedagogica-e-dialoga-com-gestores-sobre-calendario-escolar\/","og_site_name":"Daniel Matos","article_published_time":"2015-01-12T19:25:51+00:00","og_image":[{"url":"https:\/\/www.blogsoestado.com\/danielmatos\/files\/2015\/01\/geraldo-pedagogico.jpg","type":"","width":"","height":""}],"twitter_card":"summary_large_image","twitter_misc":{"Est. tempo de leitura":"3 minutos"},"schema":{"@context":"https:\/\/schema.org","@graph":[{"@type":"WebPage","@id":"https:\/\/www.blogsoestado.com\/danielmatos\/semed-apresenta-nova-equipe-pedagogica-e-dialoga-com-gestores-sobre-calendario-escolar\/","url":"https:\/\/www.blogsoestado.com\/danielmatos\/semed-apresenta-nova-equipe-pedagogica-e-dialoga-com-gestores-sobre-calendario-escolar\/","name":"Semed apresenta nova equipe pedag\u00f3gica e dialoga com gestores sobre calend\u00e1rio escolar - Daniel Matos","isPartOf":{"@id":"https:\/\/www.blogsoestado.com\/danielmatos\/#website"},"primaryImageOfPage":{"@id":"https:\/\/www.blogsoestado.com\/danielmatos\/semed-apresenta-nova-equipe-pedagogica-e-dialoga-com-gestores-sobre-calendario-escolar\/#primaryimage"},"image":{"@id":"https:\/\/www.blogsoestado.com\/danielmatos\/semed-apresenta-nova-equipe-pedagogica-e-dialoga-com-gestores-sobre-calendario-escolar\/#primaryimage"},"thumbnailUrl":"https:\/\/www.blogsoestado.com\/danielmatos\/files\/2015\/01\/geraldo-pedagogico.jpg","datePublished":"2015-01-12T19:25:51+00:00","author":{"@id":""},"breadcrumb":{"@id":"https:\/\/www.blogsoestado.com\/danielmatos\/semed-apresenta-nova-equipe-pedagogica-e-dialoga-com-gestores-sobre-calendario-escolar\/#breadcrumb"},"inLanguage":"pt-BR","potentialAction":[{"@type":"ReadAction","target":["https:\/\/www.blogsoestado.com\/danielmatos\/semed-apresenta-nova-equipe-pedagogica-e-dialoga-com-gestores-sobre-calendario-escolar\/"]}]},{"@type":"ImageObject","inLanguage":"pt-BR","@id":"https:\/\/www.blogsoestado.com\/danielmatos\/semed-apresenta-nova-equipe-pedagogica-e-dialoga-com-gestores-sobre-calendario-escolar\/#primaryimage","url":"https:\/\/www.blogsoestado.com\/danielmatos\/files\/2015\/01\/geraldo-pedagogico.jpg","contentUrl":"https:\/\/www.blogsoestado.com\/danielmatos\/files\/2015\/01\/geraldo-pedagogico.jpg"},{"@type":"BreadcrumbList","@id":"https:\/\/www.blogsoestado.com\/danielmatos\/semed-apresenta-nova-equipe-pedagogica-e-dialoga-com-gestores-sobre-calendario-escolar\/#breadcrumb","itemListElement":[{"@type":"ListItem","position":1,"name":"In\u00edcio","item":"https:\/\/www.blogsoestado.com\/danielmatos\/"},{"@type":"ListItem","position":2,"name":"Semed apresenta nova equipe pedag\u00f3gica e dialoga com gestores sobre calend\u00e1rio escolar"}]},{"@type":"WebSite","@id":"https:\/\/www.blogsoestado.com\/danielmatos\/#website","url":"https:\/\/www.blogsoestado.com\/danielmatos\/","name":"Daniel Matos","description":"","potentialAction":[{"@type":"SearchAction","target":{"@type":"EntryPoint","urlTemplate":"https:\/\/www.blogsoestado.com\/danielmatos\/?s={search_term_string}"},"query-input":{"@type":"PropertyValueSpecification","valueRequired":true,"valueName":"search_term_string"}}],"inLanguage":"pt-BR"}]}},"jetpack_featured_media_url":"","_links":{"self":[{"href":"https:\/\/www.blogsoestado.com\/danielmatos\/wp-json\/wp\/v2\/posts\/21555","targetHints":{"allow":["GET"]}}],"collection":[{"href":"https:\/\/www.blogsoestado.com\/danielmatos\/wp-json\/wp\/v2\/posts"}],"about":[{"href":"https:\/\/www.blogsoestado.com\/danielmatos\/wp-json\/wp\/v2\/types\/post"}],"replies":[{"embeddable":true,"href":"https:\/\/www.blogsoestado.com\/danielmatos\/wp-json\/wp\/v2\/comments?post=21555"}],"version-history":[{"count":0,"href":"https:\/\/www.blogsoestado.com\/danielmatos\/wp-json\/wp\/v2\/posts\/21555\/revisions"}],"wp:attachment":[{"href":"https:\/\/www.blogsoestado.com\/danielmatos\/wp-json\/wp\/v2\/media?parent=21555"}],"wp:term":[{"taxonomy":"category","embeddable":true,"href":"https:\/\/www.blogsoestado.com\/danielmatos\/wp-json\/wp\/v2\/categories?post=21555"},{"taxonomy":"post_tag","embeddable":true,"href":"https:\/\/www.blogsoestado.com\/danielmatos\/wp-json\/wp\/v2\/tags?post=21555"}],"curies":[{"name":"wp","href":"https:\/\/api.w.org\/{rel}","templated":true}]}}