{"id":21560,"date":"2015-01-12T16:44:26","date_gmt":"2015-01-12T19:44:26","guid":{"rendered":"https:\/\/www.blogsoestado.com\/danielmatos\/?p=21560"},"modified":"2015-01-12T16:44:26","modified_gmt":"2015-01-12T19:44:26","slug":"paco-do-lumiar-comemora-54-anos-de-emancipacao-politica","status":"publish","type":"post","link":"https:\/\/www.blogsoestado.com\/danielmatos\/paco-do-lumiar-comemora-54-anos-de-emancipacao-politica\/","title":{"rendered":"Pa\u00e7o do Lumiar comemora 54 anos de emancipa\u00e7\u00e3o pol\u00edtica"},"content":{"rendered":"<p>&nbsp;<\/p>\n<figure id=\"attachment_21561\" aria-describedby=\"caption-attachment-21561\" style=\"width: 640px\" class=\"wp-caption aligncenter\"><a href=\"https:\/\/www.blogsoestado.com\/danielmatos\/files\/2015\/01\/pa\u00e7o-emancipa\u00e7\u00e3o.jpg\"><img fetchpriority=\"high\" decoding=\"async\" class=\"size-full wp-image-21561\" src=\"https:\/\/www.blogsoestado.com\/danielmatos\/files\/2015\/01\/pa\u00e7o-emancipa\u00e7\u00e3o.jpg\" alt=\"Pa\u00e7o do Lumiar completa 54 anos de emancipa\u00e7\u00e3o pol\u00edtica nesta quarta-feira, 14 de janeiro, com uma programa\u00e7\u00e3o que inclui solenidades tradicionais, inaugura\u00e7\u00f5es, atividades esportivas e shows\" width=\"640\" height=\"480\" \/><\/a><figcaption id=\"caption-attachment-21561\" class=\"wp-caption-text\">O dia festivo, no munic\u00edpio, tem in\u00edcio \u00e0s 6h da manh\u00e3, na Sede de Pa\u00e7o do Lumiar com a tradicional alvorada de fogos, seguida do hasteamento das bandeiras e execu\u00e7\u00e3o de hinos pela banda municipal \u201cLa Roque\u201d<\/figcaption><\/figure>\n<p>Pa\u00e7o do Lumiar completa 54 anos de emancipa\u00e7\u00e3o pol\u00edtica nesta quarta-feira, 14 de janeiro, com uma programa\u00e7\u00e3o que inclui solenidades tradicionais, inaugura\u00e7\u00f5es, atividades esportivas e shows.<\/p>\n<p>O dia festivo, no munic\u00edpio, tem in\u00edcio \u00e0s 6h da manh\u00e3, na Sede de Pa\u00e7o do Lumiar com a tradicional alvorada de fogos, seguida do hasteamento das bandeiras e execu\u00e7\u00e3o de hinos pela banda municipal \u201cLa Roque\u201d, com a presen\u00e7a de autoridades municipais, servidores e da popula\u00e7\u00e3o.<\/p>\n<p>Ap\u00f3s a cerimonia oficial, o prefeito professor Josemar Sobreiro (PR) far\u00e1 a abertura do torneio de futebol com times da Sede de Pa\u00e7o do Lumiar, e na Pra\u00e7a de Ns\u00aa da Luz, ser\u00e1 entregue as carteiras de aposentados do Prev Pa\u00e7o, e um autom\u00f3vel 0km para a otimiza\u00e7\u00e3o dos atendimentos do programa \u201cMelhor em Casa\u201d, da Secretaria Municipal de Sa\u00fade \u2013 Semus.<\/p>\n<p>Ainda na Sede de Pa\u00e7o do Lumiar, acontecer\u00e1 durante toda a manh\u00e3, uma a\u00e7\u00e3o de sa\u00fade, com a oferta de servi\u00e7os de aferi\u00e7\u00e3o da press\u00e3o arterial, glicemia capilar e vacina\u00e7\u00e3o humana e animal.<\/p>\n<p>Em continuidade \u00e0 programa\u00e7\u00e3o dos 54 anos de Pa\u00e7o do Lumiar, o prefeito municipal, Josemar Sobreiro sair\u00e1 em comitiva, onde visitar\u00e1 as obras de constru\u00e7\u00e3o de duas quadras poliesportivas, na Vila Cafeteira e Vila S\u00e3o Jos\u00e9. No Maiob\u00e3o, o prefeito far\u00e1 vistoria nas obras de pavimenta\u00e7\u00e3o da Avenida 01, e inaugurar\u00e1 a Biblioteca P\u00fablica Municipal, na Avenida 04, e o Departamento de Promo\u00e7\u00e3o da Igualdade Racial, na Casa do Trabalhador, de Pa\u00e7o do Lumiar.<\/p>\n<p>No per\u00edodo da tarde, um torneio de futebol society, nas quadras do Viva Maiob\u00e3o dar\u00e1 prosseguimento \u00e0 programa\u00e7\u00e3o. No local, acontecer\u00e1 tamb\u00e9m, apresenta\u00e7\u00e3o de bandas gospel, a partir das 15h.<\/p>\n<p>A tradicional missa de anivers\u00e1rio organizada pela comunidade da Sede de Pa\u00e7o do Lumiar ser\u00e1 celebrada \u00e0s 16h, na Igreja de Ns\u00aa da Luz, seguida do tamb\u00e9m tradicional corte do bolo. O encerramento da festa ficar\u00e1 com a apresenta\u00e7\u00e3o de amos de bumba-meu- boi de Pa\u00e7o do Lumiar e shows das bandas Forr\u00f3 Ostenta\u00e7\u00e3o, Forroz\u00e3o Freelancer e Banda Reprise.<\/p>\n<p><strong>Programa\u00e7\u00e3o:<\/strong><\/p>\n<p>06h \u2013 Alvorada de Fogos \u2013 Sede de Pa\u00e7o do Lumiar<br \/>\n08:30h \u2013 Hasteamento das Bandeiras e Execu\u00e7\u00e3o dos Hinos \u2013 Sede de Pa\u00e7o do Lumiar<br \/>\n09:00h \u2013 Torneio de Futebol \u2013 Sede de Pa\u00e7o do Lumiar<br \/>\n09:30h \u2013 Entrega de Carteira dos Idosos; Entrega de um carro para o programa \u201cMelhor em Casa\u201d e A\u00e7\u00e3o de Sa\u00fade \u2013 Pra\u00e7a de Ns\u00aa da Luz\/Sede<br \/>\n10:30h \u2013 Sa\u00edda da Comitiva: Vistoria das obras de Constru\u00e7\u00e3o das Quadras Poliesportivas da Vila Cafeteira e Vila S\u00e3o Jos\u00e9<br \/>\n11h \u2013 Inaugura\u00e7\u00e3o da Biblioteca P\u00fablica Municipal de Pa\u00e7o do Lumiar \/Avenida 04, conjunto Maiob\u00e3o<br \/>\n12h \u2013 Inaugura\u00e7\u00e3o do Departamento de Igualdade Racial\/Casa do Trabalhador, Avenida 03, conjunto Maiob\u00e3o<br \/>\n15h \u2013 Torneio de Futebol Society e apresenta\u00e7\u00e3o de bandas gospel, no Viva Maiob\u00e3o<br \/>\n16h \u2013 Missa na Igreja de Nossa Senhora da Luz\/Sede<br \/>\n17:30h \u2013 Corte do Bolo\/Sede<br \/>\n19h \u2013 Apresenta\u00e7\u00e3o de Amos de Bumba-meu-boi de Pa\u00e7o do Lumiar \u2013 Pra\u00e7a de Ns\u00aa da Luz\/Sede<br \/>\n19:30h \u2013 Shows das bandas Forr\u00f3 Ostenta\u00e7\u00e3o, Forroz\u00e3o Freelancer e Banda Reprise &#8211; Pra\u00e7a de Ns\u00aa da Luz\/Sede<\/p>\n","protected":false},"excerpt":{"rendered":"<p>&nbsp; Pa\u00e7o do Lumiar completa 54 anos de emancipa\u00e7\u00e3o pol\u00edtica nesta quarta-feira, 14 de janeiro, com uma programa\u00e7\u00e3o que inclui [&hellip;]<\/p>\n","protected":false},"author":0,"featured_media":0,"comment_status":"open","ping_status":"open","sticky":false,"template":"","format":"standard","meta":{"site-sidebar-layout":"default","site-content-layout":"","ast-site-content-layout":"default","site-content-style":"default","site-sidebar-style":"default","ast-global-header-display":"","ast-banner-title-visibility":"","ast-main-header-display":"","ast-hfb-above-header-display":"","ast-hfb-below-header-display":"","ast-hfb-mobile-header-display":"","site-post-title":"","ast-breadcrumbs-content":"","ast-featured-img":"","footer-sml-layout":"","ast-disable-related-posts":"","theme-transparent-header-meta":"","adv-header-id-meta":"","stick-header-meta":"","header-above-stick-meta":"","header-main-stick-meta":"","header-below-stick-meta":"","astra-migrate-meta-layouts":"default","ast-page-background-enabled":"default","ast-page-background-meta":{"desktop":{"background-color":"var(--ast-global-color-5)","background-image":"","background-repeat":"repeat","background-position":"center center","background-size":"auto","background-attachment":"scroll","background-type":"","background-media":"","overlay-type":"","overlay-color":"","overlay-opacity":"","overlay-gradient":""},"tablet":{"background-color":"","background-image":"","background-repeat":"repeat","background-position":"center center","background-size":"auto","background-attachment":"scroll","background-type":"","background-media":"","overlay-type":"","overlay-color":"","overlay-opacity":"","overlay-gradient":""},"mobile":{"background-color":"","background-image":"","background-repeat":"repeat","background-position":"center center","background-size":"auto","background-attachment":"scroll","background-type":"","background-media":"","overlay-type":"","overlay-color":"","overlay-opacity":"","overlay-gradient":""}},"ast-content-background-meta":{"desktop":{"background-color":"var(--ast-global-color-4)","background-image":"","background-repeat":"repeat","background-position":"center center","background-size":"auto","background-attachment":"scroll","background-type":"","background-media":"","overlay-type":"","overlay-color":"","overlay-opacity":"","overlay-gradient":""},"tablet":{"background-color":"var(--ast-global-color-4)","background-image":"","background-repeat":"repeat","background-position":"center center","background-size":"auto","background-attachment":"scroll","background-type":"","background-media":"","overlay-type":"","overlay-color":"","overlay-opacity":"","overlay-gradient":""},"mobile":{"background-color":"var(--ast-global-color-4)","background-image":"","background-repeat":"repeat","background-position":"center center","background-size":"auto","background-attachment":"scroll","background-type":"","background-media":"","overlay-type":"","overlay-color":"","overlay-opacity":"","overlay-gradient":""}},"footnotes":""},"categories":[1],"tags":[],"class_list":["post-21560","post","type-post","status-publish","format-standard","hentry","category-sem-categoria"],"yoast_head":"<!-- This site is optimized with the Yoast SEO plugin v26.6 - https:\/\/yoast.com\/wordpress\/plugins\/seo\/ -->\n<title>Pa\u00e7o do Lumiar comemora 54 anos de emancipa\u00e7\u00e3o pol\u00edtica - Daniel Matos<\/title>\n<meta name=\"robots\" content=\"index, follow, max-snippet:-1, max-image-preview:large, max-video-preview:-1\" \/>\n<link rel=\"canonical\" href=\"https:\/\/www.blogsoestado.com\/danielmatos\/paco-do-lumiar-comemora-54-anos-de-emancipacao-politica\/\" \/>\n<meta property=\"og:locale\" content=\"pt_BR\" \/>\n<meta property=\"og:type\" content=\"article\" \/>\n<meta property=\"og:title\" content=\"Pa\u00e7o do Lumiar comemora 54 anos de emancipa\u00e7\u00e3o pol\u00edtica - Daniel Matos\" \/>\n<meta property=\"og:description\" content=\"&nbsp; Pa\u00e7o do Lumiar completa 54 anos de emancipa\u00e7\u00e3o pol\u00edtica nesta quarta-feira, 14 de janeiro, com uma programa\u00e7\u00e3o que inclui [&hellip;]\" \/>\n<meta property=\"og:url\" content=\"https:\/\/www.blogsoestado.com\/danielmatos\/paco-do-lumiar-comemora-54-anos-de-emancipacao-politica\/\" \/>\n<meta property=\"og:site_name\" content=\"Daniel Matos\" \/>\n<meta property=\"article:published_time\" content=\"2015-01-12T19:44:26+00:00\" \/>\n<meta name=\"twitter:card\" content=\"summary_large_image\" \/>\n<meta name=\"twitter:label1\" content=\"Est. tempo de leitura\" \/>\n\t<meta name=\"twitter:data1\" content=\"3 minutos\" \/>\n<script type=\"application\/ld+json\" class=\"yoast-schema-graph\">{\"@context\":\"https:\/\/schema.org\",\"@graph\":[{\"@type\":\"WebPage\",\"@id\":\"https:\/\/www.blogsoestado.com\/danielmatos\/paco-do-lumiar-comemora-54-anos-de-emancipacao-politica\/\",\"url\":\"https:\/\/www.blogsoestado.com\/danielmatos\/paco-do-lumiar-comemora-54-anos-de-emancipacao-politica\/\",\"name\":\"Pa\u00e7o do Lumiar comemora 54 anos de emancipa\u00e7\u00e3o pol\u00edtica - Daniel Matos\",\"isPartOf\":{\"@id\":\"https:\/\/www.blogsoestado.com\/danielmatos\/#website\"},\"datePublished\":\"2015-01-12T19:44:26+00:00\",\"author\":{\"@id\":\"\"},\"breadcrumb\":{\"@id\":\"https:\/\/www.blogsoestado.com\/danielmatos\/paco-do-lumiar-comemora-54-anos-de-emancipacao-politica\/#breadcrumb\"},\"inLanguage\":\"pt-BR\",\"potentialAction\":[{\"@type\":\"ReadAction\",\"target\":[\"https:\/\/www.blogsoestado.com\/danielmatos\/paco-do-lumiar-comemora-54-anos-de-emancipacao-politica\/\"]}]},{\"@type\":\"BreadcrumbList\",\"@id\":\"https:\/\/www.blogsoestado.com\/danielmatos\/paco-do-lumiar-comemora-54-anos-de-emancipacao-politica\/#breadcrumb\",\"itemListElement\":[{\"@type\":\"ListItem\",\"position\":1,\"name\":\"In\u00edcio\",\"item\":\"https:\/\/www.blogsoestado.com\/danielmatos\/\"},{\"@type\":\"ListItem\",\"position\":2,\"name\":\"Pa\u00e7o do Lumiar comemora 54 anos de emancipa\u00e7\u00e3o pol\u00edtica\"}]},{\"@type\":\"WebSite\",\"@id\":\"https:\/\/www.blogsoestado.com\/danielmatos\/#website\",\"url\":\"https:\/\/www.blogsoestado.com\/danielmatos\/\",\"name\":\"Daniel Matos\",\"description\":\"\",\"potentialAction\":[{\"@type\":\"SearchAction\",\"target\":{\"@type\":\"EntryPoint\",\"urlTemplate\":\"https:\/\/www.blogsoestado.com\/danielmatos\/?s={search_term_string}\"},\"query-input\":{\"@type\":\"PropertyValueSpecification\",\"valueRequired\":true,\"valueName\":\"search_term_string\"}}],\"inLanguage\":\"pt-BR\"}]}<\/script>\n<!-- \/ Yoast SEO plugin. -->","yoast_head_json":{"title":"Pa\u00e7o do Lumiar comemora 54 anos de emancipa\u00e7\u00e3o pol\u00edtica - Daniel Matos","robots":{"index":"index","follow":"follow","max-snippet":"max-snippet:-1","max-image-preview":"max-image-preview:large","max-video-preview":"max-video-preview:-1"},"canonical":"https:\/\/www.blogsoestado.com\/danielmatos\/paco-do-lumiar-comemora-54-anos-de-emancipacao-politica\/","og_locale":"pt_BR","og_type":"article","og_title":"Pa\u00e7o do Lumiar comemora 54 anos de emancipa\u00e7\u00e3o pol\u00edtica - Daniel Matos","og_description":"&nbsp; Pa\u00e7o do Lumiar completa 54 anos de emancipa\u00e7\u00e3o pol\u00edtica nesta quarta-feira, 14 de janeiro, com uma programa\u00e7\u00e3o que inclui [&hellip;]","og_url":"https:\/\/www.blogsoestado.com\/danielmatos\/paco-do-lumiar-comemora-54-anos-de-emancipacao-politica\/","og_site_name":"Daniel Matos","article_published_time":"2015-01-12T19:44:26+00:00","twitter_card":"summary_large_image","twitter_misc":{"Est. tempo de leitura":"3 minutos"},"schema":{"@context":"https:\/\/schema.org","@graph":[{"@type":"WebPage","@id":"https:\/\/www.blogsoestado.com\/danielmatos\/paco-do-lumiar-comemora-54-anos-de-emancipacao-politica\/","url":"https:\/\/www.blogsoestado.com\/danielmatos\/paco-do-lumiar-comemora-54-anos-de-emancipacao-politica\/","name":"Pa\u00e7o do Lumiar comemora 54 anos de emancipa\u00e7\u00e3o pol\u00edtica - Daniel Matos","isPartOf":{"@id":"https:\/\/www.blogsoestado.com\/danielmatos\/#website"},"datePublished":"2015-01-12T19:44:26+00:00","author":{"@id":""},"breadcrumb":{"@id":"https:\/\/www.blogsoestado.com\/danielmatos\/paco-do-lumiar-comemora-54-anos-de-emancipacao-politica\/#breadcrumb"},"inLanguage":"pt-BR","potentialAction":[{"@type":"ReadAction","target":["https:\/\/www.blogsoestado.com\/danielmatos\/paco-do-lumiar-comemora-54-anos-de-emancipacao-politica\/"]}]},{"@type":"BreadcrumbList","@id":"https:\/\/www.blogsoestado.com\/danielmatos\/paco-do-lumiar-comemora-54-anos-de-emancipacao-politica\/#breadcrumb","itemListElement":[{"@type":"ListItem","position":1,"name":"In\u00edcio","item":"https:\/\/www.blogsoestado.com\/danielmatos\/"},{"@type":"ListItem","position":2,"name":"Pa\u00e7o do Lumiar comemora 54 anos de emancipa\u00e7\u00e3o pol\u00edtica"}]},{"@type":"WebSite","@id":"https:\/\/www.blogsoestado.com\/danielmatos\/#website","url":"https:\/\/www.blogsoestado.com\/danielmatos\/","name":"Daniel Matos","description":"","potentialAction":[{"@type":"SearchAction","target":{"@type":"EntryPoint","urlTemplate":"https:\/\/www.blogsoestado.com\/danielmatos\/?s={search_term_string}"},"query-input":{"@type":"PropertyValueSpecification","valueRequired":true,"valueName":"search_term_string"}}],"inLanguage":"pt-BR"}]}},"jetpack_featured_media_url":"","_links":{"self":[{"href":"https:\/\/www.blogsoestado.com\/danielmatos\/wp-json\/wp\/v2\/posts\/21560","targetHints":{"allow":["GET"]}}],"collection":[{"href":"https:\/\/www.blogsoestado.com\/danielmatos\/wp-json\/wp\/v2\/posts"}],"about":[{"href":"https:\/\/www.blogsoestado.com\/danielmatos\/wp-json\/wp\/v2\/types\/post"}],"replies":[{"embeddable":true,"href":"https:\/\/www.blogsoestado.com\/danielmatos\/wp-json\/wp\/v2\/comments?post=21560"}],"version-history":[{"count":0,"href":"https:\/\/www.blogsoestado.com\/danielmatos\/wp-json\/wp\/v2\/posts\/21560\/revisions"}],"wp:attachment":[{"href":"https:\/\/www.blogsoestado.com\/danielmatos\/wp-json\/wp\/v2\/media?parent=21560"}],"wp:term":[{"taxonomy":"category","embeddable":true,"href":"https:\/\/www.blogsoestado.com\/danielmatos\/wp-json\/wp\/v2\/categories?post=21560"},{"taxonomy":"post_tag","embeddable":true,"href":"https:\/\/www.blogsoestado.com\/danielmatos\/wp-json\/wp\/v2\/tags?post=21560"}],"curies":[{"name":"wp","href":"https:\/\/api.w.org\/{rel}","templated":true}]}}