{"id":21564,"date":"2015-01-12T20:41:12","date_gmt":"2015-01-12T23:41:12","guid":{"rendered":"https:\/\/www.blogsoestado.com\/danielmatos\/?p=21564"},"modified":"2015-01-12T20:41:12","modified_gmt":"2015-01-12T23:41:12","slug":"tre-reconta-votos-e-muda-eleicao-para-deputado-federal-no-maranhao","status":"publish","type":"post","link":"https:\/\/www.blogsoestado.com\/danielmatos\/tre-reconta-votos-e-muda-eleicao-para-deputado-federal-no-maranhao\/","title":{"rendered":"TRE reconta votos e muda elei\u00e7\u00e3o para deputado federal no Maranh\u00e3o"},"content":{"rendered":"<figure id=\"attachment_7202\" aria-describedby=\"caption-attachment-7202\" style=\"width: 163px\" class=\"wp-caption alignright\"><a href=\"https:\/\/www.blogsoestado.com\/danielmatos\/files\/2012\/11\/amin1.jpg\"><img decoding=\"async\" class=\"size-full wp-image-7202\" src=\"https:\/\/www.blogsoestado.com\/danielmatos\/files\/2012\/11\/amin1.jpg\" alt=\"Juli\u00e3o Amin \u00e9 o novo deputado federal eleito pelo Maranh\u00e3o\" width=\"163\" height=\"248\" \/><\/a><figcaption id=\"caption-attachment-7202\" class=\"wp-caption-text\">Juli\u00e3o Amin \u00e9 o novo deputado federal eleito pelo Maranh\u00e3o<\/figcaption><\/figure>\n<p>Em cumprimento \u00e0 decis\u00e3o monocr\u00e1tica do ministro Dias Toffoli (presidente do Tribunal Superior Eleitoral) proferida em 23 de dezembro de 2014 na A\u00e7\u00e3o Cautelar 1935-81.2014.6.00.0000, o Tribunal Regional Eleitoral do Maranh\u00e3o efetuou na noite desta segunda-feira, 12 de janeiro, a retotaliza\u00e7\u00e3o dos votos proporcionais das elei\u00e7\u00f5es 2014 para contabilizar os 56.171 votos recebidos pelo candidato Deoclides Macedo, que concorreu ao cargo de deputado federal.<\/p>\n<p>Com a recontagem, Juli\u00e3o Amim, que foi diplomado como primeiro suplente de deputado federal em 19 de dezembro, foi considerado eleito pela Coliga\u00e7\u00e3o Todos pelo Maranh\u00e3o 2 (PDT, PTC e PROS).<\/p>\n<p>A nova diploma\u00e7\u00e3o de Juli\u00e3o Amim ocorrer\u00e1 ap\u00f3s publica\u00e7\u00e3o no Di\u00e1rio da Justi\u00e7a Eletr\u00f4nico do Relat\u00f3rio Geral das Elei\u00e7\u00f5es 2014 relativo ao primeiro turno. J\u00e1 a de Deoclides Macedo, que assumir\u00e1 a vaga deixada por Amim, s\u00f3 poder\u00e1 ser realizada quando a presta\u00e7\u00e3o de contas dele for julgada pelo TRE-MA, o que deve ocorrer na primeira sess\u00e3o do \u00f3rg\u00e3o, prevista para o dia 27 de janeiro.<\/p>\n<p>Participaram do ato, al\u00e9m dos desembargadores Froz Sobrinho (presidente do TRE-MA) e Jos\u00e9 Eul\u00e1lio Figueiredo de Almeida (ouvidor), representantes de partidos pol\u00edticos, advogados das partes e representante do Minist\u00e9rio P\u00fablico Eleitoral.<\/p>\n<p><strong>Entenda<\/strong><\/p>\n<p>Deoclides Macedo concorreu ao cargo de deputado federal sub judice porque seu registro de candidatura havia sido indeferido pelo TSE por ele ter figurado como gestor ordenador de despesas julgadas irregulares pelo Tribunal de Contas do Estado do Maranh\u00e3o.<\/p>\n<p><strong>Fonte:<\/strong> Tribunal Regional Eleitoral (TRE)<\/p>\n","protected":false},"excerpt":{"rendered":"<p>Em cumprimento \u00e0 decis\u00e3o monocr\u00e1tica do ministro Dias Toffoli (presidente do Tribunal Superior Eleitoral) proferida em 23 de dezembro de [&hellip;]<\/p>\n","protected":false},"author":0,"featured_media":0,"comment_status":"open","ping_status":"open","sticky":false,"template":"","format":"standard","meta":{"site-sidebar-layout":"default","site-content-layout":"","ast-site-content-layout":"default","site-content-style":"default","site-sidebar-style":"default","ast-global-header-display":"","ast-banner-title-visibility":"","ast-main-header-display":"","ast-hfb-above-header-display":"","ast-hfb-below-header-display":"","ast-hfb-mobile-header-display":"","site-post-title":"","ast-breadcrumbs-content":"","ast-featured-img":"","footer-sml-layout":"","ast-disable-related-posts":"","theme-transparent-header-meta":"","adv-header-id-meta":"","stick-header-meta":"","header-above-stick-meta":"","header-main-stick-meta":"","header-below-stick-meta":"","astra-migrate-meta-layouts":"default","ast-page-background-enabled":"default","ast-page-background-meta":{"desktop":{"background-color":"var(--ast-global-color-5)","background-image":"","background-repeat":"repeat","background-position":"center center","background-size":"auto","background-attachment":"scroll","background-type":"","background-media":"","overlay-type":"","overlay-color":"","overlay-opacity":"","overlay-gradient":""},"tablet":{"background-color":"","background-image":"","background-repeat":"repeat","background-position":"center center","background-size":"auto","background-attachment":"scroll","background-type":"","background-media":"","overlay-type":"","overlay-color":"","overlay-opacity":"","overlay-gradient":""},"mobile":{"background-color":"","background-image":"","background-repeat":"repeat","background-position":"center center","background-size":"auto","background-attachment":"scroll","background-type":"","background-media":"","overlay-type":"","overlay-color":"","overlay-opacity":"","overlay-gradient":""}},"ast-content-background-meta":{"desktop":{"background-color":"var(--ast-global-color-4)","background-image":"","background-repeat":"repeat","background-position":"center center","background-size":"auto","background-attachment":"scroll","background-type":"","background-media":"","overlay-type":"","overlay-color":"","overlay-opacity":"","overlay-gradient":""},"tablet":{"background-color":"var(--ast-global-color-4)","background-image":"","background-repeat":"repeat","background-position":"center center","background-size":"auto","background-attachment":"scroll","background-type":"","background-media":"","overlay-type":"","overlay-color":"","overlay-opacity":"","overlay-gradient":""},"mobile":{"background-color":"var(--ast-global-color-4)","background-image":"","background-repeat":"repeat","background-position":"center center","background-size":"auto","background-attachment":"scroll","background-type":"","background-media":"","overlay-type":"","overlay-color":"","overlay-opacity":"","overlay-gradient":""}},"footnotes":""},"categories":[1],"tags":[],"class_list":["post-21564","post","type-post","status-publish","format-standard","hentry","category-sem-categoria"],"yoast_head":"<!-- This site is optimized with the Yoast SEO plugin v26.6 - https:\/\/yoast.com\/wordpress\/plugins\/seo\/ -->\n<title>TRE reconta votos e muda elei\u00e7\u00e3o para deputado federal no Maranh\u00e3o - Daniel Matos<\/title>\n<meta name=\"robots\" content=\"index, follow, max-snippet:-1, max-image-preview:large, max-video-preview:-1\" \/>\n<link rel=\"canonical\" href=\"https:\/\/www.blogsoestado.com\/danielmatos\/tre-reconta-votos-e-muda-eleicao-para-deputado-federal-no-maranhao\/\" \/>\n<meta property=\"og:locale\" content=\"pt_BR\" \/>\n<meta property=\"og:type\" content=\"article\" \/>\n<meta property=\"og:title\" content=\"TRE reconta votos e muda elei\u00e7\u00e3o para deputado federal no Maranh\u00e3o - Daniel Matos\" \/>\n<meta property=\"og:description\" content=\"Em cumprimento \u00e0 decis\u00e3o monocr\u00e1tica do ministro Dias Toffoli (presidente do Tribunal Superior Eleitoral) proferida em 23 de dezembro de [&hellip;]\" \/>\n<meta property=\"og:url\" content=\"https:\/\/www.blogsoestado.com\/danielmatos\/tre-reconta-votos-e-muda-eleicao-para-deputado-federal-no-maranhao\/\" \/>\n<meta property=\"og:site_name\" content=\"Daniel Matos\" \/>\n<meta property=\"article:published_time\" content=\"2015-01-12T23:41:12+00:00\" \/>\n<meta property=\"og:image\" content=\"https:\/\/www.blogsoestado.com\/danielmatos\/files\/2012\/11\/amin1.jpg\" \/>\n<meta name=\"twitter:card\" content=\"summary_large_image\" \/>\n<meta name=\"twitter:label1\" content=\"Est. tempo de leitura\" \/>\n\t<meta name=\"twitter:data1\" content=\"1 minuto\" \/>\n<script type=\"application\/ld+json\" class=\"yoast-schema-graph\">{\"@context\":\"https:\/\/schema.org\",\"@graph\":[{\"@type\":\"WebPage\",\"@id\":\"https:\/\/www.blogsoestado.com\/danielmatos\/tre-reconta-votos-e-muda-eleicao-para-deputado-federal-no-maranhao\/\",\"url\":\"https:\/\/www.blogsoestado.com\/danielmatos\/tre-reconta-votos-e-muda-eleicao-para-deputado-federal-no-maranhao\/\",\"name\":\"TRE reconta votos e muda elei\u00e7\u00e3o para deputado federal no Maranh\u00e3o - Daniel Matos\",\"isPartOf\":{\"@id\":\"https:\/\/www.blogsoestado.com\/danielmatos\/#website\"},\"primaryImageOfPage\":{\"@id\":\"https:\/\/www.blogsoestado.com\/danielmatos\/tre-reconta-votos-e-muda-eleicao-para-deputado-federal-no-maranhao\/#primaryimage\"},\"image\":{\"@id\":\"https:\/\/www.blogsoestado.com\/danielmatos\/tre-reconta-votos-e-muda-eleicao-para-deputado-federal-no-maranhao\/#primaryimage\"},\"thumbnailUrl\":\"https:\/\/www.blogsoestado.com\/danielmatos\/files\/2012\/11\/amin1.jpg\",\"datePublished\":\"2015-01-12T23:41:12+00:00\",\"author\":{\"@id\":\"\"},\"breadcrumb\":{\"@id\":\"https:\/\/www.blogsoestado.com\/danielmatos\/tre-reconta-votos-e-muda-eleicao-para-deputado-federal-no-maranhao\/#breadcrumb\"},\"inLanguage\":\"pt-BR\",\"potentialAction\":[{\"@type\":\"ReadAction\",\"target\":[\"https:\/\/www.blogsoestado.com\/danielmatos\/tre-reconta-votos-e-muda-eleicao-para-deputado-federal-no-maranhao\/\"]}]},{\"@type\":\"ImageObject\",\"inLanguage\":\"pt-BR\",\"@id\":\"https:\/\/www.blogsoestado.com\/danielmatos\/tre-reconta-votos-e-muda-eleicao-para-deputado-federal-no-maranhao\/#primaryimage\",\"url\":\"https:\/\/www.blogsoestado.com\/danielmatos\/files\/2012\/11\/amin1.jpg\",\"contentUrl\":\"https:\/\/www.blogsoestado.com\/danielmatos\/files\/2012\/11\/amin1.jpg\"},{\"@type\":\"BreadcrumbList\",\"@id\":\"https:\/\/www.blogsoestado.com\/danielmatos\/tre-reconta-votos-e-muda-eleicao-para-deputado-federal-no-maranhao\/#breadcrumb\",\"itemListElement\":[{\"@type\":\"ListItem\",\"position\":1,\"name\":\"In\u00edcio\",\"item\":\"https:\/\/www.blogsoestado.com\/danielmatos\/\"},{\"@type\":\"ListItem\",\"position\":2,\"name\":\"TRE reconta votos e muda elei\u00e7\u00e3o para deputado federal no Maranh\u00e3o\"}]},{\"@type\":\"WebSite\",\"@id\":\"https:\/\/www.blogsoestado.com\/danielmatos\/#website\",\"url\":\"https:\/\/www.blogsoestado.com\/danielmatos\/\",\"name\":\"Daniel Matos\",\"description\":\"\",\"potentialAction\":[{\"@type\":\"SearchAction\",\"target\":{\"@type\":\"EntryPoint\",\"urlTemplate\":\"https:\/\/www.blogsoestado.com\/danielmatos\/?s={search_term_string}\"},\"query-input\":{\"@type\":\"PropertyValueSpecification\",\"valueRequired\":true,\"valueName\":\"search_term_string\"}}],\"inLanguage\":\"pt-BR\"}]}<\/script>\n<!-- \/ Yoast SEO plugin. -->","yoast_head_json":{"title":"TRE reconta votos e muda elei\u00e7\u00e3o para deputado federal no Maranh\u00e3o - Daniel Matos","robots":{"index":"index","follow":"follow","max-snippet":"max-snippet:-1","max-image-preview":"max-image-preview:large","max-video-preview":"max-video-preview:-1"},"canonical":"https:\/\/www.blogsoestado.com\/danielmatos\/tre-reconta-votos-e-muda-eleicao-para-deputado-federal-no-maranhao\/","og_locale":"pt_BR","og_type":"article","og_title":"TRE reconta votos e muda elei\u00e7\u00e3o para deputado federal no Maranh\u00e3o - Daniel Matos","og_description":"Em cumprimento \u00e0 decis\u00e3o monocr\u00e1tica do ministro Dias Toffoli (presidente do Tribunal Superior Eleitoral) proferida em 23 de dezembro de [&hellip;]","og_url":"https:\/\/www.blogsoestado.com\/danielmatos\/tre-reconta-votos-e-muda-eleicao-para-deputado-federal-no-maranhao\/","og_site_name":"Daniel Matos","article_published_time":"2015-01-12T23:41:12+00:00","og_image":[{"url":"https:\/\/www.blogsoestado.com\/danielmatos\/files\/2012\/11\/amin1.jpg","type":"","width":"","height":""}],"twitter_card":"summary_large_image","twitter_misc":{"Est. tempo de leitura":"1 minuto"},"schema":{"@context":"https:\/\/schema.org","@graph":[{"@type":"WebPage","@id":"https:\/\/www.blogsoestado.com\/danielmatos\/tre-reconta-votos-e-muda-eleicao-para-deputado-federal-no-maranhao\/","url":"https:\/\/www.blogsoestado.com\/danielmatos\/tre-reconta-votos-e-muda-eleicao-para-deputado-federal-no-maranhao\/","name":"TRE reconta votos e muda elei\u00e7\u00e3o para deputado federal no Maranh\u00e3o - Daniel Matos","isPartOf":{"@id":"https:\/\/www.blogsoestado.com\/danielmatos\/#website"},"primaryImageOfPage":{"@id":"https:\/\/www.blogsoestado.com\/danielmatos\/tre-reconta-votos-e-muda-eleicao-para-deputado-federal-no-maranhao\/#primaryimage"},"image":{"@id":"https:\/\/www.blogsoestado.com\/danielmatos\/tre-reconta-votos-e-muda-eleicao-para-deputado-federal-no-maranhao\/#primaryimage"},"thumbnailUrl":"https:\/\/www.blogsoestado.com\/danielmatos\/files\/2012\/11\/amin1.jpg","datePublished":"2015-01-12T23:41:12+00:00","author":{"@id":""},"breadcrumb":{"@id":"https:\/\/www.blogsoestado.com\/danielmatos\/tre-reconta-votos-e-muda-eleicao-para-deputado-federal-no-maranhao\/#breadcrumb"},"inLanguage":"pt-BR","potentialAction":[{"@type":"ReadAction","target":["https:\/\/www.blogsoestado.com\/danielmatos\/tre-reconta-votos-e-muda-eleicao-para-deputado-federal-no-maranhao\/"]}]},{"@type":"ImageObject","inLanguage":"pt-BR","@id":"https:\/\/www.blogsoestado.com\/danielmatos\/tre-reconta-votos-e-muda-eleicao-para-deputado-federal-no-maranhao\/#primaryimage","url":"https:\/\/www.blogsoestado.com\/danielmatos\/files\/2012\/11\/amin1.jpg","contentUrl":"https:\/\/www.blogsoestado.com\/danielmatos\/files\/2012\/11\/amin1.jpg"},{"@type":"BreadcrumbList","@id":"https:\/\/www.blogsoestado.com\/danielmatos\/tre-reconta-votos-e-muda-eleicao-para-deputado-federal-no-maranhao\/#breadcrumb","itemListElement":[{"@type":"ListItem","position":1,"name":"In\u00edcio","item":"https:\/\/www.blogsoestado.com\/danielmatos\/"},{"@type":"ListItem","position":2,"name":"TRE reconta votos e muda elei\u00e7\u00e3o para deputado federal no Maranh\u00e3o"}]},{"@type":"WebSite","@id":"https:\/\/www.blogsoestado.com\/danielmatos\/#website","url":"https:\/\/www.blogsoestado.com\/danielmatos\/","name":"Daniel Matos","description":"","potentialAction":[{"@type":"SearchAction","target":{"@type":"EntryPoint","urlTemplate":"https:\/\/www.blogsoestado.com\/danielmatos\/?s={search_term_string}"},"query-input":{"@type":"PropertyValueSpecification","valueRequired":true,"valueName":"search_term_string"}}],"inLanguage":"pt-BR"}]}},"jetpack_featured_media_url":"","_links":{"self":[{"href":"https:\/\/www.blogsoestado.com\/danielmatos\/wp-json\/wp\/v2\/posts\/21564","targetHints":{"allow":["GET"]}}],"collection":[{"href":"https:\/\/www.blogsoestado.com\/danielmatos\/wp-json\/wp\/v2\/posts"}],"about":[{"href":"https:\/\/www.blogsoestado.com\/danielmatos\/wp-json\/wp\/v2\/types\/post"}],"replies":[{"embeddable":true,"href":"https:\/\/www.blogsoestado.com\/danielmatos\/wp-json\/wp\/v2\/comments?post=21564"}],"version-history":[{"count":0,"href":"https:\/\/www.blogsoestado.com\/danielmatos\/wp-json\/wp\/v2\/posts\/21564\/revisions"}],"wp:attachment":[{"href":"https:\/\/www.blogsoestado.com\/danielmatos\/wp-json\/wp\/v2\/media?parent=21564"}],"wp:term":[{"taxonomy":"category","embeddable":true,"href":"https:\/\/www.blogsoestado.com\/danielmatos\/wp-json\/wp\/v2\/categories?post=21564"},{"taxonomy":"post_tag","embeddable":true,"href":"https:\/\/www.blogsoestado.com\/danielmatos\/wp-json\/wp\/v2\/tags?post=21564"}],"curies":[{"name":"wp","href":"https:\/\/api.w.org\/{rel}","templated":true}]}}