{"id":21568,"date":"2015-01-13T09:09:55","date_gmt":"2015-01-13T12:09:55","guid":{"rendered":"https:\/\/www.blogsoestado.com\/danielmatos\/?p=21568"},"modified":"2015-01-13T09:09:55","modified_gmt":"2015-01-13T12:09:55","slug":"camara-iniciara-recadastramento-de-servidores-nesta-quarta-feira","status":"publish","type":"post","link":"https:\/\/www.blogsoestado.com\/danielmatos\/camara-iniciara-recadastramento-de-servidores-nesta-quarta-feira\/","title":{"rendered":"C\u00e2mara iniciar\u00e1 recadastramento de servidores nesta quarta-feira"},"content":{"rendered":"<figure id=\"attachment_21326\" aria-describedby=\"caption-attachment-21326\" style=\"width: 342px\" class=\"wp-caption alignright\"><a href=\"https:\/\/www.blogsoestado.com\/danielmatos\/files\/2014\/12\/astro-exonera1.jpg\"><img fetchpriority=\"high\" decoding=\"async\" class=\"size-full wp-image-21326\" src=\"https:\/\/www.blogsoestado.com\/danielmatos\/files\/2014\/12\/astro-exonera1.jpg\" alt=\"Astro de Ogum substituir\u00e1 Isa\u00edas Pereirinha (PSL), que encerra um ciclo de cinco mandatos presidenciais consecutivos\" width=\"342\" height=\"299\" \/><\/a><figcaption id=\"caption-attachment-21326\" class=\"wp-caption-text\">Astro de Ogum\u00a0determinou recadastramento de servidores<\/figcaption><\/figure>\n<p>Ter\u00e1 in\u00edcio na quarta-feira (14), at\u00e9 o pr\u00f3ximo dia 30, das 08:30 \u00e0s 14:30, um processo de recadastramento dos servidores da C\u00e2mara Municipal de S\u00e3o Lu\u00eds. O an\u00fancio foi feito no final da manh\u00e3 desta segunda-feira (12) pelo presidente da Casa, vereador Astro de Ogum (PMN), durante reuni\u00e3o realizada no plen\u00e1rio do Legislativo ludovicense, para a qual conclamou todos os funcion\u00e1rios.<\/p>\n<p>A reuni\u00e3o teve como objetivo tranquilizar os funcion\u00e1rios, bem como deix\u00e1-los a par dos problemas que ser\u00e3o enfrentados pela administra\u00e7\u00e3o que se inicia. O presidente evidenciou que as decis\u00f5es, indigestas ou n\u00e3o, dever\u00e3o ser comunicadas n\u00e3o apenas aos vereadores, mas, tamb\u00e9m, aos pr\u00f3prios servidores, j\u00e1 que estes s\u00e3o os mais afetados.<\/p>\n<p>\u201cEspero contar com o apoio e a compreens\u00e3o de todos, at\u00e9 por considerarmos este m\u00eas de janeiro muito complicado e muito dif\u00edcil\u201d, completou ele. Enumerando os desafios, al\u00e9m do recadastramento para fazer uma radiografia da situa\u00e7\u00e3o funcional do parlamento da capital maranhense, Astro de Ogum elencou o caso da amea\u00e7a de demiss\u00e3o de 387 servidores, movida por decis\u00e3o da Justi\u00e7a, e dos ocupantes de cargos em comiss\u00e3o que est\u00e3o exonerados, bem como dos d\u00e9bitos com a previd\u00eancia social e com o Instituto de Previd\u00eancia e Assist\u00eancia do Munic\u00edpio (IPAM).<\/p>\n<p>Para tratar desses assuntos j\u00e1 existe uma comiss\u00e3o nomeada pelo presidente, composta pelo procurador geral e pelo diretor geral administrativo e financeiro da C\u00e2mara, respectivamente, Walter Cruz e Itamilson Corr\u00ea Lima, e pela advogada especialista em direito previdenci\u00e1rio Itamary Corr\u00eaa Lima.<br \/>\nSobre o recadastramento, Astro de Ogum disse esperar que o mesmo seja conclu\u00eddo no mais breve espa\u00e7o de tempo poss\u00edvel, para que de posse do resultado cada dire\u00e7\u00e3o fa\u00e7a an\u00e1lise de caso a caso que seja considerado excepcional. Continuando, ele tamb\u00e9m falou sobre a exonera\u00e7\u00e3o dos ocupantes de cargo de confian\u00e7a, feita pelo seu antecessor, vereador Antonio Isaias Pereirinha (PSL), que tomou essa decis\u00e3o por ter sido obrigado \u201cnuma prerrogativa de quem exerce a presid\u00eancia da Casa\u201d.<\/p>\n<p><strong>Concurso<\/strong><\/p>\n<p>Astro de Ogum aproveitou para anunciar a realiza\u00e7\u00e3o do primeiro concurso p\u00fablico da C\u00e2mara Municipal para o pr\u00f3ximo m\u00eas de maio. Outras iniciativas da atual administra\u00e7\u00e3o tamb\u00e9m foram j\u00e1 anunciadas como a instala\u00e7\u00e3o do painel eletr\u00f4nico de vota\u00e7\u00e3o e da R\u00e1dio C\u00e2mara, que ir\u00e1 transmitir as atividades do Legislativo logo na primeira sess\u00e3o ap\u00f3s o retorno do recesso parlamentar; a implanta\u00e7\u00e3o da tribuna do povo, quando representantes de segmentos da popula\u00e7\u00e3o ocupar\u00e3o a tribuna para apresentar suas solicita\u00e7\u00f5es, e o apoio a reestrutura\u00e7\u00e3o da Associa\u00e7\u00e3o dos Servidores do Poder Legislativo Municipal.<\/p>\n","protected":false},"excerpt":{"rendered":"<p>Ter\u00e1 in\u00edcio na quarta-feira (14), at\u00e9 o pr\u00f3ximo dia 30, das 08:30 \u00e0s 14:30, um processo de recadastramento dos servidores [&hellip;]<\/p>\n","protected":false},"author":0,"featured_media":0,"comment_status":"open","ping_status":"open","sticky":false,"template":"","format":"standard","meta":{"site-sidebar-layout":"default","site-content-layout":"","ast-site-content-layout":"default","site-content-style":"default","site-sidebar-style":"default","ast-global-header-display":"","ast-banner-title-visibility":"","ast-main-header-display":"","ast-hfb-above-header-display":"","ast-hfb-below-header-display":"","ast-hfb-mobile-header-display":"","site-post-title":"","ast-breadcrumbs-content":"","ast-featured-img":"","footer-sml-layout":"","ast-disable-related-posts":"","theme-transparent-header-meta":"","adv-header-id-meta":"","stick-header-meta":"","header-above-stick-meta":"","header-main-stick-meta":"","header-below-stick-meta":"","astra-migrate-meta-layouts":"default","ast-page-background-enabled":"default","ast-page-background-meta":{"desktop":{"background-color":"var(--ast-global-color-5)","background-image":"","background-repeat":"repeat","background-position":"center center","background-size":"auto","background-attachment":"scroll","background-type":"","background-media":"","overlay-type":"","overlay-color":"","overlay-opacity":"","overlay-gradient":""},"tablet":{"background-color":"","background-image":"","background-repeat":"repeat","background-position":"center center","background-size":"auto","background-attachment":"scroll","background-type":"","background-media":"","overlay-type":"","overlay-color":"","overlay-opacity":"","overlay-gradient":""},"mobile":{"background-color":"","background-image":"","background-repeat":"repeat","background-position":"center center","background-size":"auto","background-attachment":"scroll","background-type":"","background-media":"","overlay-type":"","overlay-color":"","overlay-opacity":"","overlay-gradient":""}},"ast-content-background-meta":{"desktop":{"background-color":"var(--ast-global-color-4)","background-image":"","background-repeat":"repeat","background-position":"center center","background-size":"auto","background-attachment":"scroll","background-type":"","background-media":"","overlay-type":"","overlay-color":"","overlay-opacity":"","overlay-gradient":""},"tablet":{"background-color":"var(--ast-global-color-4)","background-image":"","background-repeat":"repeat","background-position":"center center","background-size":"auto","background-attachment":"scroll","background-type":"","background-media":"","overlay-type":"","overlay-color":"","overlay-opacity":"","overlay-gradient":""},"mobile":{"background-color":"var(--ast-global-color-4)","background-image":"","background-repeat":"repeat","background-position":"center center","background-size":"auto","background-attachment":"scroll","background-type":"","background-media":"","overlay-type":"","overlay-color":"","overlay-opacity":"","overlay-gradient":""}},"footnotes":""},"categories":[1],"tags":[],"class_list":["post-21568","post","type-post","status-publish","format-standard","hentry","category-sem-categoria"],"yoast_head":"<!-- This site is optimized with the Yoast SEO plugin v26.6 - https:\/\/yoast.com\/wordpress\/plugins\/seo\/ -->\n<title>C\u00e2mara iniciar\u00e1 recadastramento de servidores nesta quarta-feira - Daniel Matos<\/title>\n<meta name=\"robots\" content=\"index, follow, max-snippet:-1, max-image-preview:large, max-video-preview:-1\" \/>\n<link rel=\"canonical\" href=\"https:\/\/www.blogsoestado.com\/danielmatos\/camara-iniciara-recadastramento-de-servidores-nesta-quarta-feira\/\" \/>\n<meta property=\"og:locale\" content=\"pt_BR\" \/>\n<meta property=\"og:type\" content=\"article\" \/>\n<meta property=\"og:title\" content=\"C\u00e2mara iniciar\u00e1 recadastramento de servidores nesta quarta-feira - Daniel Matos\" \/>\n<meta property=\"og:description\" content=\"Ter\u00e1 in\u00edcio na quarta-feira (14), at\u00e9 o pr\u00f3ximo dia 30, das 08:30 \u00e0s 14:30, um processo de recadastramento dos servidores [&hellip;]\" \/>\n<meta property=\"og:url\" content=\"https:\/\/www.blogsoestado.com\/danielmatos\/camara-iniciara-recadastramento-de-servidores-nesta-quarta-feira\/\" \/>\n<meta property=\"og:site_name\" content=\"Daniel Matos\" \/>\n<meta property=\"article:published_time\" content=\"2015-01-13T12:09:55+00:00\" \/>\n<meta property=\"og:image\" content=\"https:\/\/www.blogsoestado.com\/danielmatos\/files\/2014\/12\/astro-exonera1.jpg\" \/>\n<meta name=\"twitter:card\" content=\"summary_large_image\" \/>\n<meta name=\"twitter:label1\" content=\"Est. tempo de leitura\" \/>\n\t<meta name=\"twitter:data1\" content=\"2 minutos\" \/>\n<script type=\"application\/ld+json\" class=\"yoast-schema-graph\">{\"@context\":\"https:\/\/schema.org\",\"@graph\":[{\"@type\":\"WebPage\",\"@id\":\"https:\/\/www.blogsoestado.com\/danielmatos\/camara-iniciara-recadastramento-de-servidores-nesta-quarta-feira\/\",\"url\":\"https:\/\/www.blogsoestado.com\/danielmatos\/camara-iniciara-recadastramento-de-servidores-nesta-quarta-feira\/\",\"name\":\"C\u00e2mara iniciar\u00e1 recadastramento de servidores nesta quarta-feira - Daniel Matos\",\"isPartOf\":{\"@id\":\"https:\/\/www.blogsoestado.com\/danielmatos\/#website\"},\"primaryImageOfPage\":{\"@id\":\"https:\/\/www.blogsoestado.com\/danielmatos\/camara-iniciara-recadastramento-de-servidores-nesta-quarta-feira\/#primaryimage\"},\"image\":{\"@id\":\"https:\/\/www.blogsoestado.com\/danielmatos\/camara-iniciara-recadastramento-de-servidores-nesta-quarta-feira\/#primaryimage\"},\"thumbnailUrl\":\"https:\/\/www.blogsoestado.com\/danielmatos\/files\/2014\/12\/astro-exonera1.jpg\",\"datePublished\":\"2015-01-13T12:09:55+00:00\",\"author\":{\"@id\":\"\"},\"breadcrumb\":{\"@id\":\"https:\/\/www.blogsoestado.com\/danielmatos\/camara-iniciara-recadastramento-de-servidores-nesta-quarta-feira\/#breadcrumb\"},\"inLanguage\":\"pt-BR\",\"potentialAction\":[{\"@type\":\"ReadAction\",\"target\":[\"https:\/\/www.blogsoestado.com\/danielmatos\/camara-iniciara-recadastramento-de-servidores-nesta-quarta-feira\/\"]}]},{\"@type\":\"ImageObject\",\"inLanguage\":\"pt-BR\",\"@id\":\"https:\/\/www.blogsoestado.com\/danielmatos\/camara-iniciara-recadastramento-de-servidores-nesta-quarta-feira\/#primaryimage\",\"url\":\"https:\/\/www.blogsoestado.com\/danielmatos\/files\/2014\/12\/astro-exonera1.jpg\",\"contentUrl\":\"https:\/\/www.blogsoestado.com\/danielmatos\/files\/2014\/12\/astro-exonera1.jpg\"},{\"@type\":\"BreadcrumbList\",\"@id\":\"https:\/\/www.blogsoestado.com\/danielmatos\/camara-iniciara-recadastramento-de-servidores-nesta-quarta-feira\/#breadcrumb\",\"itemListElement\":[{\"@type\":\"ListItem\",\"position\":1,\"name\":\"In\u00edcio\",\"item\":\"https:\/\/www.blogsoestado.com\/danielmatos\/\"},{\"@type\":\"ListItem\",\"position\":2,\"name\":\"C\u00e2mara iniciar\u00e1 recadastramento de servidores nesta quarta-feira\"}]},{\"@type\":\"WebSite\",\"@id\":\"https:\/\/www.blogsoestado.com\/danielmatos\/#website\",\"url\":\"https:\/\/www.blogsoestado.com\/danielmatos\/\",\"name\":\"Daniel Matos\",\"description\":\"\",\"potentialAction\":[{\"@type\":\"SearchAction\",\"target\":{\"@type\":\"EntryPoint\",\"urlTemplate\":\"https:\/\/www.blogsoestado.com\/danielmatos\/?s={search_term_string}\"},\"query-input\":{\"@type\":\"PropertyValueSpecification\",\"valueRequired\":true,\"valueName\":\"search_term_string\"}}],\"inLanguage\":\"pt-BR\"}]}<\/script>\n<!-- \/ Yoast SEO plugin. -->","yoast_head_json":{"title":"C\u00e2mara iniciar\u00e1 recadastramento de servidores nesta quarta-feira - Daniel Matos","robots":{"index":"index","follow":"follow","max-snippet":"max-snippet:-1","max-image-preview":"max-image-preview:large","max-video-preview":"max-video-preview:-1"},"canonical":"https:\/\/www.blogsoestado.com\/danielmatos\/camara-iniciara-recadastramento-de-servidores-nesta-quarta-feira\/","og_locale":"pt_BR","og_type":"article","og_title":"C\u00e2mara iniciar\u00e1 recadastramento de servidores nesta quarta-feira - Daniel Matos","og_description":"Ter\u00e1 in\u00edcio na quarta-feira (14), at\u00e9 o pr\u00f3ximo dia 30, das 08:30 \u00e0s 14:30, um processo de recadastramento dos servidores [&hellip;]","og_url":"https:\/\/www.blogsoestado.com\/danielmatos\/camara-iniciara-recadastramento-de-servidores-nesta-quarta-feira\/","og_site_name":"Daniel Matos","article_published_time":"2015-01-13T12:09:55+00:00","og_image":[{"url":"https:\/\/www.blogsoestado.com\/danielmatos\/files\/2014\/12\/astro-exonera1.jpg","type":"","width":"","height":""}],"twitter_card":"summary_large_image","twitter_misc":{"Est. tempo de leitura":"2 minutos"},"schema":{"@context":"https:\/\/schema.org","@graph":[{"@type":"WebPage","@id":"https:\/\/www.blogsoestado.com\/danielmatos\/camara-iniciara-recadastramento-de-servidores-nesta-quarta-feira\/","url":"https:\/\/www.blogsoestado.com\/danielmatos\/camara-iniciara-recadastramento-de-servidores-nesta-quarta-feira\/","name":"C\u00e2mara iniciar\u00e1 recadastramento de servidores nesta quarta-feira - Daniel Matos","isPartOf":{"@id":"https:\/\/www.blogsoestado.com\/danielmatos\/#website"},"primaryImageOfPage":{"@id":"https:\/\/www.blogsoestado.com\/danielmatos\/camara-iniciara-recadastramento-de-servidores-nesta-quarta-feira\/#primaryimage"},"image":{"@id":"https:\/\/www.blogsoestado.com\/danielmatos\/camara-iniciara-recadastramento-de-servidores-nesta-quarta-feira\/#primaryimage"},"thumbnailUrl":"https:\/\/www.blogsoestado.com\/danielmatos\/files\/2014\/12\/astro-exonera1.jpg","datePublished":"2015-01-13T12:09:55+00:00","author":{"@id":""},"breadcrumb":{"@id":"https:\/\/www.blogsoestado.com\/danielmatos\/camara-iniciara-recadastramento-de-servidores-nesta-quarta-feira\/#breadcrumb"},"inLanguage":"pt-BR","potentialAction":[{"@type":"ReadAction","target":["https:\/\/www.blogsoestado.com\/danielmatos\/camara-iniciara-recadastramento-de-servidores-nesta-quarta-feira\/"]}]},{"@type":"ImageObject","inLanguage":"pt-BR","@id":"https:\/\/www.blogsoestado.com\/danielmatos\/camara-iniciara-recadastramento-de-servidores-nesta-quarta-feira\/#primaryimage","url":"https:\/\/www.blogsoestado.com\/danielmatos\/files\/2014\/12\/astro-exonera1.jpg","contentUrl":"https:\/\/www.blogsoestado.com\/danielmatos\/files\/2014\/12\/astro-exonera1.jpg"},{"@type":"BreadcrumbList","@id":"https:\/\/www.blogsoestado.com\/danielmatos\/camara-iniciara-recadastramento-de-servidores-nesta-quarta-feira\/#breadcrumb","itemListElement":[{"@type":"ListItem","position":1,"name":"In\u00edcio","item":"https:\/\/www.blogsoestado.com\/danielmatos\/"},{"@type":"ListItem","position":2,"name":"C\u00e2mara iniciar\u00e1 recadastramento de servidores nesta quarta-feira"}]},{"@type":"WebSite","@id":"https:\/\/www.blogsoestado.com\/danielmatos\/#website","url":"https:\/\/www.blogsoestado.com\/danielmatos\/","name":"Daniel Matos","description":"","potentialAction":[{"@type":"SearchAction","target":{"@type":"EntryPoint","urlTemplate":"https:\/\/www.blogsoestado.com\/danielmatos\/?s={search_term_string}"},"query-input":{"@type":"PropertyValueSpecification","valueRequired":true,"valueName":"search_term_string"}}],"inLanguage":"pt-BR"}]}},"jetpack_featured_media_url":"","_links":{"self":[{"href":"https:\/\/www.blogsoestado.com\/danielmatos\/wp-json\/wp\/v2\/posts\/21568","targetHints":{"allow":["GET"]}}],"collection":[{"href":"https:\/\/www.blogsoestado.com\/danielmatos\/wp-json\/wp\/v2\/posts"}],"about":[{"href":"https:\/\/www.blogsoestado.com\/danielmatos\/wp-json\/wp\/v2\/types\/post"}],"replies":[{"embeddable":true,"href":"https:\/\/www.blogsoestado.com\/danielmatos\/wp-json\/wp\/v2\/comments?post=21568"}],"version-history":[{"count":0,"href":"https:\/\/www.blogsoestado.com\/danielmatos\/wp-json\/wp\/v2\/posts\/21568\/revisions"}],"wp:attachment":[{"href":"https:\/\/www.blogsoestado.com\/danielmatos\/wp-json\/wp\/v2\/media?parent=21568"}],"wp:term":[{"taxonomy":"category","embeddable":true,"href":"https:\/\/www.blogsoestado.com\/danielmatos\/wp-json\/wp\/v2\/categories?post=21568"},{"taxonomy":"post_tag","embeddable":true,"href":"https:\/\/www.blogsoestado.com\/danielmatos\/wp-json\/wp\/v2\/tags?post=21568"}],"curies":[{"name":"wp","href":"https:\/\/api.w.org\/{rel}","templated":true}]}}