{"id":21570,"date":"2015-01-13T11:19:24","date_gmt":"2015-01-13T14:19:24","guid":{"rendered":"https:\/\/www.blogsoestado.com\/danielmatos\/?p=21570"},"modified":"2015-01-13T11:19:24","modified_gmt":"2015-01-13T14:19:24","slug":"solicitacao-de-alvara-para-participacao-de-menores-em-carnaval-encerra-no-proximo-dia-31","status":"publish","type":"post","link":"https:\/\/www.blogsoestado.com\/danielmatos\/solicitacao-de-alvara-para-participacao-de-menores-em-carnaval-encerra-no-proximo-dia-31\/","title":{"rendered":"Solicita\u00e7\u00e3o de alvar\u00e1 para participa\u00e7\u00e3o de menores em Carnaval encerra no pr\u00f3ximo dia 31"},"content":{"rendered":"<p>Termina no pr\u00f3ximo dia 31 o prazo para solicita\u00e7\u00e3o de alvar\u00e1 judicial emitido pela 1\u00aa Vara da Inf\u00e2ncia e da Juventude de S\u00e3o Lu\u00eds para participa\u00e7\u00e3o de crian\u00e7as e adolescentes nas festividades carnavalescas. A medida consta de portaria editada pela ju\u00edza L\u00edvia Maria da Gra\u00e7a Costa Aguiar, magistrada que se encontra respondendo pela unidade.<\/p>\n<p>Segundo o documento (Portaria 01\/2015), n\u00e3o ser\u00e3o recebidas solicita\u00e7\u00f5es fora do prazo. A entrega dos alvar\u00e1s se d\u00e1 no per\u00edodo de 2 a 6 de fevereiro. A solicita\u00e7\u00e3o e a entrega dos alvar\u00e1s acontecem no Setor de Prote\u00e7\u00e3o \u00e0 Crian\u00e7a e ao Adolescente da unidade (Avenida Silva Maia, 219, Centro) de segunda \u00e0 sexta-feira, das 08h \u00e0s 18h.<\/p>\n<p><strong>Portaria<\/strong><\/p>\n<p>Editada com base na Portaria 001\/2012, da Vara da Inf\u00e2ncia, a portaria visa a resguardar os direitos e garantias de crian\u00e7as e adolescentes, bem como a prote\u00e7\u00e3o integral dos mesmos.<\/p>\n<p>Para a solicita\u00e7\u00e3o dos alvar\u00e1s s\u00e3o necess\u00e1rios: o requerimento administrativo a ser solicitado na Vara da Inf\u00e2ncia, a rela\u00e7\u00e3o dos nomes de menores com idade entre seis e doze anos participantes das brincadeiras, a c\u00f3pia da inscri\u00e7\u00e3o do CNPJ da agremia\u00e7\u00e3o, bem como CPF, RG e comprovante de endere\u00e7o do respons\u00e1vel. A autoriza\u00e7\u00e3o dos pais ou respons\u00e1veis legais pelo menor tamb\u00e9m \u00e9 exigida. As determina\u00e7\u00f5es constam da portaria 001\/2012.<\/p>\n<p><strong>Fonte:<\/strong> Corregedoria Geral de Justi\u00e7a<\/p>\n","protected":false},"excerpt":{"rendered":"<p>Termina no pr\u00f3ximo dia 31 o prazo para solicita\u00e7\u00e3o de alvar\u00e1 judicial emitido pela 1\u00aa Vara da Inf\u00e2ncia e da [&hellip;]<\/p>\n","protected":false},"author":0,"featured_media":0,"comment_status":"open","ping_status":"open","sticky":false,"template":"","format":"standard","meta":{"site-sidebar-layout":"default","site-content-layout":"","ast-site-content-layout":"default","site-content-style":"default","site-sidebar-style":"default","ast-global-header-display":"","ast-banner-title-visibility":"","ast-main-header-display":"","ast-hfb-above-header-display":"","ast-hfb-below-header-display":"","ast-hfb-mobile-header-display":"","site-post-title":"","ast-breadcrumbs-content":"","ast-featured-img":"","footer-sml-layout":"","ast-disable-related-posts":"","theme-transparent-header-meta":"","adv-header-id-meta":"","stick-header-meta":"","header-above-stick-meta":"","header-main-stick-meta":"","header-below-stick-meta":"","astra-migrate-meta-layouts":"default","ast-page-background-enabled":"default","ast-page-background-meta":{"desktop":{"background-color":"var(--ast-global-color-5)","background-image":"","background-repeat":"repeat","background-position":"center center","background-size":"auto","background-attachment":"scroll","background-type":"","background-media":"","overlay-type":"","overlay-color":"","overlay-opacity":"","overlay-gradient":""},"tablet":{"background-color":"","background-image":"","background-repeat":"repeat","background-position":"center center","background-size":"auto","background-attachment":"scroll","background-type":"","background-media":"","overlay-type":"","overlay-color":"","overlay-opacity":"","overlay-gradient":""},"mobile":{"background-color":"","background-image":"","background-repeat":"repeat","background-position":"center center","background-size":"auto","background-attachment":"scroll","background-type":"","background-media":"","overlay-type":"","overlay-color":"","overlay-opacity":"","overlay-gradient":""}},"ast-content-background-meta":{"desktop":{"background-color":"var(--ast-global-color-4)","background-image":"","background-repeat":"repeat","background-position":"center center","background-size":"auto","background-attachment":"scroll","background-type":"","background-media":"","overlay-type":"","overlay-color":"","overlay-opacity":"","overlay-gradient":""},"tablet":{"background-color":"var(--ast-global-color-4)","background-image":"","background-repeat":"repeat","background-position":"center center","background-size":"auto","background-attachment":"scroll","background-type":"","background-media":"","overlay-type":"","overlay-color":"","overlay-opacity":"","overlay-gradient":""},"mobile":{"background-color":"var(--ast-global-color-4)","background-image":"","background-repeat":"repeat","background-position":"center center","background-size":"auto","background-attachment":"scroll","background-type":"","background-media":"","overlay-type":"","overlay-color":"","overlay-opacity":"","overlay-gradient":""}},"footnotes":""},"categories":[1],"tags":[],"class_list":["post-21570","post","type-post","status-publish","format-standard","hentry","category-sem-categoria"],"yoast_head":"<!-- This site is optimized with the Yoast SEO plugin v26.6 - https:\/\/yoast.com\/wordpress\/plugins\/seo\/ -->\n<title>Solicita\u00e7\u00e3o de alvar\u00e1 para participa\u00e7\u00e3o de menores em Carnaval encerra no pr\u00f3ximo dia 31 - Daniel Matos<\/title>\n<meta name=\"robots\" content=\"index, follow, max-snippet:-1, max-image-preview:large, max-video-preview:-1\" \/>\n<link rel=\"canonical\" href=\"https:\/\/www.blogsoestado.com\/danielmatos\/solicitacao-de-alvara-para-participacao-de-menores-em-carnaval-encerra-no-proximo-dia-31\/\" \/>\n<meta property=\"og:locale\" content=\"pt_BR\" \/>\n<meta property=\"og:type\" content=\"article\" \/>\n<meta property=\"og:title\" content=\"Solicita\u00e7\u00e3o de alvar\u00e1 para participa\u00e7\u00e3o de menores em Carnaval encerra no pr\u00f3ximo dia 31 - Daniel Matos\" \/>\n<meta property=\"og:description\" content=\"Termina no pr\u00f3ximo dia 31 o prazo para solicita\u00e7\u00e3o de alvar\u00e1 judicial emitido pela 1\u00aa Vara da Inf\u00e2ncia e da [&hellip;]\" \/>\n<meta property=\"og:url\" content=\"https:\/\/www.blogsoestado.com\/danielmatos\/solicitacao-de-alvara-para-participacao-de-menores-em-carnaval-encerra-no-proximo-dia-31\/\" \/>\n<meta property=\"og:site_name\" content=\"Daniel Matos\" \/>\n<meta property=\"article:published_time\" content=\"2015-01-13T14:19:24+00:00\" \/>\n<meta name=\"twitter:card\" content=\"summary_large_image\" \/>\n<meta name=\"twitter:label1\" content=\"Est. tempo de leitura\" \/>\n\t<meta name=\"twitter:data1\" content=\"1 minuto\" \/>\n<script type=\"application\/ld+json\" class=\"yoast-schema-graph\">{\"@context\":\"https:\/\/schema.org\",\"@graph\":[{\"@type\":\"WebPage\",\"@id\":\"https:\/\/www.blogsoestado.com\/danielmatos\/solicitacao-de-alvara-para-participacao-de-menores-em-carnaval-encerra-no-proximo-dia-31\/\",\"url\":\"https:\/\/www.blogsoestado.com\/danielmatos\/solicitacao-de-alvara-para-participacao-de-menores-em-carnaval-encerra-no-proximo-dia-31\/\",\"name\":\"Solicita\u00e7\u00e3o de alvar\u00e1 para participa\u00e7\u00e3o de menores em Carnaval encerra no pr\u00f3ximo dia 31 - Daniel Matos\",\"isPartOf\":{\"@id\":\"https:\/\/www.blogsoestado.com\/danielmatos\/#website\"},\"datePublished\":\"2015-01-13T14:19:24+00:00\",\"author\":{\"@id\":\"\"},\"breadcrumb\":{\"@id\":\"https:\/\/www.blogsoestado.com\/danielmatos\/solicitacao-de-alvara-para-participacao-de-menores-em-carnaval-encerra-no-proximo-dia-31\/#breadcrumb\"},\"inLanguage\":\"pt-BR\",\"potentialAction\":[{\"@type\":\"ReadAction\",\"target\":[\"https:\/\/www.blogsoestado.com\/danielmatos\/solicitacao-de-alvara-para-participacao-de-menores-em-carnaval-encerra-no-proximo-dia-31\/\"]}]},{\"@type\":\"BreadcrumbList\",\"@id\":\"https:\/\/www.blogsoestado.com\/danielmatos\/solicitacao-de-alvara-para-participacao-de-menores-em-carnaval-encerra-no-proximo-dia-31\/#breadcrumb\",\"itemListElement\":[{\"@type\":\"ListItem\",\"position\":1,\"name\":\"In\u00edcio\",\"item\":\"https:\/\/www.blogsoestado.com\/danielmatos\/\"},{\"@type\":\"ListItem\",\"position\":2,\"name\":\"Solicita\u00e7\u00e3o de alvar\u00e1 para participa\u00e7\u00e3o de menores em Carnaval encerra no pr\u00f3ximo dia 31\"}]},{\"@type\":\"WebSite\",\"@id\":\"https:\/\/www.blogsoestado.com\/danielmatos\/#website\",\"url\":\"https:\/\/www.blogsoestado.com\/danielmatos\/\",\"name\":\"Daniel Matos\",\"description\":\"\",\"potentialAction\":[{\"@type\":\"SearchAction\",\"target\":{\"@type\":\"EntryPoint\",\"urlTemplate\":\"https:\/\/www.blogsoestado.com\/danielmatos\/?s={search_term_string}\"},\"query-input\":{\"@type\":\"PropertyValueSpecification\",\"valueRequired\":true,\"valueName\":\"search_term_string\"}}],\"inLanguage\":\"pt-BR\"}]}<\/script>\n<!-- \/ Yoast SEO plugin. -->","yoast_head_json":{"title":"Solicita\u00e7\u00e3o de alvar\u00e1 para participa\u00e7\u00e3o de menores em Carnaval encerra no pr\u00f3ximo dia 31 - Daniel Matos","robots":{"index":"index","follow":"follow","max-snippet":"max-snippet:-1","max-image-preview":"max-image-preview:large","max-video-preview":"max-video-preview:-1"},"canonical":"https:\/\/www.blogsoestado.com\/danielmatos\/solicitacao-de-alvara-para-participacao-de-menores-em-carnaval-encerra-no-proximo-dia-31\/","og_locale":"pt_BR","og_type":"article","og_title":"Solicita\u00e7\u00e3o de alvar\u00e1 para participa\u00e7\u00e3o de menores em Carnaval encerra no pr\u00f3ximo dia 31 - Daniel Matos","og_description":"Termina no pr\u00f3ximo dia 31 o prazo para solicita\u00e7\u00e3o de alvar\u00e1 judicial emitido pela 1\u00aa Vara da Inf\u00e2ncia e da [&hellip;]","og_url":"https:\/\/www.blogsoestado.com\/danielmatos\/solicitacao-de-alvara-para-participacao-de-menores-em-carnaval-encerra-no-proximo-dia-31\/","og_site_name":"Daniel Matos","article_published_time":"2015-01-13T14:19:24+00:00","twitter_card":"summary_large_image","twitter_misc":{"Est. tempo de leitura":"1 minuto"},"schema":{"@context":"https:\/\/schema.org","@graph":[{"@type":"WebPage","@id":"https:\/\/www.blogsoestado.com\/danielmatos\/solicitacao-de-alvara-para-participacao-de-menores-em-carnaval-encerra-no-proximo-dia-31\/","url":"https:\/\/www.blogsoestado.com\/danielmatos\/solicitacao-de-alvara-para-participacao-de-menores-em-carnaval-encerra-no-proximo-dia-31\/","name":"Solicita\u00e7\u00e3o de alvar\u00e1 para participa\u00e7\u00e3o de menores em Carnaval encerra no pr\u00f3ximo dia 31 - Daniel Matos","isPartOf":{"@id":"https:\/\/www.blogsoestado.com\/danielmatos\/#website"},"datePublished":"2015-01-13T14:19:24+00:00","author":{"@id":""},"breadcrumb":{"@id":"https:\/\/www.blogsoestado.com\/danielmatos\/solicitacao-de-alvara-para-participacao-de-menores-em-carnaval-encerra-no-proximo-dia-31\/#breadcrumb"},"inLanguage":"pt-BR","potentialAction":[{"@type":"ReadAction","target":["https:\/\/www.blogsoestado.com\/danielmatos\/solicitacao-de-alvara-para-participacao-de-menores-em-carnaval-encerra-no-proximo-dia-31\/"]}]},{"@type":"BreadcrumbList","@id":"https:\/\/www.blogsoestado.com\/danielmatos\/solicitacao-de-alvara-para-participacao-de-menores-em-carnaval-encerra-no-proximo-dia-31\/#breadcrumb","itemListElement":[{"@type":"ListItem","position":1,"name":"In\u00edcio","item":"https:\/\/www.blogsoestado.com\/danielmatos\/"},{"@type":"ListItem","position":2,"name":"Solicita\u00e7\u00e3o de alvar\u00e1 para participa\u00e7\u00e3o de menores em Carnaval encerra no pr\u00f3ximo dia 31"}]},{"@type":"WebSite","@id":"https:\/\/www.blogsoestado.com\/danielmatos\/#website","url":"https:\/\/www.blogsoestado.com\/danielmatos\/","name":"Daniel Matos","description":"","potentialAction":[{"@type":"SearchAction","target":{"@type":"EntryPoint","urlTemplate":"https:\/\/www.blogsoestado.com\/danielmatos\/?s={search_term_string}"},"query-input":{"@type":"PropertyValueSpecification","valueRequired":true,"valueName":"search_term_string"}}],"inLanguage":"pt-BR"}]}},"jetpack_featured_media_url":"","_links":{"self":[{"href":"https:\/\/www.blogsoestado.com\/danielmatos\/wp-json\/wp\/v2\/posts\/21570","targetHints":{"allow":["GET"]}}],"collection":[{"href":"https:\/\/www.blogsoestado.com\/danielmatos\/wp-json\/wp\/v2\/posts"}],"about":[{"href":"https:\/\/www.blogsoestado.com\/danielmatos\/wp-json\/wp\/v2\/types\/post"}],"replies":[{"embeddable":true,"href":"https:\/\/www.blogsoestado.com\/danielmatos\/wp-json\/wp\/v2\/comments?post=21570"}],"version-history":[{"count":0,"href":"https:\/\/www.blogsoestado.com\/danielmatos\/wp-json\/wp\/v2\/posts\/21570\/revisions"}],"wp:attachment":[{"href":"https:\/\/www.blogsoestado.com\/danielmatos\/wp-json\/wp\/v2\/media?parent=21570"}],"wp:term":[{"taxonomy":"category","embeddable":true,"href":"https:\/\/www.blogsoestado.com\/danielmatos\/wp-json\/wp\/v2\/categories?post=21570"},{"taxonomy":"post_tag","embeddable":true,"href":"https:\/\/www.blogsoestado.com\/danielmatos\/wp-json\/wp\/v2\/tags?post=21570"}],"curies":[{"name":"wp","href":"https:\/\/api.w.org\/{rel}","templated":true}]}}