{"id":21572,"date":"2015-01-13T11:50:25","date_gmt":"2015-01-13T14:50:25","guid":{"rendered":"https:\/\/www.blogsoestado.com\/danielmatos\/?p=21572"},"modified":"2015-01-13T11:50:25","modified_gmt":"2015-01-13T14:50:25","slug":"paco-do-lumiar-realiza-audiencia-publica-para-debater-plano-de-residuos-solidos","status":"publish","type":"post","link":"https:\/\/www.blogsoestado.com\/danielmatos\/paco-do-lumiar-realiza-audiencia-publica-para-debater-plano-de-residuos-solidos\/","title":{"rendered":"Pa\u00e7o do Lumiar realiza audi\u00eancia p\u00fablica para debater Plano de Res\u00edduos S\u00f3lidos"},"content":{"rendered":"<figure id=\"attachment_21573\" aria-describedby=\"caption-attachment-21573\" style=\"width: 640px\" class=\"wp-caption aligncenter\"><a href=\"https:\/\/www.blogsoestado.com\/danielmatos\/files\/2015\/01\/pa\u00e7o-audiencia.jpg\"><img fetchpriority=\"high\" decoding=\"async\" class=\"size-full wp-image-21573\" src=\"https:\/\/www.blogsoestado.com\/danielmatos\/files\/2015\/01\/pa\u00e7o-audiencia.jpg\" alt=\"Audi\u00eancia p\u00fablica registrou grande participa\u00e7\u00e3o popular\" width=\"640\" height=\"480\" \/><\/a><figcaption id=\"caption-attachment-21573\" class=\"wp-caption-text\">Audi\u00eancia p\u00fablica para discutir destina\u00e7\u00e3o dos res\u00edduos s\u00f3lidos em Pa\u00e7o registrou grande participa\u00e7\u00e3o popular<\/figcaption><\/figure>\n<p>A Prefeitura de Pa\u00e7o do Lumiar, atrav\u00e9s das Secretarias de Meio Ambiente e de Infraestrutura, Obras, Tr\u00e2nsito e Transporte (Sinfra), realizou, na manh\u00e3 desta segunda-feira, 12, a primeira das sete audi\u00eancias p\u00fablicas para apresenta\u00e7\u00e3o e discuss\u00e3o do Plano de Gerenciamento de Res\u00edduos S\u00f3lidos (PGRS) do munic\u00edpio. O encontro aconteceu na C\u00e2mara Municipal, reunindo vereadores, representantes do governo e popula\u00e7\u00e3o local.<\/p>\n<p>Com o evento, a Sinfra atende ao dispositivo da Lei Nacional de Res\u00edduos S\u00f3lidos 12.305\/2010, que determina que cada munic\u00edpio brasileiro tenha seu Plano Municipal de Gest\u00e3o Integrada de Res\u00edduos S\u00f3lidos apresentado, discutido e aprovado em audi\u00eancia p\u00fablica. A gest\u00e3o integrada de res\u00edduos s\u00f3lidos urbanos \u00e9 o conjunto de procedimentos que envolvem organiza\u00e7\u00e3o e t\u00e9cnicas de manejo que visam racionalizar os servi\u00e7os, baratear e otimizar os seus resultados. O plano contempla o diagn\u00f3stico, tra\u00e7a objetivos e metas, apresenta programas, projetos e a\u00e7\u00f5es, indicando procedimentos operacionais que devem ser implementados.<\/p>\n<p>Para o vereador Marcelo Portela, a iniciativa da gest\u00e3o municipal coloca Pa\u00e7o do Lumiar \u00e0 frente de v\u00e1rias outras cidades brasileiras. \u201cExistem tr\u00eas mil cidades brasileiras pendentes quanto \u00e0 pol\u00edtica de res\u00edduos s\u00f3lidos. Nesse quesito, Pa\u00e7o do Lumiar \u00e9 uma cidade bem avan\u00e7ada e isso tem que ser reconhecido\u201d, declarou o vereador.<br \/>\nA audi\u00eancia contou com grande participa\u00e7\u00e3o do p\u00fablico e entre as sugest\u00f5es apresentadas destacaram-se a implanta\u00e7\u00e3o de uma usina municipal de reciclagem de res\u00edduos e a realiza\u00e7\u00e3o de campanhas educativas para mobilizar a popula\u00e7\u00e3o para sua participa\u00e7\u00e3o efetiva na implanta\u00e7\u00e3o da coleta seletiva de res\u00edduos s\u00f3lidos, separando os materiais recicl\u00e1veis e\/ou reutiliz\u00e1veis diretamente na fonte de gera\u00e7\u00e3o. \u201cSem a conscientiza\u00e7\u00e3o da comunidade, n\u00e3o existir\u00e1 coleta seletiva\u201d, afirmou Josu\u00e9 Oliveira, empres\u00e1rio no ramo de reciclagem.<\/p>\n<p>Tamb\u00e9m foi discutido durante o evento sobre o aterro sanit\u00e1rio, cujo recurso para coloc\u00e1-lo em funcionamento, poder\u00e1 ser oriundo atrav\u00e9s do Minist\u00e9rio das Cidades ou de uma parceira p\u00fablica privada. Segundo a secret\u00e1ria de Meio Ambiente, Andr\u00e9ia Feitosa, ap\u00f3s a aprova\u00e7\u00e3o final do plano, o prazo para funcionamento do aterro \u00e9 de 1 ano e 4 meses. \u201cAs audi\u00eancias ir\u00e3o validar o plano. O pr\u00f3ximo passo \u00e9 encaminhar para a aprova\u00e7\u00e3o do Conselho Municipal de Sa\u00fade. E, em seguida, encaminhar para a C\u00e2mara de Vereadores, para aprova\u00e7\u00e3o final. Dentro de 1 ano e 4 meses, n\u00f3s teremos em funcionamento o aterro sanit\u00e1rio\u201d, garantiu.<\/p>\n","protected":false},"excerpt":{"rendered":"<p>A Prefeitura de Pa\u00e7o do Lumiar, atrav\u00e9s das Secretarias de Meio Ambiente e de Infraestrutura, Obras, Tr\u00e2nsito e Transporte (Sinfra), [&hellip;]<\/p>\n","protected":false},"author":0,"featured_media":0,"comment_status":"open","ping_status":"open","sticky":false,"template":"","format":"standard","meta":{"site-sidebar-layout":"default","site-content-layout":"","ast-site-content-layout":"default","site-content-style":"default","site-sidebar-style":"default","ast-global-header-display":"","ast-banner-title-visibility":"","ast-main-header-display":"","ast-hfb-above-header-display":"","ast-hfb-below-header-display":"","ast-hfb-mobile-header-display":"","site-post-title":"","ast-breadcrumbs-content":"","ast-featured-img":"","footer-sml-layout":"","ast-disable-related-posts":"","theme-transparent-header-meta":"","adv-header-id-meta":"","stick-header-meta":"","header-above-stick-meta":"","header-main-stick-meta":"","header-below-stick-meta":"","astra-migrate-meta-layouts":"default","ast-page-background-enabled":"default","ast-page-background-meta":{"desktop":{"background-color":"var(--ast-global-color-5)","background-image":"","background-repeat":"repeat","background-position":"center center","background-size":"auto","background-attachment":"scroll","background-type":"","background-media":"","overlay-type":"","overlay-color":"","overlay-opacity":"","overlay-gradient":""},"tablet":{"background-color":"","background-image":"","background-repeat":"repeat","background-position":"center center","background-size":"auto","background-attachment":"scroll","background-type":"","background-media":"","overlay-type":"","overlay-color":"","overlay-opacity":"","overlay-gradient":""},"mobile":{"background-color":"","background-image":"","background-repeat":"repeat","background-position":"center center","background-size":"auto","background-attachment":"scroll","background-type":"","background-media":"","overlay-type":"","overlay-color":"","overlay-opacity":"","overlay-gradient":""}},"ast-content-background-meta":{"desktop":{"background-color":"var(--ast-global-color-4)","background-image":"","background-repeat":"repeat","background-position":"center center","background-size":"auto","background-attachment":"scroll","background-type":"","background-media":"","overlay-type":"","overlay-color":"","overlay-opacity":"","overlay-gradient":""},"tablet":{"background-color":"var(--ast-global-color-4)","background-image":"","background-repeat":"repeat","background-position":"center center","background-size":"auto","background-attachment":"scroll","background-type":"","background-media":"","overlay-type":"","overlay-color":"","overlay-opacity":"","overlay-gradient":""},"mobile":{"background-color":"var(--ast-global-color-4)","background-image":"","background-repeat":"repeat","background-position":"center center","background-size":"auto","background-attachment":"scroll","background-type":"","background-media":"","overlay-type":"","overlay-color":"","overlay-opacity":"","overlay-gradient":""}},"footnotes":""},"categories":[1],"tags":[],"class_list":["post-21572","post","type-post","status-publish","format-standard","hentry","category-sem-categoria"],"yoast_head":"<!-- This site is optimized with the Yoast SEO plugin v26.6 - https:\/\/yoast.com\/wordpress\/plugins\/seo\/ -->\n<title>Pa\u00e7o do Lumiar realiza audi\u00eancia p\u00fablica para debater Plano de Res\u00edduos S\u00f3lidos - Daniel Matos<\/title>\n<meta name=\"robots\" content=\"index, follow, max-snippet:-1, max-image-preview:large, max-video-preview:-1\" \/>\n<link rel=\"canonical\" href=\"https:\/\/www.blogsoestado.com\/danielmatos\/paco-do-lumiar-realiza-audiencia-publica-para-debater-plano-de-residuos-solidos\/\" \/>\n<meta property=\"og:locale\" content=\"pt_BR\" \/>\n<meta property=\"og:type\" content=\"article\" \/>\n<meta property=\"og:title\" content=\"Pa\u00e7o do Lumiar realiza audi\u00eancia p\u00fablica para debater Plano de Res\u00edduos S\u00f3lidos - Daniel Matos\" \/>\n<meta property=\"og:description\" content=\"A Prefeitura de Pa\u00e7o do Lumiar, atrav\u00e9s das Secretarias de Meio Ambiente e de Infraestrutura, Obras, Tr\u00e2nsito e Transporte (Sinfra), [&hellip;]\" \/>\n<meta property=\"og:url\" content=\"https:\/\/www.blogsoestado.com\/danielmatos\/paco-do-lumiar-realiza-audiencia-publica-para-debater-plano-de-residuos-solidos\/\" \/>\n<meta property=\"og:site_name\" content=\"Daniel Matos\" \/>\n<meta property=\"article:published_time\" content=\"2015-01-13T14:50:25+00:00\" \/>\n<meta name=\"twitter:card\" content=\"summary_large_image\" \/>\n<meta name=\"twitter:label1\" content=\"Est. tempo de leitura\" \/>\n\t<meta name=\"twitter:data1\" content=\"2 minutos\" \/>\n<script type=\"application\/ld+json\" class=\"yoast-schema-graph\">{\"@context\":\"https:\/\/schema.org\",\"@graph\":[{\"@type\":\"WebPage\",\"@id\":\"https:\/\/www.blogsoestado.com\/danielmatos\/paco-do-lumiar-realiza-audiencia-publica-para-debater-plano-de-residuos-solidos\/\",\"url\":\"https:\/\/www.blogsoestado.com\/danielmatos\/paco-do-lumiar-realiza-audiencia-publica-para-debater-plano-de-residuos-solidos\/\",\"name\":\"Pa\u00e7o do Lumiar realiza audi\u00eancia p\u00fablica para debater Plano de Res\u00edduos S\u00f3lidos - Daniel Matos\",\"isPartOf\":{\"@id\":\"https:\/\/www.blogsoestado.com\/danielmatos\/#website\"},\"datePublished\":\"2015-01-13T14:50:25+00:00\",\"author\":{\"@id\":\"\"},\"breadcrumb\":{\"@id\":\"https:\/\/www.blogsoestado.com\/danielmatos\/paco-do-lumiar-realiza-audiencia-publica-para-debater-plano-de-residuos-solidos\/#breadcrumb\"},\"inLanguage\":\"pt-BR\",\"potentialAction\":[{\"@type\":\"ReadAction\",\"target\":[\"https:\/\/www.blogsoestado.com\/danielmatos\/paco-do-lumiar-realiza-audiencia-publica-para-debater-plano-de-residuos-solidos\/\"]}]},{\"@type\":\"BreadcrumbList\",\"@id\":\"https:\/\/www.blogsoestado.com\/danielmatos\/paco-do-lumiar-realiza-audiencia-publica-para-debater-plano-de-residuos-solidos\/#breadcrumb\",\"itemListElement\":[{\"@type\":\"ListItem\",\"position\":1,\"name\":\"In\u00edcio\",\"item\":\"https:\/\/www.blogsoestado.com\/danielmatos\/\"},{\"@type\":\"ListItem\",\"position\":2,\"name\":\"Pa\u00e7o do Lumiar realiza audi\u00eancia p\u00fablica para debater Plano de Res\u00edduos S\u00f3lidos\"}]},{\"@type\":\"WebSite\",\"@id\":\"https:\/\/www.blogsoestado.com\/danielmatos\/#website\",\"url\":\"https:\/\/www.blogsoestado.com\/danielmatos\/\",\"name\":\"Daniel Matos\",\"description\":\"\",\"potentialAction\":[{\"@type\":\"SearchAction\",\"target\":{\"@type\":\"EntryPoint\",\"urlTemplate\":\"https:\/\/www.blogsoestado.com\/danielmatos\/?s={search_term_string}\"},\"query-input\":{\"@type\":\"PropertyValueSpecification\",\"valueRequired\":true,\"valueName\":\"search_term_string\"}}],\"inLanguage\":\"pt-BR\"}]}<\/script>\n<!-- \/ Yoast SEO plugin. -->","yoast_head_json":{"title":"Pa\u00e7o do Lumiar realiza audi\u00eancia p\u00fablica para debater Plano de Res\u00edduos S\u00f3lidos - Daniel Matos","robots":{"index":"index","follow":"follow","max-snippet":"max-snippet:-1","max-image-preview":"max-image-preview:large","max-video-preview":"max-video-preview:-1"},"canonical":"https:\/\/www.blogsoestado.com\/danielmatos\/paco-do-lumiar-realiza-audiencia-publica-para-debater-plano-de-residuos-solidos\/","og_locale":"pt_BR","og_type":"article","og_title":"Pa\u00e7o do Lumiar realiza audi\u00eancia p\u00fablica para debater Plano de Res\u00edduos S\u00f3lidos - Daniel Matos","og_description":"A Prefeitura de Pa\u00e7o do Lumiar, atrav\u00e9s das Secretarias de Meio Ambiente e de Infraestrutura, Obras, Tr\u00e2nsito e Transporte (Sinfra), [&hellip;]","og_url":"https:\/\/www.blogsoestado.com\/danielmatos\/paco-do-lumiar-realiza-audiencia-publica-para-debater-plano-de-residuos-solidos\/","og_site_name":"Daniel Matos","article_published_time":"2015-01-13T14:50:25+00:00","twitter_card":"summary_large_image","twitter_misc":{"Est. tempo de leitura":"2 minutos"},"schema":{"@context":"https:\/\/schema.org","@graph":[{"@type":"WebPage","@id":"https:\/\/www.blogsoestado.com\/danielmatos\/paco-do-lumiar-realiza-audiencia-publica-para-debater-plano-de-residuos-solidos\/","url":"https:\/\/www.blogsoestado.com\/danielmatos\/paco-do-lumiar-realiza-audiencia-publica-para-debater-plano-de-residuos-solidos\/","name":"Pa\u00e7o do Lumiar realiza audi\u00eancia p\u00fablica para debater Plano de Res\u00edduos S\u00f3lidos - Daniel Matos","isPartOf":{"@id":"https:\/\/www.blogsoestado.com\/danielmatos\/#website"},"datePublished":"2015-01-13T14:50:25+00:00","author":{"@id":""},"breadcrumb":{"@id":"https:\/\/www.blogsoestado.com\/danielmatos\/paco-do-lumiar-realiza-audiencia-publica-para-debater-plano-de-residuos-solidos\/#breadcrumb"},"inLanguage":"pt-BR","potentialAction":[{"@type":"ReadAction","target":["https:\/\/www.blogsoestado.com\/danielmatos\/paco-do-lumiar-realiza-audiencia-publica-para-debater-plano-de-residuos-solidos\/"]}]},{"@type":"BreadcrumbList","@id":"https:\/\/www.blogsoestado.com\/danielmatos\/paco-do-lumiar-realiza-audiencia-publica-para-debater-plano-de-residuos-solidos\/#breadcrumb","itemListElement":[{"@type":"ListItem","position":1,"name":"In\u00edcio","item":"https:\/\/www.blogsoestado.com\/danielmatos\/"},{"@type":"ListItem","position":2,"name":"Pa\u00e7o do Lumiar realiza audi\u00eancia p\u00fablica para debater Plano de Res\u00edduos S\u00f3lidos"}]},{"@type":"WebSite","@id":"https:\/\/www.blogsoestado.com\/danielmatos\/#website","url":"https:\/\/www.blogsoestado.com\/danielmatos\/","name":"Daniel Matos","description":"","potentialAction":[{"@type":"SearchAction","target":{"@type":"EntryPoint","urlTemplate":"https:\/\/www.blogsoestado.com\/danielmatos\/?s={search_term_string}"},"query-input":{"@type":"PropertyValueSpecification","valueRequired":true,"valueName":"search_term_string"}}],"inLanguage":"pt-BR"}]}},"jetpack_featured_media_url":"","_links":{"self":[{"href":"https:\/\/www.blogsoestado.com\/danielmatos\/wp-json\/wp\/v2\/posts\/21572","targetHints":{"allow":["GET"]}}],"collection":[{"href":"https:\/\/www.blogsoestado.com\/danielmatos\/wp-json\/wp\/v2\/posts"}],"about":[{"href":"https:\/\/www.blogsoestado.com\/danielmatos\/wp-json\/wp\/v2\/types\/post"}],"replies":[{"embeddable":true,"href":"https:\/\/www.blogsoestado.com\/danielmatos\/wp-json\/wp\/v2\/comments?post=21572"}],"version-history":[{"count":0,"href":"https:\/\/www.blogsoestado.com\/danielmatos\/wp-json\/wp\/v2\/posts\/21572\/revisions"}],"wp:attachment":[{"href":"https:\/\/www.blogsoestado.com\/danielmatos\/wp-json\/wp\/v2\/media?parent=21572"}],"wp:term":[{"taxonomy":"category","embeddable":true,"href":"https:\/\/www.blogsoestado.com\/danielmatos\/wp-json\/wp\/v2\/categories?post=21572"},{"taxonomy":"post_tag","embeddable":true,"href":"https:\/\/www.blogsoestado.com\/danielmatos\/wp-json\/wp\/v2\/tags?post=21572"}],"curies":[{"name":"wp","href":"https:\/\/api.w.org\/{rel}","templated":true}]}}