{"id":21584,"date":"2015-01-14T08:42:20","date_gmt":"2015-01-14T11:42:20","guid":{"rendered":"https:\/\/www.blogsoestado.com\/danielmatos\/?p=21584"},"modified":"2015-01-14T08:42:20","modified_gmt":"2015-01-14T11:42:20","slug":"eleicao-do-cra-sera-nesta-quinta-feira","status":"publish","type":"post","link":"https:\/\/www.blogsoestado.com\/danielmatos\/eleicao-do-cra-sera-nesta-quinta-feira\/","title":{"rendered":"Elei\u00e7\u00e3o do CRA ser\u00e1 nesta quinta-feira"},"content":{"rendered":"<p><a href=\"https:\/\/www.blogsoestado.com\/danielmatos\/files\/2015\/01\/cra.jpg\"><img fetchpriority=\"high\" decoding=\"async\" class=\"alignright size-full wp-image-21585\" src=\"https:\/\/www.blogsoestado.com\/danielmatos\/files\/2015\/01\/cra.jpg\" alt=\"cra\" width=\"314\" height=\"231\" \/><\/a>O Conselho Regional de Administra\u00e7\u00e3o do Maranh\u00e3o (CRA) realizar\u00e1, na tarde de quinta-feira (15), \u00e0s 17h, solenidade de diploma\u00e7\u00e3o dos conselheiros regionais efetivos e suplentes, posse dos conselheiros regionais efetivos eleitos em 15 de outubro de 2014 e elei\u00e7\u00e3o para os membros de sua Diretoria Executiva para o bi\u00eanio de 2015\/2016. A Reuni\u00e3o Plen\u00e1ria Ordin\u00e1ria ser\u00e1 conduzida pela atual presidente, Isabelle Cristine Rodrigues Freire Martins.<\/p>\n<p>Os conselheiros Di\u00f3genes Costa Nascimento e Jorge Henrique Mariano Cavalcante far\u00e3o a entrega dos diplomas aos conselheiros efetivos e suplentes, respectivamente. Para conselheiros efetivos foram eleitos os administradores Aline Mendon\u00e7a, Jo\u00e3o Maur\u00edcio Beserra, M\u00e1rcio Ant\u00f4nio Sampaio, Jos\u00e9 Mariano Rangel Ferreira, Ilmar Polary Pereira e Jaylson Franklin Nunes.Para conselheiros suplentes foram eleitos os administradores Milena de Oliveira, Antonio Cloves Silva, Raul Gon\u00e7alves, Mauro Costa, Irlane Regina Novaes e Antonieta Ribeiro.<\/p>\n<p>Os candidatos a presidente para o bi\u00eanio 2015\/2016 s\u00e3o Ricardo Andr\u00e9 Barbosa Carreira, Aline Mendon\u00e7a da Silva, Jo\u00e3o Maur\u00edcio Carvalho Beserra, M\u00e1rcio Ant\u00f4nio Pereira Sampaio, Jos\u00e9 Mariano Rangel Costa Ferreira, Ilmar Polary Pereira, Jaylson Franklin Mendon\u00e7a Nunes, Fauze Maluf Sobrinho e Isabelle Cristine Rodrigues Freire Martins.<\/p>\n","protected":false},"excerpt":{"rendered":"<p>O Conselho Regional de Administra\u00e7\u00e3o do Maranh\u00e3o (CRA) realizar\u00e1, na tarde de quinta-feira (15), \u00e0s 17h, solenidade de diploma\u00e7\u00e3o dos [&hellip;]<\/p>\n","protected":false},"author":0,"featured_media":0,"comment_status":"open","ping_status":"open","sticky":false,"template":"","format":"standard","meta":{"site-sidebar-layout":"default","site-content-layout":"","ast-site-content-layout":"default","site-content-style":"default","site-sidebar-style":"default","ast-global-header-display":"","ast-banner-title-visibility":"","ast-main-header-display":"","ast-hfb-above-header-display":"","ast-hfb-below-header-display":"","ast-hfb-mobile-header-display":"","site-post-title":"","ast-breadcrumbs-content":"","ast-featured-img":"","footer-sml-layout":"","ast-disable-related-posts":"","theme-transparent-header-meta":"","adv-header-id-meta":"","stick-header-meta":"","header-above-stick-meta":"","header-main-stick-meta":"","header-below-stick-meta":"","astra-migrate-meta-layouts":"default","ast-page-background-enabled":"default","ast-page-background-meta":{"desktop":{"background-color":"var(--ast-global-color-5)","background-image":"","background-repeat":"repeat","background-position":"center center","background-size":"auto","background-attachment":"scroll","background-type":"","background-media":"","overlay-type":"","overlay-color":"","overlay-opacity":"","overlay-gradient":""},"tablet":{"background-color":"","background-image":"","background-repeat":"repeat","background-position":"center center","background-size":"auto","background-attachment":"scroll","background-type":"","background-media":"","overlay-type":"","overlay-color":"","overlay-opacity":"","overlay-gradient":""},"mobile":{"background-color":"","background-image":"","background-repeat":"repeat","background-position":"center center","background-size":"auto","background-attachment":"scroll","background-type":"","background-media":"","overlay-type":"","overlay-color":"","overlay-opacity":"","overlay-gradient":""}},"ast-content-background-meta":{"desktop":{"background-color":"var(--ast-global-color-4)","background-image":"","background-repeat":"repeat","background-position":"center center","background-size":"auto","background-attachment":"scroll","background-type":"","background-media":"","overlay-type":"","overlay-color":"","overlay-opacity":"","overlay-gradient":""},"tablet":{"background-color":"var(--ast-global-color-4)","background-image":"","background-repeat":"repeat","background-position":"center center","background-size":"auto","background-attachment":"scroll","background-type":"","background-media":"","overlay-type":"","overlay-color":"","overlay-opacity":"","overlay-gradient":""},"mobile":{"background-color":"var(--ast-global-color-4)","background-image":"","background-repeat":"repeat","background-position":"center center","background-size":"auto","background-attachment":"scroll","background-type":"","background-media":"","overlay-type":"","overlay-color":"","overlay-opacity":"","overlay-gradient":""}},"footnotes":""},"categories":[1],"tags":[],"class_list":["post-21584","post","type-post","status-publish","format-standard","hentry","category-sem-categoria"],"yoast_head":"<!-- This site is optimized with the Yoast SEO plugin v26.6 - https:\/\/yoast.com\/wordpress\/plugins\/seo\/ -->\n<title>Elei\u00e7\u00e3o do CRA ser\u00e1 nesta quinta-feira - Daniel Matos<\/title>\n<meta name=\"robots\" content=\"index, follow, max-snippet:-1, max-image-preview:large, max-video-preview:-1\" \/>\n<link rel=\"canonical\" href=\"https:\/\/www.blogsoestado.com\/danielmatos\/eleicao-do-cra-sera-nesta-quinta-feira\/\" \/>\n<meta property=\"og:locale\" content=\"pt_BR\" \/>\n<meta property=\"og:type\" content=\"article\" \/>\n<meta property=\"og:title\" content=\"Elei\u00e7\u00e3o do CRA ser\u00e1 nesta quinta-feira - Daniel Matos\" \/>\n<meta property=\"og:description\" content=\"O Conselho Regional de Administra\u00e7\u00e3o do Maranh\u00e3o (CRA) realizar\u00e1, na tarde de quinta-feira (15), \u00e0s 17h, solenidade de diploma\u00e7\u00e3o dos [&hellip;]\" \/>\n<meta property=\"og:url\" content=\"https:\/\/www.blogsoestado.com\/danielmatos\/eleicao-do-cra-sera-nesta-quinta-feira\/\" \/>\n<meta property=\"og:site_name\" content=\"Daniel Matos\" \/>\n<meta property=\"article:published_time\" content=\"2015-01-14T11:42:20+00:00\" \/>\n<meta property=\"og:image\" content=\"https:\/\/www.blogsoestado.com\/danielmatos\/files\/2015\/01\/cra.jpg\" \/>\n<meta name=\"twitter:card\" content=\"summary_large_image\" \/>\n<meta name=\"twitter:label1\" content=\"Est. tempo de leitura\" \/>\n\t<meta name=\"twitter:data1\" content=\"1 minuto\" \/>\n<script type=\"application\/ld+json\" class=\"yoast-schema-graph\">{\"@context\":\"https:\/\/schema.org\",\"@graph\":[{\"@type\":\"WebPage\",\"@id\":\"https:\/\/www.blogsoestado.com\/danielmatos\/eleicao-do-cra-sera-nesta-quinta-feira\/\",\"url\":\"https:\/\/www.blogsoestado.com\/danielmatos\/eleicao-do-cra-sera-nesta-quinta-feira\/\",\"name\":\"Elei\u00e7\u00e3o do CRA ser\u00e1 nesta quinta-feira - Daniel Matos\",\"isPartOf\":{\"@id\":\"https:\/\/www.blogsoestado.com\/danielmatos\/#website\"},\"primaryImageOfPage\":{\"@id\":\"https:\/\/www.blogsoestado.com\/danielmatos\/eleicao-do-cra-sera-nesta-quinta-feira\/#primaryimage\"},\"image\":{\"@id\":\"https:\/\/www.blogsoestado.com\/danielmatos\/eleicao-do-cra-sera-nesta-quinta-feira\/#primaryimage\"},\"thumbnailUrl\":\"https:\/\/www.blogsoestado.com\/danielmatos\/files\/2015\/01\/cra.jpg\",\"datePublished\":\"2015-01-14T11:42:20+00:00\",\"author\":{\"@id\":\"\"},\"breadcrumb\":{\"@id\":\"https:\/\/www.blogsoestado.com\/danielmatos\/eleicao-do-cra-sera-nesta-quinta-feira\/#breadcrumb\"},\"inLanguage\":\"pt-BR\",\"potentialAction\":[{\"@type\":\"ReadAction\",\"target\":[\"https:\/\/www.blogsoestado.com\/danielmatos\/eleicao-do-cra-sera-nesta-quinta-feira\/\"]}]},{\"@type\":\"ImageObject\",\"inLanguage\":\"pt-BR\",\"@id\":\"https:\/\/www.blogsoestado.com\/danielmatos\/eleicao-do-cra-sera-nesta-quinta-feira\/#primaryimage\",\"url\":\"https:\/\/www.blogsoestado.com\/danielmatos\/files\/2015\/01\/cra.jpg\",\"contentUrl\":\"https:\/\/www.blogsoestado.com\/danielmatos\/files\/2015\/01\/cra.jpg\"},{\"@type\":\"BreadcrumbList\",\"@id\":\"https:\/\/www.blogsoestado.com\/danielmatos\/eleicao-do-cra-sera-nesta-quinta-feira\/#breadcrumb\",\"itemListElement\":[{\"@type\":\"ListItem\",\"position\":1,\"name\":\"In\u00edcio\",\"item\":\"https:\/\/www.blogsoestado.com\/danielmatos\/\"},{\"@type\":\"ListItem\",\"position\":2,\"name\":\"Elei\u00e7\u00e3o do CRA ser\u00e1 nesta quinta-feira\"}]},{\"@type\":\"WebSite\",\"@id\":\"https:\/\/www.blogsoestado.com\/danielmatos\/#website\",\"url\":\"https:\/\/www.blogsoestado.com\/danielmatos\/\",\"name\":\"Daniel Matos\",\"description\":\"\",\"potentialAction\":[{\"@type\":\"SearchAction\",\"target\":{\"@type\":\"EntryPoint\",\"urlTemplate\":\"https:\/\/www.blogsoestado.com\/danielmatos\/?s={search_term_string}\"},\"query-input\":{\"@type\":\"PropertyValueSpecification\",\"valueRequired\":true,\"valueName\":\"search_term_string\"}}],\"inLanguage\":\"pt-BR\"}]}<\/script>\n<!-- \/ Yoast SEO plugin. -->","yoast_head_json":{"title":"Elei\u00e7\u00e3o do CRA ser\u00e1 nesta quinta-feira - Daniel Matos","robots":{"index":"index","follow":"follow","max-snippet":"max-snippet:-1","max-image-preview":"max-image-preview:large","max-video-preview":"max-video-preview:-1"},"canonical":"https:\/\/www.blogsoestado.com\/danielmatos\/eleicao-do-cra-sera-nesta-quinta-feira\/","og_locale":"pt_BR","og_type":"article","og_title":"Elei\u00e7\u00e3o do CRA ser\u00e1 nesta quinta-feira - Daniel Matos","og_description":"O Conselho Regional de Administra\u00e7\u00e3o do Maranh\u00e3o (CRA) realizar\u00e1, na tarde de quinta-feira (15), \u00e0s 17h, solenidade de diploma\u00e7\u00e3o dos [&hellip;]","og_url":"https:\/\/www.blogsoestado.com\/danielmatos\/eleicao-do-cra-sera-nesta-quinta-feira\/","og_site_name":"Daniel Matos","article_published_time":"2015-01-14T11:42:20+00:00","og_image":[{"url":"https:\/\/www.blogsoestado.com\/danielmatos\/files\/2015\/01\/cra.jpg","type":"","width":"","height":""}],"twitter_card":"summary_large_image","twitter_misc":{"Est. tempo de leitura":"1 minuto"},"schema":{"@context":"https:\/\/schema.org","@graph":[{"@type":"WebPage","@id":"https:\/\/www.blogsoestado.com\/danielmatos\/eleicao-do-cra-sera-nesta-quinta-feira\/","url":"https:\/\/www.blogsoestado.com\/danielmatos\/eleicao-do-cra-sera-nesta-quinta-feira\/","name":"Elei\u00e7\u00e3o do CRA ser\u00e1 nesta quinta-feira - Daniel Matos","isPartOf":{"@id":"https:\/\/www.blogsoestado.com\/danielmatos\/#website"},"primaryImageOfPage":{"@id":"https:\/\/www.blogsoestado.com\/danielmatos\/eleicao-do-cra-sera-nesta-quinta-feira\/#primaryimage"},"image":{"@id":"https:\/\/www.blogsoestado.com\/danielmatos\/eleicao-do-cra-sera-nesta-quinta-feira\/#primaryimage"},"thumbnailUrl":"https:\/\/www.blogsoestado.com\/danielmatos\/files\/2015\/01\/cra.jpg","datePublished":"2015-01-14T11:42:20+00:00","author":{"@id":""},"breadcrumb":{"@id":"https:\/\/www.blogsoestado.com\/danielmatos\/eleicao-do-cra-sera-nesta-quinta-feira\/#breadcrumb"},"inLanguage":"pt-BR","potentialAction":[{"@type":"ReadAction","target":["https:\/\/www.blogsoestado.com\/danielmatos\/eleicao-do-cra-sera-nesta-quinta-feira\/"]}]},{"@type":"ImageObject","inLanguage":"pt-BR","@id":"https:\/\/www.blogsoestado.com\/danielmatos\/eleicao-do-cra-sera-nesta-quinta-feira\/#primaryimage","url":"https:\/\/www.blogsoestado.com\/danielmatos\/files\/2015\/01\/cra.jpg","contentUrl":"https:\/\/www.blogsoestado.com\/danielmatos\/files\/2015\/01\/cra.jpg"},{"@type":"BreadcrumbList","@id":"https:\/\/www.blogsoestado.com\/danielmatos\/eleicao-do-cra-sera-nesta-quinta-feira\/#breadcrumb","itemListElement":[{"@type":"ListItem","position":1,"name":"In\u00edcio","item":"https:\/\/www.blogsoestado.com\/danielmatos\/"},{"@type":"ListItem","position":2,"name":"Elei\u00e7\u00e3o do CRA ser\u00e1 nesta quinta-feira"}]},{"@type":"WebSite","@id":"https:\/\/www.blogsoestado.com\/danielmatos\/#website","url":"https:\/\/www.blogsoestado.com\/danielmatos\/","name":"Daniel Matos","description":"","potentialAction":[{"@type":"SearchAction","target":{"@type":"EntryPoint","urlTemplate":"https:\/\/www.blogsoestado.com\/danielmatos\/?s={search_term_string}"},"query-input":{"@type":"PropertyValueSpecification","valueRequired":true,"valueName":"search_term_string"}}],"inLanguage":"pt-BR"}]}},"jetpack_featured_media_url":"","_links":{"self":[{"href":"https:\/\/www.blogsoestado.com\/danielmatos\/wp-json\/wp\/v2\/posts\/21584","targetHints":{"allow":["GET"]}}],"collection":[{"href":"https:\/\/www.blogsoestado.com\/danielmatos\/wp-json\/wp\/v2\/posts"}],"about":[{"href":"https:\/\/www.blogsoestado.com\/danielmatos\/wp-json\/wp\/v2\/types\/post"}],"replies":[{"embeddable":true,"href":"https:\/\/www.blogsoestado.com\/danielmatos\/wp-json\/wp\/v2\/comments?post=21584"}],"version-history":[{"count":0,"href":"https:\/\/www.blogsoestado.com\/danielmatos\/wp-json\/wp\/v2\/posts\/21584\/revisions"}],"wp:attachment":[{"href":"https:\/\/www.blogsoestado.com\/danielmatos\/wp-json\/wp\/v2\/media?parent=21584"}],"wp:term":[{"taxonomy":"category","embeddable":true,"href":"https:\/\/www.blogsoestado.com\/danielmatos\/wp-json\/wp\/v2\/categories?post=21584"},{"taxonomy":"post_tag","embeddable":true,"href":"https:\/\/www.blogsoestado.com\/danielmatos\/wp-json\/wp\/v2\/tags?post=21584"}],"curies":[{"name":"wp","href":"https:\/\/api.w.org\/{rel}","templated":true}]}}