{"id":21593,"date":"2015-01-14T10:55:55","date_gmt":"2015-01-14T13:55:55","guid":{"rendered":"https:\/\/www.blogsoestado.com\/danielmatos\/?p=21593"},"modified":"2015-01-14T10:55:55","modified_gmt":"2015-01-14T13:55:55","slug":"natalino-salgado-e-dirigentes-da-andifes-se-reunem-com-ministros-da-educacao-e-da-ciencia-e-tecnologia","status":"publish","type":"post","link":"https:\/\/www.blogsoestado.com\/danielmatos\/natalino-salgado-e-dirigentes-da-andifes-se-reunem-com-ministros-da-educacao-e-da-ciencia-e-tecnologia\/","title":{"rendered":"Natalino Salgado e dirigentes da Andifes se re\u00fanem com ministros da Educa\u00e7\u00e3o e da Ci\u00eancia e Tecnologia"},"content":{"rendered":"<figure id=\"attachment_21594\" aria-describedby=\"caption-attachment-21594\" style=\"width: 585px\" class=\"wp-caption aligncenter\"><a href=\"https:\/\/www.blogsoestado.com\/danielmatos\/files\/2015\/01\/natalino-andifes.jpg\"><img fetchpriority=\"high\" decoding=\"async\" class=\"size-full wp-image-21594\" src=\"https:\/\/www.blogsoestado.com\/danielmatos\/files\/2015\/01\/natalino-andifes.jpg\" alt=\"A reuni\u00e3o ser\u00e1 para apresentar aos ministros a lista de desafios operacionais das universidades federais\" width=\"585\" height=\"298\" \/><\/a><figcaption id=\"caption-attachment-21594\" class=\"wp-caption-text\">Reuni\u00e3o tem como objetivo\u00a0apresentar aos ministros lista de desafios operacionais das universidades<\/figcaption><\/figure>\n<p>O reitor Natalino Salgado e demais membros da diretoria executiva da Associa\u00e7\u00e3o Nacional dos Dirigentes das Institui\u00e7\u00f5es Federais de Ensino Superior (Andifes) se reunir\u00e3o nesta quarta-feira, 14, com o ministro da Educa\u00e7\u00e3o, Cid Gomes, e, amanh\u00e3, quinta-feira, 15, com o ministro de Ci\u00eancia, Tecnologia e Inova\u00e7\u00e3o, Aldo Rebelo.<\/p>\n<p>Na\u00a0reuni\u00e3o, ser\u00e1\u00a0apresentada\u00a0aos ministros a lista de desafios operacionais das universidades federais. O documento elaborado pela Andifes traz especifica\u00e7\u00f5es do Plano de Desenvolvimento das Universidades (PDU), sobre os eixos de macro pol\u00edticas de gest\u00e3o, pessoal, recursos or\u00e7ament\u00e1rios e financeiros, regula\u00e7\u00e3o e avalia\u00e7\u00e3o.<\/p>\n<p>A Andifes vai apresentar aos ministros a import\u00e2ncia de uma a\u00e7\u00e3o articulada entre MEC, MCTI e universidades federais. Os ministros tamb\u00e9m ser\u00e3o convidados a participar das pr\u00f3ximas reuni\u00f5es da Andifes com o conjunto dos reitores e reitoras, bem como visitarem as institui\u00e7\u00f5es.<\/p>\n<p>Al\u00e9m do reitor Natalino Salgado estar\u00e3o presentes tamb\u00e9m os demais integrantes da diretoria, os reitores Targino de Ara\u00fajo Filho, Zaki Akel Sobrinho, M\u00e1rcia Perales Mendes Silva, Orlando Afonso Valle do Amaral e o Secret\u00e1rio Executivo, Gustavo Balduino.<\/p>\n","protected":false},"excerpt":{"rendered":"<p>O reitor Natalino Salgado e demais membros da diretoria executiva da Associa\u00e7\u00e3o Nacional dos Dirigentes das Institui\u00e7\u00f5es Federais de Ensino [&hellip;]<\/p>\n","protected":false},"author":0,"featured_media":0,"comment_status":"open","ping_status":"open","sticky":false,"template":"","format":"standard","meta":{"site-sidebar-layout":"default","site-content-layout":"","ast-site-content-layout":"default","site-content-style":"default","site-sidebar-style":"default","ast-global-header-display":"","ast-banner-title-visibility":"","ast-main-header-display":"","ast-hfb-above-header-display":"","ast-hfb-below-header-display":"","ast-hfb-mobile-header-display":"","site-post-title":"","ast-breadcrumbs-content":"","ast-featured-img":"","footer-sml-layout":"","ast-disable-related-posts":"","theme-transparent-header-meta":"","adv-header-id-meta":"","stick-header-meta":"","header-above-stick-meta":"","header-main-stick-meta":"","header-below-stick-meta":"","astra-migrate-meta-layouts":"default","ast-page-background-enabled":"default","ast-page-background-meta":{"desktop":{"background-color":"var(--ast-global-color-5)","background-image":"","background-repeat":"repeat","background-position":"center center","background-size":"auto","background-attachment":"scroll","background-type":"","background-media":"","overlay-type":"","overlay-color":"","overlay-opacity":"","overlay-gradient":""},"tablet":{"background-color":"","background-image":"","background-repeat":"repeat","background-position":"center center","background-size":"auto","background-attachment":"scroll","background-type":"","background-media":"","overlay-type":"","overlay-color":"","overlay-opacity":"","overlay-gradient":""},"mobile":{"background-color":"","background-image":"","background-repeat":"repeat","background-position":"center center","background-size":"auto","background-attachment":"scroll","background-type":"","background-media":"","overlay-type":"","overlay-color":"","overlay-opacity":"","overlay-gradient":""}},"ast-content-background-meta":{"desktop":{"background-color":"var(--ast-global-color-4)","background-image":"","background-repeat":"repeat","background-position":"center center","background-size":"auto","background-attachment":"scroll","background-type":"","background-media":"","overlay-type":"","overlay-color":"","overlay-opacity":"","overlay-gradient":""},"tablet":{"background-color":"var(--ast-global-color-4)","background-image":"","background-repeat":"repeat","background-position":"center center","background-size":"auto","background-attachment":"scroll","background-type":"","background-media":"","overlay-type":"","overlay-color":"","overlay-opacity":"","overlay-gradient":""},"mobile":{"background-color":"var(--ast-global-color-4)","background-image":"","background-repeat":"repeat","background-position":"center center","background-size":"auto","background-attachment":"scroll","background-type":"","background-media":"","overlay-type":"","overlay-color":"","overlay-opacity":"","overlay-gradient":""}},"footnotes":""},"categories":[1],"tags":[],"class_list":["post-21593","post","type-post","status-publish","format-standard","hentry","category-sem-categoria"],"yoast_head":"<!-- This site is optimized with the Yoast SEO plugin v26.6 - https:\/\/yoast.com\/wordpress\/plugins\/seo\/ -->\n<title>Natalino Salgado e dirigentes da Andifes se re\u00fanem com ministros da Educa\u00e7\u00e3o e da Ci\u00eancia e Tecnologia - Daniel Matos<\/title>\n<meta name=\"robots\" content=\"index, follow, max-snippet:-1, max-image-preview:large, max-video-preview:-1\" \/>\n<link rel=\"canonical\" href=\"https:\/\/www.blogsoestado.com\/danielmatos\/natalino-salgado-e-dirigentes-da-andifes-se-reunem-com-ministros-da-educacao-e-da-ciencia-e-tecnologia\/\" \/>\n<meta property=\"og:locale\" content=\"pt_BR\" \/>\n<meta property=\"og:type\" content=\"article\" \/>\n<meta property=\"og:title\" content=\"Natalino Salgado e dirigentes da Andifes se re\u00fanem com ministros da Educa\u00e7\u00e3o e da Ci\u00eancia e Tecnologia - Daniel Matos\" \/>\n<meta property=\"og:description\" content=\"O reitor Natalino Salgado e demais membros da diretoria executiva da Associa\u00e7\u00e3o Nacional dos Dirigentes das Institui\u00e7\u00f5es Federais de Ensino [&hellip;]\" \/>\n<meta property=\"og:url\" content=\"https:\/\/www.blogsoestado.com\/danielmatos\/natalino-salgado-e-dirigentes-da-andifes-se-reunem-com-ministros-da-educacao-e-da-ciencia-e-tecnologia\/\" \/>\n<meta property=\"og:site_name\" content=\"Daniel Matos\" \/>\n<meta property=\"article:published_time\" content=\"2015-01-14T13:55:55+00:00\" \/>\n<meta property=\"og:image\" content=\"https:\/\/www.blogsoestado.com\/danielmatos\/files\/2015\/01\/natalino-andifes.jpg\" \/>\n<meta name=\"twitter:card\" content=\"summary_large_image\" \/>\n<meta name=\"twitter:label1\" content=\"Est. tempo de leitura\" \/>\n\t<meta name=\"twitter:data1\" content=\"1 minuto\" \/>\n<script type=\"application\/ld+json\" class=\"yoast-schema-graph\">{\"@context\":\"https:\/\/schema.org\",\"@graph\":[{\"@type\":\"WebPage\",\"@id\":\"https:\/\/www.blogsoestado.com\/danielmatos\/natalino-salgado-e-dirigentes-da-andifes-se-reunem-com-ministros-da-educacao-e-da-ciencia-e-tecnologia\/\",\"url\":\"https:\/\/www.blogsoestado.com\/danielmatos\/natalino-salgado-e-dirigentes-da-andifes-se-reunem-com-ministros-da-educacao-e-da-ciencia-e-tecnologia\/\",\"name\":\"Natalino Salgado e dirigentes da Andifes se re\u00fanem com ministros da Educa\u00e7\u00e3o e da Ci\u00eancia e Tecnologia - Daniel Matos\",\"isPartOf\":{\"@id\":\"https:\/\/www.blogsoestado.com\/danielmatos\/#website\"},\"primaryImageOfPage\":{\"@id\":\"https:\/\/www.blogsoestado.com\/danielmatos\/natalino-salgado-e-dirigentes-da-andifes-se-reunem-com-ministros-da-educacao-e-da-ciencia-e-tecnologia\/#primaryimage\"},\"image\":{\"@id\":\"https:\/\/www.blogsoestado.com\/danielmatos\/natalino-salgado-e-dirigentes-da-andifes-se-reunem-com-ministros-da-educacao-e-da-ciencia-e-tecnologia\/#primaryimage\"},\"thumbnailUrl\":\"https:\/\/www.blogsoestado.com\/danielmatos\/files\/2015\/01\/natalino-andifes.jpg\",\"datePublished\":\"2015-01-14T13:55:55+00:00\",\"author\":{\"@id\":\"\"},\"breadcrumb\":{\"@id\":\"https:\/\/www.blogsoestado.com\/danielmatos\/natalino-salgado-e-dirigentes-da-andifes-se-reunem-com-ministros-da-educacao-e-da-ciencia-e-tecnologia\/#breadcrumb\"},\"inLanguage\":\"pt-BR\",\"potentialAction\":[{\"@type\":\"ReadAction\",\"target\":[\"https:\/\/www.blogsoestado.com\/danielmatos\/natalino-salgado-e-dirigentes-da-andifes-se-reunem-com-ministros-da-educacao-e-da-ciencia-e-tecnologia\/\"]}]},{\"@type\":\"ImageObject\",\"inLanguage\":\"pt-BR\",\"@id\":\"https:\/\/www.blogsoestado.com\/danielmatos\/natalino-salgado-e-dirigentes-da-andifes-se-reunem-com-ministros-da-educacao-e-da-ciencia-e-tecnologia\/#primaryimage\",\"url\":\"https:\/\/www.blogsoestado.com\/danielmatos\/files\/2015\/01\/natalino-andifes.jpg\",\"contentUrl\":\"https:\/\/www.blogsoestado.com\/danielmatos\/files\/2015\/01\/natalino-andifes.jpg\"},{\"@type\":\"BreadcrumbList\",\"@id\":\"https:\/\/www.blogsoestado.com\/danielmatos\/natalino-salgado-e-dirigentes-da-andifes-se-reunem-com-ministros-da-educacao-e-da-ciencia-e-tecnologia\/#breadcrumb\",\"itemListElement\":[{\"@type\":\"ListItem\",\"position\":1,\"name\":\"In\u00edcio\",\"item\":\"https:\/\/www.blogsoestado.com\/danielmatos\/\"},{\"@type\":\"ListItem\",\"position\":2,\"name\":\"Natalino Salgado e dirigentes da Andifes se re\u00fanem com ministros da Educa\u00e7\u00e3o e da Ci\u00eancia e Tecnologia\"}]},{\"@type\":\"WebSite\",\"@id\":\"https:\/\/www.blogsoestado.com\/danielmatos\/#website\",\"url\":\"https:\/\/www.blogsoestado.com\/danielmatos\/\",\"name\":\"Daniel Matos\",\"description\":\"\",\"potentialAction\":[{\"@type\":\"SearchAction\",\"target\":{\"@type\":\"EntryPoint\",\"urlTemplate\":\"https:\/\/www.blogsoestado.com\/danielmatos\/?s={search_term_string}\"},\"query-input\":{\"@type\":\"PropertyValueSpecification\",\"valueRequired\":true,\"valueName\":\"search_term_string\"}}],\"inLanguage\":\"pt-BR\"}]}<\/script>\n<!-- \/ Yoast SEO plugin. -->","yoast_head_json":{"title":"Natalino Salgado e dirigentes da Andifes se re\u00fanem com ministros da Educa\u00e7\u00e3o e da Ci\u00eancia e Tecnologia - Daniel Matos","robots":{"index":"index","follow":"follow","max-snippet":"max-snippet:-1","max-image-preview":"max-image-preview:large","max-video-preview":"max-video-preview:-1"},"canonical":"https:\/\/www.blogsoestado.com\/danielmatos\/natalino-salgado-e-dirigentes-da-andifes-se-reunem-com-ministros-da-educacao-e-da-ciencia-e-tecnologia\/","og_locale":"pt_BR","og_type":"article","og_title":"Natalino Salgado e dirigentes da Andifes se re\u00fanem com ministros da Educa\u00e7\u00e3o e da Ci\u00eancia e Tecnologia - Daniel Matos","og_description":"O reitor Natalino Salgado e demais membros da diretoria executiva da Associa\u00e7\u00e3o Nacional dos Dirigentes das Institui\u00e7\u00f5es Federais de Ensino [&hellip;]","og_url":"https:\/\/www.blogsoestado.com\/danielmatos\/natalino-salgado-e-dirigentes-da-andifes-se-reunem-com-ministros-da-educacao-e-da-ciencia-e-tecnologia\/","og_site_name":"Daniel Matos","article_published_time":"2015-01-14T13:55:55+00:00","og_image":[{"url":"https:\/\/www.blogsoestado.com\/danielmatos\/files\/2015\/01\/natalino-andifes.jpg","type":"","width":"","height":""}],"twitter_card":"summary_large_image","twitter_misc":{"Est. tempo de leitura":"1 minuto"},"schema":{"@context":"https:\/\/schema.org","@graph":[{"@type":"WebPage","@id":"https:\/\/www.blogsoestado.com\/danielmatos\/natalino-salgado-e-dirigentes-da-andifes-se-reunem-com-ministros-da-educacao-e-da-ciencia-e-tecnologia\/","url":"https:\/\/www.blogsoestado.com\/danielmatos\/natalino-salgado-e-dirigentes-da-andifes-se-reunem-com-ministros-da-educacao-e-da-ciencia-e-tecnologia\/","name":"Natalino Salgado e dirigentes da Andifes se re\u00fanem com ministros da Educa\u00e7\u00e3o e da Ci\u00eancia e Tecnologia - Daniel Matos","isPartOf":{"@id":"https:\/\/www.blogsoestado.com\/danielmatos\/#website"},"primaryImageOfPage":{"@id":"https:\/\/www.blogsoestado.com\/danielmatos\/natalino-salgado-e-dirigentes-da-andifes-se-reunem-com-ministros-da-educacao-e-da-ciencia-e-tecnologia\/#primaryimage"},"image":{"@id":"https:\/\/www.blogsoestado.com\/danielmatos\/natalino-salgado-e-dirigentes-da-andifes-se-reunem-com-ministros-da-educacao-e-da-ciencia-e-tecnologia\/#primaryimage"},"thumbnailUrl":"https:\/\/www.blogsoestado.com\/danielmatos\/files\/2015\/01\/natalino-andifes.jpg","datePublished":"2015-01-14T13:55:55+00:00","author":{"@id":""},"breadcrumb":{"@id":"https:\/\/www.blogsoestado.com\/danielmatos\/natalino-salgado-e-dirigentes-da-andifes-se-reunem-com-ministros-da-educacao-e-da-ciencia-e-tecnologia\/#breadcrumb"},"inLanguage":"pt-BR","potentialAction":[{"@type":"ReadAction","target":["https:\/\/www.blogsoestado.com\/danielmatos\/natalino-salgado-e-dirigentes-da-andifes-se-reunem-com-ministros-da-educacao-e-da-ciencia-e-tecnologia\/"]}]},{"@type":"ImageObject","inLanguage":"pt-BR","@id":"https:\/\/www.blogsoestado.com\/danielmatos\/natalino-salgado-e-dirigentes-da-andifes-se-reunem-com-ministros-da-educacao-e-da-ciencia-e-tecnologia\/#primaryimage","url":"https:\/\/www.blogsoestado.com\/danielmatos\/files\/2015\/01\/natalino-andifes.jpg","contentUrl":"https:\/\/www.blogsoestado.com\/danielmatos\/files\/2015\/01\/natalino-andifes.jpg"},{"@type":"BreadcrumbList","@id":"https:\/\/www.blogsoestado.com\/danielmatos\/natalino-salgado-e-dirigentes-da-andifes-se-reunem-com-ministros-da-educacao-e-da-ciencia-e-tecnologia\/#breadcrumb","itemListElement":[{"@type":"ListItem","position":1,"name":"In\u00edcio","item":"https:\/\/www.blogsoestado.com\/danielmatos\/"},{"@type":"ListItem","position":2,"name":"Natalino Salgado e dirigentes da Andifes se re\u00fanem com ministros da Educa\u00e7\u00e3o e da Ci\u00eancia e Tecnologia"}]},{"@type":"WebSite","@id":"https:\/\/www.blogsoestado.com\/danielmatos\/#website","url":"https:\/\/www.blogsoestado.com\/danielmatos\/","name":"Daniel Matos","description":"","potentialAction":[{"@type":"SearchAction","target":{"@type":"EntryPoint","urlTemplate":"https:\/\/www.blogsoestado.com\/danielmatos\/?s={search_term_string}"},"query-input":{"@type":"PropertyValueSpecification","valueRequired":true,"valueName":"search_term_string"}}],"inLanguage":"pt-BR"}]}},"jetpack_featured_media_url":"","_links":{"self":[{"href":"https:\/\/www.blogsoestado.com\/danielmatos\/wp-json\/wp\/v2\/posts\/21593","targetHints":{"allow":["GET"]}}],"collection":[{"href":"https:\/\/www.blogsoestado.com\/danielmatos\/wp-json\/wp\/v2\/posts"}],"about":[{"href":"https:\/\/www.blogsoestado.com\/danielmatos\/wp-json\/wp\/v2\/types\/post"}],"replies":[{"embeddable":true,"href":"https:\/\/www.blogsoestado.com\/danielmatos\/wp-json\/wp\/v2\/comments?post=21593"}],"version-history":[{"count":0,"href":"https:\/\/www.blogsoestado.com\/danielmatos\/wp-json\/wp\/v2\/posts\/21593\/revisions"}],"wp:attachment":[{"href":"https:\/\/www.blogsoestado.com\/danielmatos\/wp-json\/wp\/v2\/media?parent=21593"}],"wp:term":[{"taxonomy":"category","embeddable":true,"href":"https:\/\/www.blogsoestado.com\/danielmatos\/wp-json\/wp\/v2\/categories?post=21593"},{"taxonomy":"post_tag","embeddable":true,"href":"https:\/\/www.blogsoestado.com\/danielmatos\/wp-json\/wp\/v2\/tags?post=21593"}],"curies":[{"name":"wp","href":"https:\/\/api.w.org\/{rel}","templated":true}]}}