{"id":21606,"date":"2015-01-14T18:04:54","date_gmt":"2015-01-14T21:04:54","guid":{"rendered":"https:\/\/www.blogsoestado.com\/danielmatos\/?p=21606"},"modified":"2015-01-14T18:04:54","modified_gmt":"2015-01-14T21:04:54","slug":"paco-do-lumiar-comemora-54-anos-com-inauguracoes-e-entrega-de-beneficios-a-populacao","status":"publish","type":"post","link":"https:\/\/www.blogsoestado.com\/danielmatos\/paco-do-lumiar-comemora-54-anos-com-inauguracoes-e-entrega-de-beneficios-a-populacao\/","title":{"rendered":"Pa\u00e7o do Lumiar comemora 54 anos com inaugura\u00e7\u00f5es e entrega de benef\u00edcios \u00e0 popula\u00e7\u00e3o"},"content":{"rendered":"<figure id=\"attachment_21607\" aria-describedby=\"caption-attachment-21607\" style=\"width: 640px\" class=\"wp-caption aligncenter\"><a href=\"https:\/\/www.blogsoestado.com\/danielmatos\/files\/2015\/01\/pa\u00e7o-54-anos.jpg\"><img fetchpriority=\"high\" decoding=\"async\" class=\"size-full wp-image-21607\" src=\"https:\/\/www.blogsoestado.com\/danielmatos\/files\/2015\/01\/pa\u00e7o-54-anos.jpg\" alt=\"Prefeito Josemar Sobreiro entregou carteiras a aposentados luminenses\" width=\"640\" height=\"427\" \/><\/a><figcaption id=\"caption-attachment-21607\" class=\"wp-caption-text\">Prefeito Josemar Sobreiro entregou carteiras de benefici\u00e1rios a aposentados luminenses<\/figcaption><\/figure>\n<p>O munic\u00edpio de Pa\u00e7o do Lumiar amanheceu em festa nesta quarta-feira (14), em comemora\u00e7\u00e3o aos 54 anos de emancipa\u00e7\u00e3o pol\u00edtica. Uma programa\u00e7\u00e3o festiva foi realizada pela prefeitura para marcar a data. Pela manh\u00e3 foi realizada a solenidade de hasteamento das bandeiras pelos chefes do executivo e do legislativo, acompanhado da execu\u00e7\u00e3o dos hinos Nacional, do Maranh\u00e3o e de Pa\u00e7o do Lumiar, pela Corpora\u00e7\u00e3o Musical \u201cLa Roque\u201d e participa\u00e7\u00e3o dos alunos da U.E.B Leda Tajra e UEB T\u00e1cito Caldas.<\/p>\n<p>Ap\u00f3s a abertura, o prefeito Josemar Sobreiro (PR), acompanhado pelo vice-prefeito, Marconi Lopes, secret\u00e1rios, membros do Legislativo Municipal e servidores p\u00fablicos, deu o pontap\u00e9 inicial para o torneio feminino de futebol de campo.<\/p>\n<p>Na Pra\u00e7a de Ns\u00aa da Luz, idosos aguardavam no stand da Superintend\u00eancia de Previd\u00eancia Social (PrevPa\u00e7o), para a entrega oficial, pelo prefeito, das carteiras de aposentados. O cart\u00e3o, pela primeira vez entregue aos aposentados do munic\u00edpio, garante benef\u00edcios, entre eles, viagens interestaduais.<\/p>\n<p>De acordo com o superintendente. Luis Henrique Melo, o \u00f3rg\u00e3o vem dando celeridade nos processos de aposentadoria dos servidores municipais, resgatando toda a documenta\u00e7\u00e3o dos trabalhadores.<br \/>\nDona Aparecida de F\u00e1tima (54), moradora da Sede, foi uma das beneficiadas. Servidora h\u00e1 mais de 30 anos, ela contou sua hist\u00f3ria sofrida de vida e a realiza\u00e7\u00e3o de um grande desejo: aposentar-se. \u201cO sonho da minha vida era me aposentar. Agora eu consegui\u201d, comemorou.<\/p>\n<p><strong>Sa\u00fade<\/strong><\/p>\n<figure id=\"attachment_21608\" aria-describedby=\"caption-attachment-21608\" style=\"width: 640px\" class=\"wp-caption aligncenter\"><a href=\"https:\/\/www.blogsoestado.com\/danielmatos\/files\/2015\/01\/pa\u00e7o-54-anos2.jpg\"><img decoding=\"async\" class=\"size-full wp-image-21608\" src=\"https:\/\/www.blogsoestado.com\/danielmatos\/files\/2015\/01\/pa\u00e7o-54-anos2.jpg\" alt=\"Carro zero quil\u00f4metro foi entregue pela Prefeitura para uso no programa &quot;Melhor em Casa&quot;\" width=\"640\" height=\"427\" \/><\/a><figcaption id=\"caption-attachment-21608\" class=\"wp-caption-text\">Carro zero quil\u00f4metro foi entregue pela Prefeitura para uso no programa federal &#8220;Melhor em Casa&#8221;<\/figcaption><\/figure>\n<p>A comitiva deu prosseguimento a uma s\u00e9rie de atividades, como a entrega de um autom\u00f3vel 0 Km. O ve\u00edculo ser\u00e1 utilizado na \u00e1rea da sa\u00fade, para otimizar o programa do Governo Federal \u201cMelhor em Casa\u201d. Pa\u00e7o do Lumiar foi o primeiro munic\u00edpio maranhense a implantar o programa, que visa minimizar o tempo de interna\u00e7\u00f5es dos pacientes, tendo como consequ\u00eancia a abertura de novos leitos para outras pessoas.<\/p>\n<p>Mais de 80 fam\u00edlias s\u00e3o atendidas por uma equipe formada por m\u00e9dicos, enfermeiros, t\u00e9cnicos de enfermagem, fisioterapeutas e psic\u00f3logos, nas suas pr\u00f3prias resid\u00eancias.<\/p>\n<p>O secret\u00e1rio municipal de Sa\u00fade, William Rios, destacou avan\u00e7os na sa\u00fade, como a constru\u00e7\u00e3o de duas Academias da Sa\u00fade, o andamento da constru\u00e7\u00e3o de uma Unidade de Pronto Atendimento (UPA), o controle de infesta\u00e7\u00e3o da Dengue, e a compra de equipamentos para o Centro de Especialidades e Diagn\u00f3stico (CED).<\/p>\n<figure id=\"attachment_21609\" aria-describedby=\"caption-attachment-21609\" style=\"width: 640px\" class=\"wp-caption aligncenter\"><a href=\"https:\/\/www.blogsoestado.com\/danielmatos\/files\/2015\/01\/pa\u00e7o-54-anos3.jpg\"><img decoding=\"async\" class=\"size-full wp-image-21609\" src=\"https:\/\/www.blogsoestado.com\/danielmatos\/files\/2015\/01\/pa\u00e7o-54-anos3.jpg\" alt=\"Prefeito Josemar e comitiva descerram fita inaugurando a Biblioteca Municipal de Pa\u00e7o do Lumiar\" width=\"640\" height=\"427\" \/><\/a><figcaption id=\"caption-attachment-21609\" class=\"wp-caption-text\">Prefeito Josemar e comitiva descerram fita inaugurando a Biblioteca P\u00fablica Municipal de Pa\u00e7o do Lumiar<\/figcaption><\/figure>\n<p>Para Josemar Sobreiro, os investimentos realizados valorizam os luminenses e frisou, que a sua gest\u00e3o trabalhar\u00e1 por mais melhorias para o munic\u00edpio. \u201cContinuaremos com interven\u00e7\u00f5es em v\u00e1rias \u00e1reas. Tenho ao meu lado uma equipe honesta que est\u00e1 moralizando a pol\u00edtica em nossa cidade. Realizamos obras de desenvolvimento urban\u00edstico, conclu\u00edmos avenidas, inauguramos unidades de sa\u00fade e reformamos escolas. Os pr\u00f3ximos anos ser\u00e3o de muito mais trabalho\u201d, afirmou o prefeito.<\/p>\n<p>A comitiva percorreu a cidade vistoriando as obras de constru\u00e7\u00f5es das quadras poliesportivas nas Vilas Cafeteira e S\u00e3o Jos\u00e9, que devem ser entregues num prazo de tr\u00eas meses e atender\u00e1 a demandas das escolas da regi\u00e3o e comunidade com a oferta de atividades voltadas ao esporte e lazer.<\/p>\n<p>No conjunto Maiob\u00e3o, foi inaugurada a Biblioteca P\u00fablica Municipal, a primeira da cidade. Al\u00e9m de autoridades locais, participou, tamb\u00e9m, da entrega do pr\u00e9dio, a diretora da Biblioteca Estadual Benedito Leite, Aline Carvalho, que doou mais de cem t\u00edtulos. \u201cCom a implanta\u00e7\u00e3o desta biblioteca, o prefeito Josemar realiza uma pol\u00edtica p\u00fablica, porque Biblioteca \u00e9 um direito de todo cidad\u00e3o\u201d, afirmou a diretora.<\/p>\n<p><strong>Posse<\/strong><\/p>\n<figure id=\"attachment_21610\" aria-describedby=\"caption-attachment-21610\" style=\"width: 640px\" class=\"wp-caption aligncenter\"><a href=\"https:\/\/www.blogsoestado.com\/danielmatos\/files\/2015\/01\/pa\u00e7o-54-anos4.jpg\"><img loading=\"lazy\" decoding=\"async\" class=\"size-full wp-image-21610\" src=\"https:\/\/www.blogsoestado.com\/danielmatos\/files\/2015\/01\/pa\u00e7o-54-anos4.jpg\" alt=\"Josemar visita crian\u00e7as em sala de recrea\u00e7\u00e3o de escola municipal de Pa\u00e7o do Lumiar\" width=\"640\" height=\"427\" \/><\/a><figcaption id=\"caption-attachment-21610\" class=\"wp-caption-text\">Josemar Sobreiro assiste, na companhia de\u00a0crian\u00e7as, a apresenta\u00e7\u00e3o de teatro de boneco em escola municipal<\/figcaption><\/figure>\n<p>Na oportunidade, o prefeito Josemar empossou a nova secret\u00e1ria de Educa\u00e7\u00e3o, Maria da Gra\u00e7a Privado. Educadora a mais de trinta anos, Grava Privado j\u00e1 foi vereadora do munic\u00edpio, nesta gest\u00e3o, foi secret\u00e1ria adjunta de Cultura, e tem um importante trabalho educacional no munic\u00edpio, al\u00e9m de ser membro da Academia Luminense de Letras.<\/p>\n<p>\u201cA educa\u00e7\u00e3o tem avan\u00e7ado e venho a somar e fortalecer. A determina\u00e7\u00e3o do prefeito \u00e9 melhorar os indicadores do IDEB e juntos somaremos para esta finalidade. Quem ganha s\u00e3o os luminenses\u201d, destacou.<\/p>\n<p>Al\u00e9m da biblioteca, a Prefeitura entregou a Sala de Promo\u00e7\u00e3o da Igualdade Racial, coordena\u00e7\u00e3o rec\u00e9m-criada que far\u00e1 junto \u00e0 Secretaria Municipal de Desenvolvimento Social, a gest\u00e3o de pol\u00edticas p\u00fablicas voltadas \u00e0 erradica\u00e7\u00e3o das desigualdades de ra\u00e7a, credo e religi\u00e3o, e dessa forma, fortalecer\u00e1 e promover\u00e1 a unidade social e cultural.<\/p>\n<figure id=\"attachment_21611\" aria-describedby=\"caption-attachment-21611\" style=\"width: 640px\" class=\"wp-caption aligncenter\"><a href=\"https:\/\/www.blogsoestado.com\/danielmatos\/files\/2015\/01\/pa\u00e7o-54-anos5.jpg\"><img loading=\"lazy\" decoding=\"async\" class=\"size-full wp-image-21611\" src=\"https:\/\/www.blogsoestado.com\/danielmatos\/files\/2015\/01\/pa\u00e7o-54-anos5.jpg\" alt=\"Torneio de futebol feminino tamb\u00e9m fez parte da programa\u00e7\u00e3o do anivers\u00e1rio de 54 anos da cidade \" width=\"640\" height=\"427\" \/><\/a><figcaption id=\"caption-attachment-21611\" class=\"wp-caption-text\">Torneio de futebol feminino tamb\u00e9m fez parte da programa\u00e7\u00e3o do anivers\u00e1rio de 54 anos da cidade<\/figcaption><\/figure>\n<p>\u00c0 tarde foram realizados diversos eventos esportivos e culturais. A programa\u00e7\u00e3o contemplou um forneio de futebol society e tamb\u00e9m, um campeonato de Skate e shows de bandas gospel, no Viva Maiob\u00e3o.<\/p>\n<p>Na sede de Pa\u00e7o do Lumiar, a comunidade cat\u00f3lica realizou a tradicional Missa em A\u00e7\u00e3o de Gra\u00e7as e o corte do bolo, com a presen\u00e7a de moradores e autoridades do munic\u00edpio. O encerramento da festa ficou com a apresenta\u00e7\u00e3o especial dos amos de bumba-meu-boi de Pa\u00e7o do Lumiar e show das bandas Reprise, Forroz\u00e3o Esfreguedance e Forr\u00f3 Ostenta\u00e7\u00e3o.<\/p>\n","protected":false},"excerpt":{"rendered":"<p>O munic\u00edpio de Pa\u00e7o do Lumiar amanheceu em festa nesta quarta-feira (14), em comemora\u00e7\u00e3o aos 54 anos de emancipa\u00e7\u00e3o pol\u00edtica. [&hellip;]<\/p>\n","protected":false},"author":0,"featured_media":0,"comment_status":"open","ping_status":"open","sticky":false,"template":"","format":"standard","meta":{"site-sidebar-layout":"default","site-content-layout":"","ast-site-content-layout":"default","site-content-style":"default","site-sidebar-style":"default","ast-global-header-display":"","ast-banner-title-visibility":"","ast-main-header-display":"","ast-hfb-above-header-display":"","ast-hfb-below-header-display":"","ast-hfb-mobile-header-display":"","site-post-title":"","ast-breadcrumbs-content":"","ast-featured-img":"","footer-sml-layout":"","ast-disable-related-posts":"","theme-transparent-header-meta":"","adv-header-id-meta":"","stick-header-meta":"","header-above-stick-meta":"","header-main-stick-meta":"","header-below-stick-meta":"","astra-migrate-meta-layouts":"default","ast-page-background-enabled":"default","ast-page-background-meta":{"desktop":{"background-color":"var(--ast-global-color-5)","background-image":"","background-repeat":"repeat","background-position":"center center","background-size":"auto","background-attachment":"scroll","background-type":"","background-media":"","overlay-type":"","overlay-color":"","overlay-opacity":"","overlay-gradient":""},"tablet":{"background-color":"","background-image":"","background-repeat":"repeat","background-position":"center center","background-size":"auto","background-attachment":"scroll","background-type":"","background-media":"","overlay-type":"","overlay-color":"","overlay-opacity":"","overlay-gradient":""},"mobile":{"background-color":"","background-image":"","background-repeat":"repeat","background-position":"center center","background-size":"auto","background-attachment":"scroll","background-type":"","background-media":"","overlay-type":"","overlay-color":"","overlay-opacity":"","overlay-gradient":""}},"ast-content-background-meta":{"desktop":{"background-color":"var(--ast-global-color-4)","background-image":"","background-repeat":"repeat","background-position":"center center","background-size":"auto","background-attachment":"scroll","background-type":"","background-media":"","overlay-type":"","overlay-color":"","overlay-opacity":"","overlay-gradient":""},"tablet":{"background-color":"var(--ast-global-color-4)","background-image":"","background-repeat":"repeat","background-position":"center center","background-size":"auto","background-attachment":"scroll","background-type":"","background-media":"","overlay-type":"","overlay-color":"","overlay-opacity":"","overlay-gradient":""},"mobile":{"background-color":"var(--ast-global-color-4)","background-image":"","background-repeat":"repeat","background-position":"center center","background-size":"auto","background-attachment":"scroll","background-type":"","background-media":"","overlay-type":"","overlay-color":"","overlay-opacity":"","overlay-gradient":""}},"footnotes":""},"categories":[1],"tags":[],"class_list":["post-21606","post","type-post","status-publish","format-standard","hentry","category-sem-categoria"],"yoast_head":"<!-- This site is optimized with the Yoast SEO plugin v26.6 - https:\/\/yoast.com\/wordpress\/plugins\/seo\/ -->\n<title>Pa\u00e7o do Lumiar comemora 54 anos com inaugura\u00e7\u00f5es e entrega de benef\u00edcios \u00e0 popula\u00e7\u00e3o - Daniel Matos<\/title>\n<meta name=\"robots\" content=\"index, follow, max-snippet:-1, max-image-preview:large, max-video-preview:-1\" \/>\n<link rel=\"canonical\" href=\"https:\/\/www.blogsoestado.com\/danielmatos\/paco-do-lumiar-comemora-54-anos-com-inauguracoes-e-entrega-de-beneficios-a-populacao\/\" \/>\n<meta property=\"og:locale\" content=\"pt_BR\" \/>\n<meta property=\"og:type\" content=\"article\" \/>\n<meta property=\"og:title\" content=\"Pa\u00e7o do Lumiar comemora 54 anos com inaugura\u00e7\u00f5es e entrega de benef\u00edcios \u00e0 popula\u00e7\u00e3o - Daniel Matos\" \/>\n<meta property=\"og:description\" content=\"O munic\u00edpio de Pa\u00e7o do Lumiar amanheceu em festa nesta quarta-feira (14), em comemora\u00e7\u00e3o aos 54 anos de emancipa\u00e7\u00e3o pol\u00edtica. [&hellip;]\" \/>\n<meta property=\"og:url\" content=\"https:\/\/www.blogsoestado.com\/danielmatos\/paco-do-lumiar-comemora-54-anos-com-inauguracoes-e-entrega-de-beneficios-a-populacao\/\" \/>\n<meta property=\"og:site_name\" content=\"Daniel Matos\" \/>\n<meta property=\"article:published_time\" content=\"2015-01-14T21:04:54+00:00\" \/>\n<meta name=\"twitter:card\" content=\"summary_large_image\" \/>\n<meta name=\"twitter:label1\" content=\"Est. tempo de leitura\" \/>\n\t<meta name=\"twitter:data1\" content=\"5 minutos\" \/>\n<script type=\"application\/ld+json\" class=\"yoast-schema-graph\">{\"@context\":\"https:\/\/schema.org\",\"@graph\":[{\"@type\":\"WebPage\",\"@id\":\"https:\/\/www.blogsoestado.com\/danielmatos\/paco-do-lumiar-comemora-54-anos-com-inauguracoes-e-entrega-de-beneficios-a-populacao\/\",\"url\":\"https:\/\/www.blogsoestado.com\/danielmatos\/paco-do-lumiar-comemora-54-anos-com-inauguracoes-e-entrega-de-beneficios-a-populacao\/\",\"name\":\"Pa\u00e7o do Lumiar comemora 54 anos com inaugura\u00e7\u00f5es e entrega de benef\u00edcios \u00e0 popula\u00e7\u00e3o - Daniel Matos\",\"isPartOf\":{\"@id\":\"https:\/\/www.blogsoestado.com\/danielmatos\/#website\"},\"datePublished\":\"2015-01-14T21:04:54+00:00\",\"author\":{\"@id\":\"\"},\"breadcrumb\":{\"@id\":\"https:\/\/www.blogsoestado.com\/danielmatos\/paco-do-lumiar-comemora-54-anos-com-inauguracoes-e-entrega-de-beneficios-a-populacao\/#breadcrumb\"},\"inLanguage\":\"pt-BR\",\"potentialAction\":[{\"@type\":\"ReadAction\",\"target\":[\"https:\/\/www.blogsoestado.com\/danielmatos\/paco-do-lumiar-comemora-54-anos-com-inauguracoes-e-entrega-de-beneficios-a-populacao\/\"]}]},{\"@type\":\"BreadcrumbList\",\"@id\":\"https:\/\/www.blogsoestado.com\/danielmatos\/paco-do-lumiar-comemora-54-anos-com-inauguracoes-e-entrega-de-beneficios-a-populacao\/#breadcrumb\",\"itemListElement\":[{\"@type\":\"ListItem\",\"position\":1,\"name\":\"In\u00edcio\",\"item\":\"https:\/\/www.blogsoestado.com\/danielmatos\/\"},{\"@type\":\"ListItem\",\"position\":2,\"name\":\"Pa\u00e7o do Lumiar comemora 54 anos com inaugura\u00e7\u00f5es e entrega de benef\u00edcios \u00e0 popula\u00e7\u00e3o\"}]},{\"@type\":\"WebSite\",\"@id\":\"https:\/\/www.blogsoestado.com\/danielmatos\/#website\",\"url\":\"https:\/\/www.blogsoestado.com\/danielmatos\/\",\"name\":\"Daniel Matos\",\"description\":\"\",\"potentialAction\":[{\"@type\":\"SearchAction\",\"target\":{\"@type\":\"EntryPoint\",\"urlTemplate\":\"https:\/\/www.blogsoestado.com\/danielmatos\/?s={search_term_string}\"},\"query-input\":{\"@type\":\"PropertyValueSpecification\",\"valueRequired\":true,\"valueName\":\"search_term_string\"}}],\"inLanguage\":\"pt-BR\"}]}<\/script>\n<!-- \/ Yoast SEO plugin. -->","yoast_head_json":{"title":"Pa\u00e7o do Lumiar comemora 54 anos com inaugura\u00e7\u00f5es e entrega de benef\u00edcios \u00e0 popula\u00e7\u00e3o - Daniel Matos","robots":{"index":"index","follow":"follow","max-snippet":"max-snippet:-1","max-image-preview":"max-image-preview:large","max-video-preview":"max-video-preview:-1"},"canonical":"https:\/\/www.blogsoestado.com\/danielmatos\/paco-do-lumiar-comemora-54-anos-com-inauguracoes-e-entrega-de-beneficios-a-populacao\/","og_locale":"pt_BR","og_type":"article","og_title":"Pa\u00e7o do Lumiar comemora 54 anos com inaugura\u00e7\u00f5es e entrega de benef\u00edcios \u00e0 popula\u00e7\u00e3o - Daniel Matos","og_description":"O munic\u00edpio de Pa\u00e7o do Lumiar amanheceu em festa nesta quarta-feira (14), em comemora\u00e7\u00e3o aos 54 anos de emancipa\u00e7\u00e3o pol\u00edtica. [&hellip;]","og_url":"https:\/\/www.blogsoestado.com\/danielmatos\/paco-do-lumiar-comemora-54-anos-com-inauguracoes-e-entrega-de-beneficios-a-populacao\/","og_site_name":"Daniel Matos","article_published_time":"2015-01-14T21:04:54+00:00","twitter_card":"summary_large_image","twitter_misc":{"Est. tempo de leitura":"5 minutos"},"schema":{"@context":"https:\/\/schema.org","@graph":[{"@type":"WebPage","@id":"https:\/\/www.blogsoestado.com\/danielmatos\/paco-do-lumiar-comemora-54-anos-com-inauguracoes-e-entrega-de-beneficios-a-populacao\/","url":"https:\/\/www.blogsoestado.com\/danielmatos\/paco-do-lumiar-comemora-54-anos-com-inauguracoes-e-entrega-de-beneficios-a-populacao\/","name":"Pa\u00e7o do Lumiar comemora 54 anos com inaugura\u00e7\u00f5es e entrega de benef\u00edcios \u00e0 popula\u00e7\u00e3o - Daniel Matos","isPartOf":{"@id":"https:\/\/www.blogsoestado.com\/danielmatos\/#website"},"datePublished":"2015-01-14T21:04:54+00:00","author":{"@id":""},"breadcrumb":{"@id":"https:\/\/www.blogsoestado.com\/danielmatos\/paco-do-lumiar-comemora-54-anos-com-inauguracoes-e-entrega-de-beneficios-a-populacao\/#breadcrumb"},"inLanguage":"pt-BR","potentialAction":[{"@type":"ReadAction","target":["https:\/\/www.blogsoestado.com\/danielmatos\/paco-do-lumiar-comemora-54-anos-com-inauguracoes-e-entrega-de-beneficios-a-populacao\/"]}]},{"@type":"BreadcrumbList","@id":"https:\/\/www.blogsoestado.com\/danielmatos\/paco-do-lumiar-comemora-54-anos-com-inauguracoes-e-entrega-de-beneficios-a-populacao\/#breadcrumb","itemListElement":[{"@type":"ListItem","position":1,"name":"In\u00edcio","item":"https:\/\/www.blogsoestado.com\/danielmatos\/"},{"@type":"ListItem","position":2,"name":"Pa\u00e7o do Lumiar comemora 54 anos com inaugura\u00e7\u00f5es e entrega de benef\u00edcios \u00e0 popula\u00e7\u00e3o"}]},{"@type":"WebSite","@id":"https:\/\/www.blogsoestado.com\/danielmatos\/#website","url":"https:\/\/www.blogsoestado.com\/danielmatos\/","name":"Daniel Matos","description":"","potentialAction":[{"@type":"SearchAction","target":{"@type":"EntryPoint","urlTemplate":"https:\/\/www.blogsoestado.com\/danielmatos\/?s={search_term_string}"},"query-input":{"@type":"PropertyValueSpecification","valueRequired":true,"valueName":"search_term_string"}}],"inLanguage":"pt-BR"}]}},"jetpack_featured_media_url":"","_links":{"self":[{"href":"https:\/\/www.blogsoestado.com\/danielmatos\/wp-json\/wp\/v2\/posts\/21606","targetHints":{"allow":["GET"]}}],"collection":[{"href":"https:\/\/www.blogsoestado.com\/danielmatos\/wp-json\/wp\/v2\/posts"}],"about":[{"href":"https:\/\/www.blogsoestado.com\/danielmatos\/wp-json\/wp\/v2\/types\/post"}],"replies":[{"embeddable":true,"href":"https:\/\/www.blogsoestado.com\/danielmatos\/wp-json\/wp\/v2\/comments?post=21606"}],"version-history":[{"count":0,"href":"https:\/\/www.blogsoestado.com\/danielmatos\/wp-json\/wp\/v2\/posts\/21606\/revisions"}],"wp:attachment":[{"href":"https:\/\/www.blogsoestado.com\/danielmatos\/wp-json\/wp\/v2\/media?parent=21606"}],"wp:term":[{"taxonomy":"category","embeddable":true,"href":"https:\/\/www.blogsoestado.com\/danielmatos\/wp-json\/wp\/v2\/categories?post=21606"},{"taxonomy":"post_tag","embeddable":true,"href":"https:\/\/www.blogsoestado.com\/danielmatos\/wp-json\/wp\/v2\/tags?post=21606"}],"curies":[{"name":"wp","href":"https:\/\/api.w.org\/{rel}","templated":true}]}}