{"id":21615,"date":"2015-01-15T08:10:32","date_gmt":"2015-01-15T11:10:32","guid":{"rendered":"https:\/\/www.blogsoestado.com\/danielmatos\/?p=21615"},"modified":"2015-01-15T08:10:32","modified_gmt":"2015-01-15T11:10:32","slug":"juliao-amim-e-diplomado-deputado-federal-eleito","status":"publish","type":"post","link":"https:\/\/www.blogsoestado.com\/danielmatos\/juliao-amim-e-diplomado-deputado-federal-eleito\/","title":{"rendered":"Juli\u00e3o Amim \u00e9 diplomado deputado federal eleito"},"content":{"rendered":"<figure id=\"attachment_21616\" aria-describedby=\"caption-attachment-21616\" style=\"width: 448px\" class=\"wp-caption alignright\"><a href=\"https:\/\/www.blogsoestado.com\/danielmatos\/files\/2015\/01\/juliao-diplomado.jpg\"><img fetchpriority=\"high\" decoding=\"async\" class=\"size-full wp-image-21616\" src=\"https:\/\/www.blogsoestado.com\/danielmatos\/files\/2015\/01\/juliao-diplomado.jpg\" alt=\"Juli\u00e3o Amin e o presidente do TRE-MA, Froz Sobrinho, exibem diploma de deputado federal\" width=\"448\" height=\"303\" \/><\/a><figcaption id=\"caption-attachment-21616\" class=\"wp-caption-text\">Juli\u00e3o Amin e o presidente do TRE-MA, Froz Sobrinho, exibem diploma de deputado<\/figcaption><\/figure>\n<p>O Tribunal Regional Eleitoral do Maranh\u00e3o (TRE-MA) realizou, nesta quarta-feira, 14, a diploma\u00e7\u00e3o de Juli\u00e3o Amim como deputado federal eleito nas elei\u00e7\u00f5es 2014.<\/p>\n<p>A diploma\u00e7\u00e3o do candidato da Coliga\u00e7\u00e3o Todos pelo Maranh\u00e3o 2 (PDT, PTC e PROS) se deu em raz\u00e3o do reprocessamento do resultado do 1\u00ba turno das elei\u00e7\u00f5es 2014, realizado na \u00faltima segunda-feira, em cumprimento \u00e0 decis\u00e3o monocr\u00e1tica do ministro Dias Toffoli (presidente do Tribunal Superior Eleitoral) proferida na A\u00e7\u00e3o Cautelar 1935-81.2014.6.00.0000.<\/p>\n<p>O diploma foi entregue pelo desembargador Froz Sobrinho (presidente do TRE-MA), que estava acompanhado de representantes do Minist\u00e9rio P\u00fablico Eleitoral.<\/p>\n<p><strong>Fonte:<\/strong> Tribunal Regional Eleitoral (TRE-MA)<\/p>\n","protected":false},"excerpt":{"rendered":"<p>O Tribunal Regional Eleitoral do Maranh\u00e3o (TRE-MA) realizou, nesta quarta-feira, 14, a diploma\u00e7\u00e3o de Juli\u00e3o Amim como deputado federal eleito [&hellip;]<\/p>\n","protected":false},"author":0,"featured_media":0,"comment_status":"open","ping_status":"open","sticky":false,"template":"","format":"standard","meta":{"site-sidebar-layout":"default","site-content-layout":"","ast-site-content-layout":"default","site-content-style":"default","site-sidebar-style":"default","ast-global-header-display":"","ast-banner-title-visibility":"","ast-main-header-display":"","ast-hfb-above-header-display":"","ast-hfb-below-header-display":"","ast-hfb-mobile-header-display":"","site-post-title":"","ast-breadcrumbs-content":"","ast-featured-img":"","footer-sml-layout":"","ast-disable-related-posts":"","theme-transparent-header-meta":"","adv-header-id-meta":"","stick-header-meta":"","header-above-stick-meta":"","header-main-stick-meta":"","header-below-stick-meta":"","astra-migrate-meta-layouts":"default","ast-page-background-enabled":"default","ast-page-background-meta":{"desktop":{"background-color":"var(--ast-global-color-5)","background-image":"","background-repeat":"repeat","background-position":"center center","background-size":"auto","background-attachment":"scroll","background-type":"","background-media":"","overlay-type":"","overlay-color":"","overlay-opacity":"","overlay-gradient":""},"tablet":{"background-color":"","background-image":"","background-repeat":"repeat","background-position":"center center","background-size":"auto","background-attachment":"scroll","background-type":"","background-media":"","overlay-type":"","overlay-color":"","overlay-opacity":"","overlay-gradient":""},"mobile":{"background-color":"","background-image":"","background-repeat":"repeat","background-position":"center center","background-size":"auto","background-attachment":"scroll","background-type":"","background-media":"","overlay-type":"","overlay-color":"","overlay-opacity":"","overlay-gradient":""}},"ast-content-background-meta":{"desktop":{"background-color":"var(--ast-global-color-4)","background-image":"","background-repeat":"repeat","background-position":"center center","background-size":"auto","background-attachment":"scroll","background-type":"","background-media":"","overlay-type":"","overlay-color":"","overlay-opacity":"","overlay-gradient":""},"tablet":{"background-color":"var(--ast-global-color-4)","background-image":"","background-repeat":"repeat","background-position":"center center","background-size":"auto","background-attachment":"scroll","background-type":"","background-media":"","overlay-type":"","overlay-color":"","overlay-opacity":"","overlay-gradient":""},"mobile":{"background-color":"var(--ast-global-color-4)","background-image":"","background-repeat":"repeat","background-position":"center center","background-size":"auto","background-attachment":"scroll","background-type":"","background-media":"","overlay-type":"","overlay-color":"","overlay-opacity":"","overlay-gradient":""}},"footnotes":""},"categories":[1],"tags":[],"class_list":["post-21615","post","type-post","status-publish","format-standard","hentry","category-sem-categoria"],"yoast_head":"<!-- This site is optimized with the Yoast SEO plugin v26.6 - https:\/\/yoast.com\/wordpress\/plugins\/seo\/ -->\n<title>Juli\u00e3o Amim \u00e9 diplomado deputado federal eleito - Daniel Matos<\/title>\n<meta name=\"robots\" content=\"index, follow, max-snippet:-1, max-image-preview:large, max-video-preview:-1\" \/>\n<link rel=\"canonical\" href=\"https:\/\/www.blogsoestado.com\/danielmatos\/juliao-amim-e-diplomado-deputado-federal-eleito\/\" \/>\n<meta property=\"og:locale\" content=\"pt_BR\" \/>\n<meta property=\"og:type\" content=\"article\" \/>\n<meta property=\"og:title\" content=\"Juli\u00e3o Amim \u00e9 diplomado deputado federal eleito - Daniel Matos\" \/>\n<meta property=\"og:description\" content=\"O Tribunal Regional Eleitoral do Maranh\u00e3o (TRE-MA) realizou, nesta quarta-feira, 14, a diploma\u00e7\u00e3o de Juli\u00e3o Amim como deputado federal eleito [&hellip;]\" \/>\n<meta property=\"og:url\" content=\"https:\/\/www.blogsoestado.com\/danielmatos\/juliao-amim-e-diplomado-deputado-federal-eleito\/\" \/>\n<meta property=\"og:site_name\" content=\"Daniel Matos\" \/>\n<meta property=\"article:published_time\" content=\"2015-01-15T11:10:32+00:00\" \/>\n<meta property=\"og:image\" content=\"https:\/\/www.blogsoestado.com\/danielmatos\/files\/2015\/01\/juliao-diplomado.jpg\" \/>\n<meta name=\"twitter:card\" content=\"summary_large_image\" \/>\n<meta name=\"twitter:label1\" content=\"Est. tempo de leitura\" \/>\n\t<meta name=\"twitter:data1\" content=\"1 minuto\" \/>\n<script type=\"application\/ld+json\" class=\"yoast-schema-graph\">{\"@context\":\"https:\/\/schema.org\",\"@graph\":[{\"@type\":\"WebPage\",\"@id\":\"https:\/\/www.blogsoestado.com\/danielmatos\/juliao-amim-e-diplomado-deputado-federal-eleito\/\",\"url\":\"https:\/\/www.blogsoestado.com\/danielmatos\/juliao-amim-e-diplomado-deputado-federal-eleito\/\",\"name\":\"Juli\u00e3o Amim \u00e9 diplomado deputado federal eleito - Daniel Matos\",\"isPartOf\":{\"@id\":\"https:\/\/www.blogsoestado.com\/danielmatos\/#website\"},\"primaryImageOfPage\":{\"@id\":\"https:\/\/www.blogsoestado.com\/danielmatos\/juliao-amim-e-diplomado-deputado-federal-eleito\/#primaryimage\"},\"image\":{\"@id\":\"https:\/\/www.blogsoestado.com\/danielmatos\/juliao-amim-e-diplomado-deputado-federal-eleito\/#primaryimage\"},\"thumbnailUrl\":\"https:\/\/www.blogsoestado.com\/danielmatos\/files\/2015\/01\/juliao-diplomado.jpg\",\"datePublished\":\"2015-01-15T11:10:32+00:00\",\"author\":{\"@id\":\"\"},\"breadcrumb\":{\"@id\":\"https:\/\/www.blogsoestado.com\/danielmatos\/juliao-amim-e-diplomado-deputado-federal-eleito\/#breadcrumb\"},\"inLanguage\":\"pt-BR\",\"potentialAction\":[{\"@type\":\"ReadAction\",\"target\":[\"https:\/\/www.blogsoestado.com\/danielmatos\/juliao-amim-e-diplomado-deputado-federal-eleito\/\"]}]},{\"@type\":\"ImageObject\",\"inLanguage\":\"pt-BR\",\"@id\":\"https:\/\/www.blogsoestado.com\/danielmatos\/juliao-amim-e-diplomado-deputado-federal-eleito\/#primaryimage\",\"url\":\"https:\/\/www.blogsoestado.com\/danielmatos\/files\/2015\/01\/juliao-diplomado.jpg\",\"contentUrl\":\"https:\/\/www.blogsoestado.com\/danielmatos\/files\/2015\/01\/juliao-diplomado.jpg\"},{\"@type\":\"BreadcrumbList\",\"@id\":\"https:\/\/www.blogsoestado.com\/danielmatos\/juliao-amim-e-diplomado-deputado-federal-eleito\/#breadcrumb\",\"itemListElement\":[{\"@type\":\"ListItem\",\"position\":1,\"name\":\"In\u00edcio\",\"item\":\"https:\/\/www.blogsoestado.com\/danielmatos\/\"},{\"@type\":\"ListItem\",\"position\":2,\"name\":\"Juli\u00e3o Amim \u00e9 diplomado deputado federal eleito\"}]},{\"@type\":\"WebSite\",\"@id\":\"https:\/\/www.blogsoestado.com\/danielmatos\/#website\",\"url\":\"https:\/\/www.blogsoestado.com\/danielmatos\/\",\"name\":\"Daniel Matos\",\"description\":\"\",\"potentialAction\":[{\"@type\":\"SearchAction\",\"target\":{\"@type\":\"EntryPoint\",\"urlTemplate\":\"https:\/\/www.blogsoestado.com\/danielmatos\/?s={search_term_string}\"},\"query-input\":{\"@type\":\"PropertyValueSpecification\",\"valueRequired\":true,\"valueName\":\"search_term_string\"}}],\"inLanguage\":\"pt-BR\"}]}<\/script>\n<!-- \/ Yoast SEO plugin. -->","yoast_head_json":{"title":"Juli\u00e3o Amim \u00e9 diplomado deputado federal eleito - Daniel Matos","robots":{"index":"index","follow":"follow","max-snippet":"max-snippet:-1","max-image-preview":"max-image-preview:large","max-video-preview":"max-video-preview:-1"},"canonical":"https:\/\/www.blogsoestado.com\/danielmatos\/juliao-amim-e-diplomado-deputado-federal-eleito\/","og_locale":"pt_BR","og_type":"article","og_title":"Juli\u00e3o Amim \u00e9 diplomado deputado federal eleito - Daniel Matos","og_description":"O Tribunal Regional Eleitoral do Maranh\u00e3o (TRE-MA) realizou, nesta quarta-feira, 14, a diploma\u00e7\u00e3o de Juli\u00e3o Amim como deputado federal eleito [&hellip;]","og_url":"https:\/\/www.blogsoestado.com\/danielmatos\/juliao-amim-e-diplomado-deputado-federal-eleito\/","og_site_name":"Daniel Matos","article_published_time":"2015-01-15T11:10:32+00:00","og_image":[{"url":"https:\/\/www.blogsoestado.com\/danielmatos\/files\/2015\/01\/juliao-diplomado.jpg","type":"","width":"","height":""}],"twitter_card":"summary_large_image","twitter_misc":{"Est. tempo de leitura":"1 minuto"},"schema":{"@context":"https:\/\/schema.org","@graph":[{"@type":"WebPage","@id":"https:\/\/www.blogsoestado.com\/danielmatos\/juliao-amim-e-diplomado-deputado-federal-eleito\/","url":"https:\/\/www.blogsoestado.com\/danielmatos\/juliao-amim-e-diplomado-deputado-federal-eleito\/","name":"Juli\u00e3o Amim \u00e9 diplomado deputado federal eleito - Daniel Matos","isPartOf":{"@id":"https:\/\/www.blogsoestado.com\/danielmatos\/#website"},"primaryImageOfPage":{"@id":"https:\/\/www.blogsoestado.com\/danielmatos\/juliao-amim-e-diplomado-deputado-federal-eleito\/#primaryimage"},"image":{"@id":"https:\/\/www.blogsoestado.com\/danielmatos\/juliao-amim-e-diplomado-deputado-federal-eleito\/#primaryimage"},"thumbnailUrl":"https:\/\/www.blogsoestado.com\/danielmatos\/files\/2015\/01\/juliao-diplomado.jpg","datePublished":"2015-01-15T11:10:32+00:00","author":{"@id":""},"breadcrumb":{"@id":"https:\/\/www.blogsoestado.com\/danielmatos\/juliao-amim-e-diplomado-deputado-federal-eleito\/#breadcrumb"},"inLanguage":"pt-BR","potentialAction":[{"@type":"ReadAction","target":["https:\/\/www.blogsoestado.com\/danielmatos\/juliao-amim-e-diplomado-deputado-federal-eleito\/"]}]},{"@type":"ImageObject","inLanguage":"pt-BR","@id":"https:\/\/www.blogsoestado.com\/danielmatos\/juliao-amim-e-diplomado-deputado-federal-eleito\/#primaryimage","url":"https:\/\/www.blogsoestado.com\/danielmatos\/files\/2015\/01\/juliao-diplomado.jpg","contentUrl":"https:\/\/www.blogsoestado.com\/danielmatos\/files\/2015\/01\/juliao-diplomado.jpg"},{"@type":"BreadcrumbList","@id":"https:\/\/www.blogsoestado.com\/danielmatos\/juliao-amim-e-diplomado-deputado-federal-eleito\/#breadcrumb","itemListElement":[{"@type":"ListItem","position":1,"name":"In\u00edcio","item":"https:\/\/www.blogsoestado.com\/danielmatos\/"},{"@type":"ListItem","position":2,"name":"Juli\u00e3o Amim \u00e9 diplomado deputado federal eleito"}]},{"@type":"WebSite","@id":"https:\/\/www.blogsoestado.com\/danielmatos\/#website","url":"https:\/\/www.blogsoestado.com\/danielmatos\/","name":"Daniel Matos","description":"","potentialAction":[{"@type":"SearchAction","target":{"@type":"EntryPoint","urlTemplate":"https:\/\/www.blogsoestado.com\/danielmatos\/?s={search_term_string}"},"query-input":{"@type":"PropertyValueSpecification","valueRequired":true,"valueName":"search_term_string"}}],"inLanguage":"pt-BR"}]}},"jetpack_featured_media_url":"","_links":{"self":[{"href":"https:\/\/www.blogsoestado.com\/danielmatos\/wp-json\/wp\/v2\/posts\/21615","targetHints":{"allow":["GET"]}}],"collection":[{"href":"https:\/\/www.blogsoestado.com\/danielmatos\/wp-json\/wp\/v2\/posts"}],"about":[{"href":"https:\/\/www.blogsoestado.com\/danielmatos\/wp-json\/wp\/v2\/types\/post"}],"replies":[{"embeddable":true,"href":"https:\/\/www.blogsoestado.com\/danielmatos\/wp-json\/wp\/v2\/comments?post=21615"}],"version-history":[{"count":0,"href":"https:\/\/www.blogsoestado.com\/danielmatos\/wp-json\/wp\/v2\/posts\/21615\/revisions"}],"wp:attachment":[{"href":"https:\/\/www.blogsoestado.com\/danielmatos\/wp-json\/wp\/v2\/media?parent=21615"}],"wp:term":[{"taxonomy":"category","embeddable":true,"href":"https:\/\/www.blogsoestado.com\/danielmatos\/wp-json\/wp\/v2\/categories?post=21615"},{"taxonomy":"post_tag","embeddable":true,"href":"https:\/\/www.blogsoestado.com\/danielmatos\/wp-json\/wp\/v2\/tags?post=21615"}],"curies":[{"name":"wp","href":"https:\/\/api.w.org\/{rel}","templated":true}]}}