{"id":21618,"date":"2015-01-15T11:40:32","date_gmt":"2015-01-15T14:40:32","guid":{"rendered":"https:\/\/www.blogsoestado.com\/danielmatos\/?p=21618"},"modified":"2015-01-15T11:40:32","modified_gmt":"2015-01-15T14:40:32","slug":"servidores-repudiam-novo-calendario-de-pagamento-na-pagina-do-governo-no-facebook","status":"publish","type":"post","link":"https:\/\/www.blogsoestado.com\/danielmatos\/servidores-repudiam-novo-calendario-de-pagamento-na-pagina-do-governo-no-facebook\/","title":{"rendered":"Servidores repudiam novo calend\u00e1rio de pagamento na p\u00e1gina do governo no Facebook"},"content":{"rendered":"<figure id=\"attachment_21619\" aria-describedby=\"caption-attachment-21619\" style=\"width: 480px\" class=\"wp-caption aligncenter\"><a href=\"https:\/\/www.blogsoestado.com\/danielmatos\/files\/2015\/01\/calendario-dino2.jpg\"><img fetchpriority=\"high\" decoding=\"async\" class=\"size-full wp-image-21619\" src=\"https:\/\/www.blogsoestado.com\/danielmatos\/files\/2015\/01\/calendario-dino2.jpg\" alt=\"Funcion\u00e1rios p\u00fablicos alegam que mudan\u00e7a no calend\u00e1rio os prejudicou\" width=\"480\" height=\"480\" \/><\/a><figcaption id=\"caption-attachment-21619\" class=\"wp-caption-text\">Funcion\u00e1rios p\u00fablicos alegam que mudan\u00e7a no calend\u00e1rio os prejudicou<\/figcaption><\/figure>\n<p>Dezenas de servidores usaram a <a href=\"https:\/\/www.facebook.com\/governodomaranhao?fref=ts\" target=\"_blank\">p\u00e1gina do governo do Maranh\u00e3o no Facebook<\/a>\u00a0para externar insatisfa\u00e7\u00e3o com\u00a0a mudan\u00e7a do calend\u00e1rio de pagamento do funcionalismo p\u00fablico estadual. Indignados, eles apontaram uma s\u00e9rie de transtornos\u00a0que ter\u00e3o com a altera\u00e7\u00e3o da data de recebimento dos sal\u00e1rios, um deles a impossibilidade de obter desconto de 10% no pagamento\u00a0do Imposto sobre Propriedade de Ve\u00edculos Automotores (IPVA), medida implementada pelo governador Fl\u00e1vio Dino (PCdoB) para beneficiar propriet\u00e1rios de ve\u00edculos.<\/p>\n<p>Praticamente todos os coment\u00e1rios tiveram tom de reprova\u00e7\u00e3o. Muitos servidores argumentaram\u00a0que o prazo para pagamento das suas contas vence antes da data programada para o dep\u00f3sito dos sal\u00e1rios. Foi o que alegou a internauta Mara Castro. &#8220;Ent\u00e3o quer dizer que esse desconto do IPVA n\u00e3o vale para n\u00f3s, funcion\u00e1rios p\u00fablicos ? Pois o pagamento ser\u00e1 ap\u00f3s a data do desconto! Sr Governador, poderia rever esse ponto e prorrogar esse prazo? Seria justo, n\u00e9?&#8221;. &#8220;Minhas contas vencem no dia 1\u00ba. E agora?&#8221;, questionou Fl\u00e1via Boueres Helal&#8221;, engrossando o coro dos insatisfeitos.<\/p>\n<p>At\u00e9 as 11h20,\u00a0exatos 100 coment\u00e1rios ao an\u00fancio do novo calend\u00e1rio haviam sido postados, uns\u00a0comedidos, outros altamente agressivos.\u00a0Desrespeito, desnecess\u00e1rio, despropositado, palha\u00e7ada e miser\u00e1vel foram alguns termos utilizados pelos servidores ao comentar a medida.<\/p>\n<p>Na\u00a0tarde desta quinta-feira, o Sindicato dos Trabalhadores no Servi\u00e7o P\u00fablico Estadual (Sntsep) reunir\u00e1 sua diretoria para discutir a noiva tabela de pagamento\u00a0e decidir se tomar\u00e1\u00a0provid\u00eancia em rela\u00e7\u00e3o \u00e0 mudan\u00e7a, rejeitada de forma quase un\u00e2nime\u00a0pelos funcion\u00e1rios do Estado.<\/p>\n<figure id=\"attachment_21620\" aria-describedby=\"caption-attachment-21620\" style=\"width: 414px\" class=\"wp-caption aligncenter\"><a href=\"https:\/\/www.blogsoestado.com\/danielmatos\/files\/2015\/01\/calendario-critica.jpg\"><img decoding=\"async\" class=\"size-full wp-image-21620\" src=\"https:\/\/www.blogsoestado.com\/danielmatos\/files\/2015\/01\/calendario-critica.jpg\" alt=\"Maioria dos servidores reagiu indignada \u00e0s novas datas de pagamento dos seus sal\u00e1rios \" width=\"414\" height=\"640\" \/><\/a><figcaption id=\"caption-attachment-21620\" class=\"wp-caption-text\">Servidores reagiram indignados \u00e0s novas datas de pagamento dos sal\u00e1rios<\/figcaption><\/figure>\n","protected":false},"excerpt":{"rendered":"<p>Dezenas de servidores usaram a p\u00e1gina do governo do Maranh\u00e3o no Facebook\u00a0para externar insatisfa\u00e7\u00e3o com\u00a0a mudan\u00e7a do calend\u00e1rio de pagamento [&hellip;]<\/p>\n","protected":false},"author":0,"featured_media":0,"comment_status":"open","ping_status":"open","sticky":false,"template":"","format":"standard","meta":{"site-sidebar-layout":"default","site-content-layout":"","ast-site-content-layout":"default","site-content-style":"default","site-sidebar-style":"default","ast-global-header-display":"","ast-banner-title-visibility":"","ast-main-header-display":"","ast-hfb-above-header-display":"","ast-hfb-below-header-display":"","ast-hfb-mobile-header-display":"","site-post-title":"","ast-breadcrumbs-content":"","ast-featured-img":"","footer-sml-layout":"","ast-disable-related-posts":"","theme-transparent-header-meta":"","adv-header-id-meta":"","stick-header-meta":"","header-above-stick-meta":"","header-main-stick-meta":"","header-below-stick-meta":"","astra-migrate-meta-layouts":"default","ast-page-background-enabled":"default","ast-page-background-meta":{"desktop":{"background-color":"var(--ast-global-color-5)","background-image":"","background-repeat":"repeat","background-position":"center center","background-size":"auto","background-attachment":"scroll","background-type":"","background-media":"","overlay-type":"","overlay-color":"","overlay-opacity":"","overlay-gradient":""},"tablet":{"background-color":"","background-image":"","background-repeat":"repeat","background-position":"center center","background-size":"auto","background-attachment":"scroll","background-type":"","background-media":"","overlay-type":"","overlay-color":"","overlay-opacity":"","overlay-gradient":""},"mobile":{"background-color":"","background-image":"","background-repeat":"repeat","background-position":"center center","background-size":"auto","background-attachment":"scroll","background-type":"","background-media":"","overlay-type":"","overlay-color":"","overlay-opacity":"","overlay-gradient":""}},"ast-content-background-meta":{"desktop":{"background-color":"var(--ast-global-color-4)","background-image":"","background-repeat":"repeat","background-position":"center center","background-size":"auto","background-attachment":"scroll","background-type":"","background-media":"","overlay-type":"","overlay-color":"","overlay-opacity":"","overlay-gradient":""},"tablet":{"background-color":"var(--ast-global-color-4)","background-image":"","background-repeat":"repeat","background-position":"center center","background-size":"auto","background-attachment":"scroll","background-type":"","background-media":"","overlay-type":"","overlay-color":"","overlay-opacity":"","overlay-gradient":""},"mobile":{"background-color":"var(--ast-global-color-4)","background-image":"","background-repeat":"repeat","background-position":"center center","background-size":"auto","background-attachment":"scroll","background-type":"","background-media":"","overlay-type":"","overlay-color":"","overlay-opacity":"","overlay-gradient":""}},"footnotes":""},"categories":[1],"tags":[],"class_list":["post-21618","post","type-post","status-publish","format-standard","hentry","category-sem-categoria"],"yoast_head":"<!-- This site is optimized with the Yoast SEO plugin v26.6 - https:\/\/yoast.com\/wordpress\/plugins\/seo\/ -->\n<title>Servidores repudiam novo calend\u00e1rio de pagamento na p\u00e1gina do governo no Facebook - Daniel Matos<\/title>\n<meta name=\"robots\" content=\"index, follow, max-snippet:-1, max-image-preview:large, max-video-preview:-1\" \/>\n<link rel=\"canonical\" href=\"https:\/\/www.blogsoestado.com\/danielmatos\/servidores-repudiam-novo-calendario-de-pagamento-na-pagina-do-governo-no-facebook\/\" \/>\n<meta property=\"og:locale\" content=\"pt_BR\" \/>\n<meta property=\"og:type\" content=\"article\" \/>\n<meta property=\"og:title\" content=\"Servidores repudiam novo calend\u00e1rio de pagamento na p\u00e1gina do governo no Facebook - Daniel Matos\" \/>\n<meta property=\"og:description\" content=\"Dezenas de servidores usaram a p\u00e1gina do governo do Maranh\u00e3o no Facebook\u00a0para externar insatisfa\u00e7\u00e3o com\u00a0a mudan\u00e7a do calend\u00e1rio de pagamento [&hellip;]\" \/>\n<meta property=\"og:url\" content=\"https:\/\/www.blogsoestado.com\/danielmatos\/servidores-repudiam-novo-calendario-de-pagamento-na-pagina-do-governo-no-facebook\/\" \/>\n<meta property=\"og:site_name\" content=\"Daniel Matos\" \/>\n<meta property=\"article:published_time\" content=\"2015-01-15T14:40:32+00:00\" \/>\n<meta property=\"og:image\" content=\"https:\/\/www.blogsoestado.com\/danielmatos\/files\/2015\/01\/calendario-dino2.jpg\" \/>\n<meta name=\"twitter:card\" content=\"summary_large_image\" \/>\n<meta name=\"twitter:label1\" content=\"Est. tempo de leitura\" \/>\n\t<meta name=\"twitter:data1\" content=\"2 minutos\" \/>\n<script type=\"application\/ld+json\" class=\"yoast-schema-graph\">{\"@context\":\"https:\/\/schema.org\",\"@graph\":[{\"@type\":\"WebPage\",\"@id\":\"https:\/\/www.blogsoestado.com\/danielmatos\/servidores-repudiam-novo-calendario-de-pagamento-na-pagina-do-governo-no-facebook\/\",\"url\":\"https:\/\/www.blogsoestado.com\/danielmatos\/servidores-repudiam-novo-calendario-de-pagamento-na-pagina-do-governo-no-facebook\/\",\"name\":\"Servidores repudiam novo calend\u00e1rio de pagamento na p\u00e1gina do governo no Facebook - Daniel Matos\",\"isPartOf\":{\"@id\":\"https:\/\/www.blogsoestado.com\/danielmatos\/#website\"},\"primaryImageOfPage\":{\"@id\":\"https:\/\/www.blogsoestado.com\/danielmatos\/servidores-repudiam-novo-calendario-de-pagamento-na-pagina-do-governo-no-facebook\/#primaryimage\"},\"image\":{\"@id\":\"https:\/\/www.blogsoestado.com\/danielmatos\/servidores-repudiam-novo-calendario-de-pagamento-na-pagina-do-governo-no-facebook\/#primaryimage\"},\"thumbnailUrl\":\"https:\/\/www.blogsoestado.com\/danielmatos\/files\/2015\/01\/calendario-dino2.jpg\",\"datePublished\":\"2015-01-15T14:40:32+00:00\",\"author\":{\"@id\":\"\"},\"breadcrumb\":{\"@id\":\"https:\/\/www.blogsoestado.com\/danielmatos\/servidores-repudiam-novo-calendario-de-pagamento-na-pagina-do-governo-no-facebook\/#breadcrumb\"},\"inLanguage\":\"pt-BR\",\"potentialAction\":[{\"@type\":\"ReadAction\",\"target\":[\"https:\/\/www.blogsoestado.com\/danielmatos\/servidores-repudiam-novo-calendario-de-pagamento-na-pagina-do-governo-no-facebook\/\"]}]},{\"@type\":\"ImageObject\",\"inLanguage\":\"pt-BR\",\"@id\":\"https:\/\/www.blogsoestado.com\/danielmatos\/servidores-repudiam-novo-calendario-de-pagamento-na-pagina-do-governo-no-facebook\/#primaryimage\",\"url\":\"https:\/\/www.blogsoestado.com\/danielmatos\/files\/2015\/01\/calendario-dino2.jpg\",\"contentUrl\":\"https:\/\/www.blogsoestado.com\/danielmatos\/files\/2015\/01\/calendario-dino2.jpg\"},{\"@type\":\"BreadcrumbList\",\"@id\":\"https:\/\/www.blogsoestado.com\/danielmatos\/servidores-repudiam-novo-calendario-de-pagamento-na-pagina-do-governo-no-facebook\/#breadcrumb\",\"itemListElement\":[{\"@type\":\"ListItem\",\"position\":1,\"name\":\"In\u00edcio\",\"item\":\"https:\/\/www.blogsoestado.com\/danielmatos\/\"},{\"@type\":\"ListItem\",\"position\":2,\"name\":\"Servidores repudiam novo calend\u00e1rio de pagamento na p\u00e1gina do governo no Facebook\"}]},{\"@type\":\"WebSite\",\"@id\":\"https:\/\/www.blogsoestado.com\/danielmatos\/#website\",\"url\":\"https:\/\/www.blogsoestado.com\/danielmatos\/\",\"name\":\"Daniel Matos\",\"description\":\"\",\"potentialAction\":[{\"@type\":\"SearchAction\",\"target\":{\"@type\":\"EntryPoint\",\"urlTemplate\":\"https:\/\/www.blogsoestado.com\/danielmatos\/?s={search_term_string}\"},\"query-input\":{\"@type\":\"PropertyValueSpecification\",\"valueRequired\":true,\"valueName\":\"search_term_string\"}}],\"inLanguage\":\"pt-BR\"}]}<\/script>\n<!-- \/ Yoast SEO plugin. -->","yoast_head_json":{"title":"Servidores repudiam novo calend\u00e1rio de pagamento na p\u00e1gina do governo no Facebook - Daniel Matos","robots":{"index":"index","follow":"follow","max-snippet":"max-snippet:-1","max-image-preview":"max-image-preview:large","max-video-preview":"max-video-preview:-1"},"canonical":"https:\/\/www.blogsoestado.com\/danielmatos\/servidores-repudiam-novo-calendario-de-pagamento-na-pagina-do-governo-no-facebook\/","og_locale":"pt_BR","og_type":"article","og_title":"Servidores repudiam novo calend\u00e1rio de pagamento na p\u00e1gina do governo no Facebook - Daniel Matos","og_description":"Dezenas de servidores usaram a p\u00e1gina do governo do Maranh\u00e3o no Facebook\u00a0para externar insatisfa\u00e7\u00e3o com\u00a0a mudan\u00e7a do calend\u00e1rio de pagamento [&hellip;]","og_url":"https:\/\/www.blogsoestado.com\/danielmatos\/servidores-repudiam-novo-calendario-de-pagamento-na-pagina-do-governo-no-facebook\/","og_site_name":"Daniel Matos","article_published_time":"2015-01-15T14:40:32+00:00","og_image":[{"url":"https:\/\/www.blogsoestado.com\/danielmatos\/files\/2015\/01\/calendario-dino2.jpg","type":"","width":"","height":""}],"twitter_card":"summary_large_image","twitter_misc":{"Est. tempo de leitura":"2 minutos"},"schema":{"@context":"https:\/\/schema.org","@graph":[{"@type":"WebPage","@id":"https:\/\/www.blogsoestado.com\/danielmatos\/servidores-repudiam-novo-calendario-de-pagamento-na-pagina-do-governo-no-facebook\/","url":"https:\/\/www.blogsoestado.com\/danielmatos\/servidores-repudiam-novo-calendario-de-pagamento-na-pagina-do-governo-no-facebook\/","name":"Servidores repudiam novo calend\u00e1rio de pagamento na p\u00e1gina do governo no Facebook - Daniel Matos","isPartOf":{"@id":"https:\/\/www.blogsoestado.com\/danielmatos\/#website"},"primaryImageOfPage":{"@id":"https:\/\/www.blogsoestado.com\/danielmatos\/servidores-repudiam-novo-calendario-de-pagamento-na-pagina-do-governo-no-facebook\/#primaryimage"},"image":{"@id":"https:\/\/www.blogsoestado.com\/danielmatos\/servidores-repudiam-novo-calendario-de-pagamento-na-pagina-do-governo-no-facebook\/#primaryimage"},"thumbnailUrl":"https:\/\/www.blogsoestado.com\/danielmatos\/files\/2015\/01\/calendario-dino2.jpg","datePublished":"2015-01-15T14:40:32+00:00","author":{"@id":""},"breadcrumb":{"@id":"https:\/\/www.blogsoestado.com\/danielmatos\/servidores-repudiam-novo-calendario-de-pagamento-na-pagina-do-governo-no-facebook\/#breadcrumb"},"inLanguage":"pt-BR","potentialAction":[{"@type":"ReadAction","target":["https:\/\/www.blogsoestado.com\/danielmatos\/servidores-repudiam-novo-calendario-de-pagamento-na-pagina-do-governo-no-facebook\/"]}]},{"@type":"ImageObject","inLanguage":"pt-BR","@id":"https:\/\/www.blogsoestado.com\/danielmatos\/servidores-repudiam-novo-calendario-de-pagamento-na-pagina-do-governo-no-facebook\/#primaryimage","url":"https:\/\/www.blogsoestado.com\/danielmatos\/files\/2015\/01\/calendario-dino2.jpg","contentUrl":"https:\/\/www.blogsoestado.com\/danielmatos\/files\/2015\/01\/calendario-dino2.jpg"},{"@type":"BreadcrumbList","@id":"https:\/\/www.blogsoestado.com\/danielmatos\/servidores-repudiam-novo-calendario-de-pagamento-na-pagina-do-governo-no-facebook\/#breadcrumb","itemListElement":[{"@type":"ListItem","position":1,"name":"In\u00edcio","item":"https:\/\/www.blogsoestado.com\/danielmatos\/"},{"@type":"ListItem","position":2,"name":"Servidores repudiam novo calend\u00e1rio de pagamento na p\u00e1gina do governo no Facebook"}]},{"@type":"WebSite","@id":"https:\/\/www.blogsoestado.com\/danielmatos\/#website","url":"https:\/\/www.blogsoestado.com\/danielmatos\/","name":"Daniel Matos","description":"","potentialAction":[{"@type":"SearchAction","target":{"@type":"EntryPoint","urlTemplate":"https:\/\/www.blogsoestado.com\/danielmatos\/?s={search_term_string}"},"query-input":{"@type":"PropertyValueSpecification","valueRequired":true,"valueName":"search_term_string"}}],"inLanguage":"pt-BR"}]}},"jetpack_featured_media_url":"","_links":{"self":[{"href":"https:\/\/www.blogsoestado.com\/danielmatos\/wp-json\/wp\/v2\/posts\/21618","targetHints":{"allow":["GET"]}}],"collection":[{"href":"https:\/\/www.blogsoestado.com\/danielmatos\/wp-json\/wp\/v2\/posts"}],"about":[{"href":"https:\/\/www.blogsoestado.com\/danielmatos\/wp-json\/wp\/v2\/types\/post"}],"replies":[{"embeddable":true,"href":"https:\/\/www.blogsoestado.com\/danielmatos\/wp-json\/wp\/v2\/comments?post=21618"}],"version-history":[{"count":0,"href":"https:\/\/www.blogsoestado.com\/danielmatos\/wp-json\/wp\/v2\/posts\/21618\/revisions"}],"wp:attachment":[{"href":"https:\/\/www.blogsoestado.com\/danielmatos\/wp-json\/wp\/v2\/media?parent=21618"}],"wp:term":[{"taxonomy":"category","embeddable":true,"href":"https:\/\/www.blogsoestado.com\/danielmatos\/wp-json\/wp\/v2\/categories?post=21618"},{"taxonomy":"post_tag","embeddable":true,"href":"https:\/\/www.blogsoestado.com\/danielmatos\/wp-json\/wp\/v2\/tags?post=21618"}],"curies":[{"name":"wp","href":"https:\/\/api.w.org\/{rel}","templated":true}]}}