{"id":21639,"date":"2015-01-15T17:50:50","date_gmt":"2015-01-15T20:50:50","guid":{"rendered":"https:\/\/www.blogsoestado.com\/danielmatos\/?p=21639"},"modified":"2015-01-15T17:50:50","modified_gmt":"2015-01-15T20:50:50","slug":"prefeito-e-secretario-de-educacao-levam-mil-alunos-do-municipio-a-circo","status":"publish","type":"post","link":"https:\/\/www.blogsoestado.com\/danielmatos\/prefeito-e-secretario-de-educacao-levam-mil-alunos-do-municipio-a-circo\/","title":{"rendered":"Prefeito e secret\u00e1rio de Educa\u00e7\u00e3o levam mil alunos do Munic\u00edpio a circo"},"content":{"rendered":"<figure id=\"attachment_21640\" aria-describedby=\"caption-attachment-21640\" style=\"width: 640px\" class=\"wp-caption aligncenter\"><a href=\"https:\/\/www.blogsoestado.com\/danielmatos\/files\/2015\/01\/geraldo-circo.jpg\"><img fetchpriority=\"high\" decoding=\"async\" class=\"size-full wp-image-21640\" src=\"https:\/\/www.blogsoestado.com\/danielmatos\/files\/2015\/01\/geraldo-circo.jpg\" alt=\"Parceria entre Prefeitura, Le Cirque e S\u00e3o Lu\u00eds Shopping possibilitou momentos de encantamento aos alunos da rede municipal de ensino\" width=\"640\" height=\"427\" \/><\/a><figcaption id=\"caption-attachment-21640\" class=\"wp-caption-text\">Parceria entre Prefeitura, Le Cirque e S\u00e3o Lu\u00eds Shopping possibilitou momentos de encantamento a alunos do Munic\u00edpio<\/figcaption><\/figure>\n<p>Crian\u00e7as da rede municipal de ensino tiveram uma manh\u00e3 m\u00e1gica nesta quinta-feira (15). Por meio de uma parceria entre a Prefeitura de S\u00e3o Lu\u00eds, o Le Cirque e o S\u00e3o Lu\u00eds Shopping, mil estudantes assistiram ao espet\u00e1culo do circo. Muitas crian\u00e7as tiveram a oportunidade de, pela primeira vez, participar de uma apresenta\u00e7\u00e3o circense.<\/p>\n<p>O prefeito Edivaldo agradeceu aos parceiros por essa manh\u00e3 especial e destacou a import\u00e2ncia deste tipo de programa\u00e7\u00e3o. &#8220;\u00c9 gratificante poder proporcionar momentos como esse \u00e0s nossas crian\u00e7as e ver a alegria nos rostos de cada um deles. Agrade\u00e7o aos artistas por terem garantido esse momento feliz aos estudantes&#8221;, afirmou.<\/p>\n<p>Para o p\u00fablico especial, o Le Cirque apresentou um espet\u00e1culo com v\u00e1rias atra\u00e7\u00f5es com palha\u00e7os, equilibristas e contorcionistas, al\u00e9m de encantar as crian\u00e7as com o show de m\u00e1gicas e o carro Transformers. As crian\u00e7as assistiram \u00e0s atra\u00e7\u00f5es e ainda comeram algod\u00e3o doce e pipoca com refrigerante, oferecidos pelo S\u00e3o Lu\u00eds Shopping.<\/p>\n<p>O estudante Andrey Dias, 6 anos, da U.E.B. Sofia Silva, foi chamado para participar de um n\u00famero de malabarismo com um palha\u00e7o. \u201cEu nem fiquei nervoso. Nunca tinha vindo em um circo, essa \u00e9 a primeira vez\u201d, afirmou. Para Bruno Sousa, 10 anos, da U.E.B. Jos\u00e9 de Itapera, a experi\u00eancia foi \u00fanica. &#8220;\u00c9 a primeira vez que venho ao circo, eu n\u00e3o teria outra oportunidade. Gostei muito do globo da morte e do Transformers. Foi uma manh\u00e3 muito divertida&#8221;, disse. Alunos da U.E.B. Maria Alice Coutinho com defici\u00eancia auditiva tamb\u00e9m tiveram a oportunidade de participar do espet\u00e1culo.<\/p>\n<p>O secret\u00e1rio municipal de Educa\u00e7\u00e3o, Geraldo Castro Sobrinho, afirmou que a\u00e7\u00f5es como essa fazem com que o estudo se torne muito mais prazeroso. \u201cEstudar pode ser um momento l\u00fadico, de divers\u00e3o. A ida das crian\u00e7as a esse passeio desenvolve o gosto pelo conhecimento. O sorriso dessas crian\u00e7as vale todo o nosso trabalho e empenho&#8221;, disse.<\/p>\n<p><strong>Compromisso<\/strong><\/p>\n<figure id=\"attachment_21641\" aria-describedby=\"caption-attachment-21641\" style=\"width: 640px\" class=\"wp-caption aligncenter\"><a href=\"https:\/\/www.blogsoestado.com\/danielmatos\/files\/2015\/01\/geraldo-circo2.jpg\"><img decoding=\"async\" class=\"size-full wp-image-21641\" src=\"https:\/\/www.blogsoestado.com\/danielmatos\/files\/2015\/01\/geraldo-circo2.jpg\" alt=\"Prefeito Edivaldo J\u00fanior e secret\u00e1rio Geraldo Castro Sobrinho acompanharam alunos na apresenta\u00e7\u00e3o circense\" width=\"640\" height=\"427\" \/><\/a><figcaption id=\"caption-attachment-21641\" class=\"wp-caption-text\">Prefeito Edivaldo J\u00fanior e secret\u00e1rio Geraldo Castro Sobrinho acompanharam alunos na apresenta\u00e7\u00e3o circense<\/figcaption><\/figure>\n<p>O passeio, al\u00e9m de ter sido um momento de lazer para as crian\u00e7as, possuiu um aspecto pedag\u00f3gico que refor\u00e7ou o compromisso da gest\u00e3o municipal com a pol\u00edtica de educa\u00e7\u00e3o integral nas escolas. Para a professora Adriana de Aguiar Garc\u00eas, da U.E.B. Maria Alice Coutinho, a arte circense possibilita a explora\u00e7\u00e3o de novas linguagens e formas de organiza\u00e7\u00e3o.<\/p>\n<p>\u201cCom a arte circense a crian\u00e7a tem a possibilidade de se transportar para o mundo l\u00fadico. Para elas \u00e9 importante o conhecimento dessa linguagem que se configura com o circo. O valor pedag\u00f3gico de a\u00e7\u00f5es como essas \u00e9 imensur\u00e1vel&#8221;, destacou a educadora.<\/p>\n<p>O circo, que faz apresenta\u00e7\u00f5es por todo o pa\u00eds, sempre destina um dia de espet\u00e1culo gratuito para as crian\u00e7as que porventura n\u00e3o tenham tido outra oportunidade de assistir ao espet\u00e1culo. O diretor de marketing do Le Cirque, Bryan Stevanovich, afirmou que a parceria foi um sucesso. &#8220;Por onde passamos sugerimos parcerias como essas. Esse \u00e9 um momento muito importante para as crian\u00e7as, uma lembran\u00e7a que talvez elas levem pra toda a vida&#8221;, afirmou.<\/p>\n<p>Tamb\u00e9m estiveram presentes no espet\u00e1culo os secret\u00e1rios Batista Matos (Comunica\u00e7\u00e3o), Guilherme Marques (Turismo) e Severino Sales (Rela\u00e7\u00f5es Parlamentares), al\u00e9m de servidores da administra\u00e7\u00e3o p\u00fablica municipal.<\/p>\n<p><strong>Fonte:<\/strong> Secretaria Municipal de Comunica\u00e7\u00e3o (Secom)<\/p>\n","protected":false},"excerpt":{"rendered":"<p>Crian\u00e7as da rede municipal de ensino tiveram uma manh\u00e3 m\u00e1gica nesta quinta-feira (15). Por meio de uma parceria entre a [&hellip;]<\/p>\n","protected":false},"author":0,"featured_media":0,"comment_status":"open","ping_status":"open","sticky":false,"template":"","format":"standard","meta":{"site-sidebar-layout":"default","site-content-layout":"","ast-site-content-layout":"default","site-content-style":"default","site-sidebar-style":"default","ast-global-header-display":"","ast-banner-title-visibility":"","ast-main-header-display":"","ast-hfb-above-header-display":"","ast-hfb-below-header-display":"","ast-hfb-mobile-header-display":"","site-post-title":"","ast-breadcrumbs-content":"","ast-featured-img":"","footer-sml-layout":"","ast-disable-related-posts":"","theme-transparent-header-meta":"","adv-header-id-meta":"","stick-header-meta":"","header-above-stick-meta":"","header-main-stick-meta":"","header-below-stick-meta":"","astra-migrate-meta-layouts":"default","ast-page-background-enabled":"default","ast-page-background-meta":{"desktop":{"background-color":"var(--ast-global-color-5)","background-image":"","background-repeat":"repeat","background-position":"center center","background-size":"auto","background-attachment":"scroll","background-type":"","background-media":"","overlay-type":"","overlay-color":"","overlay-opacity":"","overlay-gradient":""},"tablet":{"background-color":"","background-image":"","background-repeat":"repeat","background-position":"center center","background-size":"auto","background-attachment":"scroll","background-type":"","background-media":"","overlay-type":"","overlay-color":"","overlay-opacity":"","overlay-gradient":""},"mobile":{"background-color":"","background-image":"","background-repeat":"repeat","background-position":"center center","background-size":"auto","background-attachment":"scroll","background-type":"","background-media":"","overlay-type":"","overlay-color":"","overlay-opacity":"","overlay-gradient":""}},"ast-content-background-meta":{"desktop":{"background-color":"var(--ast-global-color-4)","background-image":"","background-repeat":"repeat","background-position":"center center","background-size":"auto","background-attachment":"scroll","background-type":"","background-media":"","overlay-type":"","overlay-color":"","overlay-opacity":"","overlay-gradient":""},"tablet":{"background-color":"var(--ast-global-color-4)","background-image":"","background-repeat":"repeat","background-position":"center center","background-size":"auto","background-attachment":"scroll","background-type":"","background-media":"","overlay-type":"","overlay-color":"","overlay-opacity":"","overlay-gradient":""},"mobile":{"background-color":"var(--ast-global-color-4)","background-image":"","background-repeat":"repeat","background-position":"center center","background-size":"auto","background-attachment":"scroll","background-type":"","background-media":"","overlay-type":"","overlay-color":"","overlay-opacity":"","overlay-gradient":""}},"footnotes":""},"categories":[1],"tags":[],"class_list":["post-21639","post","type-post","status-publish","format-standard","hentry","category-sem-categoria"],"yoast_head":"<!-- This site is optimized with the Yoast SEO plugin v26.6 - https:\/\/yoast.com\/wordpress\/plugins\/seo\/ -->\n<title>Prefeito e secret\u00e1rio de Educa\u00e7\u00e3o levam mil alunos do Munic\u00edpio a circo - Daniel Matos<\/title>\n<meta name=\"robots\" content=\"index, follow, max-snippet:-1, max-image-preview:large, max-video-preview:-1\" \/>\n<link rel=\"canonical\" href=\"https:\/\/www.blogsoestado.com\/danielmatos\/prefeito-e-secretario-de-educacao-levam-mil-alunos-do-municipio-a-circo\/\" \/>\n<meta property=\"og:locale\" content=\"pt_BR\" \/>\n<meta property=\"og:type\" content=\"article\" \/>\n<meta property=\"og:title\" content=\"Prefeito e secret\u00e1rio de Educa\u00e7\u00e3o levam mil alunos do Munic\u00edpio a circo - Daniel Matos\" \/>\n<meta property=\"og:description\" content=\"Crian\u00e7as da rede municipal de ensino tiveram uma manh\u00e3 m\u00e1gica nesta quinta-feira (15). Por meio de uma parceria entre a [&hellip;]\" \/>\n<meta property=\"og:url\" content=\"https:\/\/www.blogsoestado.com\/danielmatos\/prefeito-e-secretario-de-educacao-levam-mil-alunos-do-municipio-a-circo\/\" \/>\n<meta property=\"og:site_name\" content=\"Daniel Matos\" \/>\n<meta property=\"article:published_time\" content=\"2015-01-15T20:50:50+00:00\" \/>\n<meta property=\"og:image\" content=\"https:\/\/www.blogsoestado.com\/danielmatos\/files\/2015\/01\/geraldo-circo.jpg\" \/>\n<meta name=\"twitter:card\" content=\"summary_large_image\" \/>\n<meta name=\"twitter:label1\" content=\"Est. tempo de leitura\" \/>\n\t<meta name=\"twitter:data1\" content=\"3 minutos\" \/>\n<script type=\"application\/ld+json\" class=\"yoast-schema-graph\">{\"@context\":\"https:\/\/schema.org\",\"@graph\":[{\"@type\":\"WebPage\",\"@id\":\"https:\/\/www.blogsoestado.com\/danielmatos\/prefeito-e-secretario-de-educacao-levam-mil-alunos-do-municipio-a-circo\/\",\"url\":\"https:\/\/www.blogsoestado.com\/danielmatos\/prefeito-e-secretario-de-educacao-levam-mil-alunos-do-municipio-a-circo\/\",\"name\":\"Prefeito e secret\u00e1rio de Educa\u00e7\u00e3o levam mil alunos do Munic\u00edpio a circo - Daniel Matos\",\"isPartOf\":{\"@id\":\"https:\/\/www.blogsoestado.com\/danielmatos\/#website\"},\"primaryImageOfPage\":{\"@id\":\"https:\/\/www.blogsoestado.com\/danielmatos\/prefeito-e-secretario-de-educacao-levam-mil-alunos-do-municipio-a-circo\/#primaryimage\"},\"image\":{\"@id\":\"https:\/\/www.blogsoestado.com\/danielmatos\/prefeito-e-secretario-de-educacao-levam-mil-alunos-do-municipio-a-circo\/#primaryimage\"},\"thumbnailUrl\":\"https:\/\/www.blogsoestado.com\/danielmatos\/files\/2015\/01\/geraldo-circo.jpg\",\"datePublished\":\"2015-01-15T20:50:50+00:00\",\"author\":{\"@id\":\"\"},\"breadcrumb\":{\"@id\":\"https:\/\/www.blogsoestado.com\/danielmatos\/prefeito-e-secretario-de-educacao-levam-mil-alunos-do-municipio-a-circo\/#breadcrumb\"},\"inLanguage\":\"pt-BR\",\"potentialAction\":[{\"@type\":\"ReadAction\",\"target\":[\"https:\/\/www.blogsoestado.com\/danielmatos\/prefeito-e-secretario-de-educacao-levam-mil-alunos-do-municipio-a-circo\/\"]}]},{\"@type\":\"ImageObject\",\"inLanguage\":\"pt-BR\",\"@id\":\"https:\/\/www.blogsoestado.com\/danielmatos\/prefeito-e-secretario-de-educacao-levam-mil-alunos-do-municipio-a-circo\/#primaryimage\",\"url\":\"https:\/\/www.blogsoestado.com\/danielmatos\/files\/2015\/01\/geraldo-circo.jpg\",\"contentUrl\":\"https:\/\/www.blogsoestado.com\/danielmatos\/files\/2015\/01\/geraldo-circo.jpg\"},{\"@type\":\"BreadcrumbList\",\"@id\":\"https:\/\/www.blogsoestado.com\/danielmatos\/prefeito-e-secretario-de-educacao-levam-mil-alunos-do-municipio-a-circo\/#breadcrumb\",\"itemListElement\":[{\"@type\":\"ListItem\",\"position\":1,\"name\":\"In\u00edcio\",\"item\":\"https:\/\/www.blogsoestado.com\/danielmatos\/\"},{\"@type\":\"ListItem\",\"position\":2,\"name\":\"Prefeito e secret\u00e1rio de Educa\u00e7\u00e3o levam mil alunos do Munic\u00edpio a circo\"}]},{\"@type\":\"WebSite\",\"@id\":\"https:\/\/www.blogsoestado.com\/danielmatos\/#website\",\"url\":\"https:\/\/www.blogsoestado.com\/danielmatos\/\",\"name\":\"Daniel Matos\",\"description\":\"\",\"potentialAction\":[{\"@type\":\"SearchAction\",\"target\":{\"@type\":\"EntryPoint\",\"urlTemplate\":\"https:\/\/www.blogsoestado.com\/danielmatos\/?s={search_term_string}\"},\"query-input\":{\"@type\":\"PropertyValueSpecification\",\"valueRequired\":true,\"valueName\":\"search_term_string\"}}],\"inLanguage\":\"pt-BR\"}]}<\/script>\n<!-- \/ Yoast SEO plugin. -->","yoast_head_json":{"title":"Prefeito e secret\u00e1rio de Educa\u00e7\u00e3o levam mil alunos do Munic\u00edpio a circo - Daniel Matos","robots":{"index":"index","follow":"follow","max-snippet":"max-snippet:-1","max-image-preview":"max-image-preview:large","max-video-preview":"max-video-preview:-1"},"canonical":"https:\/\/www.blogsoestado.com\/danielmatos\/prefeito-e-secretario-de-educacao-levam-mil-alunos-do-municipio-a-circo\/","og_locale":"pt_BR","og_type":"article","og_title":"Prefeito e secret\u00e1rio de Educa\u00e7\u00e3o levam mil alunos do Munic\u00edpio a circo - Daniel Matos","og_description":"Crian\u00e7as da rede municipal de ensino tiveram uma manh\u00e3 m\u00e1gica nesta quinta-feira (15). Por meio de uma parceria entre a [&hellip;]","og_url":"https:\/\/www.blogsoestado.com\/danielmatos\/prefeito-e-secretario-de-educacao-levam-mil-alunos-do-municipio-a-circo\/","og_site_name":"Daniel Matos","article_published_time":"2015-01-15T20:50:50+00:00","og_image":[{"url":"https:\/\/www.blogsoestado.com\/danielmatos\/files\/2015\/01\/geraldo-circo.jpg","type":"","width":"","height":""}],"twitter_card":"summary_large_image","twitter_misc":{"Est. tempo de leitura":"3 minutos"},"schema":{"@context":"https:\/\/schema.org","@graph":[{"@type":"WebPage","@id":"https:\/\/www.blogsoestado.com\/danielmatos\/prefeito-e-secretario-de-educacao-levam-mil-alunos-do-municipio-a-circo\/","url":"https:\/\/www.blogsoestado.com\/danielmatos\/prefeito-e-secretario-de-educacao-levam-mil-alunos-do-municipio-a-circo\/","name":"Prefeito e secret\u00e1rio de Educa\u00e7\u00e3o levam mil alunos do Munic\u00edpio a circo - Daniel Matos","isPartOf":{"@id":"https:\/\/www.blogsoestado.com\/danielmatos\/#website"},"primaryImageOfPage":{"@id":"https:\/\/www.blogsoestado.com\/danielmatos\/prefeito-e-secretario-de-educacao-levam-mil-alunos-do-municipio-a-circo\/#primaryimage"},"image":{"@id":"https:\/\/www.blogsoestado.com\/danielmatos\/prefeito-e-secretario-de-educacao-levam-mil-alunos-do-municipio-a-circo\/#primaryimage"},"thumbnailUrl":"https:\/\/www.blogsoestado.com\/danielmatos\/files\/2015\/01\/geraldo-circo.jpg","datePublished":"2015-01-15T20:50:50+00:00","author":{"@id":""},"breadcrumb":{"@id":"https:\/\/www.blogsoestado.com\/danielmatos\/prefeito-e-secretario-de-educacao-levam-mil-alunos-do-municipio-a-circo\/#breadcrumb"},"inLanguage":"pt-BR","potentialAction":[{"@type":"ReadAction","target":["https:\/\/www.blogsoestado.com\/danielmatos\/prefeito-e-secretario-de-educacao-levam-mil-alunos-do-municipio-a-circo\/"]}]},{"@type":"ImageObject","inLanguage":"pt-BR","@id":"https:\/\/www.blogsoestado.com\/danielmatos\/prefeito-e-secretario-de-educacao-levam-mil-alunos-do-municipio-a-circo\/#primaryimage","url":"https:\/\/www.blogsoestado.com\/danielmatos\/files\/2015\/01\/geraldo-circo.jpg","contentUrl":"https:\/\/www.blogsoestado.com\/danielmatos\/files\/2015\/01\/geraldo-circo.jpg"},{"@type":"BreadcrumbList","@id":"https:\/\/www.blogsoestado.com\/danielmatos\/prefeito-e-secretario-de-educacao-levam-mil-alunos-do-municipio-a-circo\/#breadcrumb","itemListElement":[{"@type":"ListItem","position":1,"name":"In\u00edcio","item":"https:\/\/www.blogsoestado.com\/danielmatos\/"},{"@type":"ListItem","position":2,"name":"Prefeito e secret\u00e1rio de Educa\u00e7\u00e3o levam mil alunos do Munic\u00edpio a circo"}]},{"@type":"WebSite","@id":"https:\/\/www.blogsoestado.com\/danielmatos\/#website","url":"https:\/\/www.blogsoestado.com\/danielmatos\/","name":"Daniel Matos","description":"","potentialAction":[{"@type":"SearchAction","target":{"@type":"EntryPoint","urlTemplate":"https:\/\/www.blogsoestado.com\/danielmatos\/?s={search_term_string}"},"query-input":{"@type":"PropertyValueSpecification","valueRequired":true,"valueName":"search_term_string"}}],"inLanguage":"pt-BR"}]}},"jetpack_featured_media_url":"","_links":{"self":[{"href":"https:\/\/www.blogsoestado.com\/danielmatos\/wp-json\/wp\/v2\/posts\/21639","targetHints":{"allow":["GET"]}}],"collection":[{"href":"https:\/\/www.blogsoestado.com\/danielmatos\/wp-json\/wp\/v2\/posts"}],"about":[{"href":"https:\/\/www.blogsoestado.com\/danielmatos\/wp-json\/wp\/v2\/types\/post"}],"replies":[{"embeddable":true,"href":"https:\/\/www.blogsoestado.com\/danielmatos\/wp-json\/wp\/v2\/comments?post=21639"}],"version-history":[{"count":0,"href":"https:\/\/www.blogsoestado.com\/danielmatos\/wp-json\/wp\/v2\/posts\/21639\/revisions"}],"wp:attachment":[{"href":"https:\/\/www.blogsoestado.com\/danielmatos\/wp-json\/wp\/v2\/media?parent=21639"}],"wp:term":[{"taxonomy":"category","embeddable":true,"href":"https:\/\/www.blogsoestado.com\/danielmatos\/wp-json\/wp\/v2\/categories?post=21639"},{"taxonomy":"post_tag","embeddable":true,"href":"https:\/\/www.blogsoestado.com\/danielmatos\/wp-json\/wp\/v2\/tags?post=21639"}],"curies":[{"name":"wp","href":"https:\/\/api.w.org\/{rel}","templated":true}]}}